{"id":9910,"date":"2022-05-19T09:00:13","date_gmt":"2022-05-19T07:00:13","guid":{"rendered":"https:\/\/www.enerlandgroup.com\/?p=9910"},"modified":"2022-05-17T12:35:46","modified_gmt":"2022-05-17T10:35:46","slug":"enerland-participa-en-el-dia-del-arbol","status":"publish","type":"post","link":"https:\/\/www.enerlandgroup.com\/es\/enerland-participa-en-el-dia-del-arbol\/","title":{"rendered":"Enerland participa en el D\u00eda del \u00c1rbol"},"content":{"rendered":"<h2>Enerland participa en el D\u00eda del \u00c1rbol, evento organizado por PLAZA<\/h2>\n<p>Enerland Group participa en el evento el d\u00eda del \u00c1rbol organizado por EUC PLAZA en Zaragoza, Espa\u00f1a.<\/p>\n<p>Los organizadores del evento, firmes con su compromiso para fomentar la mejora del medio ambiente realizaron esta propuesta: el d\u00eda del \u00e1rbol. A trav\u00e9s de la misma, instaban a los trabajadores de las diferentes empresas localizadas en el Pol\u00edgono Industrial de Plaza y a sus familias a participar en una plantaci\u00f3n de \u00e1rboles colectiva. Pasar un buen rato, disfrutar del buen tiempo y de la naturaleza en compa\u00f1\u00eda fueron los objetivos de esta iniciativa en la que participaron algunos de nuestros compa\u00f1eros y compa\u00f1eras con sus hijos e hijas.<\/p>\n<p>&nbsp;<\/p>\n<h3>El d\u00eda del \u00e1rbol<\/h3>\n<p>En primer lugar, la organizaci\u00f3n realiz\u00f3 una sencilla explicaci\u00f3n con las instrucciones sobre c\u00f3mo realizar la plantaci\u00f3n as\u00ed como sobre las especies que se proceder\u00edan a plantar. Posteriormente, a trav\u00e9s de diferentes turnos, las familias se ordenaron para desarrollar la actividad. Una vez se les entregaron las herramientas, \u00e1rboles y protectores, procedieron a la plantaci\u00f3n. Por \u00faltimo, los operarios de la organizaci\u00f3n procedieron a revisar que todo estaba correcto.<\/p>\n<p>El evento fue todo un \u00e9xito. Desde Enerland, apoyamos estas iniciativas que buscan mejorar el entorno en el que nos encontramos as\u00ed como aquellas que fomenten el desarrollo de un <a href=\"https:\/\/www.enerlandgroup.com\/es\/sostenibilidad\/\">entorno sostenible<\/a> y medioambientalmente respetuoso. \u00a1Trabajemos por un futuro mejor y m\u00e1s sostenible!<\/p>\n<h3><\/h3>\n<h3>Compromiso medioambiental<\/h3>\n<p>La plataforma log\u00edstica e industrial de PLAZA donde se ubica la sede central de Enerland Group, cuenta en la actualidad, con grandes espacios verdes. Actualmente cuenta con un 645.000 M2 donde concretamente, se encuentran 23.000 \u00e1rboles, 12.000 arbustos y 315.000 M2 de zonas verdes. Destacar que, con su desarrollo, estas plantaciones absorben m\u00e1s de 3.000 toneladas de CO2 anuales y sirven de refugio de fauna. Adem\u00e1s, mejoran las cualidades est\u00e9ticas del entorno y act\u00faan como reguladores t\u00e9rmicos, entre otros beneficios como la retenci\u00f3n de contaminantes o la reducci\u00f3n del estr\u00e9s.<\/p>\n","protected":false},"excerpt":{"rendered":"<p>Enerland participa en el D\u00eda del \u00c1rbol, evento organizado por PLAZA Enerland Group participa<\/p>\n","protected":false},"author":4,"featured_media":9962,"comment_status":"open","ping_status":"open","sticky":false,"template":"","format":"standard","meta":{"_et_pb_use_builder":"","_et_pb_old_content":"","_et_gb_content_width":"","footnotes":""},"categories":[23,161,25],"tags":[],"class_list":["post-9910","post","type-post","status-publish","format-standard","has-post-thumbnail","hentry","category-corporativo","category-noticias","category-sostenibilidad-y-medio-ambiente"],"yoast_head":"<!-- This site is optimized with the Yoast SEO plugin v27.4 - https:\/\/yoast.com\/product\/yoast-seo-wordpress\/ -->\n<title>Enerland participa en el D\u00eda del \u00c1rbol - Enerland Energ\u00eda Renovable<\/title>\n<meta name=\"description\" content=\"Enerland participa en el D\u00eda del \u00c1rbol organizado por EUC PLAZA, donde se ubica nuestra sede central en Zaragoza, Espa\u00f1a.\" \/>\n<meta name=\"robots\" content=\"index, follow, max-snippet:-1, max-image-preview:large, max-video-preview:-1\" \/>\n<link rel=\"canonical\" href=\"https:\/\/www.enerlandgroup.com\/es\/enerland-participa-en-el-dia-del-arbol\/\" \/>\n<meta property=\"og:locale\" content=\"es_ES\" \/>\n<meta property=\"og:type\" content=\"article\" \/>\n<meta property=\"og:title\" content=\"Enerland participa en el D\u00eda del \u00c1rbol - Enerland Energ\u00eda Renovable\" \/>\n<meta property=\"og:description\" content=\"Enerland participa en el D\u00eda del \u00c1rbol organizado por EUC PLAZA, donde se ubica nuestra sede central en Zaragoza, Espa\u00f1a.\" \/>\n<meta property=\"og:url\" content=\"https:\/\/www.enerlandgroup.com\/es\/enerland-participa-en-el-dia-del-arbol\/\" \/>\n<meta property=\"og:site_name\" content=\"Enerland Energ\u00eda Renovable\" \/>\n<meta property=\"article:published_time\" content=\"2022-05-19T07:00:13+00:00\" \/>\n<meta property=\"og:image\" content=\"https:\/\/www.enerlandgroup.com\/wp-content\/uploads\/2022\/05\/Dia-del-Arbol-2022.jpg\" \/>\n\t<meta property=\"og:image:width\" content=\"1870\" \/>\n\t<meta property=\"og:image:height\" content=\"700\" \/>\n\t<meta property=\"og:image:type\" content=\"image\/jpeg\" \/>\n<meta name=\"author\" content=\"Pilar\" \/>\n<meta name=\"twitter:card\" content=\"summary_large_image\" \/>\n<script type=\"application\/ld+json\" class=\"yoast-schema-graph\">{\"@context\":\"https:\\\/\\\/schema.org\",\"@graph\":[{\"@type\":\"Article\",\"@id\":\"https:\\\/\\\/www.enerlandgroup.com\\\/es\\\/enerland-participa-en-el-dia-del-arbol\\\/#article\",\"isPartOf\":{\"@id\":\"https:\\\/\\\/www.enerlandgroup.com\\\/es\\\/enerland-participa-en-el-dia-del-arbol\\\/\"},\"author\":{\"name\":\"Pilar\",\"@id\":\"https:\\\/\\\/www.enerlandgroup.com\\\/es\\\/#\\\/schema\\\/person\\\/d842c1aed4fef077270deb261453486c\"},\"headline\":\"Enerland participa en el D\u00eda del \u00c1rbol\",\"datePublished\":\"2022-05-19T07:00:13+00:00\",\"mainEntityOfPage\":{\"@id\":\"https:\\\/\\\/www.enerlandgroup.com\\\/es\\\/enerland-participa-en-el-dia-del-arbol\\\/\"},\"wordCount\":358,\"commentCount\":0,\"publisher\":{\"@id\":\"https:\\\/\\\/www.enerlandgroup.com\\\/es\\\/#organization\"},\"image\":{\"@id\":\"https:\\\/\\\/www.enerlandgroup.com\\\/es\\\/enerland-participa-en-el-dia-del-arbol\\\/#primaryimage\"},\"thumbnailUrl\":\"https:\\\/\\\/www.enerlandgroup.com\\\/wp-content\\\/uploads\\\/2022\\\/05\\\/Dia-del-Arbol-2022.jpg\",\"articleSection\":[\"Corporativo\",\"Noticias\",\"Sostenibilidad y Medio Ambiente\"],\"inLanguage\":\"es\",\"potentialAction\":[{\"@type\":\"CommentAction\",\"name\":\"Comment\",\"target\":[\"https:\\\/\\\/www.enerlandgroup.com\\\/es\\\/enerland-participa-en-el-dia-del-arbol\\\/#respond\"]}]},{\"@type\":[\"WebPage\",\"ItemPage\"],\"@id\":\"https:\\\/\\\/www.enerlandgroup.com\\\/es\\\/enerland-participa-en-el-dia-del-arbol\\\/\",\"url\":\"https:\\\/\\\/www.enerlandgroup.com\\\/es\\\/enerland-participa-en-el-dia-del-arbol\\\/\",\"name\":\"Enerland participa en el D\u00eda del \u00c1rbol - Enerland Energ\u00eda Renovable\",\"isPartOf\":{\"@id\":\"https:\\\/\\\/www.enerlandgroup.com\\\/es\\\/#website\"},\"primaryImageOfPage\":{\"@id\":\"https:\\\/\\\/www.enerlandgroup.com\\\/es\\\/enerland-participa-en-el-dia-del-arbol\\\/#primaryimage\"},\"image\":{\"@id\":\"https:\\\/\\\/www.enerlandgroup.com\\\/es\\\/enerland-participa-en-el-dia-del-arbol\\\/#primaryimage\"},\"thumbnailUrl\":\"https:\\\/\\\/www.enerlandgroup.com\\\/wp-content\\\/uploads\\\/2022\\\/05\\\/Dia-del-Arbol-2022.jpg\",\"datePublished\":\"2022-05-19T07:00:13+00:00\",\"description\":\"Enerland participa en el D\u00eda del \u00c1rbol organizado por EUC PLAZA, donde se ubica nuestra sede central en Zaragoza, Espa\u00f1a.\",\"breadcrumb\":{\"@id\":\"https:\\\/\\\/www.enerlandgroup.com\\\/es\\\/enerland-participa-en-el-dia-del-arbol\\\/#breadcrumb\"},\"inLanguage\":\"es\",\"potentialAction\":[{\"@type\":\"ReadAction\",\"target\":[\"https:\\\/\\\/www.enerlandgroup.com\\\/es\\\/enerland-participa-en-el-dia-del-arbol\\\/\"]}]},{\"@type\":\"ImageObject\",\"inLanguage\":\"es\",\"@id\":\"https:\\\/\\\/www.enerlandgroup.com\\\/es\\\/enerland-participa-en-el-dia-del-arbol\\\/#primaryimage\",\"url\":\"https:\\\/\\\/www.enerlandgroup.com\\\/wp-content\\\/uploads\\\/2022\\\/05\\\/Dia-del-Arbol-2022.jpg\",\"contentUrl\":\"https:\\\/\\\/www.enerlandgroup.com\\\/wp-content\\\/uploads\\\/2022\\\/05\\\/Dia-del-Arbol-2022.jpg\",\"width\":1870,\"height\":700,\"caption\":\"Enerland participa en el D\u00eda del \u00c1rbol\"},{\"@type\":\"BreadcrumbList\",\"@id\":\"https:\\\/\\\/www.enerlandgroup.com\\\/es\\\/enerland-participa-en-el-dia-del-arbol\\\/#breadcrumb\",\"itemListElement\":[{\"@type\":\"ListItem\",\"position\":1,\"name\":\"Inicio\",\"item\":\"https:\\\/\\\/www.enerlandgroup.com\\\/es\\\/\"},{\"@type\":\"ListItem\",\"position\":2,\"name\":\"Enerland participa en el D\u00eda del \u00c1rbol\"}]},{\"@type\":\"WebSite\",\"@id\":\"https:\\\/\\\/www.enerlandgroup.com\\\/es\\\/#website\",\"url\":\"https:\\\/\\\/www.enerlandgroup.com\\\/es\\\/\",\"name\":\"Enerland Energ\u00eda Renovable\",\"description\":\"\",\"publisher\":{\"@id\":\"https:\\\/\\\/www.enerlandgroup.com\\\/es\\\/#organization\"},\"potentialAction\":[{\"@type\":\"SearchAction\",\"target\":{\"@type\":\"EntryPoint\",\"urlTemplate\":\"https:\\\/\\\/www.enerlandgroup.com\\\/es\\\/?s={search_term_string}\"},\"query-input\":{\"@type\":\"PropertyValueSpecification\",\"valueRequired\":true,\"valueName\":\"search_term_string\"}}],\"inLanguage\":\"es\"},{\"@type\":\"Organization\",\"@id\":\"https:\\\/\\\/www.enerlandgroup.com\\\/es\\\/#organization\",\"name\":\"Enerland Group\",\"url\":\"https:\\\/\\\/www.enerlandgroup.com\\\/es\\\/\",\"logo\":{\"@type\":\"ImageObject\",\"inLanguage\":\"es\",\"@id\":\"https:\\\/\\\/www.enerlandgroup.com\\\/es\\\/#\\\/schema\\\/logo\\\/image\\\/\",\"url\":\"https:\\\/\\\/www.enerlandgroup.com\\\/wp-content\\\/uploads\\\/2021\\\/05\\\/Logo_Enerland.png\",\"contentUrl\":\"https:\\\/\\\/www.enerlandgroup.com\\\/wp-content\\\/uploads\\\/2021\\\/05\\\/Logo_Enerland.png\",\"width\":184,\"height\":43,\"caption\":\"Enerland Group\"},\"image\":{\"@id\":\"https:\\\/\\\/www.enerlandgroup.com\\\/es\\\/#\\\/schema\\\/logo\\\/image\\\/\"},\"sameAs\":[\"https:\\\/\\\/www.linkedin.com\\\/company\\\/enerland-group\\\/\",\"https:\\\/\\\/www.youtube.com\\\/channel\\\/UCjdInbThgaPa2_D34vRChmA\"]},{\"@type\":\"Person\",\"@id\":\"https:\\\/\\\/www.enerlandgroup.com\\\/es\\\/#\\\/schema\\\/person\\\/d842c1aed4fef077270deb261453486c\",\"name\":\"Pilar\",\"image\":{\"@type\":\"ImageObject\",\"inLanguage\":\"es\",\"@id\":\"https:\\\/\\\/secure.gravatar.com\\\/avatar\\\/3e6e1323210dee16f137d8ab0ce7231001529459c2f5b2e4ec20c72d1fd442dc?s=96&d=mm&r=g\",\"url\":\"https:\\\/\\\/secure.gravatar.com\\\/avatar\\\/3e6e1323210dee16f137d8ab0ce7231001529459c2f5b2e4ec20c72d1fd442dc?s=96&d=mm&r=g\",\"contentUrl\":\"https:\\\/\\\/secure.gravatar.com\\\/avatar\\\/3e6e1323210dee16f137d8ab0ce7231001529459c2f5b2e4ec20c72d1fd442dc?s=96&d=mm&r=g\",\"caption\":\"Pilar\"},\"url\":\"https:\\\/\\\/www.enerlandgroup.com\\\/es\\\/author\\\/enerland\\\/\"}]}<\/script>\n<!-- \/ Yoast SEO plugin. -->","yoast_head_json":{"title":"Enerland participa en el D\u00eda del \u00c1rbol - Enerland Energ\u00eda Renovable","description":"Enerland participa en el D\u00eda del \u00c1rbol organizado por EUC PLAZA, donde se ubica nuestra sede central en Zaragoza, Espa\u00f1a.","robots":{"index":"index","follow":"follow","max-snippet":"max-snippet:-1","max-image-preview":"max-image-preview:large","max-video-preview":"max-video-preview:-1"},"canonical":"https:\/\/www.enerlandgroup.com\/es\/enerland-participa-en-el-dia-del-arbol\/","og_locale":"es_ES","og_type":"article","og_title":"Enerland participa en el D\u00eda del \u00c1rbol - Enerland Energ\u00eda Renovable","og_description":"Enerland participa en el D\u00eda del \u00c1rbol organizado por EUC PLAZA, donde se ubica nuestra sede central en Zaragoza, Espa\u00f1a.","og_url":"https:\/\/www.enerlandgroup.com\/es\/enerland-participa-en-el-dia-del-arbol\/","og_site_name":"Enerland Energ\u00eda Renovable","article_published_time":"2022-05-19T07:00:13+00:00","og_image":[{"width":1870,"height":700,"url":"https:\/\/www.enerlandgroup.com\/wp-content\/uploads\/2022\/05\/Dia-del-Arbol-2022.jpg","type":"image\/jpeg"}],"author":"Pilar","twitter_card":"summary_large_image","schema":{"@context":"https:\/\/schema.org","@graph":[{"@type":"Article","@id":"https:\/\/www.enerlandgroup.com\/es\/enerland-participa-en-el-dia-del-arbol\/#article","isPartOf":{"@id":"https:\/\/www.enerlandgroup.com\/es\/enerland-participa-en-el-dia-del-arbol\/"},"author":{"name":"Pilar","@id":"https:\/\/www.enerlandgroup.com\/es\/#\/schema\/person\/d842c1aed4fef077270deb261453486c"},"headline":"Enerland participa en el D\u00eda del \u00c1rbol","datePublished":"2022-05-19T07:00:13+00:00","mainEntityOfPage":{"@id":"https:\/\/www.enerlandgroup.com\/es\/enerland-participa-en-el-dia-del-arbol\/"},"wordCount":358,"commentCount":0,"publisher":{"@id":"https:\/\/www.enerlandgroup.com\/es\/#organization"},"image":{"@id":"https:\/\/www.enerlandgroup.com\/es\/enerland-participa-en-el-dia-del-arbol\/#primaryimage"},"thumbnailUrl":"https:\/\/www.enerlandgroup.com\/wp-content\/uploads\/2022\/05\/Dia-del-Arbol-2022.jpg","articleSection":["Corporativo","Noticias","Sostenibilidad y Medio Ambiente"],"inLanguage":"es","potentialAction":[{"@type":"CommentAction","name":"Comment","target":["https:\/\/www.enerlandgroup.com\/es\/enerland-participa-en-el-dia-del-arbol\/#respond"]}]},{"@type":["WebPage","ItemPage"],"@id":"https:\/\/www.enerlandgroup.com\/es\/enerland-participa-en-el-dia-del-arbol\/","url":"https:\/\/www.enerlandgroup.com\/es\/enerland-participa-en-el-dia-del-arbol\/","name":"Enerland participa en el D\u00eda del \u00c1rbol - Enerland Energ\u00eda Renovable","isPartOf":{"@id":"https:\/\/www.enerlandgroup.com\/es\/#website"},"primaryImageOfPage":{"@id":"https:\/\/www.enerlandgroup.com\/es\/enerland-participa-en-el-dia-del-arbol\/#primaryimage"},"image":{"@id":"https:\/\/www.enerlandgroup.com\/es\/enerland-participa-en-el-dia-del-arbol\/#primaryimage"},"thumbnailUrl":"https:\/\/www.enerlandgroup.com\/wp-content\/uploads\/2022\/05\/Dia-del-Arbol-2022.jpg","datePublished":"2022-05-19T07:00:13+00:00","description":"Enerland participa en el D\u00eda del \u00c1rbol organizado por EUC PLAZA, donde se ubica nuestra sede central en Zaragoza, Espa\u00f1a.","breadcrumb":{"@id":"https:\/\/www.enerlandgroup.com\/es\/enerland-participa-en-el-dia-del-arbol\/#breadcrumb"},"inLanguage":"es","potentialAction":[{"@type":"ReadAction","target":["https:\/\/www.enerlandgroup.com\/es\/enerland-participa-en-el-dia-del-arbol\/"]}]},{"@type":"ImageObject","inLanguage":"es","@id":"https:\/\/www.enerlandgroup.com\/es\/enerland-participa-en-el-dia-del-arbol\/#primaryimage","url":"https:\/\/www.enerlandgroup.com\/wp-content\/uploads\/2022\/05\/Dia-del-Arbol-2022.jpg","contentUrl":"https:\/\/www.enerlandgroup.com\/wp-content\/uploads\/2022\/05\/Dia-del-Arbol-2022.jpg","width":1870,"height":700,"caption":"Enerland participa en el D\u00eda del \u00c1rbol"},{"@type":"BreadcrumbList","@id":"https:\/\/www.enerlandgroup.com\/es\/enerland-participa-en-el-dia-del-arbol\/#breadcrumb","itemListElement":[{"@type":"ListItem","position":1,"name":"Inicio","item":"https:\/\/www.enerlandgroup.com\/es\/"},{"@type":"ListItem","position":2,"name":"Enerland participa en el D\u00eda del \u00c1rbol"}]},{"@type":"WebSite","@id":"https:\/\/www.enerlandgroup.com\/es\/#website","url":"https:\/\/www.enerlandgroup.com\/es\/","name":"Enerland Energ\u00eda Renovable","description":"","publisher":{"@id":"https:\/\/www.enerlandgroup.com\/es\/#organization"},"potentialAction":[{"@type":"SearchAction","target":{"@type":"EntryPoint","urlTemplate":"https:\/\/www.enerlandgroup.com\/es\/?s={search_term_string}"},"query-input":{"@type":"PropertyValueSpecification","valueRequired":true,"valueName":"search_term_string"}}],"inLanguage":"es"},{"@type":"Organization","@id":"https:\/\/www.enerlandgroup.com\/es\/#organization","name":"Enerland Group","url":"https:\/\/www.enerlandgroup.com\/es\/","logo":{"@type":"ImageObject","inLanguage":"es","@id":"https:\/\/www.enerlandgroup.com\/es\/#\/schema\/logo\/image\/","url":"https:\/\/www.enerlandgroup.com\/wp-content\/uploads\/2021\/05\/Logo_Enerland.png","contentUrl":"https:\/\/www.enerlandgroup.com\/wp-content\/uploads\/2021\/05\/Logo_Enerland.png","width":184,"height":43,"caption":"Enerland Group"},"image":{"@id":"https:\/\/www.enerlandgroup.com\/es\/#\/schema\/logo\/image\/"},"sameAs":["https:\/\/www.linkedin.com\/company\/enerland-group\/","https:\/\/www.youtube.com\/channel\/UCjdInbThgaPa2_D34vRChmA"]},{"@type":"Person","@id":"https:\/\/www.enerlandgroup.com\/es\/#\/schema\/person\/d842c1aed4fef077270deb261453486c","name":"Pilar","image":{"@type":"ImageObject","inLanguage":"es","@id":"https:\/\/secure.gravatar.com\/avatar\/3e6e1323210dee16f137d8ab0ce7231001529459c2f5b2e4ec20c72d1fd442dc?s=96&d=mm&r=g","url":"https:\/\/secure.gravatar.com\/avatar\/3e6e1323210dee16f137d8ab0ce7231001529459c2f5b2e4ec20c72d1fd442dc?s=96&d=mm&r=g","contentUrl":"https:\/\/secure.gravatar.com\/avatar\/3e6e1323210dee16f137d8ab0ce7231001529459c2f5b2e4ec20c72d1fd442dc?s=96&d=mm&r=g","caption":"Pilar"},"url":"https:\/\/www.enerlandgroup.com\/es\/author\/enerland\/"}]}},"jetpack_featured_media_url":"https:\/\/www.enerlandgroup.com\/wp-content\/uploads\/2022\/05\/Dia-del-Arbol-2022.jpg","_links":{"self":[{"href":"https:\/\/www.enerlandgroup.com\/es\/wp-json\/wp\/v2\/posts\/9910","targetHints":{"allow":["GET"]}}],"collection":[{"href":"https:\/\/www.enerlandgroup.com\/es\/wp-json\/wp\/v2\/posts"}],"about":[{"href":"https:\/\/www.enerlandgroup.com\/es\/wp-json\/wp\/v2\/types\/post"}],"author":[{"embeddable":true,"href":"https:\/\/www.enerlandgroup.com\/es\/wp-json\/wp\/v2\/users\/4"}],"replies":[{"embeddable":true,"href":"https:\/\/www.enerlandgroup.com\/es\/wp-json\/wp\/v2\/comments?post=9910"}],"version-history":[{"count":2,"href":"https:\/\/www.enerlandgroup.com\/es\/wp-json\/wp\/v2\/posts\/9910\/revisions"}],"predecessor-version":[{"id":9912,"href":"https:\/\/www.enerlandgroup.com\/es\/wp-json\/wp\/v2\/posts\/9910\/revisions\/9912"}],"wp:featuredmedia":[{"embeddable":true,"href":"https:\/\/www.enerlandgroup.com\/es\/wp-json\/wp\/v2\/media\/9962"}],"wp:attachment":[{"href":"https:\/\/www.enerlandgroup.com\/es\/wp-json\/wp\/v2\/media?parent=9910"}],"wp:term":[{"taxonomy":"category","embeddable":true,"href":"https:\/\/www.enerlandgroup.com\/es\/wp-json\/wp\/v2\/categories?post=9910"},{"taxonomy":"post_tag","embeddable":true,"href":"https:\/\/www.enerlandgroup.com\/es\/wp-json\/wp\/v2\/tags?post=9910"}],"curies":[{"name":"wp","href":"https:\/\/api.w.org\/{rel}","templated":true}]}}