{"id":9884,"date":"2022-04-12T11:33:34","date_gmt":"2022-04-12T09:33:34","guid":{"rendered":"https:\/\/www.enerlandgroup.com\/?p=9884"},"modified":"2022-05-13T12:15:34","modified_gmt":"2022-05-13T10:15:34","slug":"carrera-solidaria-en-favor-de-ucrania","status":"publish","type":"post","link":"https:\/\/www.enerlandgroup.com\/es\/carrera-solidaria-en-favor-de-ucrania\/","title":{"rendered":"Carrera Solidaria en favor de Ucrania"},"content":{"rendered":"<h2>Enerland participa en la Carrera Solidaria organizada por Cruz Roja y El Peri\u00f3dico de Arag\u00f3n<\/h2>\n<p>Tras la invasi\u00f3n a Ucrania, el pa\u00eds se encuentra en una situaci\u00f3n de conflicto en la que toda ayuda es poca. La colaboraci\u00f3n es necesaria para ayudar a las personas m\u00e1s vulnerables a sobrevivir a la dif\u00edcil situaci\u00f3n en la que se encuentran. Por esta raz\u00f3n, Cruz Roja junto y El Peri\u00f3dico de Arag\u00f3n han organizado una carrera solidaria en favor de Ucrania para recaudar fondos destinados a ayuda humanitaria.<\/p>\n<p>Desde Enerland Group hemos querido aportar nuestro granito de arena a esta causa. Por ello, hemos animado a todos nuestros trabajadores a participar en la carrera solidaria organizada por la entidad solidaria en Espa\u00f1a. Veinticinco fueron los trabajadores y trabajadoras que se animaron a correr los 5 kil\u00f3metros del recorrido.<\/p>\n<p>&nbsp;<\/p>\n<h3>Enerland en la Carrera Solidaria en favor de Ucrania<\/h3>\n<p>En la compa\u00f1\u00eda nos encantan participar este tipo de eventos deportivos y es que consideramos que es la mejor manera de fomentar un estilo de vida saludable y los valores de la compa\u00f1\u00eda en apoyo a las diferentes causas solidarias. El a\u00f1o pasado, en plena situaci\u00f3n post-COVID, Enerland particip\u00f3 en su primera carrera solidaria en favor del <a href=\"https:\/\/www.enerlandgroup.com\/es\/carrera-solidaria-rainbow-run\/\">Banco de Alimentos<\/a>. Ayuda que se destin\u00f3 a apoyar a las familias m\u00e1s vulnerables tras la crisis provocada en nuestro pa\u00eds por el COVID19. De forma adicional, meses m\u00e1s tarde, <a href=\"https:\/\/www.enerlandgroup.com\/es\/enerland-el-banco-de-alimentos\/\">se realiz\u00f3 otra acci\u00f3n solidaria en favor de la misma instituci\u00f3n<\/a>.<\/p>\n<p>Adem\u00e1s, a trav\u00e9s de estas actividades se estrechan las relaciones entre los compa\u00f1eros y se fomentan los valores internos de nuestra empresa. <a href=\"https:\/\/www.linkedin.com\/feed\/update\/urn:li:activity:6919551119853514752\">En esta ocasi\u00f3n, mientras que algunos la realizaron de manera individual, otros formaron diferentes equipos.\u00a0<\/a><\/p>\n<p>El objetivo final, apoyar a una causa como es la ayuda a los refugiados de conflicto de Ucrania a trav\u00e9s de una actividad que fomenta el sentimiento de equipo, competencia, superaci\u00f3n personal y la comunicaci\u00f3n.<\/p>\n<p>Queremos hacer especial menci\u00f3n a nuestro compa\u00f1ero Ignacio Nieto, ingeniero del departamento de desarrollo de proyectos que se clasific\u00f3 en segunda posici\u00f3n del ranking de categor\u00eda absoluta de la carrera.<\/p>\n<div style=\"width: 1080px;\" class=\"wp-video\"><!--[if lt IE 9]><script>document.createElement('video');<\/script><![endif]-->\n<video class=\"wp-video-shortcode\" id=\"video-9884-1\" width=\"1080\" height=\"1080\" autoplay preload=\"metadata\" controls=\"controls\"><source type=\"video\/mp4\" src=\"https:\/\/www.enerlandgroup.com\/wp-content\/uploads\/2022\/05\/Post-Carrera-X-Ucrania-1.mp4?_=1\" \/><a href=\"https:\/\/www.enerlandgroup.com\/wp-content\/uploads\/2022\/05\/Post-Carrera-X-Ucrania-1.mp4\">https:\/\/www.enerlandgroup.com\/wp-content\/uploads\/2022\/05\/Post-Carrera-X-Ucrania-1.mp4<\/a><\/video><\/div>\n","protected":false},"excerpt":{"rendered":"<p>Enerland participa en la Carrera Solidaria organizada por Cruz Roja y El Peri\u00f3dico de<\/p>\n","protected":false},"author":4,"featured_media":9900,"comment_status":"open","ping_status":"open","sticky":false,"template":"","format":"standard","meta":{"_et_pb_use_builder":"","_et_pb_old_content":"","_et_gb_content_width":"","footnotes":""},"categories":[23,161],"tags":[79,61,163,52],"class_list":["post-9884","post","type-post","status-publish","format-standard","has-post-thumbnail","hentry","category-corporativo","category-noticias","tag-actualidad","tag-carrera","tag-donacion","tag-zaragoza"],"yoast_head":"<!-- This site is optimized with the Yoast SEO plugin v27.4 - https:\/\/yoast.com\/product\/yoast-seo-wordpress\/ -->\n<title>Carrera Solidaria en favor de Ucrania - Enerland Energ\u00eda Renovable<\/title>\n<meta name=\"description\" content=\"Desde Enerland Group hemos animado a todos nuestros trabajadores a participar en la Carrera Solidaria en favor de Ucrania.\" \/>\n<meta name=\"robots\" content=\"index, follow, max-snippet:-1, max-image-preview:large, max-video-preview:-1\" \/>\n<link rel=\"canonical\" href=\"https:\/\/www.enerlandgroup.com\/es\/carrera-solidaria-en-favor-de-ucrania\/\" \/>\n<meta property=\"og:locale\" content=\"es_ES\" \/>\n<meta property=\"og:type\" content=\"article\" \/>\n<meta property=\"og:title\" content=\"Carrera Solidaria en favor de Ucrania - Enerland Energ\u00eda Renovable\" \/>\n<meta property=\"og:description\" content=\"Desde Enerland Group hemos animado a todos nuestros trabajadores a participar en la Carrera Solidaria en favor de Ucrania.\" \/>\n<meta property=\"og:url\" content=\"https:\/\/www.enerlandgroup.com\/es\/carrera-solidaria-en-favor-de-ucrania\/\" \/>\n<meta property=\"og:site_name\" content=\"Enerland Energ\u00eda Renovable\" \/>\n<meta property=\"article:published_time\" content=\"2022-04-12T09:33:34+00:00\" \/>\n<meta property=\"article:modified_time\" content=\"2022-05-13T10:15:34+00:00\" \/>\n<meta property=\"og:image\" content=\"https:\/\/www.enerlandgroup.com\/wp-content\/uploads\/2022\/05\/Plantilla-noticias-WEB.jpg\" \/>\n\t<meta property=\"og:image:width\" content=\"1870\" \/>\n\t<meta property=\"og:image:height\" content=\"700\" \/>\n\t<meta property=\"og:image:type\" content=\"image\/jpeg\" \/>\n<meta name=\"author\" content=\"Pilar\" \/>\n<meta name=\"twitter:card\" content=\"summary_large_image\" \/>\n<script type=\"application\/ld+json\" class=\"yoast-schema-graph\">{\"@context\":\"https:\\\/\\\/schema.org\",\"@graph\":[{\"@type\":\"Article\",\"@id\":\"https:\\\/\\\/www.enerlandgroup.com\\\/es\\\/carrera-solidaria-en-favor-de-ucrania\\\/#article\",\"isPartOf\":{\"@id\":\"https:\\\/\\\/www.enerlandgroup.com\\\/es\\\/carrera-solidaria-en-favor-de-ucrania\\\/\"},\"author\":{\"name\":\"Pilar\",\"@id\":\"https:\\\/\\\/www.enerlandgroup.com\\\/es\\\/#\\\/schema\\\/person\\\/d842c1aed4fef077270deb261453486c\"},\"headline\":\"Carrera Solidaria en favor de Ucrania\",\"datePublished\":\"2022-04-12T09:33:34+00:00\",\"dateModified\":\"2022-05-13T10:15:34+00:00\",\"mainEntityOfPage\":{\"@id\":\"https:\\\/\\\/www.enerlandgroup.com\\\/es\\\/carrera-solidaria-en-favor-de-ucrania\\\/\"},\"wordCount\":399,\"commentCount\":0,\"publisher\":{\"@id\":\"https:\\\/\\\/www.enerlandgroup.com\\\/es\\\/#organization\"},\"image\":{\"@id\":\"https:\\\/\\\/www.enerlandgroup.com\\\/es\\\/carrera-solidaria-en-favor-de-ucrania\\\/#primaryimage\"},\"thumbnailUrl\":\"https:\\\/\\\/www.enerlandgroup.com\\\/wp-content\\\/uploads\\\/2022\\\/05\\\/Plantilla-noticias-WEB.jpg\",\"keywords\":[\"Actualidad\",\"Carrera\",\"Donaci\u00f3n\",\"Zaragoza\"],\"articleSection\":[\"Corporativo\",\"Noticias\"],\"inLanguage\":\"es\",\"potentialAction\":[{\"@type\":\"CommentAction\",\"name\":\"Comment\",\"target\":[\"https:\\\/\\\/www.enerlandgroup.com\\\/es\\\/carrera-solidaria-en-favor-de-ucrania\\\/#respond\"]}]},{\"@type\":[\"WebPage\",\"ItemPage\"],\"@id\":\"https:\\\/\\\/www.enerlandgroup.com\\\/es\\\/carrera-solidaria-en-favor-de-ucrania\\\/\",\"url\":\"https:\\\/\\\/www.enerlandgroup.com\\\/es\\\/carrera-solidaria-en-favor-de-ucrania\\\/\",\"name\":\"Carrera Solidaria en favor de Ucrania - Enerland Energ\u00eda Renovable\",\"isPartOf\":{\"@id\":\"https:\\\/\\\/www.enerlandgroup.com\\\/es\\\/#website\"},\"primaryImageOfPage\":{\"@id\":\"https:\\\/\\\/www.enerlandgroup.com\\\/es\\\/carrera-solidaria-en-favor-de-ucrania\\\/#primaryimage\"},\"image\":{\"@id\":\"https:\\\/\\\/www.enerlandgroup.com\\\/es\\\/carrera-solidaria-en-favor-de-ucrania\\\/#primaryimage\"},\"thumbnailUrl\":\"https:\\\/\\\/www.enerlandgroup.com\\\/wp-content\\\/uploads\\\/2022\\\/05\\\/Plantilla-noticias-WEB.jpg\",\"datePublished\":\"2022-04-12T09:33:34+00:00\",\"dateModified\":\"2022-05-13T10:15:34+00:00\",\"description\":\"Desde Enerland Group hemos animado a todos nuestros trabajadores a participar en la Carrera Solidaria en favor de Ucrania.\",\"breadcrumb\":{\"@id\":\"https:\\\/\\\/www.enerlandgroup.com\\\/es\\\/carrera-solidaria-en-favor-de-ucrania\\\/#breadcrumb\"},\"inLanguage\":\"es\",\"potentialAction\":[{\"@type\":\"ReadAction\",\"target\":[\"https:\\\/\\\/www.enerlandgroup.com\\\/es\\\/carrera-solidaria-en-favor-de-ucrania\\\/\"]}]},{\"@type\":\"ImageObject\",\"inLanguage\":\"es\",\"@id\":\"https:\\\/\\\/www.enerlandgroup.com\\\/es\\\/carrera-solidaria-en-favor-de-ucrania\\\/#primaryimage\",\"url\":\"https:\\\/\\\/www.enerlandgroup.com\\\/wp-content\\\/uploads\\\/2022\\\/05\\\/Plantilla-noticias-WEB.jpg\",\"contentUrl\":\"https:\\\/\\\/www.enerlandgroup.com\\\/wp-content\\\/uploads\\\/2022\\\/05\\\/Plantilla-noticias-WEB.jpg\",\"width\":1870,\"height\":700,\"caption\":\"Enerland participa en la carrera solidaria en favor de Ucrania\"},{\"@type\":\"BreadcrumbList\",\"@id\":\"https:\\\/\\\/www.enerlandgroup.com\\\/es\\\/carrera-solidaria-en-favor-de-ucrania\\\/#breadcrumb\",\"itemListElement\":[{\"@type\":\"ListItem\",\"position\":1,\"name\":\"Inicio\",\"item\":\"https:\\\/\\\/www.enerlandgroup.com\\\/es\\\/\"},{\"@type\":\"ListItem\",\"position\":2,\"name\":\"Carrera Solidaria en favor de Ucrania\"}]},{\"@type\":\"WebSite\",\"@id\":\"https:\\\/\\\/www.enerlandgroup.com\\\/es\\\/#website\",\"url\":\"https:\\\/\\\/www.enerlandgroup.com\\\/es\\\/\",\"name\":\"Enerland Energ\u00eda Renovable\",\"description\":\"\",\"publisher\":{\"@id\":\"https:\\\/\\\/www.enerlandgroup.com\\\/es\\\/#organization\"},\"potentialAction\":[{\"@type\":\"SearchAction\",\"target\":{\"@type\":\"EntryPoint\",\"urlTemplate\":\"https:\\\/\\\/www.enerlandgroup.com\\\/es\\\/?s={search_term_string}\"},\"query-input\":{\"@type\":\"PropertyValueSpecification\",\"valueRequired\":true,\"valueName\":\"search_term_string\"}}],\"inLanguage\":\"es\"},{\"@type\":\"Organization\",\"@id\":\"https:\\\/\\\/www.enerlandgroup.com\\\/es\\\/#organization\",\"name\":\"Enerland Group\",\"url\":\"https:\\\/\\\/www.enerlandgroup.com\\\/es\\\/\",\"logo\":{\"@type\":\"ImageObject\",\"inLanguage\":\"es\",\"@id\":\"https:\\\/\\\/www.enerlandgroup.com\\\/es\\\/#\\\/schema\\\/logo\\\/image\\\/\",\"url\":\"https:\\\/\\\/www.enerlandgroup.com\\\/wp-content\\\/uploads\\\/2021\\\/05\\\/Logo_Enerland.png\",\"contentUrl\":\"https:\\\/\\\/www.enerlandgroup.com\\\/wp-content\\\/uploads\\\/2021\\\/05\\\/Logo_Enerland.png\",\"width\":184,\"height\":43,\"caption\":\"Enerland Group\"},\"image\":{\"@id\":\"https:\\\/\\\/www.enerlandgroup.com\\\/es\\\/#\\\/schema\\\/logo\\\/image\\\/\"},\"sameAs\":[\"https:\\\/\\\/www.linkedin.com\\\/company\\\/enerland-group\\\/\",\"https:\\\/\\\/www.youtube.com\\\/channel\\\/UCjdInbThgaPa2_D34vRChmA\"]},{\"@type\":\"Person\",\"@id\":\"https:\\\/\\\/www.enerlandgroup.com\\\/es\\\/#\\\/schema\\\/person\\\/d842c1aed4fef077270deb261453486c\",\"name\":\"Pilar\",\"image\":{\"@type\":\"ImageObject\",\"inLanguage\":\"es\",\"@id\":\"https:\\\/\\\/secure.gravatar.com\\\/avatar\\\/3e6e1323210dee16f137d8ab0ce7231001529459c2f5b2e4ec20c72d1fd442dc?s=96&d=mm&r=g\",\"url\":\"https:\\\/\\\/secure.gravatar.com\\\/avatar\\\/3e6e1323210dee16f137d8ab0ce7231001529459c2f5b2e4ec20c72d1fd442dc?s=96&d=mm&r=g\",\"contentUrl\":\"https:\\\/\\\/secure.gravatar.com\\\/avatar\\\/3e6e1323210dee16f137d8ab0ce7231001529459c2f5b2e4ec20c72d1fd442dc?s=96&d=mm&r=g\",\"caption\":\"Pilar\"},\"url\":\"https:\\\/\\\/www.enerlandgroup.com\\\/es\\\/author\\\/enerland\\\/\"}]}<\/script>\n<!-- \/ Yoast SEO plugin. -->","yoast_head_json":{"title":"Carrera Solidaria en favor de Ucrania - Enerland Energ\u00eda Renovable","description":"Desde Enerland Group hemos animado a todos nuestros trabajadores a participar en la Carrera Solidaria en favor de Ucrania.","robots":{"index":"index","follow":"follow","max-snippet":"max-snippet:-1","max-image-preview":"max-image-preview:large","max-video-preview":"max-video-preview:-1"},"canonical":"https:\/\/www.enerlandgroup.com\/es\/carrera-solidaria-en-favor-de-ucrania\/","og_locale":"es_ES","og_type":"article","og_title":"Carrera Solidaria en favor de Ucrania - Enerland Energ\u00eda Renovable","og_description":"Desde Enerland Group hemos animado a todos nuestros trabajadores a participar en la Carrera Solidaria en favor de Ucrania.","og_url":"https:\/\/www.enerlandgroup.com\/es\/carrera-solidaria-en-favor-de-ucrania\/","og_site_name":"Enerland Energ\u00eda Renovable","article_published_time":"2022-04-12T09:33:34+00:00","article_modified_time":"2022-05-13T10:15:34+00:00","og_image":[{"width":1870,"height":700,"url":"https:\/\/www.enerlandgroup.com\/wp-content\/uploads\/2022\/05\/Plantilla-noticias-WEB.jpg","type":"image\/jpeg"}],"author":"Pilar","twitter_card":"summary_large_image","schema":{"@context":"https:\/\/schema.org","@graph":[{"@type":"Article","@id":"https:\/\/www.enerlandgroup.com\/es\/carrera-solidaria-en-favor-de-ucrania\/#article","isPartOf":{"@id":"https:\/\/www.enerlandgroup.com\/es\/carrera-solidaria-en-favor-de-ucrania\/"},"author":{"name":"Pilar","@id":"https:\/\/www.enerlandgroup.com\/es\/#\/schema\/person\/d842c1aed4fef077270deb261453486c"},"headline":"Carrera Solidaria en favor de Ucrania","datePublished":"2022-04-12T09:33:34+00:00","dateModified":"2022-05-13T10:15:34+00:00","mainEntityOfPage":{"@id":"https:\/\/www.enerlandgroup.com\/es\/carrera-solidaria-en-favor-de-ucrania\/"},"wordCount":399,"commentCount":0,"publisher":{"@id":"https:\/\/www.enerlandgroup.com\/es\/#organization"},"image":{"@id":"https:\/\/www.enerlandgroup.com\/es\/carrera-solidaria-en-favor-de-ucrania\/#primaryimage"},"thumbnailUrl":"https:\/\/www.enerlandgroup.com\/wp-content\/uploads\/2022\/05\/Plantilla-noticias-WEB.jpg","keywords":["Actualidad","Carrera","Donaci\u00f3n","Zaragoza"],"articleSection":["Corporativo","Noticias"],"inLanguage":"es","potentialAction":[{"@type":"CommentAction","name":"Comment","target":["https:\/\/www.enerlandgroup.com\/es\/carrera-solidaria-en-favor-de-ucrania\/#respond"]}]},{"@type":["WebPage","ItemPage"],"@id":"https:\/\/www.enerlandgroup.com\/es\/carrera-solidaria-en-favor-de-ucrania\/","url":"https:\/\/www.enerlandgroup.com\/es\/carrera-solidaria-en-favor-de-ucrania\/","name":"Carrera Solidaria en favor de Ucrania - Enerland Energ\u00eda Renovable","isPartOf":{"@id":"https:\/\/www.enerlandgroup.com\/es\/#website"},"primaryImageOfPage":{"@id":"https:\/\/www.enerlandgroup.com\/es\/carrera-solidaria-en-favor-de-ucrania\/#primaryimage"},"image":{"@id":"https:\/\/www.enerlandgroup.com\/es\/carrera-solidaria-en-favor-de-ucrania\/#primaryimage"},"thumbnailUrl":"https:\/\/www.enerlandgroup.com\/wp-content\/uploads\/2022\/05\/Plantilla-noticias-WEB.jpg","datePublished":"2022-04-12T09:33:34+00:00","dateModified":"2022-05-13T10:15:34+00:00","description":"Desde Enerland Group hemos animado a todos nuestros trabajadores a participar en la Carrera Solidaria en favor de Ucrania.","breadcrumb":{"@id":"https:\/\/www.enerlandgroup.com\/es\/carrera-solidaria-en-favor-de-ucrania\/#breadcrumb"},"inLanguage":"es","potentialAction":[{"@type":"ReadAction","target":["https:\/\/www.enerlandgroup.com\/es\/carrera-solidaria-en-favor-de-ucrania\/"]}]},{"@type":"ImageObject","inLanguage":"es","@id":"https:\/\/www.enerlandgroup.com\/es\/carrera-solidaria-en-favor-de-ucrania\/#primaryimage","url":"https:\/\/www.enerlandgroup.com\/wp-content\/uploads\/2022\/05\/Plantilla-noticias-WEB.jpg","contentUrl":"https:\/\/www.enerlandgroup.com\/wp-content\/uploads\/2022\/05\/Plantilla-noticias-WEB.jpg","width":1870,"height":700,"caption":"Enerland participa en la carrera solidaria en favor de Ucrania"},{"@type":"BreadcrumbList","@id":"https:\/\/www.enerlandgroup.com\/es\/carrera-solidaria-en-favor-de-ucrania\/#breadcrumb","itemListElement":[{"@type":"ListItem","position":1,"name":"Inicio","item":"https:\/\/www.enerlandgroup.com\/es\/"},{"@type":"ListItem","position":2,"name":"Carrera Solidaria en favor de Ucrania"}]},{"@type":"WebSite","@id":"https:\/\/www.enerlandgroup.com\/es\/#website","url":"https:\/\/www.enerlandgroup.com\/es\/","name":"Enerland Energ\u00eda Renovable","description":"","publisher":{"@id":"https:\/\/www.enerlandgroup.com\/es\/#organization"},"potentialAction":[{"@type":"SearchAction","target":{"@type":"EntryPoint","urlTemplate":"https:\/\/www.enerlandgroup.com\/es\/?s={search_term_string}"},"query-input":{"@type":"PropertyValueSpecification","valueRequired":true,"valueName":"search_term_string"}}],"inLanguage":"es"},{"@type":"Organization","@id":"https:\/\/www.enerlandgroup.com\/es\/#organization","name":"Enerland Group","url":"https:\/\/www.enerlandgroup.com\/es\/","logo":{"@type":"ImageObject","inLanguage":"es","@id":"https:\/\/www.enerlandgroup.com\/es\/#\/schema\/logo\/image\/","url":"https:\/\/www.enerlandgroup.com\/wp-content\/uploads\/2021\/05\/Logo_Enerland.png","contentUrl":"https:\/\/www.enerlandgroup.com\/wp-content\/uploads\/2021\/05\/Logo_Enerland.png","width":184,"height":43,"caption":"Enerland Group"},"image":{"@id":"https:\/\/www.enerlandgroup.com\/es\/#\/schema\/logo\/image\/"},"sameAs":["https:\/\/www.linkedin.com\/company\/enerland-group\/","https:\/\/www.youtube.com\/channel\/UCjdInbThgaPa2_D34vRChmA"]},{"@type":"Person","@id":"https:\/\/www.enerlandgroup.com\/es\/#\/schema\/person\/d842c1aed4fef077270deb261453486c","name":"Pilar","image":{"@type":"ImageObject","inLanguage":"es","@id":"https:\/\/secure.gravatar.com\/avatar\/3e6e1323210dee16f137d8ab0ce7231001529459c2f5b2e4ec20c72d1fd442dc?s=96&d=mm&r=g","url":"https:\/\/secure.gravatar.com\/avatar\/3e6e1323210dee16f137d8ab0ce7231001529459c2f5b2e4ec20c72d1fd442dc?s=96&d=mm&r=g","contentUrl":"https:\/\/secure.gravatar.com\/avatar\/3e6e1323210dee16f137d8ab0ce7231001529459c2f5b2e4ec20c72d1fd442dc?s=96&d=mm&r=g","caption":"Pilar"},"url":"https:\/\/www.enerlandgroup.com\/es\/author\/enerland\/"}]}},"jetpack_featured_media_url":"https:\/\/www.enerlandgroup.com\/wp-content\/uploads\/2022\/05\/Plantilla-noticias-WEB.jpg","_links":{"self":[{"href":"https:\/\/www.enerlandgroup.com\/es\/wp-json\/wp\/v2\/posts\/9884","targetHints":{"allow":["GET"]}}],"collection":[{"href":"https:\/\/www.enerlandgroup.com\/es\/wp-json\/wp\/v2\/posts"}],"about":[{"href":"https:\/\/www.enerlandgroup.com\/es\/wp-json\/wp\/v2\/types\/post"}],"author":[{"embeddable":true,"href":"https:\/\/www.enerlandgroup.com\/es\/wp-json\/wp\/v2\/users\/4"}],"replies":[{"embeddable":true,"href":"https:\/\/www.enerlandgroup.com\/es\/wp-json\/wp\/v2\/comments?post=9884"}],"version-history":[{"count":3,"href":"https:\/\/www.enerlandgroup.com\/es\/wp-json\/wp\/v2\/posts\/9884\/revisions"}],"predecessor-version":[{"id":9906,"href":"https:\/\/www.enerlandgroup.com\/es\/wp-json\/wp\/v2\/posts\/9884\/revisions\/9906"}],"wp:featuredmedia":[{"embeddable":true,"href":"https:\/\/www.enerlandgroup.com\/es\/wp-json\/wp\/v2\/media\/9900"}],"wp:attachment":[{"href":"https:\/\/www.enerlandgroup.com\/es\/wp-json\/wp\/v2\/media?parent=9884"}],"wp:term":[{"taxonomy":"category","embeddable":true,"href":"https:\/\/www.enerlandgroup.com\/es\/wp-json\/wp\/v2\/categories?post=9884"},{"taxonomy":"post_tag","embeddable":true,"href":"https:\/\/www.enerlandgroup.com\/es\/wp-json\/wp\/v2\/tags?post=9884"}],"curies":[{"name":"wp","href":"https:\/\/api.w.org\/{rel}","templated":true}]}}