{"id":9877,"date":"2022-05-16T10:00:36","date_gmt":"2022-05-16T08:00:36","guid":{"rendered":"https:\/\/www.enerlandgroup.com\/?p=9877"},"modified":"2023-02-15T10:04:59","modified_gmt":"2023-02-15T09:04:59","slug":"viii-carrera-solidaria-atades","status":"publish","type":"post","link":"https:\/\/www.enerlandgroup.com\/es\/viii-carrera-solidaria-atades\/","title":{"rendered":"VIII Carrera Solidaria Atades"},"content":{"rendered":"<h2>Enerland participa en la VIII Carrera Solidaria organizada por ATADES.<\/h2>\n<p>&nbsp;<\/p>\n<p>Desde nuestra sede en Zaragoza, Enerland Group particip\u00f3 en la VIII carrera solidaria organizada por ATADES en favor del <strong><a href=\"https:\/\/espacioatemtia.es\/exoesqueleto-pediatrico\/\">Exoesqueleto pedi\u00e1trico ATLAS 2030.<\/a> El exoesqueleto<\/strong>, es el primero del mundo de estas caracter\u00edsticas. Su funcionamiento ayuda a los ni\u00f1os y ni\u00f1as con necesidades especiales a mejorar patolog\u00edas con alteraci\u00f3n de la marcha y\/o algunas enfermedades neuromusculares que causa debilidad global progresiva. A trav\u00e9s del Espacio Atemtia, ATADES brindar\u00e1 este servicio mediante el cual se trabaja la rehabilitaci\u00f3n de m\u00faltiples patolog\u00edas y mejora la calidad de vida de los ni\u00f1os y ni\u00f1as.<\/p>\n<p>En esta ocasi\u00f3n fueron nuestras compa\u00f1eras y compa\u00f1ero los representantes de la compa\u00f1\u00eda en esta carrera cuyo recorrido tuvo lugar en El Parque Grande y en el que participaron m\u00e1s de<strong>\u00a02.600 personas<\/strong>. Rodeados de naturaleza, el equipo corri\u00f3 en las diferentes modalidades existentes: 1K, 5K y 6K. Lo m\u00e1s importante, ayudar a una causa tan necesaria como el desarrollo del Exoesqueleto en infantes y disfrutar del recorrido. A este acontecimiento, tambi\u00e9n se sumaron numerosas aportaciones con la \u201cDorsal Cero\u201d solidario y m\u00e1s de 80 voluntarios. Adem\u00e1s, esta jornada tambi\u00e9n sirvi\u00f3 para reforzar valores comunes, mejorar la comunicaci\u00f3n interdepartamental y contribuir al desarrollo personal y profesional de cada uno de los compa\u00f1eros.<\/p>\n<p>\u00a1Enhorabuena a los participantes!<\/p>\n<p>&nbsp;<\/p>\n<h3>Participaci\u00f3n de Enerland en otras carreras solidarias<\/h3>\n<p>Desde hace alg\u00fan tiempo, Enerland decidi\u00f3 apostar por el desarrollo de una vida saludable entre los empleados de la compa\u00f1\u00eda. En pre-pandemia se particip\u00f3 en la carrera de empresas anual organizada en la ciudad de Zaragoza y a\u00f1os m\u00e1s tarde, <a href=\"https:\/\/www.enerlandgroup.com\/es\/vii-carrera-de-empresas-esic\/\">se repiti\u00f3 la participaci\u00f3n<\/a>. Sin embargo, tras la situaci\u00f3n del COVID19, desde la compa\u00f1\u00eda se apuesta por fomentar los valores internos de la compa\u00f1\u00eda a trav\u00e9s del apoyo de causas solidarias siempre que es posible.<\/p>\n<p>Ya son tres las carreras solidarias que la compa\u00f1\u00eda tiene a sus espaldas. La primera, en favor del Banco de Alimentos; la segunda, en favor de Cruz Roja para ayudar a las personas m\u00e1s vulnerables afectadas por la invasi\u00f3n en Ucrania; la tercera, en favor de ATADES.<\/p>\n<p>&nbsp;<\/p>\n<p>Actividad realizada en apoyo con el ODS 2: Hambre Cero; ODS 3: Salud y Bienestar; ODS 10: Reducci\u00f3n de las desigualdades; ODS 17: Alianzas para lograr objetivos<\/p>\n","protected":false},"excerpt":{"rendered":"<p>Enerland participa en la VIII Carrera Solidaria organizada por ATADES. &nbsp; Desde nuestra sede<\/p>\n","protected":false},"author":4,"featured_media":9942,"comment_status":"open","ping_status":"open","sticky":false,"template":"","format":"standard","meta":{"_et_pb_use_builder":"","_et_pb_old_content":"","_et_gb_content_width":"","footnotes":""},"categories":[23,161],"tags":[61,163,44,52],"class_list":["post-9877","post","type-post","status-publish","format-standard","has-post-thumbnail","hentry","category-corporativo","category-noticias","tag-carrera","tag-donacion","tag-espana","tag-zaragoza"],"yoast_head":"<!-- This site is optimized with the Yoast SEO plugin v27.4 - https:\/\/yoast.com\/product\/yoast-seo-wordpress\/ -->\n<title>VIII Carrera Solidaria Atades - Enerland Energ\u00eda Renovable<\/title>\n<meta name=\"description\" content=\"Enerland participa en la VIII Carrera Solidaria organizada por ATADES en favor del Exoesqueleto pedi\u00e1trico ATLAS 2030.\" \/>\n<meta name=\"robots\" content=\"index, follow, max-snippet:-1, max-image-preview:large, max-video-preview:-1\" \/>\n<link rel=\"canonical\" href=\"https:\/\/www.enerlandgroup.com\/es\/viii-carrera-solidaria-atades\/\" \/>\n<meta property=\"og:locale\" content=\"es_ES\" \/>\n<meta property=\"og:type\" content=\"article\" \/>\n<meta property=\"og:title\" content=\"VIII Carrera Solidaria Atades - Enerland Energ\u00eda Renovable\" \/>\n<meta property=\"og:description\" content=\"Enerland participa en la VIII Carrera Solidaria organizada por ATADES en favor del Exoesqueleto pedi\u00e1trico ATLAS 2030.\" \/>\n<meta property=\"og:url\" content=\"https:\/\/www.enerlandgroup.com\/es\/viii-carrera-solidaria-atades\/\" \/>\n<meta property=\"og:site_name\" content=\"Enerland Energ\u00eda Renovable\" \/>\n<meta property=\"article:published_time\" content=\"2022-05-16T08:00:36+00:00\" \/>\n<meta property=\"article:modified_time\" content=\"2023-02-15T09:04:59+00:00\" \/>\n<meta property=\"og:image\" content=\"https:\/\/www.enerlandgroup.com\/wp-content\/uploads\/2022\/05\/Carrera-Atades.jpg\" \/>\n\t<meta property=\"og:image:width\" content=\"1870\" \/>\n\t<meta property=\"og:image:height\" content=\"700\" \/>\n\t<meta property=\"og:image:type\" content=\"image\/jpeg\" \/>\n<meta name=\"author\" content=\"Pilar\" \/>\n<meta name=\"twitter:card\" content=\"summary_large_image\" \/>\n<script type=\"application\/ld+json\" class=\"yoast-schema-graph\">{\"@context\":\"https:\\\/\\\/schema.org\",\"@graph\":[{\"@type\":\"Article\",\"@id\":\"https:\\\/\\\/www.enerlandgroup.com\\\/es\\\/viii-carrera-solidaria-atades\\\/#article\",\"isPartOf\":{\"@id\":\"https:\\\/\\\/www.enerlandgroup.com\\\/es\\\/viii-carrera-solidaria-atades\\\/\"},\"author\":{\"name\":\"Pilar\",\"@id\":\"https:\\\/\\\/www.enerlandgroup.com\\\/es\\\/#\\\/schema\\\/person\\\/d842c1aed4fef077270deb261453486c\"},\"headline\":\"VIII Carrera Solidaria Atades\",\"datePublished\":\"2022-05-16T08:00:36+00:00\",\"dateModified\":\"2023-02-15T09:04:59+00:00\",\"mainEntityOfPage\":{\"@id\":\"https:\\\/\\\/www.enerlandgroup.com\\\/es\\\/viii-carrera-solidaria-atades\\\/\"},\"wordCount\":412,\"commentCount\":0,\"publisher\":{\"@id\":\"https:\\\/\\\/www.enerlandgroup.com\\\/es\\\/#organization\"},\"image\":{\"@id\":\"https:\\\/\\\/www.enerlandgroup.com\\\/es\\\/viii-carrera-solidaria-atades\\\/#primaryimage\"},\"thumbnailUrl\":\"https:\\\/\\\/www.enerlandgroup.com\\\/wp-content\\\/uploads\\\/2022\\\/05\\\/Carrera-Atades.jpg\",\"keywords\":[\"Carrera\",\"Donaci\u00f3n\",\"Espa\u00f1a\",\"Zaragoza\"],\"articleSection\":[\"Corporativo\",\"Noticias\"],\"inLanguage\":\"es\",\"potentialAction\":[{\"@type\":\"CommentAction\",\"name\":\"Comment\",\"target\":[\"https:\\\/\\\/www.enerlandgroup.com\\\/es\\\/viii-carrera-solidaria-atades\\\/#respond\"]}]},{\"@type\":[\"WebPage\",\"ItemPage\"],\"@id\":\"https:\\\/\\\/www.enerlandgroup.com\\\/es\\\/viii-carrera-solidaria-atades\\\/\",\"url\":\"https:\\\/\\\/www.enerlandgroup.com\\\/es\\\/viii-carrera-solidaria-atades\\\/\",\"name\":\"VIII Carrera Solidaria Atades - Enerland Energ\u00eda Renovable\",\"isPartOf\":{\"@id\":\"https:\\\/\\\/www.enerlandgroup.com\\\/es\\\/#website\"},\"primaryImageOfPage\":{\"@id\":\"https:\\\/\\\/www.enerlandgroup.com\\\/es\\\/viii-carrera-solidaria-atades\\\/#primaryimage\"},\"image\":{\"@id\":\"https:\\\/\\\/www.enerlandgroup.com\\\/es\\\/viii-carrera-solidaria-atades\\\/#primaryimage\"},\"thumbnailUrl\":\"https:\\\/\\\/www.enerlandgroup.com\\\/wp-content\\\/uploads\\\/2022\\\/05\\\/Carrera-Atades.jpg\",\"datePublished\":\"2022-05-16T08:00:36+00:00\",\"dateModified\":\"2023-02-15T09:04:59+00:00\",\"description\":\"Enerland participa en la VIII Carrera Solidaria organizada por ATADES en favor del Exoesqueleto pedi\u00e1trico ATLAS 2030.\",\"breadcrumb\":{\"@id\":\"https:\\\/\\\/www.enerlandgroup.com\\\/es\\\/viii-carrera-solidaria-atades\\\/#breadcrumb\"},\"inLanguage\":\"es\",\"potentialAction\":[{\"@type\":\"ReadAction\",\"target\":[\"https:\\\/\\\/www.enerlandgroup.com\\\/es\\\/viii-carrera-solidaria-atades\\\/\"]}]},{\"@type\":\"ImageObject\",\"inLanguage\":\"es\",\"@id\":\"https:\\\/\\\/www.enerlandgroup.com\\\/es\\\/viii-carrera-solidaria-atades\\\/#primaryimage\",\"url\":\"https:\\\/\\\/www.enerlandgroup.com\\\/wp-content\\\/uploads\\\/2022\\\/05\\\/Carrera-Atades.jpg\",\"contentUrl\":\"https:\\\/\\\/www.enerlandgroup.com\\\/wp-content\\\/uploads\\\/2022\\\/05\\\/Carrera-Atades.jpg\",\"width\":1870,\"height\":700,\"caption\":\"VIII Carrera Solidaria Atades\"},{\"@type\":\"BreadcrumbList\",\"@id\":\"https:\\\/\\\/www.enerlandgroup.com\\\/es\\\/viii-carrera-solidaria-atades\\\/#breadcrumb\",\"itemListElement\":[{\"@type\":\"ListItem\",\"position\":1,\"name\":\"Inicio\",\"item\":\"https:\\\/\\\/www.enerlandgroup.com\\\/es\\\/\"},{\"@type\":\"ListItem\",\"position\":2,\"name\":\"VIII Carrera Solidaria Atades\"}]},{\"@type\":\"WebSite\",\"@id\":\"https:\\\/\\\/www.enerlandgroup.com\\\/es\\\/#website\",\"url\":\"https:\\\/\\\/www.enerlandgroup.com\\\/es\\\/\",\"name\":\"Enerland Energ\u00eda Renovable\",\"description\":\"\",\"publisher\":{\"@id\":\"https:\\\/\\\/www.enerlandgroup.com\\\/es\\\/#organization\"},\"potentialAction\":[{\"@type\":\"SearchAction\",\"target\":{\"@type\":\"EntryPoint\",\"urlTemplate\":\"https:\\\/\\\/www.enerlandgroup.com\\\/es\\\/?s={search_term_string}\"},\"query-input\":{\"@type\":\"PropertyValueSpecification\",\"valueRequired\":true,\"valueName\":\"search_term_string\"}}],\"inLanguage\":\"es\"},{\"@type\":\"Organization\",\"@id\":\"https:\\\/\\\/www.enerlandgroup.com\\\/es\\\/#organization\",\"name\":\"Enerland Group\",\"url\":\"https:\\\/\\\/www.enerlandgroup.com\\\/es\\\/\",\"logo\":{\"@type\":\"ImageObject\",\"inLanguage\":\"es\",\"@id\":\"https:\\\/\\\/www.enerlandgroup.com\\\/es\\\/#\\\/schema\\\/logo\\\/image\\\/\",\"url\":\"https:\\\/\\\/www.enerlandgroup.com\\\/wp-content\\\/uploads\\\/2021\\\/05\\\/Logo_Enerland.png\",\"contentUrl\":\"https:\\\/\\\/www.enerlandgroup.com\\\/wp-content\\\/uploads\\\/2021\\\/05\\\/Logo_Enerland.png\",\"width\":184,\"height\":43,\"caption\":\"Enerland Group\"},\"image\":{\"@id\":\"https:\\\/\\\/www.enerlandgroup.com\\\/es\\\/#\\\/schema\\\/logo\\\/image\\\/\"},\"sameAs\":[\"https:\\\/\\\/www.linkedin.com\\\/company\\\/enerland-group\\\/\",\"https:\\\/\\\/www.youtube.com\\\/channel\\\/UCjdInbThgaPa2_D34vRChmA\"]},{\"@type\":\"Person\",\"@id\":\"https:\\\/\\\/www.enerlandgroup.com\\\/es\\\/#\\\/schema\\\/person\\\/d842c1aed4fef077270deb261453486c\",\"name\":\"Pilar\",\"image\":{\"@type\":\"ImageObject\",\"inLanguage\":\"es\",\"@id\":\"https:\\\/\\\/secure.gravatar.com\\\/avatar\\\/3e6e1323210dee16f137d8ab0ce7231001529459c2f5b2e4ec20c72d1fd442dc?s=96&d=mm&r=g\",\"url\":\"https:\\\/\\\/secure.gravatar.com\\\/avatar\\\/3e6e1323210dee16f137d8ab0ce7231001529459c2f5b2e4ec20c72d1fd442dc?s=96&d=mm&r=g\",\"contentUrl\":\"https:\\\/\\\/secure.gravatar.com\\\/avatar\\\/3e6e1323210dee16f137d8ab0ce7231001529459c2f5b2e4ec20c72d1fd442dc?s=96&d=mm&r=g\",\"caption\":\"Pilar\"},\"url\":\"https:\\\/\\\/www.enerlandgroup.com\\\/es\\\/author\\\/enerland\\\/\"}]}<\/script>\n<!-- \/ Yoast SEO plugin. -->","yoast_head_json":{"title":"VIII Carrera Solidaria Atades - Enerland Energ\u00eda Renovable","description":"Enerland participa en la VIII Carrera Solidaria organizada por ATADES en favor del Exoesqueleto pedi\u00e1trico ATLAS 2030.","robots":{"index":"index","follow":"follow","max-snippet":"max-snippet:-1","max-image-preview":"max-image-preview:large","max-video-preview":"max-video-preview:-1"},"canonical":"https:\/\/www.enerlandgroup.com\/es\/viii-carrera-solidaria-atades\/","og_locale":"es_ES","og_type":"article","og_title":"VIII Carrera Solidaria Atades - Enerland Energ\u00eda Renovable","og_description":"Enerland participa en la VIII Carrera Solidaria organizada por ATADES en favor del Exoesqueleto pedi\u00e1trico ATLAS 2030.","og_url":"https:\/\/www.enerlandgroup.com\/es\/viii-carrera-solidaria-atades\/","og_site_name":"Enerland Energ\u00eda Renovable","article_published_time":"2022-05-16T08:00:36+00:00","article_modified_time":"2023-02-15T09:04:59+00:00","og_image":[{"width":1870,"height":700,"url":"https:\/\/www.enerlandgroup.com\/wp-content\/uploads\/2022\/05\/Carrera-Atades.jpg","type":"image\/jpeg"}],"author":"Pilar","twitter_card":"summary_large_image","schema":{"@context":"https:\/\/schema.org","@graph":[{"@type":"Article","@id":"https:\/\/www.enerlandgroup.com\/es\/viii-carrera-solidaria-atades\/#article","isPartOf":{"@id":"https:\/\/www.enerlandgroup.com\/es\/viii-carrera-solidaria-atades\/"},"author":{"name":"Pilar","@id":"https:\/\/www.enerlandgroup.com\/es\/#\/schema\/person\/d842c1aed4fef077270deb261453486c"},"headline":"VIII Carrera Solidaria Atades","datePublished":"2022-05-16T08:00:36+00:00","dateModified":"2023-02-15T09:04:59+00:00","mainEntityOfPage":{"@id":"https:\/\/www.enerlandgroup.com\/es\/viii-carrera-solidaria-atades\/"},"wordCount":412,"commentCount":0,"publisher":{"@id":"https:\/\/www.enerlandgroup.com\/es\/#organization"},"image":{"@id":"https:\/\/www.enerlandgroup.com\/es\/viii-carrera-solidaria-atades\/#primaryimage"},"thumbnailUrl":"https:\/\/www.enerlandgroup.com\/wp-content\/uploads\/2022\/05\/Carrera-Atades.jpg","keywords":["Carrera","Donaci\u00f3n","Espa\u00f1a","Zaragoza"],"articleSection":["Corporativo","Noticias"],"inLanguage":"es","potentialAction":[{"@type":"CommentAction","name":"Comment","target":["https:\/\/www.enerlandgroup.com\/es\/viii-carrera-solidaria-atades\/#respond"]}]},{"@type":["WebPage","ItemPage"],"@id":"https:\/\/www.enerlandgroup.com\/es\/viii-carrera-solidaria-atades\/","url":"https:\/\/www.enerlandgroup.com\/es\/viii-carrera-solidaria-atades\/","name":"VIII Carrera Solidaria Atades - Enerland Energ\u00eda Renovable","isPartOf":{"@id":"https:\/\/www.enerlandgroup.com\/es\/#website"},"primaryImageOfPage":{"@id":"https:\/\/www.enerlandgroup.com\/es\/viii-carrera-solidaria-atades\/#primaryimage"},"image":{"@id":"https:\/\/www.enerlandgroup.com\/es\/viii-carrera-solidaria-atades\/#primaryimage"},"thumbnailUrl":"https:\/\/www.enerlandgroup.com\/wp-content\/uploads\/2022\/05\/Carrera-Atades.jpg","datePublished":"2022-05-16T08:00:36+00:00","dateModified":"2023-02-15T09:04:59+00:00","description":"Enerland participa en la VIII Carrera Solidaria organizada por ATADES en favor del Exoesqueleto pedi\u00e1trico ATLAS 2030.","breadcrumb":{"@id":"https:\/\/www.enerlandgroup.com\/es\/viii-carrera-solidaria-atades\/#breadcrumb"},"inLanguage":"es","potentialAction":[{"@type":"ReadAction","target":["https:\/\/www.enerlandgroup.com\/es\/viii-carrera-solidaria-atades\/"]}]},{"@type":"ImageObject","inLanguage":"es","@id":"https:\/\/www.enerlandgroup.com\/es\/viii-carrera-solidaria-atades\/#primaryimage","url":"https:\/\/www.enerlandgroup.com\/wp-content\/uploads\/2022\/05\/Carrera-Atades.jpg","contentUrl":"https:\/\/www.enerlandgroup.com\/wp-content\/uploads\/2022\/05\/Carrera-Atades.jpg","width":1870,"height":700,"caption":"VIII Carrera Solidaria Atades"},{"@type":"BreadcrumbList","@id":"https:\/\/www.enerlandgroup.com\/es\/viii-carrera-solidaria-atades\/#breadcrumb","itemListElement":[{"@type":"ListItem","position":1,"name":"Inicio","item":"https:\/\/www.enerlandgroup.com\/es\/"},{"@type":"ListItem","position":2,"name":"VIII Carrera Solidaria Atades"}]},{"@type":"WebSite","@id":"https:\/\/www.enerlandgroup.com\/es\/#website","url":"https:\/\/www.enerlandgroup.com\/es\/","name":"Enerland Energ\u00eda Renovable","description":"","publisher":{"@id":"https:\/\/www.enerlandgroup.com\/es\/#organization"},"potentialAction":[{"@type":"SearchAction","target":{"@type":"EntryPoint","urlTemplate":"https:\/\/www.enerlandgroup.com\/es\/?s={search_term_string}"},"query-input":{"@type":"PropertyValueSpecification","valueRequired":true,"valueName":"search_term_string"}}],"inLanguage":"es"},{"@type":"Organization","@id":"https:\/\/www.enerlandgroup.com\/es\/#organization","name":"Enerland Group","url":"https:\/\/www.enerlandgroup.com\/es\/","logo":{"@type":"ImageObject","inLanguage":"es","@id":"https:\/\/www.enerlandgroup.com\/es\/#\/schema\/logo\/image\/","url":"https:\/\/www.enerlandgroup.com\/wp-content\/uploads\/2021\/05\/Logo_Enerland.png","contentUrl":"https:\/\/www.enerlandgroup.com\/wp-content\/uploads\/2021\/05\/Logo_Enerland.png","width":184,"height":43,"caption":"Enerland Group"},"image":{"@id":"https:\/\/www.enerlandgroup.com\/es\/#\/schema\/logo\/image\/"},"sameAs":["https:\/\/www.linkedin.com\/company\/enerland-group\/","https:\/\/www.youtube.com\/channel\/UCjdInbThgaPa2_D34vRChmA"]},{"@type":"Person","@id":"https:\/\/www.enerlandgroup.com\/es\/#\/schema\/person\/d842c1aed4fef077270deb261453486c","name":"Pilar","image":{"@type":"ImageObject","inLanguage":"es","@id":"https:\/\/secure.gravatar.com\/avatar\/3e6e1323210dee16f137d8ab0ce7231001529459c2f5b2e4ec20c72d1fd442dc?s=96&d=mm&r=g","url":"https:\/\/secure.gravatar.com\/avatar\/3e6e1323210dee16f137d8ab0ce7231001529459c2f5b2e4ec20c72d1fd442dc?s=96&d=mm&r=g","contentUrl":"https:\/\/secure.gravatar.com\/avatar\/3e6e1323210dee16f137d8ab0ce7231001529459c2f5b2e4ec20c72d1fd442dc?s=96&d=mm&r=g","caption":"Pilar"},"url":"https:\/\/www.enerlandgroup.com\/es\/author\/enerland\/"}]}},"jetpack_featured_media_url":"https:\/\/www.enerlandgroup.com\/wp-content\/uploads\/2022\/05\/Carrera-Atades.jpg","_links":{"self":[{"href":"https:\/\/www.enerlandgroup.com\/es\/wp-json\/wp\/v2\/posts\/9877","targetHints":{"allow":["GET"]}}],"collection":[{"href":"https:\/\/www.enerlandgroup.com\/es\/wp-json\/wp\/v2\/posts"}],"about":[{"href":"https:\/\/www.enerlandgroup.com\/es\/wp-json\/wp\/v2\/types\/post"}],"author":[{"embeddable":true,"href":"https:\/\/www.enerlandgroup.com\/es\/wp-json\/wp\/v2\/users\/4"}],"replies":[{"embeddable":true,"href":"https:\/\/www.enerlandgroup.com\/es\/wp-json\/wp\/v2\/comments?post=9877"}],"version-history":[{"count":6,"href":"https:\/\/www.enerlandgroup.com\/es\/wp-json\/wp\/v2\/posts\/9877\/revisions"}],"predecessor-version":[{"id":15288,"href":"https:\/\/www.enerlandgroup.com\/es\/wp-json\/wp\/v2\/posts\/9877\/revisions\/15288"}],"wp:featuredmedia":[{"embeddable":true,"href":"https:\/\/www.enerlandgroup.com\/es\/wp-json\/wp\/v2\/media\/9942"}],"wp:attachment":[{"href":"https:\/\/www.enerlandgroup.com\/es\/wp-json\/wp\/v2\/media?parent=9877"}],"wp:term":[{"taxonomy":"category","embeddable":true,"href":"https:\/\/www.enerlandgroup.com\/es\/wp-json\/wp\/v2\/categories?post=9877"},{"taxonomy":"post_tag","embeddable":true,"href":"https:\/\/www.enerlandgroup.com\/es\/wp-json\/wp\/v2\/tags?post=9877"}],"curies":[{"name":"wp","href":"https:\/\/api.w.org\/{rel}","templated":true}]}}