{"id":9805,"date":"2022-05-10T11:35:25","date_gmt":"2022-05-10T09:35:25","guid":{"rendered":"https:\/\/www.enerlandgroup.com\/?p=9805"},"modified":"2022-07-04T10:06:59","modified_gmt":"2022-07-04T08:06:59","slug":"parque-fotovoltaico-san-mateo","status":"publish","type":"post","link":"https:\/\/www.enerlandgroup.com\/es\/parque-fotovoltaico-san-mateo\/","title":{"rendered":"Nuevo Parque Fotovoltaico San Mateo"},"content":{"rendered":"<h2>El nuevo Parque Fotovoltaico San Mateo comienza su construcci\u00f3n<\/h2>\n<p>En Enerland Group contamos con un amplio portfolio. Bien sea de proyectos EPC o en desarrollo, todos est\u00e1n dise\u00f1ados para adaptarse al entorno y las diferentes necesidades que tanto el mercado como nuestros clientes puedan demandar. A nivel internacional, operamos con proyectos de diferentes tama\u00f1os: desde 1MW, como el Parque Fotovoltaico San Mateo, hasta aquellos de gran escala.<\/p>\n<p>Hace algunos d\u00edas os habl\u00e1bamos de nuestro <a href=\"https:\/\/www.enerlandgroup.com\/es\/nuevo-parque-solar-en-espana-pitarco\/\">Parque Fotovoltaico Pitarco<\/a> en el que, como novedad, se han introducido algunas <a href=\"https:\/\/www.linkedin.com\/feed\/update\/urn:li:activity:6924633025792106497\">medidas de agrovoltaica. <\/a>Hoy, os presentamos el comienzo de la construcci\u00f3n de la nueva planta solar en San Mateo. Para este parque de 1 MW de potencia realizamos previamente y de forma integral su desarrollo. Una vez finalice su construcci\u00f3n generar\u00e1, gracias a la fotovoltaica, aproximadamente 1.700 megavatios hora anuales de energ\u00eda limpia. Esta producci\u00f3n es la equivalente al consumo de 409 hogares lo que supone una cuarta parte de la poblaci\u00f3n del propio municipio de San Mateo.<\/p>\n<p>Por otra parte, gracias a este parque solar fotovoltaico, se evitar\u00e1 la emisi\u00f3n de 577 Toneladas anuales de CO2 a la atm\u00f3sfera contribuyendo as\u00ed a la reducci\u00f3n del efecto invernadero.<\/p>\n<p>&nbsp;<\/p>\n<h3>Servicio Full EPC<\/h3>\n<p>Para este proyecto, como se ha comentado con anterioridad, hemos trabajado de forma integral e interna todas las actividades de desarrollo del mismo. Una vez que el proyecto se encontraba en estado \u00abReady to built\u00bb comenzamos nuestro servicio Full EPC. A trav\u00e9s de este completo servicio, nos ocupamos de todos los pasos necesarios hasta que la planta es operativa.<\/p>\n<p>Desde hace m\u00e1s de una d\u00e9cada, nuestra experiencia en el sector fotovoltaico nos ha convertido en especialistas en este tipo de servicios. A trav\u00e9s de la modalidad \u00abllave en mano\u00bb construimos tanto nuestros propios desarrollos como los de nuestros clientes brindando siempre la excelencia en cada uno de los proyectos.<\/p>\n<p><img loading=\"lazy\" decoding=\"async\" class=\"wp-image-9814 aligncenter\" src=\"https:\/\/www.enerlandgroup.com\/wp-content\/uploads\/2022\/05\/Post_Inicio_San_Mateo-1-300x300.png\" alt=\"Comienza la construcci\u00f3n del parque fotovoltaico San Mateo\" width=\"474\" height=\"474\" \/><\/p>\n","protected":false},"excerpt":{"rendered":"<p>El nuevo Parque Fotovoltaico San Mateo comienza su construcci\u00f3n En Enerland Group contamos con<\/p>\n","protected":false},"author":4,"featured_media":9812,"comment_status":"open","ping_status":"open","sticky":false,"template":"","format":"standard","meta":{"_et_pb_use_builder":"","_et_pb_old_content":"","_et_gb_content_width":"","footnotes":""},"categories":[161],"tags":[177,78,82],"class_list":["post-9805","post","type-post","status-publish","format-standard","has-post-thumbnail","hentry","category-noticias","tag-parque-fotovoltaico","tag-proyecto","tag-proyectos"],"yoast_head":"<!-- This site is optimized with the Yoast SEO plugin v27.4 - https:\/\/yoast.com\/product\/yoast-seo-wordpress\/ -->\n<title>Nuevo Parque Fotovoltaico San Mateo - Enerland Energ\u00eda Renovable<\/title>\n<meta name=\"description\" content=\"Enerland Group anuncia el comienzo de la construcci\u00f3n del nuevo Parque Fotovoltaico San Mateo ubicado en el municipio de San Mateo en Arag\u00f3n.\" \/>\n<meta name=\"robots\" content=\"index, follow, max-snippet:-1, max-image-preview:large, max-video-preview:-1\" \/>\n<link rel=\"canonical\" href=\"https:\/\/www.enerlandgroup.com\/es\/parque-fotovoltaico-san-mateo\/\" \/>\n<meta property=\"og:locale\" content=\"es_ES\" \/>\n<meta property=\"og:type\" content=\"article\" \/>\n<meta property=\"og:title\" content=\"Nuevo Parque Fotovoltaico San Mateo - Enerland Energ\u00eda Renovable\" \/>\n<meta property=\"og:description\" content=\"Enerland Group anuncia el comienzo de la construcci\u00f3n del nuevo Parque Fotovoltaico San Mateo ubicado en el municipio de San Mateo en Arag\u00f3n.\" \/>\n<meta property=\"og:url\" content=\"https:\/\/www.enerlandgroup.com\/es\/parque-fotovoltaico-san-mateo\/\" \/>\n<meta property=\"og:site_name\" content=\"Enerland Energ\u00eda Renovable\" \/>\n<meta property=\"article:published_time\" content=\"2022-05-10T09:35:25+00:00\" \/>\n<meta property=\"article:modified_time\" content=\"2022-07-04T08:06:59+00:00\" \/>\n<meta property=\"og:image\" content=\"https:\/\/www.enerlandgroup.com\/wp-content\/uploads\/2022\/05\/Proyecto-Espana.jpg\" \/>\n\t<meta property=\"og:image:width\" content=\"7792\" \/>\n\t<meta property=\"og:image:height\" content=\"2917\" \/>\n\t<meta property=\"og:image:type\" content=\"image\/jpeg\" \/>\n<meta name=\"author\" content=\"Pilar\" \/>\n<meta name=\"twitter:card\" content=\"summary_large_image\" \/>\n<script type=\"application\/ld+json\" class=\"yoast-schema-graph\">{\"@context\":\"https:\\\/\\\/schema.org\",\"@graph\":[{\"@type\":\"Article\",\"@id\":\"https:\\\/\\\/www.enerlandgroup.com\\\/es\\\/parque-fotovoltaico-san-mateo\\\/#article\",\"isPartOf\":{\"@id\":\"https:\\\/\\\/www.enerlandgroup.com\\\/es\\\/parque-fotovoltaico-san-mateo\\\/\"},\"author\":{\"name\":\"Pilar\",\"@id\":\"https:\\\/\\\/www.enerlandgroup.com\\\/es\\\/#\\\/schema\\\/person\\\/d842c1aed4fef077270deb261453486c\"},\"headline\":\"Nuevo Parque Fotovoltaico San Mateo\",\"datePublished\":\"2022-05-10T09:35:25+00:00\",\"dateModified\":\"2022-07-04T08:06:59+00:00\",\"mainEntityOfPage\":{\"@id\":\"https:\\\/\\\/www.enerlandgroup.com\\\/es\\\/parque-fotovoltaico-san-mateo\\\/\"},\"wordCount\":326,\"commentCount\":0,\"publisher\":{\"@id\":\"https:\\\/\\\/www.enerlandgroup.com\\\/es\\\/#organization\"},\"image\":{\"@id\":\"https:\\\/\\\/www.enerlandgroup.com\\\/es\\\/parque-fotovoltaico-san-mateo\\\/#primaryimage\"},\"thumbnailUrl\":\"https:\\\/\\\/www.enerlandgroup.com\\\/wp-content\\\/uploads\\\/2022\\\/05\\\/Proyecto-Espana.jpg\",\"keywords\":[\"Parque fotovoltaico\",\"proyecto\",\"proyectos\"],\"articleSection\":[\"Noticias\"],\"inLanguage\":\"es\",\"potentialAction\":[{\"@type\":\"CommentAction\",\"name\":\"Comment\",\"target\":[\"https:\\\/\\\/www.enerlandgroup.com\\\/es\\\/parque-fotovoltaico-san-mateo\\\/#respond\"]}]},{\"@type\":[\"WebPage\",\"ItemPage\"],\"@id\":\"https:\\\/\\\/www.enerlandgroup.com\\\/es\\\/parque-fotovoltaico-san-mateo\\\/\",\"url\":\"https:\\\/\\\/www.enerlandgroup.com\\\/es\\\/parque-fotovoltaico-san-mateo\\\/\",\"name\":\"Nuevo Parque Fotovoltaico San Mateo - Enerland Energ\u00eda Renovable\",\"isPartOf\":{\"@id\":\"https:\\\/\\\/www.enerlandgroup.com\\\/es\\\/#website\"},\"primaryImageOfPage\":{\"@id\":\"https:\\\/\\\/www.enerlandgroup.com\\\/es\\\/parque-fotovoltaico-san-mateo\\\/#primaryimage\"},\"image\":{\"@id\":\"https:\\\/\\\/www.enerlandgroup.com\\\/es\\\/parque-fotovoltaico-san-mateo\\\/#primaryimage\"},\"thumbnailUrl\":\"https:\\\/\\\/www.enerlandgroup.com\\\/wp-content\\\/uploads\\\/2022\\\/05\\\/Proyecto-Espana.jpg\",\"datePublished\":\"2022-05-10T09:35:25+00:00\",\"dateModified\":\"2022-07-04T08:06:59+00:00\",\"description\":\"Enerland Group anuncia el comienzo de la construcci\u00f3n del nuevo Parque Fotovoltaico San Mateo ubicado en el municipio de San Mateo en Arag\u00f3n.\",\"breadcrumb\":{\"@id\":\"https:\\\/\\\/www.enerlandgroup.com\\\/es\\\/parque-fotovoltaico-san-mateo\\\/#breadcrumb\"},\"inLanguage\":\"es\",\"potentialAction\":[{\"@type\":\"ReadAction\",\"target\":[\"https:\\\/\\\/www.enerlandgroup.com\\\/es\\\/parque-fotovoltaico-san-mateo\\\/\"]}]},{\"@type\":\"ImageObject\",\"inLanguage\":\"es\",\"@id\":\"https:\\\/\\\/www.enerlandgroup.com\\\/es\\\/parque-fotovoltaico-san-mateo\\\/#primaryimage\",\"url\":\"https:\\\/\\\/www.enerlandgroup.com\\\/wp-content\\\/uploads\\\/2022\\\/05\\\/Proyecto-Espana.jpg\",\"contentUrl\":\"https:\\\/\\\/www.enerlandgroup.com\\\/wp-content\\\/uploads\\\/2022\\\/05\\\/Proyecto-Espana.jpg\",\"width\":7792,\"height\":2917,\"caption\":\"Parque Fotovoltaico San Mateo\"},{\"@type\":\"BreadcrumbList\",\"@id\":\"https:\\\/\\\/www.enerlandgroup.com\\\/es\\\/parque-fotovoltaico-san-mateo\\\/#breadcrumb\",\"itemListElement\":[{\"@type\":\"ListItem\",\"position\":1,\"name\":\"Inicio\",\"item\":\"https:\\\/\\\/www.enerlandgroup.com\\\/es\\\/\"},{\"@type\":\"ListItem\",\"position\":2,\"name\":\"Nuevo Parque Fotovoltaico San Mateo\"}]},{\"@type\":\"WebSite\",\"@id\":\"https:\\\/\\\/www.enerlandgroup.com\\\/es\\\/#website\",\"url\":\"https:\\\/\\\/www.enerlandgroup.com\\\/es\\\/\",\"name\":\"Enerland Energ\u00eda Renovable\",\"description\":\"\",\"publisher\":{\"@id\":\"https:\\\/\\\/www.enerlandgroup.com\\\/es\\\/#organization\"},\"potentialAction\":[{\"@type\":\"SearchAction\",\"target\":{\"@type\":\"EntryPoint\",\"urlTemplate\":\"https:\\\/\\\/www.enerlandgroup.com\\\/es\\\/?s={search_term_string}\"},\"query-input\":{\"@type\":\"PropertyValueSpecification\",\"valueRequired\":true,\"valueName\":\"search_term_string\"}}],\"inLanguage\":\"es\"},{\"@type\":\"Organization\",\"@id\":\"https:\\\/\\\/www.enerlandgroup.com\\\/es\\\/#organization\",\"name\":\"Enerland Group\",\"url\":\"https:\\\/\\\/www.enerlandgroup.com\\\/es\\\/\",\"logo\":{\"@type\":\"ImageObject\",\"inLanguage\":\"es\",\"@id\":\"https:\\\/\\\/www.enerlandgroup.com\\\/es\\\/#\\\/schema\\\/logo\\\/image\\\/\",\"url\":\"https:\\\/\\\/www.enerlandgroup.com\\\/wp-content\\\/uploads\\\/2021\\\/05\\\/Logo_Enerland.png\",\"contentUrl\":\"https:\\\/\\\/www.enerlandgroup.com\\\/wp-content\\\/uploads\\\/2021\\\/05\\\/Logo_Enerland.png\",\"width\":184,\"height\":43,\"caption\":\"Enerland Group\"},\"image\":{\"@id\":\"https:\\\/\\\/www.enerlandgroup.com\\\/es\\\/#\\\/schema\\\/logo\\\/image\\\/\"},\"sameAs\":[\"https:\\\/\\\/www.linkedin.com\\\/company\\\/enerland-group\\\/\",\"https:\\\/\\\/www.youtube.com\\\/channel\\\/UCjdInbThgaPa2_D34vRChmA\"]},{\"@type\":\"Person\",\"@id\":\"https:\\\/\\\/www.enerlandgroup.com\\\/es\\\/#\\\/schema\\\/person\\\/d842c1aed4fef077270deb261453486c\",\"name\":\"Pilar\",\"image\":{\"@type\":\"ImageObject\",\"inLanguage\":\"es\",\"@id\":\"https:\\\/\\\/secure.gravatar.com\\\/avatar\\\/3e6e1323210dee16f137d8ab0ce7231001529459c2f5b2e4ec20c72d1fd442dc?s=96&d=mm&r=g\",\"url\":\"https:\\\/\\\/secure.gravatar.com\\\/avatar\\\/3e6e1323210dee16f137d8ab0ce7231001529459c2f5b2e4ec20c72d1fd442dc?s=96&d=mm&r=g\",\"contentUrl\":\"https:\\\/\\\/secure.gravatar.com\\\/avatar\\\/3e6e1323210dee16f137d8ab0ce7231001529459c2f5b2e4ec20c72d1fd442dc?s=96&d=mm&r=g\",\"caption\":\"Pilar\"},\"url\":\"https:\\\/\\\/www.enerlandgroup.com\\\/es\\\/author\\\/enerland\\\/\"}]}<\/script>\n<!-- \/ Yoast SEO plugin. -->","yoast_head_json":{"title":"Nuevo Parque Fotovoltaico San Mateo - Enerland Energ\u00eda Renovable","description":"Enerland Group anuncia el comienzo de la construcci\u00f3n del nuevo Parque Fotovoltaico San Mateo ubicado en el municipio de San Mateo en Arag\u00f3n.","robots":{"index":"index","follow":"follow","max-snippet":"max-snippet:-1","max-image-preview":"max-image-preview:large","max-video-preview":"max-video-preview:-1"},"canonical":"https:\/\/www.enerlandgroup.com\/es\/parque-fotovoltaico-san-mateo\/","og_locale":"es_ES","og_type":"article","og_title":"Nuevo Parque Fotovoltaico San Mateo - Enerland Energ\u00eda Renovable","og_description":"Enerland Group anuncia el comienzo de la construcci\u00f3n del nuevo Parque Fotovoltaico San Mateo ubicado en el municipio de San Mateo en Arag\u00f3n.","og_url":"https:\/\/www.enerlandgroup.com\/es\/parque-fotovoltaico-san-mateo\/","og_site_name":"Enerland Energ\u00eda Renovable","article_published_time":"2022-05-10T09:35:25+00:00","article_modified_time":"2022-07-04T08:06:59+00:00","og_image":[{"width":7792,"height":2917,"url":"https:\/\/www.enerlandgroup.com\/wp-content\/uploads\/2022\/05\/Proyecto-Espana.jpg","type":"image\/jpeg"}],"author":"Pilar","twitter_card":"summary_large_image","schema":{"@context":"https:\/\/schema.org","@graph":[{"@type":"Article","@id":"https:\/\/www.enerlandgroup.com\/es\/parque-fotovoltaico-san-mateo\/#article","isPartOf":{"@id":"https:\/\/www.enerlandgroup.com\/es\/parque-fotovoltaico-san-mateo\/"},"author":{"name":"Pilar","@id":"https:\/\/www.enerlandgroup.com\/es\/#\/schema\/person\/d842c1aed4fef077270deb261453486c"},"headline":"Nuevo Parque Fotovoltaico San Mateo","datePublished":"2022-05-10T09:35:25+00:00","dateModified":"2022-07-04T08:06:59+00:00","mainEntityOfPage":{"@id":"https:\/\/www.enerlandgroup.com\/es\/parque-fotovoltaico-san-mateo\/"},"wordCount":326,"commentCount":0,"publisher":{"@id":"https:\/\/www.enerlandgroup.com\/es\/#organization"},"image":{"@id":"https:\/\/www.enerlandgroup.com\/es\/parque-fotovoltaico-san-mateo\/#primaryimage"},"thumbnailUrl":"https:\/\/www.enerlandgroup.com\/wp-content\/uploads\/2022\/05\/Proyecto-Espana.jpg","keywords":["Parque fotovoltaico","proyecto","proyectos"],"articleSection":["Noticias"],"inLanguage":"es","potentialAction":[{"@type":"CommentAction","name":"Comment","target":["https:\/\/www.enerlandgroup.com\/es\/parque-fotovoltaico-san-mateo\/#respond"]}]},{"@type":["WebPage","ItemPage"],"@id":"https:\/\/www.enerlandgroup.com\/es\/parque-fotovoltaico-san-mateo\/","url":"https:\/\/www.enerlandgroup.com\/es\/parque-fotovoltaico-san-mateo\/","name":"Nuevo Parque Fotovoltaico San Mateo - Enerland Energ\u00eda Renovable","isPartOf":{"@id":"https:\/\/www.enerlandgroup.com\/es\/#website"},"primaryImageOfPage":{"@id":"https:\/\/www.enerlandgroup.com\/es\/parque-fotovoltaico-san-mateo\/#primaryimage"},"image":{"@id":"https:\/\/www.enerlandgroup.com\/es\/parque-fotovoltaico-san-mateo\/#primaryimage"},"thumbnailUrl":"https:\/\/www.enerlandgroup.com\/wp-content\/uploads\/2022\/05\/Proyecto-Espana.jpg","datePublished":"2022-05-10T09:35:25+00:00","dateModified":"2022-07-04T08:06:59+00:00","description":"Enerland Group anuncia el comienzo de la construcci\u00f3n del nuevo Parque Fotovoltaico San Mateo ubicado en el municipio de San Mateo en Arag\u00f3n.","breadcrumb":{"@id":"https:\/\/www.enerlandgroup.com\/es\/parque-fotovoltaico-san-mateo\/#breadcrumb"},"inLanguage":"es","potentialAction":[{"@type":"ReadAction","target":["https:\/\/www.enerlandgroup.com\/es\/parque-fotovoltaico-san-mateo\/"]}]},{"@type":"ImageObject","inLanguage":"es","@id":"https:\/\/www.enerlandgroup.com\/es\/parque-fotovoltaico-san-mateo\/#primaryimage","url":"https:\/\/www.enerlandgroup.com\/wp-content\/uploads\/2022\/05\/Proyecto-Espana.jpg","contentUrl":"https:\/\/www.enerlandgroup.com\/wp-content\/uploads\/2022\/05\/Proyecto-Espana.jpg","width":7792,"height":2917,"caption":"Parque Fotovoltaico San Mateo"},{"@type":"BreadcrumbList","@id":"https:\/\/www.enerlandgroup.com\/es\/parque-fotovoltaico-san-mateo\/#breadcrumb","itemListElement":[{"@type":"ListItem","position":1,"name":"Inicio","item":"https:\/\/www.enerlandgroup.com\/es\/"},{"@type":"ListItem","position":2,"name":"Nuevo Parque Fotovoltaico San Mateo"}]},{"@type":"WebSite","@id":"https:\/\/www.enerlandgroup.com\/es\/#website","url":"https:\/\/www.enerlandgroup.com\/es\/","name":"Enerland Energ\u00eda Renovable","description":"","publisher":{"@id":"https:\/\/www.enerlandgroup.com\/es\/#organization"},"potentialAction":[{"@type":"SearchAction","target":{"@type":"EntryPoint","urlTemplate":"https:\/\/www.enerlandgroup.com\/es\/?s={search_term_string}"},"query-input":{"@type":"PropertyValueSpecification","valueRequired":true,"valueName":"search_term_string"}}],"inLanguage":"es"},{"@type":"Organization","@id":"https:\/\/www.enerlandgroup.com\/es\/#organization","name":"Enerland Group","url":"https:\/\/www.enerlandgroup.com\/es\/","logo":{"@type":"ImageObject","inLanguage":"es","@id":"https:\/\/www.enerlandgroup.com\/es\/#\/schema\/logo\/image\/","url":"https:\/\/www.enerlandgroup.com\/wp-content\/uploads\/2021\/05\/Logo_Enerland.png","contentUrl":"https:\/\/www.enerlandgroup.com\/wp-content\/uploads\/2021\/05\/Logo_Enerland.png","width":184,"height":43,"caption":"Enerland Group"},"image":{"@id":"https:\/\/www.enerlandgroup.com\/es\/#\/schema\/logo\/image\/"},"sameAs":["https:\/\/www.linkedin.com\/company\/enerland-group\/","https:\/\/www.youtube.com\/channel\/UCjdInbThgaPa2_D34vRChmA"]},{"@type":"Person","@id":"https:\/\/www.enerlandgroup.com\/es\/#\/schema\/person\/d842c1aed4fef077270deb261453486c","name":"Pilar","image":{"@type":"ImageObject","inLanguage":"es","@id":"https:\/\/secure.gravatar.com\/avatar\/3e6e1323210dee16f137d8ab0ce7231001529459c2f5b2e4ec20c72d1fd442dc?s=96&d=mm&r=g","url":"https:\/\/secure.gravatar.com\/avatar\/3e6e1323210dee16f137d8ab0ce7231001529459c2f5b2e4ec20c72d1fd442dc?s=96&d=mm&r=g","contentUrl":"https:\/\/secure.gravatar.com\/avatar\/3e6e1323210dee16f137d8ab0ce7231001529459c2f5b2e4ec20c72d1fd442dc?s=96&d=mm&r=g","caption":"Pilar"},"url":"https:\/\/www.enerlandgroup.com\/es\/author\/enerland\/"}]}},"jetpack_featured_media_url":"https:\/\/www.enerlandgroup.com\/wp-content\/uploads\/2022\/05\/Proyecto-Espana.jpg","_links":{"self":[{"href":"https:\/\/www.enerlandgroup.com\/es\/wp-json\/wp\/v2\/posts\/9805","targetHints":{"allow":["GET"]}}],"collection":[{"href":"https:\/\/www.enerlandgroup.com\/es\/wp-json\/wp\/v2\/posts"}],"about":[{"href":"https:\/\/www.enerlandgroup.com\/es\/wp-json\/wp\/v2\/types\/post"}],"author":[{"embeddable":true,"href":"https:\/\/www.enerlandgroup.com\/es\/wp-json\/wp\/v2\/users\/4"}],"replies":[{"embeddable":true,"href":"https:\/\/www.enerlandgroup.com\/es\/wp-json\/wp\/v2\/comments?post=9805"}],"version-history":[{"count":2,"href":"https:\/\/www.enerlandgroup.com\/es\/wp-json\/wp\/v2\/posts\/9805\/revisions"}],"predecessor-version":[{"id":9820,"href":"https:\/\/www.enerlandgroup.com\/es\/wp-json\/wp\/v2\/posts\/9805\/revisions\/9820"}],"wp:featuredmedia":[{"embeddable":true,"href":"https:\/\/www.enerlandgroup.com\/es\/wp-json\/wp\/v2\/media\/9812"}],"wp:attachment":[{"href":"https:\/\/www.enerlandgroup.com\/es\/wp-json\/wp\/v2\/media?parent=9805"}],"wp:term":[{"taxonomy":"category","embeddable":true,"href":"https:\/\/www.enerlandgroup.com\/es\/wp-json\/wp\/v2\/categories?post=9805"},{"taxonomy":"post_tag","embeddable":true,"href":"https:\/\/www.enerlandgroup.com\/es\/wp-json\/wp\/v2\/tags?post=9805"}],"curies":[{"name":"wp","href":"https:\/\/api.w.org\/{rel}","templated":true}]}}