{"id":9594,"date":"2022-04-27T13:01:35","date_gmt":"2022-04-27T11:01:35","guid":{"rendered":"https:\/\/www.enerlandgroup.com\/?p=9594"},"modified":"2022-04-27T13:01:35","modified_gmt":"2022-04-27T11:01:35","slug":"dos-nuevas-plantas-fotovoltaicas-en-colombia","status":"publish","type":"post","link":"https:\/\/www.enerlandgroup.com\/es\/dos-nuevas-plantas-fotovoltaicas-en-colombia\/","title":{"rendered":"Dos nuevas plantas fotovoltaicas en Colombia"},"content":{"rendered":"<h2>Continuamos nuestra consolidaci\u00f3n en Latinoam\u00e9rica con la construcci\u00f3n de dos nuevas plantas fotovoltaicas en Colombia.<\/h2>\n<p>&nbsp;<\/p>\n<p>Tras la construcci\u00f3n de la<a href=\"https:\/\/www.enerlandgroup.com\/es\/parque-fotovoltaico-colombia-finalizado\/\"> planta fotovoltaica Canal del Dique para Surtigas<\/a> en el a\u00f1o 2021, Enerland Group comenzar\u00e1 pr\u00f3ximamente la construcci\u00f3n de dos nuevas plantas fotovoltaicas en Colombia. Est\u00e1 previsto que ambas ejecuciones, La Tol\u00faa (26,19 MW) y Tierra Linda (12,71 MW), sean puestas en marcha a finales de este mismo a\u00f1o.<\/p>\n<p>Sobre una extensi\u00f3n de terreno que supera las 68 hect\u00e1reas, se instalar\u00e1n en total 72.720 paneles solares bifaciales sobre una estructura de tipo seguidor. Para su ejecuci\u00f3n, se crear\u00e1n 160 empleos locales directos. Adem\u00e1s, se crear\u00e1n aproximadamente 60 empleos indirectos para apoyar el desarrollo local de la zona.<\/p>\n<p>De forma adicional, para la construcci\u00f3n de estas dos nuevas plantas fotovoltaicas en Colombia, <a href=\"https:\/\/www.linkedin.com\/company\/enerland-group\">Enerland Group<\/a> ha realizado formaciones t\u00e9cnicas de capacitaci\u00f3n para el personal de la zona con el objetivo de incorporarlos en el montaje mec\u00e1nico.<\/p>\n<p>Una vez finalizados, ambos parques generar\u00e1n en promedio 77,2 GWh de energ\u00eda renovable. Esta energ\u00eda es la equivalente a la necesaria para abastecer el consumo de 57.314 hogares. Igualmente, evitar\u00e1 la emisi\u00f3n de 24.015 toneladas anuales de gases contaminantes a la atm\u00f3sfera, contribuyendo al desarrollo sostenible del pa\u00eds.<\/p>\n<p>Estas dos plantas fotovoltaicas en Colombia se suman a la cartera internacional de Enerland en el continente que actualmente cuenta con 1.000 MW totales en desarrollo y 145 MW en construcci\u00f3n.<\/p>\n<p>&nbsp;<\/p>\n<h3>Nuevos proyectos<\/h3>\n<p>\u201c<em>Hace un a\u00f1o nos encontr\u00e1bamos construyendo <\/em><a href=\"https:\/\/www.enerlandgroup.com\/es\/project\/canal-del-dique\/\"><em>nuestro primer parque solar de 5,5 MWp.<\/em><\/a><em> Ahora, estamos ante este nuevo reto, construir m\u00e1s de 38 MWp repartidos en dos ubicaciones diferentes. Para ello, llevamos tiempo prepar\u00e1ndonos a conciencia y creando un grupo de trabajo multidisciplinar bastante s\u00f3lido. Con todas nuestras expectativas puestas en \u00e9l, esperamos ejecutar ambos proyectos con el \u00e9xito que nos precede y expandir nuestra presencia en Colombia consolid\u00e1ndonos como uno de los principales EPCistas en el pa\u00eds<\/em>\u201d Juan Pablo Garcia Silva \u2013 Director de Ingenier\u00eda y Calidad \u2013 Enerland Group Colombia.<\/p>\n","protected":false},"excerpt":{"rendered":"<p>Continuamos nuestra consolidaci\u00f3n en Latinoam\u00e9rica con la construcci\u00f3n de dos nuevas plantas fotovoltaicas en<\/p>\n","protected":false},"author":11,"featured_media":9602,"comment_status":"open","ping_status":"open","sticky":false,"template":"","format":"standard","meta":{"_et_pb_use_builder":"","_et_pb_old_content":"","_et_gb_content_width":"","footnotes":""},"categories":[23,161],"tags":[42,183,177,78],"class_list":["post-9594","post","type-post","status-publish","format-standard","has-post-thumbnail","hentry","category-corporativo","category-noticias","tag-colombia","tag-latinoamerica","tag-parque-fotovoltaico","tag-proyecto"],"yoast_head":"<!-- This site is optimized with the Yoast SEO plugin v27.4 - https:\/\/yoast.com\/product\/yoast-seo-wordpress\/ -->\n<title>Dos nuevas plantas fotovoltaicas en Colombia - Enerland Energ\u00eda Renovable<\/title>\n<meta name=\"description\" content=\"Con la construcci\u00f3n de dos nuevas plantas fotovoltaicas en Colombia, Enerland se consolida en Latinoam\u00e9rica\" \/>\n<meta name=\"robots\" content=\"index, follow, max-snippet:-1, max-image-preview:large, max-video-preview:-1\" \/>\n<link rel=\"canonical\" href=\"https:\/\/www.enerlandgroup.com\/es\/dos-nuevas-plantas-fotovoltaicas-en-colombia\/\" \/>\n<meta property=\"og:locale\" content=\"es_ES\" \/>\n<meta property=\"og:type\" content=\"article\" \/>\n<meta property=\"og:title\" content=\"Dos nuevas plantas fotovoltaicas en Colombia - Enerland Energ\u00eda Renovable\" \/>\n<meta property=\"og:description\" content=\"Con la construcci\u00f3n de dos nuevas plantas fotovoltaicas en Colombia, Enerland se consolida en Latinoam\u00e9rica\" \/>\n<meta property=\"og:url\" content=\"https:\/\/www.enerlandgroup.com\/es\/dos-nuevas-plantas-fotovoltaicas-en-colombia\/\" \/>\n<meta property=\"og:site_name\" content=\"Enerland Energ\u00eda Renovable\" \/>\n<meta property=\"article:published_time\" content=\"2022-04-27T11:01:35+00:00\" \/>\n<meta property=\"og:image\" content=\"https:\/\/www.enerlandgroup.com\/wp-content\/uploads\/2022\/04\/Plantilla-noticias-WEB.jpg\" \/>\n\t<meta property=\"og:image:width\" content=\"1870\" \/>\n\t<meta property=\"og:image:height\" content=\"700\" \/>\n\t<meta property=\"og:image:type\" content=\"image\/jpeg\" \/>\n<meta name=\"author\" content=\"Ana\" \/>\n<meta name=\"twitter:card\" content=\"summary_large_image\" \/>\n<script type=\"application\/ld+json\" class=\"yoast-schema-graph\">{\"@context\":\"https:\\\/\\\/schema.org\",\"@graph\":[{\"@type\":\"Article\",\"@id\":\"https:\\\/\\\/www.enerlandgroup.com\\\/es\\\/dos-nuevas-plantas-fotovoltaicas-en-colombia\\\/#article\",\"isPartOf\":{\"@id\":\"https:\\\/\\\/www.enerlandgroup.com\\\/es\\\/dos-nuevas-plantas-fotovoltaicas-en-colombia\\\/\"},\"author\":{\"name\":\"Ana\",\"@id\":\"https:\\\/\\\/www.enerlandgroup.com\\\/es\\\/#\\\/schema\\\/person\\\/ff4846e816b3f94eb665e1da0854e1b8\"},\"headline\":\"Dos nuevas plantas fotovoltaicas en Colombia\",\"datePublished\":\"2022-04-27T11:01:35+00:00\",\"mainEntityOfPage\":{\"@id\":\"https:\\\/\\\/www.enerlandgroup.com\\\/es\\\/dos-nuevas-plantas-fotovoltaicas-en-colombia\\\/\"},\"wordCount\":353,\"commentCount\":0,\"publisher\":{\"@id\":\"https:\\\/\\\/www.enerlandgroup.com\\\/es\\\/#organization\"},\"image\":{\"@id\":\"https:\\\/\\\/www.enerlandgroup.com\\\/es\\\/dos-nuevas-plantas-fotovoltaicas-en-colombia\\\/#primaryimage\"},\"thumbnailUrl\":\"https:\\\/\\\/www.enerlandgroup.com\\\/wp-content\\\/uploads\\\/2022\\\/04\\\/Plantilla-noticias-WEB.jpg\",\"keywords\":[\"Colombia\",\"Latinoam\u00e9rica\",\"Parque fotovoltaico\",\"proyecto\"],\"articleSection\":[\"Corporativo\",\"Noticias\"],\"inLanguage\":\"es\",\"potentialAction\":[{\"@type\":\"CommentAction\",\"name\":\"Comment\",\"target\":[\"https:\\\/\\\/www.enerlandgroup.com\\\/es\\\/dos-nuevas-plantas-fotovoltaicas-en-colombia\\\/#respond\"]}]},{\"@type\":[\"WebPage\",\"ItemPage\"],\"@id\":\"https:\\\/\\\/www.enerlandgroup.com\\\/es\\\/dos-nuevas-plantas-fotovoltaicas-en-colombia\\\/\",\"url\":\"https:\\\/\\\/www.enerlandgroup.com\\\/es\\\/dos-nuevas-plantas-fotovoltaicas-en-colombia\\\/\",\"name\":\"Dos nuevas plantas fotovoltaicas en Colombia - Enerland Energ\u00eda Renovable\",\"isPartOf\":{\"@id\":\"https:\\\/\\\/www.enerlandgroup.com\\\/es\\\/#website\"},\"primaryImageOfPage\":{\"@id\":\"https:\\\/\\\/www.enerlandgroup.com\\\/es\\\/dos-nuevas-plantas-fotovoltaicas-en-colombia\\\/#primaryimage\"},\"image\":{\"@id\":\"https:\\\/\\\/www.enerlandgroup.com\\\/es\\\/dos-nuevas-plantas-fotovoltaicas-en-colombia\\\/#primaryimage\"},\"thumbnailUrl\":\"https:\\\/\\\/www.enerlandgroup.com\\\/wp-content\\\/uploads\\\/2022\\\/04\\\/Plantilla-noticias-WEB.jpg\",\"datePublished\":\"2022-04-27T11:01:35+00:00\",\"description\":\"Con la construcci\u00f3n de dos nuevas plantas fotovoltaicas en Colombia, Enerland se consolida en Latinoam\u00e9rica\",\"breadcrumb\":{\"@id\":\"https:\\\/\\\/www.enerlandgroup.com\\\/es\\\/dos-nuevas-plantas-fotovoltaicas-en-colombia\\\/#breadcrumb\"},\"inLanguage\":\"es\",\"potentialAction\":[{\"@type\":\"ReadAction\",\"target\":[\"https:\\\/\\\/www.enerlandgroup.com\\\/es\\\/dos-nuevas-plantas-fotovoltaicas-en-colombia\\\/\"]}]},{\"@type\":\"ImageObject\",\"inLanguage\":\"es\",\"@id\":\"https:\\\/\\\/www.enerlandgroup.com\\\/es\\\/dos-nuevas-plantas-fotovoltaicas-en-colombia\\\/#primaryimage\",\"url\":\"https:\\\/\\\/www.enerlandgroup.com\\\/wp-content\\\/uploads\\\/2022\\\/04\\\/Plantilla-noticias-WEB.jpg\",\"contentUrl\":\"https:\\\/\\\/www.enerlandgroup.com\\\/wp-content\\\/uploads\\\/2022\\\/04\\\/Plantilla-noticias-WEB.jpg\",\"width\":1870,\"height\":700,\"caption\":\"Nuevas plantas fotovoltaicas Colombia\"},{\"@type\":\"BreadcrumbList\",\"@id\":\"https:\\\/\\\/www.enerlandgroup.com\\\/es\\\/dos-nuevas-plantas-fotovoltaicas-en-colombia\\\/#breadcrumb\",\"itemListElement\":[{\"@type\":\"ListItem\",\"position\":1,\"name\":\"Inicio\",\"item\":\"https:\\\/\\\/www.enerlandgroup.com\\\/es\\\/\"},{\"@type\":\"ListItem\",\"position\":2,\"name\":\"Dos nuevas plantas fotovoltaicas en Colombia\"}]},{\"@type\":\"WebSite\",\"@id\":\"https:\\\/\\\/www.enerlandgroup.com\\\/es\\\/#website\",\"url\":\"https:\\\/\\\/www.enerlandgroup.com\\\/es\\\/\",\"name\":\"Enerland Energ\u00eda Renovable\",\"description\":\"\",\"publisher\":{\"@id\":\"https:\\\/\\\/www.enerlandgroup.com\\\/es\\\/#organization\"},\"potentialAction\":[{\"@type\":\"SearchAction\",\"target\":{\"@type\":\"EntryPoint\",\"urlTemplate\":\"https:\\\/\\\/www.enerlandgroup.com\\\/es\\\/?s={search_term_string}\"},\"query-input\":{\"@type\":\"PropertyValueSpecification\",\"valueRequired\":true,\"valueName\":\"search_term_string\"}}],\"inLanguage\":\"es\"},{\"@type\":\"Organization\",\"@id\":\"https:\\\/\\\/www.enerlandgroup.com\\\/es\\\/#organization\",\"name\":\"Enerland Group\",\"url\":\"https:\\\/\\\/www.enerlandgroup.com\\\/es\\\/\",\"logo\":{\"@type\":\"ImageObject\",\"inLanguage\":\"es\",\"@id\":\"https:\\\/\\\/www.enerlandgroup.com\\\/es\\\/#\\\/schema\\\/logo\\\/image\\\/\",\"url\":\"https:\\\/\\\/www.enerlandgroup.com\\\/wp-content\\\/uploads\\\/2021\\\/05\\\/Logo_Enerland.png\",\"contentUrl\":\"https:\\\/\\\/www.enerlandgroup.com\\\/wp-content\\\/uploads\\\/2021\\\/05\\\/Logo_Enerland.png\",\"width\":184,\"height\":43,\"caption\":\"Enerland Group\"},\"image\":{\"@id\":\"https:\\\/\\\/www.enerlandgroup.com\\\/es\\\/#\\\/schema\\\/logo\\\/image\\\/\"},\"sameAs\":[\"https:\\\/\\\/www.linkedin.com\\\/company\\\/enerland-group\\\/\",\"https:\\\/\\\/www.youtube.com\\\/channel\\\/UCjdInbThgaPa2_D34vRChmA\"]},{\"@type\":\"Person\",\"@id\":\"https:\\\/\\\/www.enerlandgroup.com\\\/es\\\/#\\\/schema\\\/person\\\/ff4846e816b3f94eb665e1da0854e1b8\",\"name\":\"Ana\",\"image\":{\"@type\":\"ImageObject\",\"inLanguage\":\"es\",\"@id\":\"https:\\\/\\\/secure.gravatar.com\\\/avatar\\\/495e8a53709541de9036eb34e07c65eacd114aba52461487df6099dee02e64f1?s=96&d=mm&r=g\",\"url\":\"https:\\\/\\\/secure.gravatar.com\\\/avatar\\\/495e8a53709541de9036eb34e07c65eacd114aba52461487df6099dee02e64f1?s=96&d=mm&r=g\",\"contentUrl\":\"https:\\\/\\\/secure.gravatar.com\\\/avatar\\\/495e8a53709541de9036eb34e07c65eacd114aba52461487df6099dee02e64f1?s=96&d=mm&r=g\",\"caption\":\"Ana\"},\"url\":\"https:\\\/\\\/www.enerlandgroup.com\\\/es\\\/author\\\/ana-valdizanenerlandgroup-com\\\/\"}]}<\/script>\n<!-- \/ Yoast SEO plugin. -->","yoast_head_json":{"title":"Dos nuevas plantas fotovoltaicas en Colombia - Enerland Energ\u00eda Renovable","description":"Con la construcci\u00f3n de dos nuevas plantas fotovoltaicas en Colombia, Enerland se consolida en Latinoam\u00e9rica","robots":{"index":"index","follow":"follow","max-snippet":"max-snippet:-1","max-image-preview":"max-image-preview:large","max-video-preview":"max-video-preview:-1"},"canonical":"https:\/\/www.enerlandgroup.com\/es\/dos-nuevas-plantas-fotovoltaicas-en-colombia\/","og_locale":"es_ES","og_type":"article","og_title":"Dos nuevas plantas fotovoltaicas en Colombia - Enerland Energ\u00eda Renovable","og_description":"Con la construcci\u00f3n de dos nuevas plantas fotovoltaicas en Colombia, Enerland se consolida en Latinoam\u00e9rica","og_url":"https:\/\/www.enerlandgroup.com\/es\/dos-nuevas-plantas-fotovoltaicas-en-colombia\/","og_site_name":"Enerland Energ\u00eda Renovable","article_published_time":"2022-04-27T11:01:35+00:00","og_image":[{"width":1870,"height":700,"url":"https:\/\/www.enerlandgroup.com\/wp-content\/uploads\/2022\/04\/Plantilla-noticias-WEB.jpg","type":"image\/jpeg"}],"author":"Ana","twitter_card":"summary_large_image","schema":{"@context":"https:\/\/schema.org","@graph":[{"@type":"Article","@id":"https:\/\/www.enerlandgroup.com\/es\/dos-nuevas-plantas-fotovoltaicas-en-colombia\/#article","isPartOf":{"@id":"https:\/\/www.enerlandgroup.com\/es\/dos-nuevas-plantas-fotovoltaicas-en-colombia\/"},"author":{"name":"Ana","@id":"https:\/\/www.enerlandgroup.com\/es\/#\/schema\/person\/ff4846e816b3f94eb665e1da0854e1b8"},"headline":"Dos nuevas plantas fotovoltaicas en Colombia","datePublished":"2022-04-27T11:01:35+00:00","mainEntityOfPage":{"@id":"https:\/\/www.enerlandgroup.com\/es\/dos-nuevas-plantas-fotovoltaicas-en-colombia\/"},"wordCount":353,"commentCount":0,"publisher":{"@id":"https:\/\/www.enerlandgroup.com\/es\/#organization"},"image":{"@id":"https:\/\/www.enerlandgroup.com\/es\/dos-nuevas-plantas-fotovoltaicas-en-colombia\/#primaryimage"},"thumbnailUrl":"https:\/\/www.enerlandgroup.com\/wp-content\/uploads\/2022\/04\/Plantilla-noticias-WEB.jpg","keywords":["Colombia","Latinoam\u00e9rica","Parque fotovoltaico","proyecto"],"articleSection":["Corporativo","Noticias"],"inLanguage":"es","potentialAction":[{"@type":"CommentAction","name":"Comment","target":["https:\/\/www.enerlandgroup.com\/es\/dos-nuevas-plantas-fotovoltaicas-en-colombia\/#respond"]}]},{"@type":["WebPage","ItemPage"],"@id":"https:\/\/www.enerlandgroup.com\/es\/dos-nuevas-plantas-fotovoltaicas-en-colombia\/","url":"https:\/\/www.enerlandgroup.com\/es\/dos-nuevas-plantas-fotovoltaicas-en-colombia\/","name":"Dos nuevas plantas fotovoltaicas en Colombia - Enerland Energ\u00eda Renovable","isPartOf":{"@id":"https:\/\/www.enerlandgroup.com\/es\/#website"},"primaryImageOfPage":{"@id":"https:\/\/www.enerlandgroup.com\/es\/dos-nuevas-plantas-fotovoltaicas-en-colombia\/#primaryimage"},"image":{"@id":"https:\/\/www.enerlandgroup.com\/es\/dos-nuevas-plantas-fotovoltaicas-en-colombia\/#primaryimage"},"thumbnailUrl":"https:\/\/www.enerlandgroup.com\/wp-content\/uploads\/2022\/04\/Plantilla-noticias-WEB.jpg","datePublished":"2022-04-27T11:01:35+00:00","description":"Con la construcci\u00f3n de dos nuevas plantas fotovoltaicas en Colombia, Enerland se consolida en Latinoam\u00e9rica","breadcrumb":{"@id":"https:\/\/www.enerlandgroup.com\/es\/dos-nuevas-plantas-fotovoltaicas-en-colombia\/#breadcrumb"},"inLanguage":"es","potentialAction":[{"@type":"ReadAction","target":["https:\/\/www.enerlandgroup.com\/es\/dos-nuevas-plantas-fotovoltaicas-en-colombia\/"]}]},{"@type":"ImageObject","inLanguage":"es","@id":"https:\/\/www.enerlandgroup.com\/es\/dos-nuevas-plantas-fotovoltaicas-en-colombia\/#primaryimage","url":"https:\/\/www.enerlandgroup.com\/wp-content\/uploads\/2022\/04\/Plantilla-noticias-WEB.jpg","contentUrl":"https:\/\/www.enerlandgroup.com\/wp-content\/uploads\/2022\/04\/Plantilla-noticias-WEB.jpg","width":1870,"height":700,"caption":"Nuevas plantas fotovoltaicas Colombia"},{"@type":"BreadcrumbList","@id":"https:\/\/www.enerlandgroup.com\/es\/dos-nuevas-plantas-fotovoltaicas-en-colombia\/#breadcrumb","itemListElement":[{"@type":"ListItem","position":1,"name":"Inicio","item":"https:\/\/www.enerlandgroup.com\/es\/"},{"@type":"ListItem","position":2,"name":"Dos nuevas plantas fotovoltaicas en Colombia"}]},{"@type":"WebSite","@id":"https:\/\/www.enerlandgroup.com\/es\/#website","url":"https:\/\/www.enerlandgroup.com\/es\/","name":"Enerland Energ\u00eda Renovable","description":"","publisher":{"@id":"https:\/\/www.enerlandgroup.com\/es\/#organization"},"potentialAction":[{"@type":"SearchAction","target":{"@type":"EntryPoint","urlTemplate":"https:\/\/www.enerlandgroup.com\/es\/?s={search_term_string}"},"query-input":{"@type":"PropertyValueSpecification","valueRequired":true,"valueName":"search_term_string"}}],"inLanguage":"es"},{"@type":"Organization","@id":"https:\/\/www.enerlandgroup.com\/es\/#organization","name":"Enerland Group","url":"https:\/\/www.enerlandgroup.com\/es\/","logo":{"@type":"ImageObject","inLanguage":"es","@id":"https:\/\/www.enerlandgroup.com\/es\/#\/schema\/logo\/image\/","url":"https:\/\/www.enerlandgroup.com\/wp-content\/uploads\/2021\/05\/Logo_Enerland.png","contentUrl":"https:\/\/www.enerlandgroup.com\/wp-content\/uploads\/2021\/05\/Logo_Enerland.png","width":184,"height":43,"caption":"Enerland Group"},"image":{"@id":"https:\/\/www.enerlandgroup.com\/es\/#\/schema\/logo\/image\/"},"sameAs":["https:\/\/www.linkedin.com\/company\/enerland-group\/","https:\/\/www.youtube.com\/channel\/UCjdInbThgaPa2_D34vRChmA"]},{"@type":"Person","@id":"https:\/\/www.enerlandgroup.com\/es\/#\/schema\/person\/ff4846e816b3f94eb665e1da0854e1b8","name":"Ana","image":{"@type":"ImageObject","inLanguage":"es","@id":"https:\/\/secure.gravatar.com\/avatar\/495e8a53709541de9036eb34e07c65eacd114aba52461487df6099dee02e64f1?s=96&d=mm&r=g","url":"https:\/\/secure.gravatar.com\/avatar\/495e8a53709541de9036eb34e07c65eacd114aba52461487df6099dee02e64f1?s=96&d=mm&r=g","contentUrl":"https:\/\/secure.gravatar.com\/avatar\/495e8a53709541de9036eb34e07c65eacd114aba52461487df6099dee02e64f1?s=96&d=mm&r=g","caption":"Ana"},"url":"https:\/\/www.enerlandgroup.com\/es\/author\/ana-valdizanenerlandgroup-com\/"}]}},"jetpack_featured_media_url":"https:\/\/www.enerlandgroup.com\/wp-content\/uploads\/2022\/04\/Plantilla-noticias-WEB.jpg","_links":{"self":[{"href":"https:\/\/www.enerlandgroup.com\/es\/wp-json\/wp\/v2\/posts\/9594","targetHints":{"allow":["GET"]}}],"collection":[{"href":"https:\/\/www.enerlandgroup.com\/es\/wp-json\/wp\/v2\/posts"}],"about":[{"href":"https:\/\/www.enerlandgroup.com\/es\/wp-json\/wp\/v2\/types\/post"}],"author":[{"embeddable":true,"href":"https:\/\/www.enerlandgroup.com\/es\/wp-json\/wp\/v2\/users\/11"}],"replies":[{"embeddable":true,"href":"https:\/\/www.enerlandgroup.com\/es\/wp-json\/wp\/v2\/comments?post=9594"}],"version-history":[{"count":6,"href":"https:\/\/www.enerlandgroup.com\/es\/wp-json\/wp\/v2\/posts\/9594\/revisions"}],"predecessor-version":[{"id":9611,"href":"https:\/\/www.enerlandgroup.com\/es\/wp-json\/wp\/v2\/posts\/9594\/revisions\/9611"}],"wp:featuredmedia":[{"embeddable":true,"href":"https:\/\/www.enerlandgroup.com\/es\/wp-json\/wp\/v2\/media\/9602"}],"wp:attachment":[{"href":"https:\/\/www.enerlandgroup.com\/es\/wp-json\/wp\/v2\/media?parent=9594"}],"wp:term":[{"taxonomy":"category","embeddable":true,"href":"https:\/\/www.enerlandgroup.com\/es\/wp-json\/wp\/v2\/categories?post=9594"},{"taxonomy":"post_tag","embeddable":true,"href":"https:\/\/www.enerlandgroup.com\/es\/wp-json\/wp\/v2\/tags?post=9594"}],"curies":[{"name":"wp","href":"https:\/\/api.w.org\/{rel}","templated":true}]}}