{"id":8952,"date":"2022-02-22T13:31:21","date_gmt":"2022-02-22T12:31:21","guid":{"rendered":"https:\/\/www.enerlandgroup.com\/?p=8952"},"modified":"2022-03-31T11:29:22","modified_gmt":"2022-03-31T09:29:22","slug":"asistimos-al-evento-organizado-por-unef","status":"publish","type":"post","link":"https:\/\/www.enerlandgroup.com\/es\/asistimos-al-evento-organizado-por-unef\/","title":{"rendered":"Asistimos al evento organizado por UNEF"},"content":{"rendered":"<h1>Asistimos al evento organizado por UNEF \u00abDesarrollo de plantas solares bajo criterios de excelencia ambiental\u00bb en Toledo, Espa\u00f1a.<\/h1>\n<p>Hoy, 22 de febrero, gracias a la presencia de Daisy Rodr\u00edguez como representante de Enerland, asistimos al evento organizado por UNEF y la Junta de Castilla La Mancha: \u00abDesarrollo de plantas solares bajo criterios de excelencia ambiental\u00bb. Nuestra compa\u00f1era Daisy, responsable del departamento de Medio Ambiente, se ha desplazado hasta Toledo, con el fin de presenciar el debate sobre la sostenibilidad y los criterios de excelencia ambiental en el desarrollo de las plantas fotovoltaicas.<\/p>\n<p>En el encuentro, han participado ponentes de diferentes empresas del sector. A ellos, se han sumado representantes institucionales del Ministerio para la Transici\u00f3n Ecol\u00f3gica y el Reto Demogr\u00e1fico o de la Asociaci\u00f3n Espa\u00f1ola de Evaluaci\u00f3n de Impacto Ambiental, entre otros.<\/p>\n<p>&nbsp;<\/p>\n<h2>Enerland en al evento<\/h2>\n<p>Nuestra compa\u00f1era reflexiona sobre su asistencia al evento:<\/p>\n<p>\u201cAcudo con gran inter\u00e9s a esta jornada. Ha sido un \u00e9xito absoluto, prueba de ello la gran acogida y asistencia masiva de los principales promotores, agentes y asociaciones del sector fotovoltaico nacional.<\/p>\n<p>Desde Enerland lo tenemos absolutamente claro: la clave del \u00e9xito y diferenciaci\u00f3n se basa en dise\u00f1ar proyectos de calidad y excelencia acompa\u00f1ados con un buen estudio de impacto ambiental redactado con el grado de detalle id\u00f3neo para garantizar la capacidad de acogida del territorio respetando los valores naturales y culturales de cada zona.<\/p>\n<p>Adem\u00e1s, se abre otro reto al incorporar criterios sociales en la tramitaci\u00f3n de los proyectos. Es un error pensar que disponemos de \u00ablicencia social\u00bb s\u00f3lo por ser un sector renovable. El di\u00e1logo, la participaci\u00f3n y colaboraci\u00f3n con ayuntamientos, asociaciones y agentes interesados es fundamental para obtener proyectos sostenibles ambiental y socialmente hablando.<\/p>\n<p>Somos conscientes del desaf\u00edo al que nos enfrentamos: arduo, dif\u00edcil y lento. Pero el compromiso de la Direcci\u00f3n es firme y real; nuestros proyectos incluyen criterios ambientales, sociales y de gobernanza siempre buscando la excelencia y el valor a\u00f1adido.<\/p>\n<p><img loading=\"lazy\" decoding=\"async\" class=\"aligncenter wp-image-8953 size-large\" src=\"https:\/\/www.enerlandgroup.com\/wp-content\/uploads\/2022\/02\/Asistencia_evento_Desarrollo_sostenible_plantas_fotovoltaicas_UNEF-1024x768.jpg\" alt=\"Daisy Rodr\u00edguez asiste al evento organizado por UNEF\" width=\"1024\" height=\"768\" srcset=\"https:\/\/www.enerlandgroup.com\/wp-content\/uploads\/2022\/02\/Asistencia_evento_Desarrollo_sostenible_plantas_fotovoltaicas_UNEF-980x735.jpg 980w, https:\/\/www.enerlandgroup.com\/wp-content\/uploads\/2022\/02\/Asistencia_evento_Desarrollo_sostenible_plantas_fotovoltaicas_UNEF-480x360.jpg 480w\" sizes=\"auto, (min-width: 0px) and (max-width: 480px) 480px, (min-width: 481px) and (max-width: 980px) 980px, (min-width: 981px) 1024px, 100vw\" \/><\/p>\n<h2><\/h2>\n<h2>Plantas solares sostenibles<\/h2>\n<p>Como conclusi\u00f3n, seguiremos fieles a nuestro <a href=\"https:\/\/www.enerlandgroup.com\/es\/sostenibilidad\/\">compromiso sostenible<\/a> aprendiendo cada d\u00eda. Conocer las \u00faltimas novedades e innovaciones en t\u00e9rminos medio ambientales y aplicarlos en todos nuestros proyectos es la clave de nuestro \u00e9xito.<\/p>\n<p>Esperamos poder seguir asistiendo a<a href=\"https:\/\/www.unef.es\/es\/evento\/desarrollo-plantas-solares-bajo-criterios-excelencia-ambiental\"> eventos como estos<\/a> donde los expertos del sector debaten y aportan su conocimiento m\u00e1s avanzado sobre la situaci\u00f3n actual del sector fotovoltaico en t\u00e9rminos de sostenibilidad.<\/p>\n<p><img loading=\"lazy\" decoding=\"async\" class=\"aligncenter wp-image-8955 size-full\" src=\"https:\/\/www.enerlandgroup.com\/wp-content\/uploads\/2022\/02\/Asistencia_evento_Desarrollo_sostenible_plantas_fotovoltaicas_UNEF_2.jpg\" alt=\"\" width=\"870\" height=\"651\" \/><\/p>\n","protected":false},"excerpt":{"rendered":"<p>Asistimos al evento organizado por UNEF \u00abDesarrollo de plantas solares bajo criterios de excelencia<\/p>\n","protected":false},"author":4,"featured_media":8955,"comment_status":"open","ping_status":"open","sticky":false,"template":"","format":"standard","meta":{"_et_pb_use_builder":"","_et_pb_old_content":"","_et_gb_content_width":"","footnotes":""},"categories":[161,25],"tags":[176,76],"class_list":["post-8952","post","type-post","status-publish","format-standard","has-post-thumbnail","hentry","category-noticias","category-sostenibilidad-y-medio-ambiente","tag-evento","tag-sostenibilidad"],"yoast_head":"<!-- This site is optimized with the Yoast SEO plugin v27.4 - https:\/\/yoast.com\/product\/yoast-seo-wordpress\/ -->\n<title>Asistimos al evento organizado por UNEF - Enerland Energ\u00eda Renovable<\/title>\n<meta name=\"description\" content=\"Asistimos al evento &quot;Desarrollo de plantas solares bajo criterios de excelencia ambiental&quot; organizado por UNEF y Junta de Castilla-La Mancha.\" \/>\n<meta name=\"robots\" content=\"index, follow, max-snippet:-1, max-image-preview:large, max-video-preview:-1\" \/>\n<link rel=\"canonical\" href=\"https:\/\/www.enerlandgroup.com\/es\/asistimos-al-evento-organizado-por-unef\/\" \/>\n<meta property=\"og:locale\" content=\"es_ES\" \/>\n<meta property=\"og:type\" content=\"article\" \/>\n<meta property=\"og:title\" content=\"Asistimos al evento organizado por UNEF - Enerland Energ\u00eda Renovable\" \/>\n<meta property=\"og:description\" content=\"Asistimos al evento &quot;Desarrollo de plantas solares bajo criterios de excelencia ambiental&quot; organizado por UNEF y Junta de Castilla-La Mancha.\" \/>\n<meta property=\"og:url\" content=\"https:\/\/www.enerlandgroup.com\/es\/asistimos-al-evento-organizado-por-unef\/\" \/>\n<meta property=\"og:site_name\" content=\"Enerland Energ\u00eda Renovable\" \/>\n<meta property=\"article:published_time\" content=\"2022-02-22T12:31:21+00:00\" \/>\n<meta property=\"article:modified_time\" content=\"2022-03-31T09:29:22+00:00\" \/>\n<meta property=\"og:image\" content=\"https:\/\/www.enerlandgroup.com\/wp-content\/uploads\/2022\/02\/Asistencia_evento_Desarrollo_sostenible_plantas_fotovoltaicas_UNEF_2-e1645533039692.jpg\" \/>\n\t<meta property=\"og:image:width\" content=\"869\" \/>\n\t<meta property=\"og:image:height\" content=\"326\" \/>\n\t<meta property=\"og:image:type\" content=\"image\/jpeg\" \/>\n<meta name=\"author\" content=\"Pilar\" \/>\n<meta name=\"twitter:card\" content=\"summary_large_image\" \/>\n<script type=\"application\/ld+json\" class=\"yoast-schema-graph\">{\"@context\":\"https:\\\/\\\/schema.org\",\"@graph\":[{\"@type\":\"Article\",\"@id\":\"https:\\\/\\\/www.enerlandgroup.com\\\/es\\\/asistimos-al-evento-organizado-por-unef\\\/#article\",\"isPartOf\":{\"@id\":\"https:\\\/\\\/www.enerlandgroup.com\\\/es\\\/asistimos-al-evento-organizado-por-unef\\\/\"},\"author\":{\"name\":\"Pilar\",\"@id\":\"https:\\\/\\\/www.enerlandgroup.com\\\/es\\\/#\\\/schema\\\/person\\\/d842c1aed4fef077270deb261453486c\"},\"headline\":\"Asistimos al evento organizado por UNEF\",\"datePublished\":\"2022-02-22T12:31:21+00:00\",\"dateModified\":\"2022-03-31T09:29:22+00:00\",\"mainEntityOfPage\":{\"@id\":\"https:\\\/\\\/www.enerlandgroup.com\\\/es\\\/asistimos-al-evento-organizado-por-unef\\\/\"},\"wordCount\":424,\"commentCount\":0,\"publisher\":{\"@id\":\"https:\\\/\\\/www.enerlandgroup.com\\\/es\\\/#organization\"},\"image\":{\"@id\":\"https:\\\/\\\/www.enerlandgroup.com\\\/es\\\/asistimos-al-evento-organizado-por-unef\\\/#primaryimage\"},\"thumbnailUrl\":\"https:\\\/\\\/www.enerlandgroup.com\\\/wp-content\\\/uploads\\\/2022\\\/02\\\/Asistencia_evento_Desarrollo_sostenible_plantas_fotovoltaicas_UNEF_2-e1645533039692.jpg\",\"keywords\":[\"Evento\",\"sostenibilidad\"],\"articleSection\":[\"Noticias\",\"Sostenibilidad y Medio Ambiente\"],\"inLanguage\":\"es\",\"potentialAction\":[{\"@type\":\"CommentAction\",\"name\":\"Comment\",\"target\":[\"https:\\\/\\\/www.enerlandgroup.com\\\/es\\\/asistimos-al-evento-organizado-por-unef\\\/#respond\"]}]},{\"@type\":[\"WebPage\",\"ItemPage\"],\"@id\":\"https:\\\/\\\/www.enerlandgroup.com\\\/es\\\/asistimos-al-evento-organizado-por-unef\\\/\",\"url\":\"https:\\\/\\\/www.enerlandgroup.com\\\/es\\\/asistimos-al-evento-organizado-por-unef\\\/\",\"name\":\"Asistimos al evento organizado por UNEF - Enerland Energ\u00eda Renovable\",\"isPartOf\":{\"@id\":\"https:\\\/\\\/www.enerlandgroup.com\\\/es\\\/#website\"},\"primaryImageOfPage\":{\"@id\":\"https:\\\/\\\/www.enerlandgroup.com\\\/es\\\/asistimos-al-evento-organizado-por-unef\\\/#primaryimage\"},\"image\":{\"@id\":\"https:\\\/\\\/www.enerlandgroup.com\\\/es\\\/asistimos-al-evento-organizado-por-unef\\\/#primaryimage\"},\"thumbnailUrl\":\"https:\\\/\\\/www.enerlandgroup.com\\\/wp-content\\\/uploads\\\/2022\\\/02\\\/Asistencia_evento_Desarrollo_sostenible_plantas_fotovoltaicas_UNEF_2-e1645533039692.jpg\",\"datePublished\":\"2022-02-22T12:31:21+00:00\",\"dateModified\":\"2022-03-31T09:29:22+00:00\",\"description\":\"Asistimos al evento \\\"Desarrollo de plantas solares bajo criterios de excelencia ambiental\\\" organizado por UNEF y Junta de Castilla-La Mancha.\",\"breadcrumb\":{\"@id\":\"https:\\\/\\\/www.enerlandgroup.com\\\/es\\\/asistimos-al-evento-organizado-por-unef\\\/#breadcrumb\"},\"inLanguage\":\"es\",\"potentialAction\":[{\"@type\":\"ReadAction\",\"target\":[\"https:\\\/\\\/www.enerlandgroup.com\\\/es\\\/asistimos-al-evento-organizado-por-unef\\\/\"]}]},{\"@type\":\"ImageObject\",\"inLanguage\":\"es\",\"@id\":\"https:\\\/\\\/www.enerlandgroup.com\\\/es\\\/asistimos-al-evento-organizado-por-unef\\\/#primaryimage\",\"url\":\"https:\\\/\\\/www.enerlandgroup.com\\\/wp-content\\\/uploads\\\/2022\\\/02\\\/Asistencia_evento_Desarrollo_sostenible_plantas_fotovoltaicas_UNEF_2-e1645533039692.jpg\",\"contentUrl\":\"https:\\\/\\\/www.enerlandgroup.com\\\/wp-content\\\/uploads\\\/2022\\\/02\\\/Asistencia_evento_Desarrollo_sostenible_plantas_fotovoltaicas_UNEF_2-e1645533039692.jpg\",\"width\":869,\"height\":326},{\"@type\":\"BreadcrumbList\",\"@id\":\"https:\\\/\\\/www.enerlandgroup.com\\\/es\\\/asistimos-al-evento-organizado-por-unef\\\/#breadcrumb\",\"itemListElement\":[{\"@type\":\"ListItem\",\"position\":1,\"name\":\"Inicio\",\"item\":\"https:\\\/\\\/www.enerlandgroup.com\\\/es\\\/\"},{\"@type\":\"ListItem\",\"position\":2,\"name\":\"Asistimos al evento organizado por UNEF\"}]},{\"@type\":\"WebSite\",\"@id\":\"https:\\\/\\\/www.enerlandgroup.com\\\/es\\\/#website\",\"url\":\"https:\\\/\\\/www.enerlandgroup.com\\\/es\\\/\",\"name\":\"Enerland Energ\u00eda Renovable\",\"description\":\"\",\"publisher\":{\"@id\":\"https:\\\/\\\/www.enerlandgroup.com\\\/es\\\/#organization\"},\"potentialAction\":[{\"@type\":\"SearchAction\",\"target\":{\"@type\":\"EntryPoint\",\"urlTemplate\":\"https:\\\/\\\/www.enerlandgroup.com\\\/es\\\/?s={search_term_string}\"},\"query-input\":{\"@type\":\"PropertyValueSpecification\",\"valueRequired\":true,\"valueName\":\"search_term_string\"}}],\"inLanguage\":\"es\"},{\"@type\":\"Organization\",\"@id\":\"https:\\\/\\\/www.enerlandgroup.com\\\/es\\\/#organization\",\"name\":\"Enerland Group\",\"url\":\"https:\\\/\\\/www.enerlandgroup.com\\\/es\\\/\",\"logo\":{\"@type\":\"ImageObject\",\"inLanguage\":\"es\",\"@id\":\"https:\\\/\\\/www.enerlandgroup.com\\\/es\\\/#\\\/schema\\\/logo\\\/image\\\/\",\"url\":\"https:\\\/\\\/www.enerlandgroup.com\\\/wp-content\\\/uploads\\\/2021\\\/05\\\/Logo_Enerland.png\",\"contentUrl\":\"https:\\\/\\\/www.enerlandgroup.com\\\/wp-content\\\/uploads\\\/2021\\\/05\\\/Logo_Enerland.png\",\"width\":184,\"height\":43,\"caption\":\"Enerland Group\"},\"image\":{\"@id\":\"https:\\\/\\\/www.enerlandgroup.com\\\/es\\\/#\\\/schema\\\/logo\\\/image\\\/\"},\"sameAs\":[\"https:\\\/\\\/www.linkedin.com\\\/company\\\/enerland-group\\\/\",\"https:\\\/\\\/www.youtube.com\\\/channel\\\/UCjdInbThgaPa2_D34vRChmA\"]},{\"@type\":\"Person\",\"@id\":\"https:\\\/\\\/www.enerlandgroup.com\\\/es\\\/#\\\/schema\\\/person\\\/d842c1aed4fef077270deb261453486c\",\"name\":\"Pilar\",\"image\":{\"@type\":\"ImageObject\",\"inLanguage\":\"es\",\"@id\":\"https:\\\/\\\/secure.gravatar.com\\\/avatar\\\/3e6e1323210dee16f137d8ab0ce7231001529459c2f5b2e4ec20c72d1fd442dc?s=96&d=mm&r=g\",\"url\":\"https:\\\/\\\/secure.gravatar.com\\\/avatar\\\/3e6e1323210dee16f137d8ab0ce7231001529459c2f5b2e4ec20c72d1fd442dc?s=96&d=mm&r=g\",\"contentUrl\":\"https:\\\/\\\/secure.gravatar.com\\\/avatar\\\/3e6e1323210dee16f137d8ab0ce7231001529459c2f5b2e4ec20c72d1fd442dc?s=96&d=mm&r=g\",\"caption\":\"Pilar\"},\"url\":\"https:\\\/\\\/www.enerlandgroup.com\\\/es\\\/author\\\/enerland\\\/\"}]}<\/script>\n<!-- \/ Yoast SEO plugin. -->","yoast_head_json":{"title":"Asistimos al evento organizado por UNEF - Enerland Energ\u00eda Renovable","description":"Asistimos al evento \"Desarrollo de plantas solares bajo criterios de excelencia ambiental\" organizado por UNEF y Junta de Castilla-La Mancha.","robots":{"index":"index","follow":"follow","max-snippet":"max-snippet:-1","max-image-preview":"max-image-preview:large","max-video-preview":"max-video-preview:-1"},"canonical":"https:\/\/www.enerlandgroup.com\/es\/asistimos-al-evento-organizado-por-unef\/","og_locale":"es_ES","og_type":"article","og_title":"Asistimos al evento organizado por UNEF - Enerland Energ\u00eda Renovable","og_description":"Asistimos al evento \"Desarrollo de plantas solares bajo criterios de excelencia ambiental\" organizado por UNEF y Junta de Castilla-La Mancha.","og_url":"https:\/\/www.enerlandgroup.com\/es\/asistimos-al-evento-organizado-por-unef\/","og_site_name":"Enerland Energ\u00eda Renovable","article_published_time":"2022-02-22T12:31:21+00:00","article_modified_time":"2022-03-31T09:29:22+00:00","og_image":[{"width":869,"height":326,"url":"https:\/\/www.enerlandgroup.com\/wp-content\/uploads\/2022\/02\/Asistencia_evento_Desarrollo_sostenible_plantas_fotovoltaicas_UNEF_2-e1645533039692.jpg","type":"image\/jpeg"}],"author":"Pilar","twitter_card":"summary_large_image","schema":{"@context":"https:\/\/schema.org","@graph":[{"@type":"Article","@id":"https:\/\/www.enerlandgroup.com\/es\/asistimos-al-evento-organizado-por-unef\/#article","isPartOf":{"@id":"https:\/\/www.enerlandgroup.com\/es\/asistimos-al-evento-organizado-por-unef\/"},"author":{"name":"Pilar","@id":"https:\/\/www.enerlandgroup.com\/es\/#\/schema\/person\/d842c1aed4fef077270deb261453486c"},"headline":"Asistimos al evento organizado por UNEF","datePublished":"2022-02-22T12:31:21+00:00","dateModified":"2022-03-31T09:29:22+00:00","mainEntityOfPage":{"@id":"https:\/\/www.enerlandgroup.com\/es\/asistimos-al-evento-organizado-por-unef\/"},"wordCount":424,"commentCount":0,"publisher":{"@id":"https:\/\/www.enerlandgroup.com\/es\/#organization"},"image":{"@id":"https:\/\/www.enerlandgroup.com\/es\/asistimos-al-evento-organizado-por-unef\/#primaryimage"},"thumbnailUrl":"https:\/\/www.enerlandgroup.com\/wp-content\/uploads\/2022\/02\/Asistencia_evento_Desarrollo_sostenible_plantas_fotovoltaicas_UNEF_2-e1645533039692.jpg","keywords":["Evento","sostenibilidad"],"articleSection":["Noticias","Sostenibilidad y Medio Ambiente"],"inLanguage":"es","potentialAction":[{"@type":"CommentAction","name":"Comment","target":["https:\/\/www.enerlandgroup.com\/es\/asistimos-al-evento-organizado-por-unef\/#respond"]}]},{"@type":["WebPage","ItemPage"],"@id":"https:\/\/www.enerlandgroup.com\/es\/asistimos-al-evento-organizado-por-unef\/","url":"https:\/\/www.enerlandgroup.com\/es\/asistimos-al-evento-organizado-por-unef\/","name":"Asistimos al evento organizado por UNEF - Enerland Energ\u00eda Renovable","isPartOf":{"@id":"https:\/\/www.enerlandgroup.com\/es\/#website"},"primaryImageOfPage":{"@id":"https:\/\/www.enerlandgroup.com\/es\/asistimos-al-evento-organizado-por-unef\/#primaryimage"},"image":{"@id":"https:\/\/www.enerlandgroup.com\/es\/asistimos-al-evento-organizado-por-unef\/#primaryimage"},"thumbnailUrl":"https:\/\/www.enerlandgroup.com\/wp-content\/uploads\/2022\/02\/Asistencia_evento_Desarrollo_sostenible_plantas_fotovoltaicas_UNEF_2-e1645533039692.jpg","datePublished":"2022-02-22T12:31:21+00:00","dateModified":"2022-03-31T09:29:22+00:00","description":"Asistimos al evento \"Desarrollo de plantas solares bajo criterios de excelencia ambiental\" organizado por UNEF y Junta de Castilla-La Mancha.","breadcrumb":{"@id":"https:\/\/www.enerlandgroup.com\/es\/asistimos-al-evento-organizado-por-unef\/#breadcrumb"},"inLanguage":"es","potentialAction":[{"@type":"ReadAction","target":["https:\/\/www.enerlandgroup.com\/es\/asistimos-al-evento-organizado-por-unef\/"]}]},{"@type":"ImageObject","inLanguage":"es","@id":"https:\/\/www.enerlandgroup.com\/es\/asistimos-al-evento-organizado-por-unef\/#primaryimage","url":"https:\/\/www.enerlandgroup.com\/wp-content\/uploads\/2022\/02\/Asistencia_evento_Desarrollo_sostenible_plantas_fotovoltaicas_UNEF_2-e1645533039692.jpg","contentUrl":"https:\/\/www.enerlandgroup.com\/wp-content\/uploads\/2022\/02\/Asistencia_evento_Desarrollo_sostenible_plantas_fotovoltaicas_UNEF_2-e1645533039692.jpg","width":869,"height":326},{"@type":"BreadcrumbList","@id":"https:\/\/www.enerlandgroup.com\/es\/asistimos-al-evento-organizado-por-unef\/#breadcrumb","itemListElement":[{"@type":"ListItem","position":1,"name":"Inicio","item":"https:\/\/www.enerlandgroup.com\/es\/"},{"@type":"ListItem","position":2,"name":"Asistimos al evento organizado por UNEF"}]},{"@type":"WebSite","@id":"https:\/\/www.enerlandgroup.com\/es\/#website","url":"https:\/\/www.enerlandgroup.com\/es\/","name":"Enerland Energ\u00eda Renovable","description":"","publisher":{"@id":"https:\/\/www.enerlandgroup.com\/es\/#organization"},"potentialAction":[{"@type":"SearchAction","target":{"@type":"EntryPoint","urlTemplate":"https:\/\/www.enerlandgroup.com\/es\/?s={search_term_string}"},"query-input":{"@type":"PropertyValueSpecification","valueRequired":true,"valueName":"search_term_string"}}],"inLanguage":"es"},{"@type":"Organization","@id":"https:\/\/www.enerlandgroup.com\/es\/#organization","name":"Enerland Group","url":"https:\/\/www.enerlandgroup.com\/es\/","logo":{"@type":"ImageObject","inLanguage":"es","@id":"https:\/\/www.enerlandgroup.com\/es\/#\/schema\/logo\/image\/","url":"https:\/\/www.enerlandgroup.com\/wp-content\/uploads\/2021\/05\/Logo_Enerland.png","contentUrl":"https:\/\/www.enerlandgroup.com\/wp-content\/uploads\/2021\/05\/Logo_Enerland.png","width":184,"height":43,"caption":"Enerland Group"},"image":{"@id":"https:\/\/www.enerlandgroup.com\/es\/#\/schema\/logo\/image\/"},"sameAs":["https:\/\/www.linkedin.com\/company\/enerland-group\/","https:\/\/www.youtube.com\/channel\/UCjdInbThgaPa2_D34vRChmA"]},{"@type":"Person","@id":"https:\/\/www.enerlandgroup.com\/es\/#\/schema\/person\/d842c1aed4fef077270deb261453486c","name":"Pilar","image":{"@type":"ImageObject","inLanguage":"es","@id":"https:\/\/secure.gravatar.com\/avatar\/3e6e1323210dee16f137d8ab0ce7231001529459c2f5b2e4ec20c72d1fd442dc?s=96&d=mm&r=g","url":"https:\/\/secure.gravatar.com\/avatar\/3e6e1323210dee16f137d8ab0ce7231001529459c2f5b2e4ec20c72d1fd442dc?s=96&d=mm&r=g","contentUrl":"https:\/\/secure.gravatar.com\/avatar\/3e6e1323210dee16f137d8ab0ce7231001529459c2f5b2e4ec20c72d1fd442dc?s=96&d=mm&r=g","caption":"Pilar"},"url":"https:\/\/www.enerlandgroup.com\/es\/author\/enerland\/"}]}},"jetpack_featured_media_url":"https:\/\/www.enerlandgroup.com\/wp-content\/uploads\/2022\/02\/Asistencia_evento_Desarrollo_sostenible_plantas_fotovoltaicas_UNEF_2-e1645533039692.jpg","_links":{"self":[{"href":"https:\/\/www.enerlandgroup.com\/es\/wp-json\/wp\/v2\/posts\/8952","targetHints":{"allow":["GET"]}}],"collection":[{"href":"https:\/\/www.enerlandgroup.com\/es\/wp-json\/wp\/v2\/posts"}],"about":[{"href":"https:\/\/www.enerlandgroup.com\/es\/wp-json\/wp\/v2\/types\/post"}],"author":[{"embeddable":true,"href":"https:\/\/www.enerlandgroup.com\/es\/wp-json\/wp\/v2\/users\/4"}],"replies":[{"embeddable":true,"href":"https:\/\/www.enerlandgroup.com\/es\/wp-json\/wp\/v2\/comments?post=8952"}],"version-history":[{"count":1,"href":"https:\/\/www.enerlandgroup.com\/es\/wp-json\/wp\/v2\/posts\/8952\/revisions"}],"predecessor-version":[{"id":8957,"href":"https:\/\/www.enerlandgroup.com\/es\/wp-json\/wp\/v2\/posts\/8952\/revisions\/8957"}],"wp:featuredmedia":[{"embeddable":true,"href":"https:\/\/www.enerlandgroup.com\/es\/wp-json\/wp\/v2\/media\/8955"}],"wp:attachment":[{"href":"https:\/\/www.enerlandgroup.com\/es\/wp-json\/wp\/v2\/media?parent=8952"}],"wp:term":[{"taxonomy":"category","embeddable":true,"href":"https:\/\/www.enerlandgroup.com\/es\/wp-json\/wp\/v2\/categories?post=8952"},{"taxonomy":"post_tag","embeddable":true,"href":"https:\/\/www.enerlandgroup.com\/es\/wp-json\/wp\/v2\/tags?post=8952"}],"curies":[{"name":"wp","href":"https:\/\/api.w.org\/{rel}","templated":true}]}}