{"id":8573,"date":"2021-12-17T10:02:30","date_gmt":"2021-12-17T09:02:30","guid":{"rendered":"https:\/\/www.enerlandgroup.com\/?p=8573"},"modified":"2022-07-04T10:03:45","modified_gmt":"2022-07-04T08:03:45","slug":"6o-edicion-de-los-premios-rsa","status":"publish","type":"post","link":"https:\/\/www.enerlandgroup.com\/es\/6o-edicion-de-los-premios-rsa\/","title":{"rendered":"Enerland asiste a la 6\u00ba Edici\u00f3n de los Premios RSA"},"content":{"rendered":"<h2>El jueves, 16 de diciembre, Enerland asisti\u00f3 a la 6\u00ba Edici\u00f3n de los Premios RSA. En el evento,\u00a0se\u00a0reconocieron y premiaron\u00a0a diferentes empresas y aut\u00f3nomos\u00a0como referentes por sus buenas pr\u00e1cticas.<\/h2>\n<p>&nbsp;<\/p>\n<p><a href=\"https:\/\/www.linkedin.com\/feed\/update\/urn:li:activity:6877219519048273920\">Trabajamos por y para las personas<\/a>. Una frase que se repiti\u00f3 en cada uno de los discursos de los ganadores de la 6\u00ba Edici\u00f3n de los Premios RSA. El encuentro tuvo lugar en el Auditoria de Zaragoza y acogi\u00f3 a cientos de empresas de Arag\u00f3n. Desde aqu\u00ed, queremos dar nuestra m\u00e1s sincera enhorabuena a los ganadores: nuestros clientes Grupo Ses\u00e9 por su ambicioso plan para convertirse en una empresa cero emisiones. Y por supuesto al resto de ganadores INDAVI, Hospital San Juan de Dios Zaragoza y a Juan Royo Abenia.<\/p>\n<p>La responsabilidad social es compromiso y haber formado parte de un acto en el que se celebran las buenas pr\u00e1cticas dentro de las empresas es todo un orgullo. Nos llevamos todas las lecciones aprendidas en nuestro primer a\u00f1o con el sello y esperamos seguir mejorando para lograrlo en el futuro.<\/p>\n<p>&nbsp;<\/p>\n<h3>\u00bfEn qu\u00e9 consiste el Premio RSA?<\/h3>\n<p>Ahora que hemos conocido a los ganadores de la 6\u00ba Edici\u00f3n de los Premios RSA, vamos a explicar de qu\u00e9 se trata. El objetivo de reconocer p\u00fablicamente las mejores iniciativas y buenas pr\u00e1cticas en Responsabilidad Social y Sostenibilidad. As\u00ed como su compromiso con los ODS y la Agenda 2030. Esto se aplica a aut\u00f3nomos\/as, pymes, grandes empresas y entidades no lucrativas de la Comunidad Aut\u00f3noma de Arag\u00f3n.<\/p>\n<p>Esta iniciativa lo organiza el Gobierno de Arag\u00f3n a trav\u00e9s del IAF, conjuntamente con CEOE Arag\u00f3n, CEPYME Arag\u00f3n, CCOO Arag\u00f3n y UGT Arag\u00f3n. Para poder optar a este reconocimiento, antes habr\u00e1n tenido que superar el proceso para la <a href=\"https:\/\/www.enerlandgroup.com\/es\/enerland-sello-rsa\/\">obtenci\u00f3n del Sello RSA<\/a>.<\/p>\n<p>Este a\u00f1o no hemos podido presentarnos a los premios, pero recoger nuestro Sello RSA tambi\u00e9n ha sido todo un placer.<\/p>\n<p><img loading=\"lazy\" decoding=\"async\" class=\"size-medium wp-image-8574 aligncenter\" src=\"https:\/\/www.enerlandgroup.com\/wp-content\/uploads\/2022\/01\/RSA4-300x250.jpg\" alt=\"6\u00ba Edici\u00f3n de los Premios RSA\" width=\"300\" height=\"250\" \/><\/p>\n<p>Esperamos que el pr\u00f3ximo a\u00f1o podamos formar parte de los candidatos y ganar en la categor\u00eda Pyme. Os dejamos algunas de las fotos del encuentro.<img loading=\"lazy\" decoding=\"async\" class=\"aligncenter wp-image-8560 size-large\" src=\"https:\/\/www.enerlandgroup.com\/wp-content\/uploads\/2022\/01\/RSA1-1024x664.jpeg\" alt=\"6\u00ba Edici\u00f3n de los Premios RSA\" width=\"1024\" height=\"664\" srcset=\"https:\/\/www.enerlandgroup.com\/wp-content\/uploads\/2022\/01\/RSA1-980x635.jpeg 980w, https:\/\/www.enerlandgroup.com\/wp-content\/uploads\/2022\/01\/RSA1-480x311.jpeg 480w\" sizes=\"auto, (min-width: 0px) and (max-width: 480px) 480px, (min-width: 481px) and (max-width: 980px) 980px, (min-width: 981px) 1024px, 100vw\" \/><img loading=\"lazy\" decoding=\"async\" class=\"aligncenter wp-image-8576 size-large\" src=\"https:\/\/www.enerlandgroup.com\/wp-content\/uploads\/2022\/01\/RSA3-1024x768.jpeg\" alt=\"6\u00ba Edici\u00f3n de los Premios RSA\" width=\"1024\" height=\"768\" srcset=\"https:\/\/www.enerlandgroup.com\/wp-content\/uploads\/2022\/01\/RSA3-980x735.jpeg 980w, https:\/\/www.enerlandgroup.com\/wp-content\/uploads\/2022\/01\/RSA3-480x360.jpeg 480w\" sizes=\"auto, (min-width: 0px) and (max-width: 480px) 480px, (min-width: 481px) and (max-width: 980px) 980px, (min-width: 981px) 1024px, 100vw\" \/><\/p>\n","protected":false},"excerpt":{"rendered":"<p>El jueves, 16 de diciembre, Enerland asisti\u00f3 a la 6\u00ba Edici\u00f3n de los Premios<\/p>\n","protected":false},"author":11,"featured_media":8578,"comment_status":"open","ping_status":"open","sticky":false,"template":"","format":"standard","meta":{"_et_pb_use_builder":"","_et_pb_old_content":"","_et_gb_content_width":"","footnotes":""},"categories":[23,161],"tags":[176,174,173,175,52],"class_list":["post-8573","post","type-post","status-publish","format-standard","has-post-thumbnail","hentry","category-corporativo","category-noticias","tag-evento","tag-premio","tag-rsa","tag-sello","tag-zaragoza"],"yoast_head":"<!-- This site is optimized with the Yoast SEO plugin v27.4 - https:\/\/yoast.com\/product\/yoast-seo-wordpress\/ -->\n<title>Enerland asiste a la 6\u00ba Edici\u00f3n de los Premios RSA - Enerland Energ\u00eda Renovable<\/title>\n<meta name=\"description\" content=\"Enerland asiste a la 6\u00ba Edici\u00f3n de los Premios RSA. En el evento, se reconocieron y premiaron a diferentes empresas y aut\u00f3nomos por sus buenas pr\u00e1cticas.\" \/>\n<meta name=\"robots\" content=\"index, follow, max-snippet:-1, max-image-preview:large, max-video-preview:-1\" \/>\n<link rel=\"canonical\" href=\"https:\/\/www.enerlandgroup.com\/es\/6o-edicion-de-los-premios-rsa\/\" \/>\n<meta property=\"og:locale\" content=\"es_ES\" \/>\n<meta property=\"og:type\" content=\"article\" \/>\n<meta property=\"og:title\" content=\"Enerland asiste a la 6\u00ba Edici\u00f3n de los Premios RSA - Enerland Energ\u00eda Renovable\" \/>\n<meta property=\"og:description\" content=\"Enerland asiste a la 6\u00ba Edici\u00f3n de los Premios RSA. En el evento, se reconocieron y premiaron a diferentes empresas y aut\u00f3nomos por sus buenas pr\u00e1cticas.\" \/>\n<meta property=\"og:url\" content=\"https:\/\/www.enerlandgroup.com\/es\/6o-edicion-de-los-premios-rsa\/\" \/>\n<meta property=\"og:site_name\" content=\"Enerland Energ\u00eda Renovable\" \/>\n<meta property=\"article:published_time\" content=\"2021-12-17T09:02:30+00:00\" \/>\n<meta property=\"article:modified_time\" content=\"2022-07-04T08:03:45+00:00\" \/>\n<meta property=\"og:image\" content=\"https:\/\/www.enerlandgroup.com\/wp-content\/uploads\/2022\/01\/Plantilla-noticias-WEB.png\" \/>\n\t<meta property=\"og:image:width\" content=\"1870\" \/>\n\t<meta property=\"og:image:height\" content=\"700\" \/>\n\t<meta property=\"og:image:type\" content=\"image\/png\" \/>\n<meta name=\"author\" content=\"Ana\" \/>\n<meta name=\"twitter:card\" content=\"summary_large_image\" \/>\n<script type=\"application\/ld+json\" class=\"yoast-schema-graph\">{\"@context\":\"https:\\\/\\\/schema.org\",\"@graph\":[{\"@type\":\"Article\",\"@id\":\"https:\\\/\\\/www.enerlandgroup.com\\\/es\\\/6o-edicion-de-los-premios-rsa\\\/#article\",\"isPartOf\":{\"@id\":\"https:\\\/\\\/www.enerlandgroup.com\\\/es\\\/6o-edicion-de-los-premios-rsa\\\/\"},\"author\":{\"name\":\"Ana\",\"@id\":\"https:\\\/\\\/www.enerlandgroup.com\\\/es\\\/#\\\/schema\\\/person\\\/ff4846e816b3f94eb665e1da0854e1b8\"},\"headline\":\"Enerland asiste a la 6\u00ba Edici\u00f3n de los Premios RSA\",\"datePublished\":\"2021-12-17T09:02:30+00:00\",\"dateModified\":\"2022-07-04T08:03:45+00:00\",\"mainEntityOfPage\":{\"@id\":\"https:\\\/\\\/www.enerlandgroup.com\\\/es\\\/6o-edicion-de-los-premios-rsa\\\/\"},\"wordCount\":368,\"commentCount\":0,\"publisher\":{\"@id\":\"https:\\\/\\\/www.enerlandgroup.com\\\/es\\\/#organization\"},\"image\":{\"@id\":\"https:\\\/\\\/www.enerlandgroup.com\\\/es\\\/6o-edicion-de-los-premios-rsa\\\/#primaryimage\"},\"thumbnailUrl\":\"https:\\\/\\\/www.enerlandgroup.com\\\/wp-content\\\/uploads\\\/2022\\\/01\\\/Plantilla-noticias-WEB.png\",\"keywords\":[\"Evento\",\"Premio\",\"RSA\",\"Sello\",\"Zaragoza\"],\"articleSection\":[\"Corporativo\",\"Noticias\"],\"inLanguage\":\"es\",\"potentialAction\":[{\"@type\":\"CommentAction\",\"name\":\"Comment\",\"target\":[\"https:\\\/\\\/www.enerlandgroup.com\\\/es\\\/6o-edicion-de-los-premios-rsa\\\/#respond\"]}]},{\"@type\":[\"WebPage\",\"ItemPage\"],\"@id\":\"https:\\\/\\\/www.enerlandgroup.com\\\/es\\\/6o-edicion-de-los-premios-rsa\\\/\",\"url\":\"https:\\\/\\\/www.enerlandgroup.com\\\/es\\\/6o-edicion-de-los-premios-rsa\\\/\",\"name\":\"Enerland asiste a la 6\u00ba Edici\u00f3n de los Premios RSA - Enerland Energ\u00eda Renovable\",\"isPartOf\":{\"@id\":\"https:\\\/\\\/www.enerlandgroup.com\\\/es\\\/#website\"},\"primaryImageOfPage\":{\"@id\":\"https:\\\/\\\/www.enerlandgroup.com\\\/es\\\/6o-edicion-de-los-premios-rsa\\\/#primaryimage\"},\"image\":{\"@id\":\"https:\\\/\\\/www.enerlandgroup.com\\\/es\\\/6o-edicion-de-los-premios-rsa\\\/#primaryimage\"},\"thumbnailUrl\":\"https:\\\/\\\/www.enerlandgroup.com\\\/wp-content\\\/uploads\\\/2022\\\/01\\\/Plantilla-noticias-WEB.png\",\"datePublished\":\"2021-12-17T09:02:30+00:00\",\"dateModified\":\"2022-07-04T08:03:45+00:00\",\"description\":\"Enerland asiste a la 6\u00ba Edici\u00f3n de los Premios RSA. En el evento, se reconocieron y premiaron a diferentes empresas y aut\u00f3nomos por sus buenas pr\u00e1cticas.\",\"breadcrumb\":{\"@id\":\"https:\\\/\\\/www.enerlandgroup.com\\\/es\\\/6o-edicion-de-los-premios-rsa\\\/#breadcrumb\"},\"inLanguage\":\"es\",\"potentialAction\":[{\"@type\":\"ReadAction\",\"target\":[\"https:\\\/\\\/www.enerlandgroup.com\\\/es\\\/6o-edicion-de-los-premios-rsa\\\/\"]}]},{\"@type\":\"ImageObject\",\"inLanguage\":\"es\",\"@id\":\"https:\\\/\\\/www.enerlandgroup.com\\\/es\\\/6o-edicion-de-los-premios-rsa\\\/#primaryimage\",\"url\":\"https:\\\/\\\/www.enerlandgroup.com\\\/wp-content\\\/uploads\\\/2022\\\/01\\\/Plantilla-noticias-WEB.png\",\"contentUrl\":\"https:\\\/\\\/www.enerlandgroup.com\\\/wp-content\\\/uploads\\\/2022\\\/01\\\/Plantilla-noticias-WEB.png\",\"width\":1870,\"height\":700},{\"@type\":\"BreadcrumbList\",\"@id\":\"https:\\\/\\\/www.enerlandgroup.com\\\/es\\\/6o-edicion-de-los-premios-rsa\\\/#breadcrumb\",\"itemListElement\":[{\"@type\":\"ListItem\",\"position\":1,\"name\":\"Inicio\",\"item\":\"https:\\\/\\\/www.enerlandgroup.com\\\/es\\\/\"},{\"@type\":\"ListItem\",\"position\":2,\"name\":\"Enerland asiste a la 6\u00ba Edici\u00f3n de los Premios RSA\"}]},{\"@type\":\"WebSite\",\"@id\":\"https:\\\/\\\/www.enerlandgroup.com\\\/es\\\/#website\",\"url\":\"https:\\\/\\\/www.enerlandgroup.com\\\/es\\\/\",\"name\":\"Enerland Energ\u00eda Renovable\",\"description\":\"\",\"publisher\":{\"@id\":\"https:\\\/\\\/www.enerlandgroup.com\\\/es\\\/#organization\"},\"potentialAction\":[{\"@type\":\"SearchAction\",\"target\":{\"@type\":\"EntryPoint\",\"urlTemplate\":\"https:\\\/\\\/www.enerlandgroup.com\\\/es\\\/?s={search_term_string}\"},\"query-input\":{\"@type\":\"PropertyValueSpecification\",\"valueRequired\":true,\"valueName\":\"search_term_string\"}}],\"inLanguage\":\"es\"},{\"@type\":\"Organization\",\"@id\":\"https:\\\/\\\/www.enerlandgroup.com\\\/es\\\/#organization\",\"name\":\"Enerland Group\",\"url\":\"https:\\\/\\\/www.enerlandgroup.com\\\/es\\\/\",\"logo\":{\"@type\":\"ImageObject\",\"inLanguage\":\"es\",\"@id\":\"https:\\\/\\\/www.enerlandgroup.com\\\/es\\\/#\\\/schema\\\/logo\\\/image\\\/\",\"url\":\"https:\\\/\\\/www.enerlandgroup.com\\\/wp-content\\\/uploads\\\/2021\\\/05\\\/Logo_Enerland.png\",\"contentUrl\":\"https:\\\/\\\/www.enerlandgroup.com\\\/wp-content\\\/uploads\\\/2021\\\/05\\\/Logo_Enerland.png\",\"width\":184,\"height\":43,\"caption\":\"Enerland Group\"},\"image\":{\"@id\":\"https:\\\/\\\/www.enerlandgroup.com\\\/es\\\/#\\\/schema\\\/logo\\\/image\\\/\"},\"sameAs\":[\"https:\\\/\\\/www.linkedin.com\\\/company\\\/enerland-group\\\/\",\"https:\\\/\\\/www.youtube.com\\\/channel\\\/UCjdInbThgaPa2_D34vRChmA\"]},{\"@type\":\"Person\",\"@id\":\"https:\\\/\\\/www.enerlandgroup.com\\\/es\\\/#\\\/schema\\\/person\\\/ff4846e816b3f94eb665e1da0854e1b8\",\"name\":\"Ana\",\"image\":{\"@type\":\"ImageObject\",\"inLanguage\":\"es\",\"@id\":\"https:\\\/\\\/secure.gravatar.com\\\/avatar\\\/495e8a53709541de9036eb34e07c65eacd114aba52461487df6099dee02e64f1?s=96&d=mm&r=g\",\"url\":\"https:\\\/\\\/secure.gravatar.com\\\/avatar\\\/495e8a53709541de9036eb34e07c65eacd114aba52461487df6099dee02e64f1?s=96&d=mm&r=g\",\"contentUrl\":\"https:\\\/\\\/secure.gravatar.com\\\/avatar\\\/495e8a53709541de9036eb34e07c65eacd114aba52461487df6099dee02e64f1?s=96&d=mm&r=g\",\"caption\":\"Ana\"},\"url\":\"https:\\\/\\\/www.enerlandgroup.com\\\/es\\\/author\\\/ana-valdizanenerlandgroup-com\\\/\"}]}<\/script>\n<!-- \/ Yoast SEO plugin. -->","yoast_head_json":{"title":"Enerland asiste a la 6\u00ba Edici\u00f3n de los Premios RSA - Enerland Energ\u00eda Renovable","description":"Enerland asiste a la 6\u00ba Edici\u00f3n de los Premios RSA. En el evento, se reconocieron y premiaron a diferentes empresas y aut\u00f3nomos por sus buenas pr\u00e1cticas.","robots":{"index":"index","follow":"follow","max-snippet":"max-snippet:-1","max-image-preview":"max-image-preview:large","max-video-preview":"max-video-preview:-1"},"canonical":"https:\/\/www.enerlandgroup.com\/es\/6o-edicion-de-los-premios-rsa\/","og_locale":"es_ES","og_type":"article","og_title":"Enerland asiste a la 6\u00ba Edici\u00f3n de los Premios RSA - Enerland Energ\u00eda Renovable","og_description":"Enerland asiste a la 6\u00ba Edici\u00f3n de los Premios RSA. En el evento, se reconocieron y premiaron a diferentes empresas y aut\u00f3nomos por sus buenas pr\u00e1cticas.","og_url":"https:\/\/www.enerlandgroup.com\/es\/6o-edicion-de-los-premios-rsa\/","og_site_name":"Enerland Energ\u00eda Renovable","article_published_time":"2021-12-17T09:02:30+00:00","article_modified_time":"2022-07-04T08:03:45+00:00","og_image":[{"width":1870,"height":700,"url":"https:\/\/www.enerlandgroup.com\/wp-content\/uploads\/2022\/01\/Plantilla-noticias-WEB.png","type":"image\/png"}],"author":"Ana","twitter_card":"summary_large_image","schema":{"@context":"https:\/\/schema.org","@graph":[{"@type":"Article","@id":"https:\/\/www.enerlandgroup.com\/es\/6o-edicion-de-los-premios-rsa\/#article","isPartOf":{"@id":"https:\/\/www.enerlandgroup.com\/es\/6o-edicion-de-los-premios-rsa\/"},"author":{"name":"Ana","@id":"https:\/\/www.enerlandgroup.com\/es\/#\/schema\/person\/ff4846e816b3f94eb665e1da0854e1b8"},"headline":"Enerland asiste a la 6\u00ba Edici\u00f3n de los Premios RSA","datePublished":"2021-12-17T09:02:30+00:00","dateModified":"2022-07-04T08:03:45+00:00","mainEntityOfPage":{"@id":"https:\/\/www.enerlandgroup.com\/es\/6o-edicion-de-los-premios-rsa\/"},"wordCount":368,"commentCount":0,"publisher":{"@id":"https:\/\/www.enerlandgroup.com\/es\/#organization"},"image":{"@id":"https:\/\/www.enerlandgroup.com\/es\/6o-edicion-de-los-premios-rsa\/#primaryimage"},"thumbnailUrl":"https:\/\/www.enerlandgroup.com\/wp-content\/uploads\/2022\/01\/Plantilla-noticias-WEB.png","keywords":["Evento","Premio","RSA","Sello","Zaragoza"],"articleSection":["Corporativo","Noticias"],"inLanguage":"es","potentialAction":[{"@type":"CommentAction","name":"Comment","target":["https:\/\/www.enerlandgroup.com\/es\/6o-edicion-de-los-premios-rsa\/#respond"]}]},{"@type":["WebPage","ItemPage"],"@id":"https:\/\/www.enerlandgroup.com\/es\/6o-edicion-de-los-premios-rsa\/","url":"https:\/\/www.enerlandgroup.com\/es\/6o-edicion-de-los-premios-rsa\/","name":"Enerland asiste a la 6\u00ba Edici\u00f3n de los Premios RSA - Enerland Energ\u00eda Renovable","isPartOf":{"@id":"https:\/\/www.enerlandgroup.com\/es\/#website"},"primaryImageOfPage":{"@id":"https:\/\/www.enerlandgroup.com\/es\/6o-edicion-de-los-premios-rsa\/#primaryimage"},"image":{"@id":"https:\/\/www.enerlandgroup.com\/es\/6o-edicion-de-los-premios-rsa\/#primaryimage"},"thumbnailUrl":"https:\/\/www.enerlandgroup.com\/wp-content\/uploads\/2022\/01\/Plantilla-noticias-WEB.png","datePublished":"2021-12-17T09:02:30+00:00","dateModified":"2022-07-04T08:03:45+00:00","description":"Enerland asiste a la 6\u00ba Edici\u00f3n de los Premios RSA. En el evento, se reconocieron y premiaron a diferentes empresas y aut\u00f3nomos por sus buenas pr\u00e1cticas.","breadcrumb":{"@id":"https:\/\/www.enerlandgroup.com\/es\/6o-edicion-de-los-premios-rsa\/#breadcrumb"},"inLanguage":"es","potentialAction":[{"@type":"ReadAction","target":["https:\/\/www.enerlandgroup.com\/es\/6o-edicion-de-los-premios-rsa\/"]}]},{"@type":"ImageObject","inLanguage":"es","@id":"https:\/\/www.enerlandgroup.com\/es\/6o-edicion-de-los-premios-rsa\/#primaryimage","url":"https:\/\/www.enerlandgroup.com\/wp-content\/uploads\/2022\/01\/Plantilla-noticias-WEB.png","contentUrl":"https:\/\/www.enerlandgroup.com\/wp-content\/uploads\/2022\/01\/Plantilla-noticias-WEB.png","width":1870,"height":700},{"@type":"BreadcrumbList","@id":"https:\/\/www.enerlandgroup.com\/es\/6o-edicion-de-los-premios-rsa\/#breadcrumb","itemListElement":[{"@type":"ListItem","position":1,"name":"Inicio","item":"https:\/\/www.enerlandgroup.com\/es\/"},{"@type":"ListItem","position":2,"name":"Enerland asiste a la 6\u00ba Edici\u00f3n de los Premios RSA"}]},{"@type":"WebSite","@id":"https:\/\/www.enerlandgroup.com\/es\/#website","url":"https:\/\/www.enerlandgroup.com\/es\/","name":"Enerland Energ\u00eda Renovable","description":"","publisher":{"@id":"https:\/\/www.enerlandgroup.com\/es\/#organization"},"potentialAction":[{"@type":"SearchAction","target":{"@type":"EntryPoint","urlTemplate":"https:\/\/www.enerlandgroup.com\/es\/?s={search_term_string}"},"query-input":{"@type":"PropertyValueSpecification","valueRequired":true,"valueName":"search_term_string"}}],"inLanguage":"es"},{"@type":"Organization","@id":"https:\/\/www.enerlandgroup.com\/es\/#organization","name":"Enerland Group","url":"https:\/\/www.enerlandgroup.com\/es\/","logo":{"@type":"ImageObject","inLanguage":"es","@id":"https:\/\/www.enerlandgroup.com\/es\/#\/schema\/logo\/image\/","url":"https:\/\/www.enerlandgroup.com\/wp-content\/uploads\/2021\/05\/Logo_Enerland.png","contentUrl":"https:\/\/www.enerlandgroup.com\/wp-content\/uploads\/2021\/05\/Logo_Enerland.png","width":184,"height":43,"caption":"Enerland Group"},"image":{"@id":"https:\/\/www.enerlandgroup.com\/es\/#\/schema\/logo\/image\/"},"sameAs":["https:\/\/www.linkedin.com\/company\/enerland-group\/","https:\/\/www.youtube.com\/channel\/UCjdInbThgaPa2_D34vRChmA"]},{"@type":"Person","@id":"https:\/\/www.enerlandgroup.com\/es\/#\/schema\/person\/ff4846e816b3f94eb665e1da0854e1b8","name":"Ana","image":{"@type":"ImageObject","inLanguage":"es","@id":"https:\/\/secure.gravatar.com\/avatar\/495e8a53709541de9036eb34e07c65eacd114aba52461487df6099dee02e64f1?s=96&d=mm&r=g","url":"https:\/\/secure.gravatar.com\/avatar\/495e8a53709541de9036eb34e07c65eacd114aba52461487df6099dee02e64f1?s=96&d=mm&r=g","contentUrl":"https:\/\/secure.gravatar.com\/avatar\/495e8a53709541de9036eb34e07c65eacd114aba52461487df6099dee02e64f1?s=96&d=mm&r=g","caption":"Ana"},"url":"https:\/\/www.enerlandgroup.com\/es\/author\/ana-valdizanenerlandgroup-com\/"}]}},"jetpack_featured_media_url":"https:\/\/www.enerlandgroup.com\/wp-content\/uploads\/2022\/01\/Plantilla-noticias-WEB.png","_links":{"self":[{"href":"https:\/\/www.enerlandgroup.com\/es\/wp-json\/wp\/v2\/posts\/8573","targetHints":{"allow":["GET"]}}],"collection":[{"href":"https:\/\/www.enerlandgroup.com\/es\/wp-json\/wp\/v2\/posts"}],"about":[{"href":"https:\/\/www.enerlandgroup.com\/es\/wp-json\/wp\/v2\/types\/post"}],"author":[{"embeddable":true,"href":"https:\/\/www.enerlandgroup.com\/es\/wp-json\/wp\/v2\/users\/11"}],"replies":[{"embeddable":true,"href":"https:\/\/www.enerlandgroup.com\/es\/wp-json\/wp\/v2\/comments?post=8573"}],"version-history":[{"count":3,"href":"https:\/\/www.enerlandgroup.com\/es\/wp-json\/wp\/v2\/posts\/8573\/revisions"}],"predecessor-version":[{"id":8583,"href":"https:\/\/www.enerlandgroup.com\/es\/wp-json\/wp\/v2\/posts\/8573\/revisions\/8583"}],"wp:featuredmedia":[{"embeddable":true,"href":"https:\/\/www.enerlandgroup.com\/es\/wp-json\/wp\/v2\/media\/8578"}],"wp:attachment":[{"href":"https:\/\/www.enerlandgroup.com\/es\/wp-json\/wp\/v2\/media?parent=8573"}],"wp:term":[{"taxonomy":"category","embeddable":true,"href":"https:\/\/www.enerlandgroup.com\/es\/wp-json\/wp\/v2\/categories?post=8573"},{"taxonomy":"post_tag","embeddable":true,"href":"https:\/\/www.enerlandgroup.com\/es\/wp-json\/wp\/v2\/tags?post=8573"}],"curies":[{"name":"wp","href":"https:\/\/api.w.org\/{rel}","templated":true}]}}