{"id":8554,"date":"2022-01-14T11:39:40","date_gmt":"2022-01-14T10:39:40","guid":{"rendered":"https:\/\/www.enerlandgroup.com\/?p=8554"},"modified":"2022-03-31T11:29:53","modified_gmt":"2022-03-31T09:29:53","slug":"proyectos-fotovoltaicos-el-salvador","status":"publish","type":"post","link":"https:\/\/www.enerlandgroup.com\/es\/proyectos-fotovoltaicos-el-salvador\/","title":{"rendered":"Cuatro proyectos fotovoltaicos en El Salvador"},"content":{"rendered":"<h2>La multinacional espa\u00f1ola, Enerland Group, realizar\u00e1 proyectos fotovoltaicos por valor de m\u00e1s de 30 millones de d\u00f3lares en El Salvador, consolid\u00e1ndose como un referente del sector fotovoltaico en la regi\u00f3n centroamericana.<\/h2>\n<p>&nbsp;<\/p>\n<p>Enerland realizar\u00e1 proyectos fotovoltaicos por valor de m\u00e1s de 30 millones de d\u00f3lares en El Salvador en cuatro parques fotovoltaicos y se espera crear m\u00e1s de 200 empleos en el pa\u00eds. Llano Grande I, Llano Grande II, Santa Rosa y Villa Sol se sumar\u00e1n a la cartera de construcciones que Enerland ya ha ejecutado con anterioridad.<\/p>\n<p>Estos proyectos sumar\u00e1n una potencia de 38,2 MW. En total, generar\u00e1n una energ\u00eda de 87.000 MWh anuales. Para su ejecuci\u00f3n, se instalar\u00e1n m\u00e1s de 63.000 m\u00f3dulos fotovoltaicos y se crear\u00e1n alrededor de 200 empleos directos e indirectos. Una vez finalizada la misma se crear\u00e1n entorno a una decena de puestos de empleo locales. Esto se aplicar\u00e1 tanto durante la vida \u00fatil de cada proyecto, como durante las actividades de operaci\u00f3n y mantenimiento de estos<\/p>\n<p>&nbsp;<\/p>\n<h3>Enerland en Centroam\u00e9rica<\/h3>\n<p>Enerland, presente en m\u00e1s de una decena de pa\u00edses de todo el mundo, lleva desarrollando su actividad en El Salvador desde 2015. A lo largo de su trayectoria, se ha consolidado como <a href=\"https:\/\/www.linkedin.com\/feed\/update\/urn:li:activity:6872442125368266752\">empresa referente en Centroam\u00e9rica<\/a> donde ya cuenta con m\u00e1s de 20 proyectos y 160MW instalados.<\/p>\n<p>Por otra parte, en los \u00faltimos a\u00f1os ha ido ampliando sus mercados por el sur del continente americano implantando nuevas filiales en Colombia donde recientemente inaugur\u00f3 su \u00faltima planta<a href=\"https:\/\/www.enerlandgroup.com\/es\/project\/2021-canal-del-dique\/\"> \u201cCanal del Dique\u201d de 5,6MWp<\/a> y en Argentina.<\/p>\n","protected":false},"excerpt":{"rendered":"<p>La multinacional espa\u00f1ola, Enerland Group, realizar\u00e1 proyectos fotovoltaicos por valor de m\u00e1s de 30<\/p>\n","protected":false},"author":11,"featured_media":8584,"comment_status":"open","ping_status":"open","sticky":false,"template":"","format":"standard","meta":{"_et_pb_use_builder":"","_et_pb_old_content":"","_et_gb_content_width":"","footnotes":""},"categories":[23,161],"tags":[83,177],"class_list":["post-8554","post","type-post","status-publish","format-standard","has-post-thumbnail","hentry","category-corporativo","category-noticias","tag-el-salvador","tag-parque-fotovoltaico"],"yoast_head":"<!-- This site is optimized with the Yoast SEO plugin v27.4 - https:\/\/yoast.com\/product\/yoast-seo-wordpress\/ -->\n<title>Cuatro proyectos fotovoltaicos en El Salvador - Enerland Energ\u00eda Renovable<\/title>\n<meta name=\"description\" content=\"La multinacional espa\u00f1ola, Enerland Group, realizar\u00e1 proyectos fotovoltaicos por valor de m\u00e1s de 30 millones de d\u00f3lares en El Salvador.\" \/>\n<meta name=\"robots\" content=\"index, follow, max-snippet:-1, max-image-preview:large, max-video-preview:-1\" \/>\n<link rel=\"canonical\" href=\"https:\/\/www.enerlandgroup.com\/es\/proyectos-fotovoltaicos-el-salvador\/\" \/>\n<meta property=\"og:locale\" content=\"es_ES\" \/>\n<meta property=\"og:type\" content=\"article\" \/>\n<meta property=\"og:title\" content=\"Cuatro proyectos fotovoltaicos en El Salvador - Enerland Energ\u00eda Renovable\" \/>\n<meta property=\"og:description\" content=\"La multinacional espa\u00f1ola, Enerland Group, realizar\u00e1 proyectos fotovoltaicos por valor de m\u00e1s de 30 millones de d\u00f3lares en El Salvador.\" \/>\n<meta property=\"og:url\" content=\"https:\/\/www.enerlandgroup.com\/es\/proyectos-fotovoltaicos-el-salvador\/\" \/>\n<meta property=\"og:site_name\" content=\"Enerland Energ\u00eda Renovable\" \/>\n<meta property=\"article:published_time\" content=\"2022-01-14T10:39:40+00:00\" \/>\n<meta property=\"article:modified_time\" content=\"2022-03-31T09:29:53+00:00\" \/>\n<meta property=\"og:image\" content=\"https:\/\/www.enerlandgroup.com\/wp-content\/uploads\/2022\/01\/Enerland-El-Salvador.jpg\" \/>\n\t<meta property=\"og:image:width\" content=\"1870\" \/>\n\t<meta property=\"og:image:height\" content=\"700\" \/>\n\t<meta property=\"og:image:type\" content=\"image\/jpeg\" \/>\n<meta name=\"author\" content=\"Ana\" \/>\n<meta name=\"twitter:card\" content=\"summary_large_image\" \/>\n<script type=\"application\/ld+json\" class=\"yoast-schema-graph\">{\"@context\":\"https:\\\/\\\/schema.org\",\"@graph\":[{\"@type\":\"Article\",\"@id\":\"https:\\\/\\\/www.enerlandgroup.com\\\/es\\\/proyectos-fotovoltaicos-el-salvador\\\/#article\",\"isPartOf\":{\"@id\":\"https:\\\/\\\/www.enerlandgroup.com\\\/es\\\/proyectos-fotovoltaicos-el-salvador\\\/\"},\"author\":{\"name\":\"Ana\",\"@id\":\"https:\\\/\\\/www.enerlandgroup.com\\\/es\\\/#\\\/schema\\\/person\\\/ff4846e816b3f94eb665e1da0854e1b8\"},\"headline\":\"Cuatro proyectos fotovoltaicos en El Salvador\",\"datePublished\":\"2022-01-14T10:39:40+00:00\",\"dateModified\":\"2022-03-31T09:29:53+00:00\",\"mainEntityOfPage\":{\"@id\":\"https:\\\/\\\/www.enerlandgroup.com\\\/es\\\/proyectos-fotovoltaicos-el-salvador\\\/\"},\"wordCount\":273,\"commentCount\":0,\"publisher\":{\"@id\":\"https:\\\/\\\/www.enerlandgroup.com\\\/es\\\/#organization\"},\"image\":{\"@id\":\"https:\\\/\\\/www.enerlandgroup.com\\\/es\\\/proyectos-fotovoltaicos-el-salvador\\\/#primaryimage\"},\"thumbnailUrl\":\"https:\\\/\\\/www.enerlandgroup.com\\\/wp-content\\\/uploads\\\/2022\\\/01\\\/Enerland-El-Salvador.jpg\",\"keywords\":[\"El Salvador\",\"Parque fotovoltaico\"],\"articleSection\":[\"Corporativo\",\"Noticias\"],\"inLanguage\":\"es\",\"potentialAction\":[{\"@type\":\"CommentAction\",\"name\":\"Comment\",\"target\":[\"https:\\\/\\\/www.enerlandgroup.com\\\/es\\\/proyectos-fotovoltaicos-el-salvador\\\/#respond\"]}]},{\"@type\":[\"WebPage\",\"ItemPage\"],\"@id\":\"https:\\\/\\\/www.enerlandgroup.com\\\/es\\\/proyectos-fotovoltaicos-el-salvador\\\/\",\"url\":\"https:\\\/\\\/www.enerlandgroup.com\\\/es\\\/proyectos-fotovoltaicos-el-salvador\\\/\",\"name\":\"Cuatro proyectos fotovoltaicos en El Salvador - Enerland Energ\u00eda Renovable\",\"isPartOf\":{\"@id\":\"https:\\\/\\\/www.enerlandgroup.com\\\/es\\\/#website\"},\"primaryImageOfPage\":{\"@id\":\"https:\\\/\\\/www.enerlandgroup.com\\\/es\\\/proyectos-fotovoltaicos-el-salvador\\\/#primaryimage\"},\"image\":{\"@id\":\"https:\\\/\\\/www.enerlandgroup.com\\\/es\\\/proyectos-fotovoltaicos-el-salvador\\\/#primaryimage\"},\"thumbnailUrl\":\"https:\\\/\\\/www.enerlandgroup.com\\\/wp-content\\\/uploads\\\/2022\\\/01\\\/Enerland-El-Salvador.jpg\",\"datePublished\":\"2022-01-14T10:39:40+00:00\",\"dateModified\":\"2022-03-31T09:29:53+00:00\",\"description\":\"La multinacional espa\u00f1ola, Enerland Group, realizar\u00e1 proyectos fotovoltaicos por valor de m\u00e1s de 30 millones de d\u00f3lares en El Salvador.\",\"breadcrumb\":{\"@id\":\"https:\\\/\\\/www.enerlandgroup.com\\\/es\\\/proyectos-fotovoltaicos-el-salvador\\\/#breadcrumb\"},\"inLanguage\":\"es\",\"potentialAction\":[{\"@type\":\"ReadAction\",\"target\":[\"https:\\\/\\\/www.enerlandgroup.com\\\/es\\\/proyectos-fotovoltaicos-el-salvador\\\/\"]}]},{\"@type\":\"ImageObject\",\"inLanguage\":\"es\",\"@id\":\"https:\\\/\\\/www.enerlandgroup.com\\\/es\\\/proyectos-fotovoltaicos-el-salvador\\\/#primaryimage\",\"url\":\"https:\\\/\\\/www.enerlandgroup.com\\\/wp-content\\\/uploads\\\/2022\\\/01\\\/Enerland-El-Salvador.jpg\",\"contentUrl\":\"https:\\\/\\\/www.enerlandgroup.com\\\/wp-content\\\/uploads\\\/2022\\\/01\\\/Enerland-El-Salvador.jpg\",\"width\":1870,\"height\":700},{\"@type\":\"BreadcrumbList\",\"@id\":\"https:\\\/\\\/www.enerlandgroup.com\\\/es\\\/proyectos-fotovoltaicos-el-salvador\\\/#breadcrumb\",\"itemListElement\":[{\"@type\":\"ListItem\",\"position\":1,\"name\":\"Inicio\",\"item\":\"https:\\\/\\\/www.enerlandgroup.com\\\/es\\\/\"},{\"@type\":\"ListItem\",\"position\":2,\"name\":\"Cuatro proyectos fotovoltaicos en El Salvador\"}]},{\"@type\":\"WebSite\",\"@id\":\"https:\\\/\\\/www.enerlandgroup.com\\\/es\\\/#website\",\"url\":\"https:\\\/\\\/www.enerlandgroup.com\\\/es\\\/\",\"name\":\"Enerland Energ\u00eda Renovable\",\"description\":\"\",\"publisher\":{\"@id\":\"https:\\\/\\\/www.enerlandgroup.com\\\/es\\\/#organization\"},\"potentialAction\":[{\"@type\":\"SearchAction\",\"target\":{\"@type\":\"EntryPoint\",\"urlTemplate\":\"https:\\\/\\\/www.enerlandgroup.com\\\/es\\\/?s={search_term_string}\"},\"query-input\":{\"@type\":\"PropertyValueSpecification\",\"valueRequired\":true,\"valueName\":\"search_term_string\"}}],\"inLanguage\":\"es\"},{\"@type\":\"Organization\",\"@id\":\"https:\\\/\\\/www.enerlandgroup.com\\\/es\\\/#organization\",\"name\":\"Enerland Group\",\"url\":\"https:\\\/\\\/www.enerlandgroup.com\\\/es\\\/\",\"logo\":{\"@type\":\"ImageObject\",\"inLanguage\":\"es\",\"@id\":\"https:\\\/\\\/www.enerlandgroup.com\\\/es\\\/#\\\/schema\\\/logo\\\/image\\\/\",\"url\":\"https:\\\/\\\/www.enerlandgroup.com\\\/wp-content\\\/uploads\\\/2021\\\/05\\\/Logo_Enerland.png\",\"contentUrl\":\"https:\\\/\\\/www.enerlandgroup.com\\\/wp-content\\\/uploads\\\/2021\\\/05\\\/Logo_Enerland.png\",\"width\":184,\"height\":43,\"caption\":\"Enerland Group\"},\"image\":{\"@id\":\"https:\\\/\\\/www.enerlandgroup.com\\\/es\\\/#\\\/schema\\\/logo\\\/image\\\/\"},\"sameAs\":[\"https:\\\/\\\/www.linkedin.com\\\/company\\\/enerland-group\\\/\",\"https:\\\/\\\/www.youtube.com\\\/channel\\\/UCjdInbThgaPa2_D34vRChmA\"]},{\"@type\":\"Person\",\"@id\":\"https:\\\/\\\/www.enerlandgroup.com\\\/es\\\/#\\\/schema\\\/person\\\/ff4846e816b3f94eb665e1da0854e1b8\",\"name\":\"Ana\",\"image\":{\"@type\":\"ImageObject\",\"inLanguage\":\"es\",\"@id\":\"https:\\\/\\\/secure.gravatar.com\\\/avatar\\\/495e8a53709541de9036eb34e07c65eacd114aba52461487df6099dee02e64f1?s=96&d=mm&r=g\",\"url\":\"https:\\\/\\\/secure.gravatar.com\\\/avatar\\\/495e8a53709541de9036eb34e07c65eacd114aba52461487df6099dee02e64f1?s=96&d=mm&r=g\",\"contentUrl\":\"https:\\\/\\\/secure.gravatar.com\\\/avatar\\\/495e8a53709541de9036eb34e07c65eacd114aba52461487df6099dee02e64f1?s=96&d=mm&r=g\",\"caption\":\"Ana\"},\"url\":\"https:\\\/\\\/www.enerlandgroup.com\\\/es\\\/author\\\/ana-valdizanenerlandgroup-com\\\/\"}]}<\/script>\n<!-- \/ Yoast SEO plugin. -->","yoast_head_json":{"title":"Cuatro proyectos fotovoltaicos en El Salvador - Enerland Energ\u00eda Renovable","description":"La multinacional espa\u00f1ola, Enerland Group, realizar\u00e1 proyectos fotovoltaicos por valor de m\u00e1s de 30 millones de d\u00f3lares en El Salvador.","robots":{"index":"index","follow":"follow","max-snippet":"max-snippet:-1","max-image-preview":"max-image-preview:large","max-video-preview":"max-video-preview:-1"},"canonical":"https:\/\/www.enerlandgroup.com\/es\/proyectos-fotovoltaicos-el-salvador\/","og_locale":"es_ES","og_type":"article","og_title":"Cuatro proyectos fotovoltaicos en El Salvador - Enerland Energ\u00eda Renovable","og_description":"La multinacional espa\u00f1ola, Enerland Group, realizar\u00e1 proyectos fotovoltaicos por valor de m\u00e1s de 30 millones de d\u00f3lares en El Salvador.","og_url":"https:\/\/www.enerlandgroup.com\/es\/proyectos-fotovoltaicos-el-salvador\/","og_site_name":"Enerland Energ\u00eda Renovable","article_published_time":"2022-01-14T10:39:40+00:00","article_modified_time":"2022-03-31T09:29:53+00:00","og_image":[{"width":1870,"height":700,"url":"https:\/\/www.enerlandgroup.com\/wp-content\/uploads\/2022\/01\/Enerland-El-Salvador.jpg","type":"image\/jpeg"}],"author":"Ana","twitter_card":"summary_large_image","schema":{"@context":"https:\/\/schema.org","@graph":[{"@type":"Article","@id":"https:\/\/www.enerlandgroup.com\/es\/proyectos-fotovoltaicos-el-salvador\/#article","isPartOf":{"@id":"https:\/\/www.enerlandgroup.com\/es\/proyectos-fotovoltaicos-el-salvador\/"},"author":{"name":"Ana","@id":"https:\/\/www.enerlandgroup.com\/es\/#\/schema\/person\/ff4846e816b3f94eb665e1da0854e1b8"},"headline":"Cuatro proyectos fotovoltaicos en El Salvador","datePublished":"2022-01-14T10:39:40+00:00","dateModified":"2022-03-31T09:29:53+00:00","mainEntityOfPage":{"@id":"https:\/\/www.enerlandgroup.com\/es\/proyectos-fotovoltaicos-el-salvador\/"},"wordCount":273,"commentCount":0,"publisher":{"@id":"https:\/\/www.enerlandgroup.com\/es\/#organization"},"image":{"@id":"https:\/\/www.enerlandgroup.com\/es\/proyectos-fotovoltaicos-el-salvador\/#primaryimage"},"thumbnailUrl":"https:\/\/www.enerlandgroup.com\/wp-content\/uploads\/2022\/01\/Enerland-El-Salvador.jpg","keywords":["El Salvador","Parque fotovoltaico"],"articleSection":["Corporativo","Noticias"],"inLanguage":"es","potentialAction":[{"@type":"CommentAction","name":"Comment","target":["https:\/\/www.enerlandgroup.com\/es\/proyectos-fotovoltaicos-el-salvador\/#respond"]}]},{"@type":["WebPage","ItemPage"],"@id":"https:\/\/www.enerlandgroup.com\/es\/proyectos-fotovoltaicos-el-salvador\/","url":"https:\/\/www.enerlandgroup.com\/es\/proyectos-fotovoltaicos-el-salvador\/","name":"Cuatro proyectos fotovoltaicos en El Salvador - Enerland Energ\u00eda Renovable","isPartOf":{"@id":"https:\/\/www.enerlandgroup.com\/es\/#website"},"primaryImageOfPage":{"@id":"https:\/\/www.enerlandgroup.com\/es\/proyectos-fotovoltaicos-el-salvador\/#primaryimage"},"image":{"@id":"https:\/\/www.enerlandgroup.com\/es\/proyectos-fotovoltaicos-el-salvador\/#primaryimage"},"thumbnailUrl":"https:\/\/www.enerlandgroup.com\/wp-content\/uploads\/2022\/01\/Enerland-El-Salvador.jpg","datePublished":"2022-01-14T10:39:40+00:00","dateModified":"2022-03-31T09:29:53+00:00","description":"La multinacional espa\u00f1ola, Enerland Group, realizar\u00e1 proyectos fotovoltaicos por valor de m\u00e1s de 30 millones de d\u00f3lares en El Salvador.","breadcrumb":{"@id":"https:\/\/www.enerlandgroup.com\/es\/proyectos-fotovoltaicos-el-salvador\/#breadcrumb"},"inLanguage":"es","potentialAction":[{"@type":"ReadAction","target":["https:\/\/www.enerlandgroup.com\/es\/proyectos-fotovoltaicos-el-salvador\/"]}]},{"@type":"ImageObject","inLanguage":"es","@id":"https:\/\/www.enerlandgroup.com\/es\/proyectos-fotovoltaicos-el-salvador\/#primaryimage","url":"https:\/\/www.enerlandgroup.com\/wp-content\/uploads\/2022\/01\/Enerland-El-Salvador.jpg","contentUrl":"https:\/\/www.enerlandgroup.com\/wp-content\/uploads\/2022\/01\/Enerland-El-Salvador.jpg","width":1870,"height":700},{"@type":"BreadcrumbList","@id":"https:\/\/www.enerlandgroup.com\/es\/proyectos-fotovoltaicos-el-salvador\/#breadcrumb","itemListElement":[{"@type":"ListItem","position":1,"name":"Inicio","item":"https:\/\/www.enerlandgroup.com\/es\/"},{"@type":"ListItem","position":2,"name":"Cuatro proyectos fotovoltaicos en El Salvador"}]},{"@type":"WebSite","@id":"https:\/\/www.enerlandgroup.com\/es\/#website","url":"https:\/\/www.enerlandgroup.com\/es\/","name":"Enerland Energ\u00eda Renovable","description":"","publisher":{"@id":"https:\/\/www.enerlandgroup.com\/es\/#organization"},"potentialAction":[{"@type":"SearchAction","target":{"@type":"EntryPoint","urlTemplate":"https:\/\/www.enerlandgroup.com\/es\/?s={search_term_string}"},"query-input":{"@type":"PropertyValueSpecification","valueRequired":true,"valueName":"search_term_string"}}],"inLanguage":"es"},{"@type":"Organization","@id":"https:\/\/www.enerlandgroup.com\/es\/#organization","name":"Enerland Group","url":"https:\/\/www.enerlandgroup.com\/es\/","logo":{"@type":"ImageObject","inLanguage":"es","@id":"https:\/\/www.enerlandgroup.com\/es\/#\/schema\/logo\/image\/","url":"https:\/\/www.enerlandgroup.com\/wp-content\/uploads\/2021\/05\/Logo_Enerland.png","contentUrl":"https:\/\/www.enerlandgroup.com\/wp-content\/uploads\/2021\/05\/Logo_Enerland.png","width":184,"height":43,"caption":"Enerland Group"},"image":{"@id":"https:\/\/www.enerlandgroup.com\/es\/#\/schema\/logo\/image\/"},"sameAs":["https:\/\/www.linkedin.com\/company\/enerland-group\/","https:\/\/www.youtube.com\/channel\/UCjdInbThgaPa2_D34vRChmA"]},{"@type":"Person","@id":"https:\/\/www.enerlandgroup.com\/es\/#\/schema\/person\/ff4846e816b3f94eb665e1da0854e1b8","name":"Ana","image":{"@type":"ImageObject","inLanguage":"es","@id":"https:\/\/secure.gravatar.com\/avatar\/495e8a53709541de9036eb34e07c65eacd114aba52461487df6099dee02e64f1?s=96&d=mm&r=g","url":"https:\/\/secure.gravatar.com\/avatar\/495e8a53709541de9036eb34e07c65eacd114aba52461487df6099dee02e64f1?s=96&d=mm&r=g","contentUrl":"https:\/\/secure.gravatar.com\/avatar\/495e8a53709541de9036eb34e07c65eacd114aba52461487df6099dee02e64f1?s=96&d=mm&r=g","caption":"Ana"},"url":"https:\/\/www.enerlandgroup.com\/es\/author\/ana-valdizanenerlandgroup-com\/"}]}},"jetpack_featured_media_url":"https:\/\/www.enerlandgroup.com\/wp-content\/uploads\/2022\/01\/Enerland-El-Salvador.jpg","_links":{"self":[{"href":"https:\/\/www.enerlandgroup.com\/es\/wp-json\/wp\/v2\/posts\/8554","targetHints":{"allow":["GET"]}}],"collection":[{"href":"https:\/\/www.enerlandgroup.com\/es\/wp-json\/wp\/v2\/posts"}],"about":[{"href":"https:\/\/www.enerlandgroup.com\/es\/wp-json\/wp\/v2\/types\/post"}],"author":[{"embeddable":true,"href":"https:\/\/www.enerlandgroup.com\/es\/wp-json\/wp\/v2\/users\/11"}],"replies":[{"embeddable":true,"href":"https:\/\/www.enerlandgroup.com\/es\/wp-json\/wp\/v2\/comments?post=8554"}],"version-history":[{"count":8,"href":"https:\/\/www.enerlandgroup.com\/es\/wp-json\/wp\/v2\/posts\/8554\/revisions"}],"predecessor-version":[{"id":8610,"href":"https:\/\/www.enerlandgroup.com\/es\/wp-json\/wp\/v2\/posts\/8554\/revisions\/8610"}],"wp:featuredmedia":[{"embeddable":true,"href":"https:\/\/www.enerlandgroup.com\/es\/wp-json\/wp\/v2\/media\/8584"}],"wp:attachment":[{"href":"https:\/\/www.enerlandgroup.com\/es\/wp-json\/wp\/v2\/media?parent=8554"}],"wp:term":[{"taxonomy":"category","embeddable":true,"href":"https:\/\/www.enerlandgroup.com\/es\/wp-json\/wp\/v2\/categories?post=8554"},{"taxonomy":"post_tag","embeddable":true,"href":"https:\/\/www.enerlandgroup.com\/es\/wp-json\/wp\/v2\/tags?post=8554"}],"curies":[{"name":"wp","href":"https:\/\/api.w.org\/{rel}","templated":true}]}}