{"id":8382,"date":"2021-12-19T13:00:04","date_gmt":"2021-12-19T12:00:04","guid":{"rendered":"https:\/\/www.enerlandgroup.com\/?p=8382"},"modified":"2023-02-15T10:05:17","modified_gmt":"2023-02-15T09:05:17","slug":"vii-carrera-de-empresas-esic","status":"publish","type":"post","link":"https:\/\/www.enerlandgroup.com\/es\/vii-carrera-de-empresas-esic\/","title":{"rendered":"VII Carrera de Empresas ESIC"},"content":{"rendered":"<h1>Enerland participa en la VII Carrera de Empresas organizada por ESIC Business &amp; Marketing School<\/h1>\n<p>&nbsp;<\/p>\n<p>Como cada a\u00f1o, la ciudad de Zaragoza ha acogido la Carrera de Empresas organizada por ESIC en su VII edici\u00f3n. En ella, Enerland particip\u00f3 con 6 equipos. Estos equipos fueron formados por personas de diferentes departamentos y antig\u00fcedad en la empresa, con el fin de mejorar la comunicaci\u00f3n interdepartamental y fueron en su mayor\u00eda, mixtos.<\/p>\n<p>La<a href=\"https:\/\/www.heraldo.es\/noticias\/deportes\/2021\/12\/02\/vii-carrera-empresas-esic-se-disputa-19-diciembre-1537989.html\"> carrera<\/a> de empresas consiste en realizar un recorrido de 8k por el centro de la ciudad. El recorrido, debe realizarse por equipos y los integrantes de los mismos deben comenzar y acabar la carrera a la vez. De esta forma, la carrera se convierte en una actividad de<a href=\"https:\/\/www.linkedin.com\/feed\/update\/urn:li:activity:6878623356116070400\"> <em>TeamBuilding<\/em><\/a> a trav\u00e9s de la cual, el trabajo en equipo, el esfuerzo, el apoyo a los compa\u00f1eros y la capacidad de resiliencia son los protagonistas.<\/p>\n<p>Tras cancelar la edici\u00f3n anterior, en esta VII Carrera, participaron m\u00e1s de 3.600 personas pertenecientes a empresas tanto locales como multinacionales con sede en la ciudad de Zaragoza. As\u00ed, se convirti\u00f3 en un lugar de encuentro empresarial en el que la competencia pas\u00f3 a un segundo plano.<\/p>\n<p>Una carrera llena de colores en la que destaca el compromiso con la empresa y por supuesto, con los compa\u00f1eros. Nuestros colores: naranja y azul representan nuestra marca,<a href=\"https:\/\/www.enerlandgroup.com\/es\/sobre-nosotros\/\"> nuestros valores<\/a> y nuestra mirada puesta siempre en el futuro. <strong>Powering the future<\/strong>, es nuestro lema y as\u00ed nos sentimos. Y una de las claves para impulsar al futuro es llenarnos de nuevos retos y superarlos d\u00eda a d\u00eda.<\/p>\n<p>Desde Enerland, estamos muy orgullosos de nuestros equipos, esperamos cada a\u00f1o poder seguir participando y que m\u00e1s compa\u00f1eros se unan a este reto. La VII Carrera de Empresas de ESIC es la segunda en la que participamos y estamos seguros de que no ser\u00e1 la \u00faltima.<\/p>\n<p>Os dejamos con algunas fotos de la carrera:<\/p>\n<p><img loading=\"lazy\" decoding=\"async\" class=\"alignnone size-medium wp-image-8401\" src=\"https:\/\/www.enerlandgroup.com\/wp-content\/uploads\/2021\/12\/Foto-carrera-ESIC-2021_1-300x225.jpg\" alt=\"\" width=\"300\" height=\"225\" \/> <img loading=\"lazy\" decoding=\"async\" class=\"alignnone size-medium wp-image-8403\" src=\"https:\/\/www.enerlandgroup.com\/wp-content\/uploads\/2021\/12\/Foto-carrera-ESIC-2021_2-300x225.jpg\" alt=\"Equipo Enerland en VII Carrera Empresas E\" width=\"300\" height=\"225\" \/> <img loading=\"lazy\" decoding=\"async\" class=\"alignnone size-medium wp-image-8409\" src=\"https:\/\/www.enerlandgroup.com\/wp-content\/uploads\/2021\/12\/Foto-carrera-ESIC-2021_4-300x225.jpg\" alt=\"\" width=\"300\" height=\"225\" \/><\/p>\n<p>&nbsp;<\/p>\n<p>Actividad realizada en apoyo con el ODS 3: Salud y Bienestar<\/p>\n","protected":false},"excerpt":{"rendered":"<p>Enerland participa en la VII Carrera de Empresas organizada por ESIC Business &amp; Marketing<\/p>\n","protected":false},"author":4,"featured_media":8403,"comment_status":"open","ping_status":"open","sticky":false,"template":"","format":"standard","meta":{"_et_pb_use_builder":"","_et_pb_old_content":"","_et_gb_content_width":"","footnotes":""},"categories":[23,161],"tags":[77],"class_list":["post-8382","post","type-post","status-publish","format-standard","has-post-thumbnail","hentry","category-corporativo","category-noticias","tag-equipo-enerland"],"yoast_head":"<!-- This site is optimized with the Yoast SEO plugin v27.4 - https:\/\/yoast.com\/product\/yoast-seo-wordpress\/ -->\n<title>VII Carrera de Empresas ESIC - Enerland Energ\u00eda Renovable<\/title>\n<meta name=\"description\" content=\"Enerland participa en la VII Carrera de Empresas organizada por ESIC Business &amp; Marketing School en Zaragoza con seis equipos.\" \/>\n<meta name=\"robots\" content=\"index, follow, max-snippet:-1, max-image-preview:large, max-video-preview:-1\" \/>\n<link rel=\"canonical\" href=\"https:\/\/www.enerlandgroup.com\/es\/vii-carrera-de-empresas-esic\/\" \/>\n<meta property=\"og:locale\" content=\"es_ES\" \/>\n<meta property=\"og:type\" content=\"article\" \/>\n<meta property=\"og:title\" content=\"VII Carrera de Empresas ESIC - Enerland Energ\u00eda Renovable\" \/>\n<meta property=\"og:description\" content=\"Enerland participa en la VII Carrera de Empresas organizada por ESIC Business &amp; Marketing School en Zaragoza con seis equipos.\" \/>\n<meta property=\"og:url\" content=\"https:\/\/www.enerlandgroup.com\/es\/vii-carrera-de-empresas-esic\/\" \/>\n<meta property=\"og:site_name\" content=\"Enerland Energ\u00eda Renovable\" \/>\n<meta property=\"article:published_time\" content=\"2021-12-19T12:00:04+00:00\" \/>\n<meta property=\"article:modified_time\" content=\"2023-02-15T09:05:17+00:00\" \/>\n<meta property=\"og:image\" content=\"https:\/\/www.enerlandgroup.com\/wp-content\/uploads\/2021\/12\/Foto-carrera-ESIC-2021_2-scaled-e1640251392802.jpg\" \/>\n\t<meta property=\"og:image:width\" content=\"1827\" \/>\n\t<meta property=\"og:image:height\" content=\"762\" \/>\n\t<meta property=\"og:image:type\" content=\"image\/jpeg\" \/>\n<meta name=\"author\" content=\"Pilar\" \/>\n<meta name=\"twitter:card\" content=\"summary_large_image\" \/>\n<script type=\"application\/ld+json\" class=\"yoast-schema-graph\">{\"@context\":\"https:\\\/\\\/schema.org\",\"@graph\":[{\"@type\":\"Article\",\"@id\":\"https:\\\/\\\/www.enerlandgroup.com\\\/es\\\/vii-carrera-de-empresas-esic\\\/#article\",\"isPartOf\":{\"@id\":\"https:\\\/\\\/www.enerlandgroup.com\\\/es\\\/vii-carrera-de-empresas-esic\\\/\"},\"author\":{\"name\":\"Pilar\",\"@id\":\"https:\\\/\\\/www.enerlandgroup.com\\\/es\\\/#\\\/schema\\\/person\\\/d842c1aed4fef077270deb261453486c\"},\"headline\":\"VII Carrera de Empresas ESIC\",\"datePublished\":\"2021-12-19T12:00:04+00:00\",\"dateModified\":\"2023-02-15T09:05:17+00:00\",\"mainEntityOfPage\":{\"@id\":\"https:\\\/\\\/www.enerlandgroup.com\\\/es\\\/vii-carrera-de-empresas-esic\\\/\"},\"wordCount\":342,\"commentCount\":0,\"publisher\":{\"@id\":\"https:\\\/\\\/www.enerlandgroup.com\\\/es\\\/#organization\"},\"image\":{\"@id\":\"https:\\\/\\\/www.enerlandgroup.com\\\/es\\\/vii-carrera-de-empresas-esic\\\/#primaryimage\"},\"thumbnailUrl\":\"https:\\\/\\\/www.enerlandgroup.com\\\/wp-content\\\/uploads\\\/2021\\\/12\\\/Foto-carrera-ESIC-2021_2-scaled-e1640251392802.jpg\",\"keywords\":[\"equipo enerland\"],\"articleSection\":[\"Corporativo\",\"Noticias\"],\"inLanguage\":\"es\",\"potentialAction\":[{\"@type\":\"CommentAction\",\"name\":\"Comment\",\"target\":[\"https:\\\/\\\/www.enerlandgroup.com\\\/es\\\/vii-carrera-de-empresas-esic\\\/#respond\"]}]},{\"@type\":[\"WebPage\",\"ItemPage\"],\"@id\":\"https:\\\/\\\/www.enerlandgroup.com\\\/es\\\/vii-carrera-de-empresas-esic\\\/\",\"url\":\"https:\\\/\\\/www.enerlandgroup.com\\\/es\\\/vii-carrera-de-empresas-esic\\\/\",\"name\":\"VII Carrera de Empresas ESIC - Enerland Energ\u00eda Renovable\",\"isPartOf\":{\"@id\":\"https:\\\/\\\/www.enerlandgroup.com\\\/es\\\/#website\"},\"primaryImageOfPage\":{\"@id\":\"https:\\\/\\\/www.enerlandgroup.com\\\/es\\\/vii-carrera-de-empresas-esic\\\/#primaryimage\"},\"image\":{\"@id\":\"https:\\\/\\\/www.enerlandgroup.com\\\/es\\\/vii-carrera-de-empresas-esic\\\/#primaryimage\"},\"thumbnailUrl\":\"https:\\\/\\\/www.enerlandgroup.com\\\/wp-content\\\/uploads\\\/2021\\\/12\\\/Foto-carrera-ESIC-2021_2-scaled-e1640251392802.jpg\",\"datePublished\":\"2021-12-19T12:00:04+00:00\",\"dateModified\":\"2023-02-15T09:05:17+00:00\",\"description\":\"Enerland participa en la VII Carrera de Empresas organizada por ESIC Business & Marketing School en Zaragoza con seis equipos.\",\"breadcrumb\":{\"@id\":\"https:\\\/\\\/www.enerlandgroup.com\\\/es\\\/vii-carrera-de-empresas-esic\\\/#breadcrumb\"},\"inLanguage\":\"es\",\"potentialAction\":[{\"@type\":\"ReadAction\",\"target\":[\"https:\\\/\\\/www.enerlandgroup.com\\\/es\\\/vii-carrera-de-empresas-esic\\\/\"]}]},{\"@type\":\"ImageObject\",\"inLanguage\":\"es\",\"@id\":\"https:\\\/\\\/www.enerlandgroup.com\\\/es\\\/vii-carrera-de-empresas-esic\\\/#primaryimage\",\"url\":\"https:\\\/\\\/www.enerlandgroup.com\\\/wp-content\\\/uploads\\\/2021\\\/12\\\/Foto-carrera-ESIC-2021_2-scaled-e1640251392802.jpg\",\"contentUrl\":\"https:\\\/\\\/www.enerlandgroup.com\\\/wp-content\\\/uploads\\\/2021\\\/12\\\/Foto-carrera-ESIC-2021_2-scaled-e1640251392802.jpg\",\"width\":1827,\"height\":762},{\"@type\":\"BreadcrumbList\",\"@id\":\"https:\\\/\\\/www.enerlandgroup.com\\\/es\\\/vii-carrera-de-empresas-esic\\\/#breadcrumb\",\"itemListElement\":[{\"@type\":\"ListItem\",\"position\":1,\"name\":\"Inicio\",\"item\":\"https:\\\/\\\/www.enerlandgroup.com\\\/es\\\/\"},{\"@type\":\"ListItem\",\"position\":2,\"name\":\"VII Carrera de Empresas ESIC\"}]},{\"@type\":\"WebSite\",\"@id\":\"https:\\\/\\\/www.enerlandgroup.com\\\/es\\\/#website\",\"url\":\"https:\\\/\\\/www.enerlandgroup.com\\\/es\\\/\",\"name\":\"Enerland Energ\u00eda Renovable\",\"description\":\"\",\"publisher\":{\"@id\":\"https:\\\/\\\/www.enerlandgroup.com\\\/es\\\/#organization\"},\"potentialAction\":[{\"@type\":\"SearchAction\",\"target\":{\"@type\":\"EntryPoint\",\"urlTemplate\":\"https:\\\/\\\/www.enerlandgroup.com\\\/es\\\/?s={search_term_string}\"},\"query-input\":{\"@type\":\"PropertyValueSpecification\",\"valueRequired\":true,\"valueName\":\"search_term_string\"}}],\"inLanguage\":\"es\"},{\"@type\":\"Organization\",\"@id\":\"https:\\\/\\\/www.enerlandgroup.com\\\/es\\\/#organization\",\"name\":\"Enerland Group\",\"url\":\"https:\\\/\\\/www.enerlandgroup.com\\\/es\\\/\",\"logo\":{\"@type\":\"ImageObject\",\"inLanguage\":\"es\",\"@id\":\"https:\\\/\\\/www.enerlandgroup.com\\\/es\\\/#\\\/schema\\\/logo\\\/image\\\/\",\"url\":\"https:\\\/\\\/www.enerlandgroup.com\\\/wp-content\\\/uploads\\\/2021\\\/05\\\/Logo_Enerland.png\",\"contentUrl\":\"https:\\\/\\\/www.enerlandgroup.com\\\/wp-content\\\/uploads\\\/2021\\\/05\\\/Logo_Enerland.png\",\"width\":184,\"height\":43,\"caption\":\"Enerland Group\"},\"image\":{\"@id\":\"https:\\\/\\\/www.enerlandgroup.com\\\/es\\\/#\\\/schema\\\/logo\\\/image\\\/\"},\"sameAs\":[\"https:\\\/\\\/www.linkedin.com\\\/company\\\/enerland-group\\\/\",\"https:\\\/\\\/www.youtube.com\\\/channel\\\/UCjdInbThgaPa2_D34vRChmA\"]},{\"@type\":\"Person\",\"@id\":\"https:\\\/\\\/www.enerlandgroup.com\\\/es\\\/#\\\/schema\\\/person\\\/d842c1aed4fef077270deb261453486c\",\"name\":\"Pilar\",\"image\":{\"@type\":\"ImageObject\",\"inLanguage\":\"es\",\"@id\":\"https:\\\/\\\/secure.gravatar.com\\\/avatar\\\/3e6e1323210dee16f137d8ab0ce7231001529459c2f5b2e4ec20c72d1fd442dc?s=96&d=mm&r=g\",\"url\":\"https:\\\/\\\/secure.gravatar.com\\\/avatar\\\/3e6e1323210dee16f137d8ab0ce7231001529459c2f5b2e4ec20c72d1fd442dc?s=96&d=mm&r=g\",\"contentUrl\":\"https:\\\/\\\/secure.gravatar.com\\\/avatar\\\/3e6e1323210dee16f137d8ab0ce7231001529459c2f5b2e4ec20c72d1fd442dc?s=96&d=mm&r=g\",\"caption\":\"Pilar\"},\"url\":\"https:\\\/\\\/www.enerlandgroup.com\\\/es\\\/author\\\/enerland\\\/\"}]}<\/script>\n<!-- \/ Yoast SEO plugin. -->","yoast_head_json":{"title":"VII Carrera de Empresas ESIC - Enerland Energ\u00eda Renovable","description":"Enerland participa en la VII Carrera de Empresas organizada por ESIC Business & Marketing School en Zaragoza con seis equipos.","robots":{"index":"index","follow":"follow","max-snippet":"max-snippet:-1","max-image-preview":"max-image-preview:large","max-video-preview":"max-video-preview:-1"},"canonical":"https:\/\/www.enerlandgroup.com\/es\/vii-carrera-de-empresas-esic\/","og_locale":"es_ES","og_type":"article","og_title":"VII Carrera de Empresas ESIC - Enerland Energ\u00eda Renovable","og_description":"Enerland participa en la VII Carrera de Empresas organizada por ESIC Business & Marketing School en Zaragoza con seis equipos.","og_url":"https:\/\/www.enerlandgroup.com\/es\/vii-carrera-de-empresas-esic\/","og_site_name":"Enerland Energ\u00eda Renovable","article_published_time":"2021-12-19T12:00:04+00:00","article_modified_time":"2023-02-15T09:05:17+00:00","og_image":[{"width":1827,"height":762,"url":"https:\/\/www.enerlandgroup.com\/wp-content\/uploads\/2021\/12\/Foto-carrera-ESIC-2021_2-scaled-e1640251392802.jpg","type":"image\/jpeg"}],"author":"Pilar","twitter_card":"summary_large_image","schema":{"@context":"https:\/\/schema.org","@graph":[{"@type":"Article","@id":"https:\/\/www.enerlandgroup.com\/es\/vii-carrera-de-empresas-esic\/#article","isPartOf":{"@id":"https:\/\/www.enerlandgroup.com\/es\/vii-carrera-de-empresas-esic\/"},"author":{"name":"Pilar","@id":"https:\/\/www.enerlandgroup.com\/es\/#\/schema\/person\/d842c1aed4fef077270deb261453486c"},"headline":"VII Carrera de Empresas ESIC","datePublished":"2021-12-19T12:00:04+00:00","dateModified":"2023-02-15T09:05:17+00:00","mainEntityOfPage":{"@id":"https:\/\/www.enerlandgroup.com\/es\/vii-carrera-de-empresas-esic\/"},"wordCount":342,"commentCount":0,"publisher":{"@id":"https:\/\/www.enerlandgroup.com\/es\/#organization"},"image":{"@id":"https:\/\/www.enerlandgroup.com\/es\/vii-carrera-de-empresas-esic\/#primaryimage"},"thumbnailUrl":"https:\/\/www.enerlandgroup.com\/wp-content\/uploads\/2021\/12\/Foto-carrera-ESIC-2021_2-scaled-e1640251392802.jpg","keywords":["equipo enerland"],"articleSection":["Corporativo","Noticias"],"inLanguage":"es","potentialAction":[{"@type":"CommentAction","name":"Comment","target":["https:\/\/www.enerlandgroup.com\/es\/vii-carrera-de-empresas-esic\/#respond"]}]},{"@type":["WebPage","ItemPage"],"@id":"https:\/\/www.enerlandgroup.com\/es\/vii-carrera-de-empresas-esic\/","url":"https:\/\/www.enerlandgroup.com\/es\/vii-carrera-de-empresas-esic\/","name":"VII Carrera de Empresas ESIC - Enerland Energ\u00eda Renovable","isPartOf":{"@id":"https:\/\/www.enerlandgroup.com\/es\/#website"},"primaryImageOfPage":{"@id":"https:\/\/www.enerlandgroup.com\/es\/vii-carrera-de-empresas-esic\/#primaryimage"},"image":{"@id":"https:\/\/www.enerlandgroup.com\/es\/vii-carrera-de-empresas-esic\/#primaryimage"},"thumbnailUrl":"https:\/\/www.enerlandgroup.com\/wp-content\/uploads\/2021\/12\/Foto-carrera-ESIC-2021_2-scaled-e1640251392802.jpg","datePublished":"2021-12-19T12:00:04+00:00","dateModified":"2023-02-15T09:05:17+00:00","description":"Enerland participa en la VII Carrera de Empresas organizada por ESIC Business & Marketing School en Zaragoza con seis equipos.","breadcrumb":{"@id":"https:\/\/www.enerlandgroup.com\/es\/vii-carrera-de-empresas-esic\/#breadcrumb"},"inLanguage":"es","potentialAction":[{"@type":"ReadAction","target":["https:\/\/www.enerlandgroup.com\/es\/vii-carrera-de-empresas-esic\/"]}]},{"@type":"ImageObject","inLanguage":"es","@id":"https:\/\/www.enerlandgroup.com\/es\/vii-carrera-de-empresas-esic\/#primaryimage","url":"https:\/\/www.enerlandgroup.com\/wp-content\/uploads\/2021\/12\/Foto-carrera-ESIC-2021_2-scaled-e1640251392802.jpg","contentUrl":"https:\/\/www.enerlandgroup.com\/wp-content\/uploads\/2021\/12\/Foto-carrera-ESIC-2021_2-scaled-e1640251392802.jpg","width":1827,"height":762},{"@type":"BreadcrumbList","@id":"https:\/\/www.enerlandgroup.com\/es\/vii-carrera-de-empresas-esic\/#breadcrumb","itemListElement":[{"@type":"ListItem","position":1,"name":"Inicio","item":"https:\/\/www.enerlandgroup.com\/es\/"},{"@type":"ListItem","position":2,"name":"VII Carrera de Empresas ESIC"}]},{"@type":"WebSite","@id":"https:\/\/www.enerlandgroup.com\/es\/#website","url":"https:\/\/www.enerlandgroup.com\/es\/","name":"Enerland Energ\u00eda Renovable","description":"","publisher":{"@id":"https:\/\/www.enerlandgroup.com\/es\/#organization"},"potentialAction":[{"@type":"SearchAction","target":{"@type":"EntryPoint","urlTemplate":"https:\/\/www.enerlandgroup.com\/es\/?s={search_term_string}"},"query-input":{"@type":"PropertyValueSpecification","valueRequired":true,"valueName":"search_term_string"}}],"inLanguage":"es"},{"@type":"Organization","@id":"https:\/\/www.enerlandgroup.com\/es\/#organization","name":"Enerland Group","url":"https:\/\/www.enerlandgroup.com\/es\/","logo":{"@type":"ImageObject","inLanguage":"es","@id":"https:\/\/www.enerlandgroup.com\/es\/#\/schema\/logo\/image\/","url":"https:\/\/www.enerlandgroup.com\/wp-content\/uploads\/2021\/05\/Logo_Enerland.png","contentUrl":"https:\/\/www.enerlandgroup.com\/wp-content\/uploads\/2021\/05\/Logo_Enerland.png","width":184,"height":43,"caption":"Enerland Group"},"image":{"@id":"https:\/\/www.enerlandgroup.com\/es\/#\/schema\/logo\/image\/"},"sameAs":["https:\/\/www.linkedin.com\/company\/enerland-group\/","https:\/\/www.youtube.com\/channel\/UCjdInbThgaPa2_D34vRChmA"]},{"@type":"Person","@id":"https:\/\/www.enerlandgroup.com\/es\/#\/schema\/person\/d842c1aed4fef077270deb261453486c","name":"Pilar","image":{"@type":"ImageObject","inLanguage":"es","@id":"https:\/\/secure.gravatar.com\/avatar\/3e6e1323210dee16f137d8ab0ce7231001529459c2f5b2e4ec20c72d1fd442dc?s=96&d=mm&r=g","url":"https:\/\/secure.gravatar.com\/avatar\/3e6e1323210dee16f137d8ab0ce7231001529459c2f5b2e4ec20c72d1fd442dc?s=96&d=mm&r=g","contentUrl":"https:\/\/secure.gravatar.com\/avatar\/3e6e1323210dee16f137d8ab0ce7231001529459c2f5b2e4ec20c72d1fd442dc?s=96&d=mm&r=g","caption":"Pilar"},"url":"https:\/\/www.enerlandgroup.com\/es\/author\/enerland\/"}]}},"jetpack_featured_media_url":"https:\/\/www.enerlandgroup.com\/wp-content\/uploads\/2021\/12\/Foto-carrera-ESIC-2021_2-scaled-e1640251392802.jpg","_links":{"self":[{"href":"https:\/\/www.enerlandgroup.com\/es\/wp-json\/wp\/v2\/posts\/8382","targetHints":{"allow":["GET"]}}],"collection":[{"href":"https:\/\/www.enerlandgroup.com\/es\/wp-json\/wp\/v2\/posts"}],"about":[{"href":"https:\/\/www.enerlandgroup.com\/es\/wp-json\/wp\/v2\/types\/post"}],"author":[{"embeddable":true,"href":"https:\/\/www.enerlandgroup.com\/es\/wp-json\/wp\/v2\/users\/4"}],"replies":[{"embeddable":true,"href":"https:\/\/www.enerlandgroup.com\/es\/wp-json\/wp\/v2\/comments?post=8382"}],"version-history":[{"count":4,"href":"https:\/\/www.enerlandgroup.com\/es\/wp-json\/wp\/v2\/posts\/8382\/revisions"}],"predecessor-version":[{"id":15289,"href":"https:\/\/www.enerlandgroup.com\/es\/wp-json\/wp\/v2\/posts\/8382\/revisions\/15289"}],"wp:featuredmedia":[{"embeddable":true,"href":"https:\/\/www.enerlandgroup.com\/es\/wp-json\/wp\/v2\/media\/8403"}],"wp:attachment":[{"href":"https:\/\/www.enerlandgroup.com\/es\/wp-json\/wp\/v2\/media?parent=8382"}],"wp:term":[{"taxonomy":"category","embeddable":true,"href":"https:\/\/www.enerlandgroup.com\/es\/wp-json\/wp\/v2\/categories?post=8382"},{"taxonomy":"post_tag","embeddable":true,"href":"https:\/\/www.enerlandgroup.com\/es\/wp-json\/wp\/v2\/tags?post=8382"}],"curies":[{"name":"wp","href":"https:\/\/api.w.org\/{rel}","templated":true}]}}