{"id":8294,"date":"2021-11-26T12:46:46","date_gmt":"2021-11-26T11:46:46","guid":{"rendered":"https:\/\/www.enerlandgroup.com\/?p=8294"},"modified":"2022-07-04T09:49:52","modified_gmt":"2022-07-04T07:49:52","slug":"enerland-en-fondos-europeos-eficiencia-energetica-y-recuperacion-empresarial","status":"publish","type":"post","link":"https:\/\/www.enerlandgroup.com\/es\/enerland-en-fondos-europeos-eficiencia-energetica-y-recuperacion-empresarial\/","title":{"rendered":"Enerland en \u00abFondos europeos: eficiencia energ\u00e9tica y recuperaci\u00f3n empresarial\u00bb"},"content":{"rendered":"<h2>El jueves pasado, Enerland particip\u00f3 en la Mesa de Redacci\u00f3n: \u00abFondos europeos: eficiencia energ\u00e9tica y recuperaci\u00f3n empresarial\u00bb, organizado por HERALDO.<\/h2>\n<p>&nbsp;<\/p>\n<p>La semana pasada Enerland particip\u00f3 en la Mesa de Redacci\u00f3n: \u00abFondos europeos: eficiencia energ\u00e9tica y recuperaci\u00f3n empresarial\u00bb, organizado por HERALDO. El debate gir\u00f3 entorno a los <a href=\"https:\/\/ec.europa.eu\/info\/strategy\/recovery-plan-europe_es\">fondos europeos y la importancia de apostar por la eficiencia energ\u00e9tica empresarial en los negocios<\/a>, y en \u00e9l particip\u00f3 nuestro CEO, Manuel Balet. Adem\u00e1s, tambi\u00e9n participaron\u00a0El\u00edas G\u00f3mez L\u00f3pez, responsable de soluciones sostenibles de BBVA; Felip Barcel\u00f3, director general de Ateinsa; Ferm\u00edn Serrano, Comisionado para la Agenda 2030 y Luis Humberto Men\u00e9ndez, como moderador.<\/p>\n<p>&nbsp;<\/p>\n<h3>La Mesa de Redacci\u00f3n<\/h3>\n<p>En la interesante mesa organizada por el HERALDO, se habl\u00f3 de la necesidad del uso de las ayudas para potenciar y promocionar el cambio hacia una <a href=\"https:\/\/www.enerlandgroup.com\/en\/sustainability\/\">transici\u00f3n energ\u00e9tica sostenible<\/a>. Las empresas se sienten predispuestas y comprometidas con los objetivos, aunque con la incertidumbre que siempre acompa\u00f1a a los grandes cambios.\u00a0Por otra parte, otra de las conclusiones m\u00e1s importantes fue que la eficiencia de las instalaciones solares se posiciona como una oportunidad clara para aumentar la rentabilidad de las empresas a largo plazo.<\/p>\n<p><img loading=\"lazy\" decoding=\"async\" class=\"aligncenter wp-image-8296 size-large\" src=\"https:\/\/www.enerlandgroup.com\/wp-content\/uploads\/2021\/11\/Manuel-Ballet-3-e1638186170496-1024x582.jpg\" alt=\"Fondos europeos\" width=\"1024\" height=\"582\" srcset=\"https:\/\/www.enerlandgroup.com\/wp-content\/uploads\/2021\/11\/Manuel-Ballet-3-e1638186170496-980x551.jpg 980w, https:\/\/www.enerlandgroup.com\/wp-content\/uploads\/2021\/11\/Manuel-Ballet-3-e1638186170496-480x270.jpg 480w\" sizes=\"auto, (min-width: 0px) and (max-width: 480px) 480px, (min-width: 481px) and (max-width: 980px) 980px, (min-width: 981px) 1024px, 100vw\" \/><\/p>\n<p><img loading=\"lazy\" decoding=\"async\" class=\"aligncenter wp-image-8298 size-large\" src=\"https:\/\/www.enerlandgroup.com\/wp-content\/uploads\/2021\/11\/Manuel-Ballet-1024x576.jpg\" alt=\"Enerland\" width=\"1024\" height=\"576\" srcset=\"https:\/\/www.enerlandgroup.com\/wp-content\/uploads\/2021\/11\/Manuel-Ballet-980x551.jpg 980w, https:\/\/www.enerlandgroup.com\/wp-content\/uploads\/2021\/11\/Manuel-Ballet-480x270.jpg 480w\" sizes=\"auto, (min-width: 0px) and (max-width: 480px) 480px, (min-width: 481px) and (max-width: 980px) 980px, (min-width: 981px) 1024px, 100vw\" \/><\/p>\n<p>&nbsp;<\/p>\n<h3>Nuestra conclusi\u00f3n<\/h3>\n<p>En su intervenci\u00f3n, Manuel Ballet, CEO de Enerland Group, expuso la diferencia entre la conciencia de las grandes empresas y las empresas medianas o peque\u00f1as. Gracias a las ayudas y a las administraciones, estas \u00faltimas tienen la oportunidad de enfocar sus objetivos y moverse de una forma m\u00e1s org\u00e1nica hacia la direcci\u00f3n de un futuro sostenible. Adem\u00e1s, expuso la necesidad de que las administraciones agilicen los procesos en las tramitaciones para llegar a cumplir los objetivos a tiempo.<\/p>\n<p>Nuestra conclusi\u00f3n: \u201cThere is not planet B\u201d y el cambio es necesario y urgente.<\/p>\n<p>En Enerland contamos con una <a href=\"https:\/\/monticell.es\/es\/\">divisi\u00f3n especializada en instalaciones de autoconsumo orientadas a empresas<\/a>: Monticell. \u00bfQuieres saber m\u00e1s? \u00a1Contacta con nosotros <a href=\"https:\/\/monticell.es\/es\/contacto\">aqu\u00ed<\/a>!<\/p>\n","protected":false},"excerpt":{"rendered":"<p>El jueves pasado, Enerland particip\u00f3 en la Mesa de Redacci\u00f3n: \u00abFondos europeos: eficiencia energ\u00e9tica<\/p>\n","protected":false},"author":11,"featured_media":8301,"comment_status":"open","ping_status":"open","sticky":false,"template":"","format":"standard","meta":{"_et_pb_use_builder":"","_et_pb_old_content":"","_et_gb_content_width":"","footnotes":""},"categories":[161],"tags":[79,52],"class_list":["post-8294","post","type-post","status-publish","format-standard","has-post-thumbnail","hentry","category-noticias","tag-actualidad","tag-zaragoza"],"yoast_head":"<!-- This site is optimized with the Yoast SEO plugin v27.4 - https:\/\/yoast.com\/product\/yoast-seo-wordpress\/ -->\n<title>Enerland en &quot;Fondos europeos: eficiencia energ\u00e9tica y recuperaci\u00f3n empresarial&quot; - Enerland Energ\u00eda Renovable<\/title>\n<meta name=\"description\" content=\"Enerland participa en la Mesa de Redacci\u00f3n: &quot;Fondos europeos: eficiencia energ\u00e9tica y recuperaci\u00f3n empresarial&quot;, por HERALDO.\" \/>\n<meta name=\"robots\" content=\"index, follow, max-snippet:-1, max-image-preview:large, max-video-preview:-1\" \/>\n<link rel=\"canonical\" href=\"https:\/\/www.enerlandgroup.com\/es\/enerland-en-fondos-europeos-eficiencia-energetica-y-recuperacion-empresarial\/\" \/>\n<meta property=\"og:locale\" content=\"es_ES\" \/>\n<meta property=\"og:type\" content=\"article\" \/>\n<meta property=\"og:title\" content=\"Enerland en &quot;Fondos europeos: eficiencia energ\u00e9tica y recuperaci\u00f3n empresarial&quot; - Enerland Energ\u00eda Renovable\" \/>\n<meta property=\"og:description\" content=\"Enerland participa en la Mesa de Redacci\u00f3n: &quot;Fondos europeos: eficiencia energ\u00e9tica y recuperaci\u00f3n empresarial&quot;, por HERALDO.\" \/>\n<meta property=\"og:url\" content=\"https:\/\/www.enerlandgroup.com\/es\/enerland-en-fondos-europeos-eficiencia-energetica-y-recuperacion-empresarial\/\" \/>\n<meta property=\"og:site_name\" content=\"Enerland Energ\u00eda Renovable\" \/>\n<meta property=\"article:published_time\" content=\"2021-11-26T11:46:46+00:00\" \/>\n<meta property=\"article:modified_time\" content=\"2022-07-04T07:49:52+00:00\" \/>\n<meta property=\"og:image\" content=\"https:\/\/www.enerlandgroup.com\/wp-content\/uploads\/2021\/11\/Manuel-Ballet-en-Mesa-de-Redaccion.jpg\" \/>\n\t<meta property=\"og:image:width\" content=\"1870\" \/>\n\t<meta property=\"og:image:height\" content=\"700\" \/>\n\t<meta property=\"og:image:type\" content=\"image\/jpeg\" \/>\n<meta name=\"author\" content=\"Ana\" \/>\n<meta name=\"twitter:card\" content=\"summary_large_image\" \/>\n<script type=\"application\/ld+json\" class=\"yoast-schema-graph\">{\"@context\":\"https:\\\/\\\/schema.org\",\"@graph\":[{\"@type\":\"Article\",\"@id\":\"https:\\\/\\\/www.enerlandgroup.com\\\/es\\\/enerland-en-fondos-europeos-eficiencia-energetica-y-recuperacion-empresarial\\\/#article\",\"isPartOf\":{\"@id\":\"https:\\\/\\\/www.enerlandgroup.com\\\/es\\\/enerland-en-fondos-europeos-eficiencia-energetica-y-recuperacion-empresarial\\\/\"},\"author\":{\"name\":\"Ana\",\"@id\":\"https:\\\/\\\/www.enerlandgroup.com\\\/es\\\/#\\\/schema\\\/person\\\/ff4846e816b3f94eb665e1da0854e1b8\"},\"headline\":\"Enerland en \u00abFondos europeos: eficiencia energ\u00e9tica y recuperaci\u00f3n empresarial\u00bb\",\"datePublished\":\"2021-11-26T11:46:46+00:00\",\"dateModified\":\"2022-07-04T07:49:52+00:00\",\"mainEntityOfPage\":{\"@id\":\"https:\\\/\\\/www.enerlandgroup.com\\\/es\\\/enerland-en-fondos-europeos-eficiencia-energetica-y-recuperacion-empresarial\\\/\"},\"wordCount\":345,\"commentCount\":0,\"publisher\":{\"@id\":\"https:\\\/\\\/www.enerlandgroup.com\\\/es\\\/#organization\"},\"image\":{\"@id\":\"https:\\\/\\\/www.enerlandgroup.com\\\/es\\\/enerland-en-fondos-europeos-eficiencia-energetica-y-recuperacion-empresarial\\\/#primaryimage\"},\"thumbnailUrl\":\"https:\\\/\\\/www.enerlandgroup.com\\\/wp-content\\\/uploads\\\/2021\\\/11\\\/Manuel-Ballet-en-Mesa-de-Redaccion.jpg\",\"keywords\":[\"Actualidad\",\"Zaragoza\"],\"articleSection\":[\"Noticias\"],\"inLanguage\":\"es\",\"potentialAction\":[{\"@type\":\"CommentAction\",\"name\":\"Comment\",\"target\":[\"https:\\\/\\\/www.enerlandgroup.com\\\/es\\\/enerland-en-fondos-europeos-eficiencia-energetica-y-recuperacion-empresarial\\\/#respond\"]}]},{\"@type\":[\"WebPage\",\"ItemPage\"],\"@id\":\"https:\\\/\\\/www.enerlandgroup.com\\\/es\\\/enerland-en-fondos-europeos-eficiencia-energetica-y-recuperacion-empresarial\\\/\",\"url\":\"https:\\\/\\\/www.enerlandgroup.com\\\/es\\\/enerland-en-fondos-europeos-eficiencia-energetica-y-recuperacion-empresarial\\\/\",\"name\":\"Enerland en \\\"Fondos europeos: eficiencia energ\u00e9tica y recuperaci\u00f3n empresarial\\\" - Enerland Energ\u00eda Renovable\",\"isPartOf\":{\"@id\":\"https:\\\/\\\/www.enerlandgroup.com\\\/es\\\/#website\"},\"primaryImageOfPage\":{\"@id\":\"https:\\\/\\\/www.enerlandgroup.com\\\/es\\\/enerland-en-fondos-europeos-eficiencia-energetica-y-recuperacion-empresarial\\\/#primaryimage\"},\"image\":{\"@id\":\"https:\\\/\\\/www.enerlandgroup.com\\\/es\\\/enerland-en-fondos-europeos-eficiencia-energetica-y-recuperacion-empresarial\\\/#primaryimage\"},\"thumbnailUrl\":\"https:\\\/\\\/www.enerlandgroup.com\\\/wp-content\\\/uploads\\\/2021\\\/11\\\/Manuel-Ballet-en-Mesa-de-Redaccion.jpg\",\"datePublished\":\"2021-11-26T11:46:46+00:00\",\"dateModified\":\"2022-07-04T07:49:52+00:00\",\"description\":\"Enerland participa en la Mesa de Redacci\u00f3n: \\\"Fondos europeos: eficiencia energ\u00e9tica y recuperaci\u00f3n empresarial\\\", por HERALDO.\",\"breadcrumb\":{\"@id\":\"https:\\\/\\\/www.enerlandgroup.com\\\/es\\\/enerland-en-fondos-europeos-eficiencia-energetica-y-recuperacion-empresarial\\\/#breadcrumb\"},\"inLanguage\":\"es\",\"potentialAction\":[{\"@type\":\"ReadAction\",\"target\":[\"https:\\\/\\\/www.enerlandgroup.com\\\/es\\\/enerland-en-fondos-europeos-eficiencia-energetica-y-recuperacion-empresarial\\\/\"]}]},{\"@type\":\"ImageObject\",\"inLanguage\":\"es\",\"@id\":\"https:\\\/\\\/www.enerlandgroup.com\\\/es\\\/enerland-en-fondos-europeos-eficiencia-energetica-y-recuperacion-empresarial\\\/#primaryimage\",\"url\":\"https:\\\/\\\/www.enerlandgroup.com\\\/wp-content\\\/uploads\\\/2021\\\/11\\\/Manuel-Ballet-en-Mesa-de-Redaccion.jpg\",\"contentUrl\":\"https:\\\/\\\/www.enerlandgroup.com\\\/wp-content\\\/uploads\\\/2021\\\/11\\\/Manuel-Ballet-en-Mesa-de-Redaccion.jpg\",\"width\":1870,\"height\":700,\"caption\":\"Manuel Ballet en Mesa de Redacci\u00f3n\"},{\"@type\":\"BreadcrumbList\",\"@id\":\"https:\\\/\\\/www.enerlandgroup.com\\\/es\\\/enerland-en-fondos-europeos-eficiencia-energetica-y-recuperacion-empresarial\\\/#breadcrumb\",\"itemListElement\":[{\"@type\":\"ListItem\",\"position\":1,\"name\":\"Inicio\",\"item\":\"https:\\\/\\\/www.enerlandgroup.com\\\/es\\\/\"},{\"@type\":\"ListItem\",\"position\":2,\"name\":\"Enerland en \u00abFondos europeos: eficiencia energ\u00e9tica y recuperaci\u00f3n empresarial\u00bb\"}]},{\"@type\":\"WebSite\",\"@id\":\"https:\\\/\\\/www.enerlandgroup.com\\\/es\\\/#website\",\"url\":\"https:\\\/\\\/www.enerlandgroup.com\\\/es\\\/\",\"name\":\"Enerland Energ\u00eda Renovable\",\"description\":\"\",\"publisher\":{\"@id\":\"https:\\\/\\\/www.enerlandgroup.com\\\/es\\\/#organization\"},\"potentialAction\":[{\"@type\":\"SearchAction\",\"target\":{\"@type\":\"EntryPoint\",\"urlTemplate\":\"https:\\\/\\\/www.enerlandgroup.com\\\/es\\\/?s={search_term_string}\"},\"query-input\":{\"@type\":\"PropertyValueSpecification\",\"valueRequired\":true,\"valueName\":\"search_term_string\"}}],\"inLanguage\":\"es\"},{\"@type\":\"Organization\",\"@id\":\"https:\\\/\\\/www.enerlandgroup.com\\\/es\\\/#organization\",\"name\":\"Enerland Group\",\"url\":\"https:\\\/\\\/www.enerlandgroup.com\\\/es\\\/\",\"logo\":{\"@type\":\"ImageObject\",\"inLanguage\":\"es\",\"@id\":\"https:\\\/\\\/www.enerlandgroup.com\\\/es\\\/#\\\/schema\\\/logo\\\/image\\\/\",\"url\":\"https:\\\/\\\/www.enerlandgroup.com\\\/wp-content\\\/uploads\\\/2021\\\/05\\\/Logo_Enerland.png\",\"contentUrl\":\"https:\\\/\\\/www.enerlandgroup.com\\\/wp-content\\\/uploads\\\/2021\\\/05\\\/Logo_Enerland.png\",\"width\":184,\"height\":43,\"caption\":\"Enerland Group\"},\"image\":{\"@id\":\"https:\\\/\\\/www.enerlandgroup.com\\\/es\\\/#\\\/schema\\\/logo\\\/image\\\/\"},\"sameAs\":[\"https:\\\/\\\/www.linkedin.com\\\/company\\\/enerland-group\\\/\",\"https:\\\/\\\/www.youtube.com\\\/channel\\\/UCjdInbThgaPa2_D34vRChmA\"]},{\"@type\":\"Person\",\"@id\":\"https:\\\/\\\/www.enerlandgroup.com\\\/es\\\/#\\\/schema\\\/person\\\/ff4846e816b3f94eb665e1da0854e1b8\",\"name\":\"Ana\",\"image\":{\"@type\":\"ImageObject\",\"inLanguage\":\"es\",\"@id\":\"https:\\\/\\\/secure.gravatar.com\\\/avatar\\\/495e8a53709541de9036eb34e07c65eacd114aba52461487df6099dee02e64f1?s=96&d=mm&r=g\",\"url\":\"https:\\\/\\\/secure.gravatar.com\\\/avatar\\\/495e8a53709541de9036eb34e07c65eacd114aba52461487df6099dee02e64f1?s=96&d=mm&r=g\",\"contentUrl\":\"https:\\\/\\\/secure.gravatar.com\\\/avatar\\\/495e8a53709541de9036eb34e07c65eacd114aba52461487df6099dee02e64f1?s=96&d=mm&r=g\",\"caption\":\"Ana\"},\"url\":\"https:\\\/\\\/www.enerlandgroup.com\\\/es\\\/author\\\/ana-valdizanenerlandgroup-com\\\/\"}]}<\/script>\n<!-- \/ Yoast SEO plugin. -->","yoast_head_json":{"title":"Enerland en \"Fondos europeos: eficiencia energ\u00e9tica y recuperaci\u00f3n empresarial\" - Enerland Energ\u00eda Renovable","description":"Enerland participa en la Mesa de Redacci\u00f3n: \"Fondos europeos: eficiencia energ\u00e9tica y recuperaci\u00f3n empresarial\", por HERALDO.","robots":{"index":"index","follow":"follow","max-snippet":"max-snippet:-1","max-image-preview":"max-image-preview:large","max-video-preview":"max-video-preview:-1"},"canonical":"https:\/\/www.enerlandgroup.com\/es\/enerland-en-fondos-europeos-eficiencia-energetica-y-recuperacion-empresarial\/","og_locale":"es_ES","og_type":"article","og_title":"Enerland en \"Fondos europeos: eficiencia energ\u00e9tica y recuperaci\u00f3n empresarial\" - Enerland Energ\u00eda Renovable","og_description":"Enerland participa en la Mesa de Redacci\u00f3n: \"Fondos europeos: eficiencia energ\u00e9tica y recuperaci\u00f3n empresarial\", por HERALDO.","og_url":"https:\/\/www.enerlandgroup.com\/es\/enerland-en-fondos-europeos-eficiencia-energetica-y-recuperacion-empresarial\/","og_site_name":"Enerland Energ\u00eda Renovable","article_published_time":"2021-11-26T11:46:46+00:00","article_modified_time":"2022-07-04T07:49:52+00:00","og_image":[{"width":1870,"height":700,"url":"https:\/\/www.enerlandgroup.com\/wp-content\/uploads\/2021\/11\/Manuel-Ballet-en-Mesa-de-Redaccion.jpg","type":"image\/jpeg"}],"author":"Ana","twitter_card":"summary_large_image","schema":{"@context":"https:\/\/schema.org","@graph":[{"@type":"Article","@id":"https:\/\/www.enerlandgroup.com\/es\/enerland-en-fondos-europeos-eficiencia-energetica-y-recuperacion-empresarial\/#article","isPartOf":{"@id":"https:\/\/www.enerlandgroup.com\/es\/enerland-en-fondos-europeos-eficiencia-energetica-y-recuperacion-empresarial\/"},"author":{"name":"Ana","@id":"https:\/\/www.enerlandgroup.com\/es\/#\/schema\/person\/ff4846e816b3f94eb665e1da0854e1b8"},"headline":"Enerland en \u00abFondos europeos: eficiencia energ\u00e9tica y recuperaci\u00f3n empresarial\u00bb","datePublished":"2021-11-26T11:46:46+00:00","dateModified":"2022-07-04T07:49:52+00:00","mainEntityOfPage":{"@id":"https:\/\/www.enerlandgroup.com\/es\/enerland-en-fondos-europeos-eficiencia-energetica-y-recuperacion-empresarial\/"},"wordCount":345,"commentCount":0,"publisher":{"@id":"https:\/\/www.enerlandgroup.com\/es\/#organization"},"image":{"@id":"https:\/\/www.enerlandgroup.com\/es\/enerland-en-fondos-europeos-eficiencia-energetica-y-recuperacion-empresarial\/#primaryimage"},"thumbnailUrl":"https:\/\/www.enerlandgroup.com\/wp-content\/uploads\/2021\/11\/Manuel-Ballet-en-Mesa-de-Redaccion.jpg","keywords":["Actualidad","Zaragoza"],"articleSection":["Noticias"],"inLanguage":"es","potentialAction":[{"@type":"CommentAction","name":"Comment","target":["https:\/\/www.enerlandgroup.com\/es\/enerland-en-fondos-europeos-eficiencia-energetica-y-recuperacion-empresarial\/#respond"]}]},{"@type":["WebPage","ItemPage"],"@id":"https:\/\/www.enerlandgroup.com\/es\/enerland-en-fondos-europeos-eficiencia-energetica-y-recuperacion-empresarial\/","url":"https:\/\/www.enerlandgroup.com\/es\/enerland-en-fondos-europeos-eficiencia-energetica-y-recuperacion-empresarial\/","name":"Enerland en \"Fondos europeos: eficiencia energ\u00e9tica y recuperaci\u00f3n empresarial\" - Enerland Energ\u00eda Renovable","isPartOf":{"@id":"https:\/\/www.enerlandgroup.com\/es\/#website"},"primaryImageOfPage":{"@id":"https:\/\/www.enerlandgroup.com\/es\/enerland-en-fondos-europeos-eficiencia-energetica-y-recuperacion-empresarial\/#primaryimage"},"image":{"@id":"https:\/\/www.enerlandgroup.com\/es\/enerland-en-fondos-europeos-eficiencia-energetica-y-recuperacion-empresarial\/#primaryimage"},"thumbnailUrl":"https:\/\/www.enerlandgroup.com\/wp-content\/uploads\/2021\/11\/Manuel-Ballet-en-Mesa-de-Redaccion.jpg","datePublished":"2021-11-26T11:46:46+00:00","dateModified":"2022-07-04T07:49:52+00:00","description":"Enerland participa en la Mesa de Redacci\u00f3n: \"Fondos europeos: eficiencia energ\u00e9tica y recuperaci\u00f3n empresarial\", por HERALDO.","breadcrumb":{"@id":"https:\/\/www.enerlandgroup.com\/es\/enerland-en-fondos-europeos-eficiencia-energetica-y-recuperacion-empresarial\/#breadcrumb"},"inLanguage":"es","potentialAction":[{"@type":"ReadAction","target":["https:\/\/www.enerlandgroup.com\/es\/enerland-en-fondos-europeos-eficiencia-energetica-y-recuperacion-empresarial\/"]}]},{"@type":"ImageObject","inLanguage":"es","@id":"https:\/\/www.enerlandgroup.com\/es\/enerland-en-fondos-europeos-eficiencia-energetica-y-recuperacion-empresarial\/#primaryimage","url":"https:\/\/www.enerlandgroup.com\/wp-content\/uploads\/2021\/11\/Manuel-Ballet-en-Mesa-de-Redaccion.jpg","contentUrl":"https:\/\/www.enerlandgroup.com\/wp-content\/uploads\/2021\/11\/Manuel-Ballet-en-Mesa-de-Redaccion.jpg","width":1870,"height":700,"caption":"Manuel Ballet en Mesa de Redacci\u00f3n"},{"@type":"BreadcrumbList","@id":"https:\/\/www.enerlandgroup.com\/es\/enerland-en-fondos-europeos-eficiencia-energetica-y-recuperacion-empresarial\/#breadcrumb","itemListElement":[{"@type":"ListItem","position":1,"name":"Inicio","item":"https:\/\/www.enerlandgroup.com\/es\/"},{"@type":"ListItem","position":2,"name":"Enerland en \u00abFondos europeos: eficiencia energ\u00e9tica y recuperaci\u00f3n empresarial\u00bb"}]},{"@type":"WebSite","@id":"https:\/\/www.enerlandgroup.com\/es\/#website","url":"https:\/\/www.enerlandgroup.com\/es\/","name":"Enerland Energ\u00eda Renovable","description":"","publisher":{"@id":"https:\/\/www.enerlandgroup.com\/es\/#organization"},"potentialAction":[{"@type":"SearchAction","target":{"@type":"EntryPoint","urlTemplate":"https:\/\/www.enerlandgroup.com\/es\/?s={search_term_string}"},"query-input":{"@type":"PropertyValueSpecification","valueRequired":true,"valueName":"search_term_string"}}],"inLanguage":"es"},{"@type":"Organization","@id":"https:\/\/www.enerlandgroup.com\/es\/#organization","name":"Enerland Group","url":"https:\/\/www.enerlandgroup.com\/es\/","logo":{"@type":"ImageObject","inLanguage":"es","@id":"https:\/\/www.enerlandgroup.com\/es\/#\/schema\/logo\/image\/","url":"https:\/\/www.enerlandgroup.com\/wp-content\/uploads\/2021\/05\/Logo_Enerland.png","contentUrl":"https:\/\/www.enerlandgroup.com\/wp-content\/uploads\/2021\/05\/Logo_Enerland.png","width":184,"height":43,"caption":"Enerland Group"},"image":{"@id":"https:\/\/www.enerlandgroup.com\/es\/#\/schema\/logo\/image\/"},"sameAs":["https:\/\/www.linkedin.com\/company\/enerland-group\/","https:\/\/www.youtube.com\/channel\/UCjdInbThgaPa2_D34vRChmA"]},{"@type":"Person","@id":"https:\/\/www.enerlandgroup.com\/es\/#\/schema\/person\/ff4846e816b3f94eb665e1da0854e1b8","name":"Ana","image":{"@type":"ImageObject","inLanguage":"es","@id":"https:\/\/secure.gravatar.com\/avatar\/495e8a53709541de9036eb34e07c65eacd114aba52461487df6099dee02e64f1?s=96&d=mm&r=g","url":"https:\/\/secure.gravatar.com\/avatar\/495e8a53709541de9036eb34e07c65eacd114aba52461487df6099dee02e64f1?s=96&d=mm&r=g","contentUrl":"https:\/\/secure.gravatar.com\/avatar\/495e8a53709541de9036eb34e07c65eacd114aba52461487df6099dee02e64f1?s=96&d=mm&r=g","caption":"Ana"},"url":"https:\/\/www.enerlandgroup.com\/es\/author\/ana-valdizanenerlandgroup-com\/"}]}},"jetpack_featured_media_url":"https:\/\/www.enerlandgroup.com\/wp-content\/uploads\/2021\/11\/Manuel-Ballet-en-Mesa-de-Redaccion.jpg","_links":{"self":[{"href":"https:\/\/www.enerlandgroup.com\/es\/wp-json\/wp\/v2\/posts\/8294","targetHints":{"allow":["GET"]}}],"collection":[{"href":"https:\/\/www.enerlandgroup.com\/es\/wp-json\/wp\/v2\/posts"}],"about":[{"href":"https:\/\/www.enerlandgroup.com\/es\/wp-json\/wp\/v2\/types\/post"}],"author":[{"embeddable":true,"href":"https:\/\/www.enerlandgroup.com\/es\/wp-json\/wp\/v2\/users\/11"}],"replies":[{"embeddable":true,"href":"https:\/\/www.enerlandgroup.com\/es\/wp-json\/wp\/v2\/comments?post=8294"}],"version-history":[{"count":3,"href":"https:\/\/www.enerlandgroup.com\/es\/wp-json\/wp\/v2\/posts\/8294\/revisions"}],"predecessor-version":[{"id":10913,"href":"https:\/\/www.enerlandgroup.com\/es\/wp-json\/wp\/v2\/posts\/8294\/revisions\/10913"}],"wp:featuredmedia":[{"embeddable":true,"href":"https:\/\/www.enerlandgroup.com\/es\/wp-json\/wp\/v2\/media\/8301"}],"wp:attachment":[{"href":"https:\/\/www.enerlandgroup.com\/es\/wp-json\/wp\/v2\/media?parent=8294"}],"wp:term":[{"taxonomy":"category","embeddable":true,"href":"https:\/\/www.enerlandgroup.com\/es\/wp-json\/wp\/v2\/categories?post=8294"},{"taxonomy":"post_tag","embeddable":true,"href":"https:\/\/www.enerlandgroup.com\/es\/wp-json\/wp\/v2\/tags?post=8294"}],"curies":[{"name":"wp","href":"https:\/\/api.w.org\/{rel}","templated":true}]}}