{"id":8269,"date":"2021-11-29T10:37:16","date_gmt":"2021-11-29T09:37:16","guid":{"rendered":"https:\/\/www.enerlandgroup.com\/?p=8269"},"modified":"2022-07-04T09:49:57","modified_gmt":"2022-07-04T07:49:57","slug":"enerland-lanza-monticell","status":"publish","type":"post","link":"https:\/\/www.enerlandgroup.com\/es\/enerland-lanza-monticell\/","title":{"rendered":"Enerland lanza Monticell"},"content":{"rendered":"<h2>Presentamos Monticell: la nueva divisi\u00f3n que lanza Enerland destinada en exclusiva a instalaciones de autoconsumo en empresas<\/h2>\n<p>&nbsp;<\/p>\n<p>Desde nuestros comienzos, Enerland ha trabajado dos divisiones de negocio paralelas. Por un lado, el desarrollo, promoci\u00f3n, construcci\u00f3n, operaci\u00f3n y mantenimiento de grandes plantas fotovoltaicas. Por otra parte, al estudio, ejecuci\u00f3n, operaci\u00f3n y mantenimiento de instalaciones fotovoltaicas sobre cubiertas de naves industriales, log\u00edsticas o de servicios.<\/p>\n<p>A d\u00eda de hoy, el crecimiento de Enerland Group est\u00e1 siendo imparable. Por este motivo, y como consecuencia de nuestra consolidaci\u00f3n en el sector de la energ\u00eda fotovoltaica a nivel internacional, decidimos separar ambas divisiones en marcas comerciales. Mientras que <a href=\"https:\/\/www.enerlandgroup.com\/es\/sobre-nosotros\/\">Enerland seguir\u00e1 representando nuestra actividad vinculada a los parques generadores de energ\u00eda a trav\u00e9s de la fotovoltaica<\/a>, presentamos Monticell: la nueva divisi\u00f3n que lanza Enerland destinada en exclusiva a instalaciones de autoconsumo en empresas.<\/p>\n<p>A trav\u00e9s de Monticell, pretendemos darle un espacio y una atenci\u00f3n personalizada a las instalaciones destinadas al autoconsumo energ\u00e9tico en el sector empresarial. A trav\u00e9s de ella, trabajaremos instalaciones solares en cubiertas, marquesinas fotovoltaicas, puntos de recarga para veh\u00edculos m\u00f3viles (PRVE) y otras soluciones energ\u00e9ticas como almacenamiento de energ\u00eda o bater\u00edas. Siempre al servicio del cliente, aportaremos soluciones personalizadas ante cualquier necesidad.<\/p>\n<p>&nbsp;<\/p>\n<h3>La p\u00e1gina web de Monticell<\/h3>\n<p>Adem\u00e1s, hemos lanzado la nueva p\u00e1gina web de <a href=\"https:\/\/monticell.es\/es\/\">Monticell <\/a>para enterarte de las \u00faltimas novedades del sector del autoconsumo fotovoltaico. Tambi\u00e9n podr\u00e9is informaros de nuestros servicios y soluciones, y de algunas de nuestras instalaciones por todo el mundo.<\/p>\n<p><img loading=\"lazy\" decoding=\"async\" class=\"aligncenter wp-image-8277 size-large\" src=\"https:\/\/www.enerlandgroup.com\/wp-content\/uploads\/2021\/11\/Lanzamiento-Monticell-min-1024x504.png\" alt=\"Enerland lanza Monticell\" width=\"1024\" height=\"504\" srcset=\"https:\/\/www.enerlandgroup.com\/wp-content\/uploads\/2021\/11\/Lanzamiento-Monticell-min-980x483.png 980w, https:\/\/www.enerlandgroup.com\/wp-content\/uploads\/2021\/11\/Lanzamiento-Monticell-min-480x236.png 480w\" sizes=\"auto, (min-width: 0px) and (max-width: 480px) 480px, (min-width: 481px) and (max-width: 980px) 980px, (min-width: 981px) 1024px, 100vw\" \/><\/p>\n","protected":false},"excerpt":{"rendered":"<p>Presentamos Monticell: la nueva divisi\u00f3n que lanza Enerland destinada en exclusiva a instalaciones de<\/p>\n","protected":false},"author":4,"featured_media":8288,"comment_status":"open","ping_status":"open","sticky":false,"template":"","format":"standard","meta":{"_et_pb_use_builder":"","_et_pb_old_content":"","_et_gb_content_width":"","footnotes":""},"categories":[23,161],"tags":[79],"class_list":["post-8269","post","type-post","status-publish","format-standard","has-post-thumbnail","hentry","category-corporativo","category-noticias","tag-actualidad"],"yoast_head":"<!-- This site is optimized with the Yoast SEO plugin v27.4 - https:\/\/yoast.com\/product\/yoast-seo-wordpress\/ -->\n<title>Enerland lanza Monticell - Enerland Energ\u00eda Renovable<\/title>\n<meta name=\"description\" content=\"Enerland lanza Monticell, la nueva marca comercial destinada al autoconsumo fotovoltaico industrial con todas las soluciones del mercado.\" \/>\n<meta name=\"robots\" content=\"index, follow, max-snippet:-1, max-image-preview:large, max-video-preview:-1\" \/>\n<link rel=\"canonical\" href=\"https:\/\/www.enerlandgroup.com\/es\/enerland-lanza-monticell\/\" \/>\n<meta property=\"og:locale\" content=\"es_ES\" \/>\n<meta property=\"og:type\" content=\"article\" \/>\n<meta property=\"og:title\" content=\"Enerland lanza Monticell - Enerland Energ\u00eda Renovable\" \/>\n<meta property=\"og:description\" content=\"Enerland lanza Monticell, la nueva marca comercial destinada al autoconsumo fotovoltaico industrial con todas las soluciones del mercado.\" \/>\n<meta property=\"og:url\" content=\"https:\/\/www.enerlandgroup.com\/es\/enerland-lanza-monticell\/\" \/>\n<meta property=\"og:site_name\" content=\"Enerland Energ\u00eda Renovable\" \/>\n<meta property=\"article:published_time\" content=\"2021-11-29T09:37:16+00:00\" \/>\n<meta property=\"article:modified_time\" content=\"2022-07-04T07:49:57+00:00\" \/>\n<meta property=\"og:image\" content=\"https:\/\/www.enerlandgroup.com\/wp-content\/uploads\/2021\/11\/Enerland-lanza-Monticell-1.jpg\" \/>\n\t<meta property=\"og:image:width\" content=\"1870\" \/>\n\t<meta property=\"og:image:height\" content=\"700\" \/>\n\t<meta property=\"og:image:type\" content=\"image\/jpeg\" \/>\n<meta name=\"author\" content=\"Pilar\" \/>\n<meta name=\"twitter:card\" content=\"summary_large_image\" \/>\n<script type=\"application\/ld+json\" class=\"yoast-schema-graph\">{\"@context\":\"https:\\\/\\\/schema.org\",\"@graph\":[{\"@type\":\"Article\",\"@id\":\"https:\\\/\\\/www.enerlandgroup.com\\\/es\\\/enerland-lanza-monticell\\\/#article\",\"isPartOf\":{\"@id\":\"https:\\\/\\\/www.enerlandgroup.com\\\/es\\\/enerland-lanza-monticell\\\/\"},\"author\":{\"name\":\"Pilar\",\"@id\":\"https:\\\/\\\/www.enerlandgroup.com\\\/es\\\/#\\\/schema\\\/person\\\/d842c1aed4fef077270deb261453486c\"},\"headline\":\"Enerland lanza Monticell\",\"datePublished\":\"2021-11-29T09:37:16+00:00\",\"dateModified\":\"2022-07-04T07:49:57+00:00\",\"mainEntityOfPage\":{\"@id\":\"https:\\\/\\\/www.enerlandgroup.com\\\/es\\\/enerland-lanza-monticell\\\/\"},\"wordCount\":274,\"commentCount\":0,\"publisher\":{\"@id\":\"https:\\\/\\\/www.enerlandgroup.com\\\/es\\\/#organization\"},\"image\":{\"@id\":\"https:\\\/\\\/www.enerlandgroup.com\\\/es\\\/enerland-lanza-monticell\\\/#primaryimage\"},\"thumbnailUrl\":\"https:\\\/\\\/www.enerlandgroup.com\\\/wp-content\\\/uploads\\\/2021\\\/11\\\/Enerland-lanza-Monticell-1.jpg\",\"keywords\":[\"Actualidad\"],\"articleSection\":[\"Corporativo\",\"Noticias\"],\"inLanguage\":\"es\",\"potentialAction\":[{\"@type\":\"CommentAction\",\"name\":\"Comment\",\"target\":[\"https:\\\/\\\/www.enerlandgroup.com\\\/es\\\/enerland-lanza-monticell\\\/#respond\"]}]},{\"@type\":[\"WebPage\",\"ItemPage\"],\"@id\":\"https:\\\/\\\/www.enerlandgroup.com\\\/es\\\/enerland-lanza-monticell\\\/\",\"url\":\"https:\\\/\\\/www.enerlandgroup.com\\\/es\\\/enerland-lanza-monticell\\\/\",\"name\":\"Enerland lanza Monticell - Enerland Energ\u00eda Renovable\",\"isPartOf\":{\"@id\":\"https:\\\/\\\/www.enerlandgroup.com\\\/es\\\/#website\"},\"primaryImageOfPage\":{\"@id\":\"https:\\\/\\\/www.enerlandgroup.com\\\/es\\\/enerland-lanza-monticell\\\/#primaryimage\"},\"image\":{\"@id\":\"https:\\\/\\\/www.enerlandgroup.com\\\/es\\\/enerland-lanza-monticell\\\/#primaryimage\"},\"thumbnailUrl\":\"https:\\\/\\\/www.enerlandgroup.com\\\/wp-content\\\/uploads\\\/2021\\\/11\\\/Enerland-lanza-Monticell-1.jpg\",\"datePublished\":\"2021-11-29T09:37:16+00:00\",\"dateModified\":\"2022-07-04T07:49:57+00:00\",\"description\":\"Enerland lanza Monticell, la nueva marca comercial destinada al autoconsumo fotovoltaico industrial con todas las soluciones del mercado.\",\"breadcrumb\":{\"@id\":\"https:\\\/\\\/www.enerlandgroup.com\\\/es\\\/enerland-lanza-monticell\\\/#breadcrumb\"},\"inLanguage\":\"es\",\"potentialAction\":[{\"@type\":\"ReadAction\",\"target\":[\"https:\\\/\\\/www.enerlandgroup.com\\\/es\\\/enerland-lanza-monticell\\\/\"]}]},{\"@type\":\"ImageObject\",\"inLanguage\":\"es\",\"@id\":\"https:\\\/\\\/www.enerlandgroup.com\\\/es\\\/enerland-lanza-monticell\\\/#primaryimage\",\"url\":\"https:\\\/\\\/www.enerlandgroup.com\\\/wp-content\\\/uploads\\\/2021\\\/11\\\/Enerland-lanza-Monticell-1.jpg\",\"contentUrl\":\"https:\\\/\\\/www.enerlandgroup.com\\\/wp-content\\\/uploads\\\/2021\\\/11\\\/Enerland-lanza-Monticell-1.jpg\",\"width\":1870,\"height\":700,\"caption\":\"Enerland lanza Monticell\"},{\"@type\":\"BreadcrumbList\",\"@id\":\"https:\\\/\\\/www.enerlandgroup.com\\\/es\\\/enerland-lanza-monticell\\\/#breadcrumb\",\"itemListElement\":[{\"@type\":\"ListItem\",\"position\":1,\"name\":\"Inicio\",\"item\":\"https:\\\/\\\/www.enerlandgroup.com\\\/es\\\/\"},{\"@type\":\"ListItem\",\"position\":2,\"name\":\"Enerland lanza Monticell\"}]},{\"@type\":\"WebSite\",\"@id\":\"https:\\\/\\\/www.enerlandgroup.com\\\/es\\\/#website\",\"url\":\"https:\\\/\\\/www.enerlandgroup.com\\\/es\\\/\",\"name\":\"Enerland Energ\u00eda Renovable\",\"description\":\"\",\"publisher\":{\"@id\":\"https:\\\/\\\/www.enerlandgroup.com\\\/es\\\/#organization\"},\"potentialAction\":[{\"@type\":\"SearchAction\",\"target\":{\"@type\":\"EntryPoint\",\"urlTemplate\":\"https:\\\/\\\/www.enerlandgroup.com\\\/es\\\/?s={search_term_string}\"},\"query-input\":{\"@type\":\"PropertyValueSpecification\",\"valueRequired\":true,\"valueName\":\"search_term_string\"}}],\"inLanguage\":\"es\"},{\"@type\":\"Organization\",\"@id\":\"https:\\\/\\\/www.enerlandgroup.com\\\/es\\\/#organization\",\"name\":\"Enerland Group\",\"url\":\"https:\\\/\\\/www.enerlandgroup.com\\\/es\\\/\",\"logo\":{\"@type\":\"ImageObject\",\"inLanguage\":\"es\",\"@id\":\"https:\\\/\\\/www.enerlandgroup.com\\\/es\\\/#\\\/schema\\\/logo\\\/image\\\/\",\"url\":\"https:\\\/\\\/www.enerlandgroup.com\\\/wp-content\\\/uploads\\\/2021\\\/05\\\/Logo_Enerland.png\",\"contentUrl\":\"https:\\\/\\\/www.enerlandgroup.com\\\/wp-content\\\/uploads\\\/2021\\\/05\\\/Logo_Enerland.png\",\"width\":184,\"height\":43,\"caption\":\"Enerland Group\"},\"image\":{\"@id\":\"https:\\\/\\\/www.enerlandgroup.com\\\/es\\\/#\\\/schema\\\/logo\\\/image\\\/\"},\"sameAs\":[\"https:\\\/\\\/www.linkedin.com\\\/company\\\/enerland-group\\\/\",\"https:\\\/\\\/www.youtube.com\\\/channel\\\/UCjdInbThgaPa2_D34vRChmA\"]},{\"@type\":\"Person\",\"@id\":\"https:\\\/\\\/www.enerlandgroup.com\\\/es\\\/#\\\/schema\\\/person\\\/d842c1aed4fef077270deb261453486c\",\"name\":\"Pilar\",\"image\":{\"@type\":\"ImageObject\",\"inLanguage\":\"es\",\"@id\":\"https:\\\/\\\/secure.gravatar.com\\\/avatar\\\/3e6e1323210dee16f137d8ab0ce7231001529459c2f5b2e4ec20c72d1fd442dc?s=96&d=mm&r=g\",\"url\":\"https:\\\/\\\/secure.gravatar.com\\\/avatar\\\/3e6e1323210dee16f137d8ab0ce7231001529459c2f5b2e4ec20c72d1fd442dc?s=96&d=mm&r=g\",\"contentUrl\":\"https:\\\/\\\/secure.gravatar.com\\\/avatar\\\/3e6e1323210dee16f137d8ab0ce7231001529459c2f5b2e4ec20c72d1fd442dc?s=96&d=mm&r=g\",\"caption\":\"Pilar\"},\"url\":\"https:\\\/\\\/www.enerlandgroup.com\\\/es\\\/author\\\/enerland\\\/\"}]}<\/script>\n<!-- \/ Yoast SEO plugin. -->","yoast_head_json":{"title":"Enerland lanza Monticell - Enerland Energ\u00eda Renovable","description":"Enerland lanza Monticell, la nueva marca comercial destinada al autoconsumo fotovoltaico industrial con todas las soluciones del mercado.","robots":{"index":"index","follow":"follow","max-snippet":"max-snippet:-1","max-image-preview":"max-image-preview:large","max-video-preview":"max-video-preview:-1"},"canonical":"https:\/\/www.enerlandgroup.com\/es\/enerland-lanza-monticell\/","og_locale":"es_ES","og_type":"article","og_title":"Enerland lanza Monticell - Enerland Energ\u00eda Renovable","og_description":"Enerland lanza Monticell, la nueva marca comercial destinada al autoconsumo fotovoltaico industrial con todas las soluciones del mercado.","og_url":"https:\/\/www.enerlandgroup.com\/es\/enerland-lanza-monticell\/","og_site_name":"Enerland Energ\u00eda Renovable","article_published_time":"2021-11-29T09:37:16+00:00","article_modified_time":"2022-07-04T07:49:57+00:00","og_image":[{"width":1870,"height":700,"url":"https:\/\/www.enerlandgroup.com\/wp-content\/uploads\/2021\/11\/Enerland-lanza-Monticell-1.jpg","type":"image\/jpeg"}],"author":"Pilar","twitter_card":"summary_large_image","schema":{"@context":"https:\/\/schema.org","@graph":[{"@type":"Article","@id":"https:\/\/www.enerlandgroup.com\/es\/enerland-lanza-monticell\/#article","isPartOf":{"@id":"https:\/\/www.enerlandgroup.com\/es\/enerland-lanza-monticell\/"},"author":{"name":"Pilar","@id":"https:\/\/www.enerlandgroup.com\/es\/#\/schema\/person\/d842c1aed4fef077270deb261453486c"},"headline":"Enerland lanza Monticell","datePublished":"2021-11-29T09:37:16+00:00","dateModified":"2022-07-04T07:49:57+00:00","mainEntityOfPage":{"@id":"https:\/\/www.enerlandgroup.com\/es\/enerland-lanza-monticell\/"},"wordCount":274,"commentCount":0,"publisher":{"@id":"https:\/\/www.enerlandgroup.com\/es\/#organization"},"image":{"@id":"https:\/\/www.enerlandgroup.com\/es\/enerland-lanza-monticell\/#primaryimage"},"thumbnailUrl":"https:\/\/www.enerlandgroup.com\/wp-content\/uploads\/2021\/11\/Enerland-lanza-Monticell-1.jpg","keywords":["Actualidad"],"articleSection":["Corporativo","Noticias"],"inLanguage":"es","potentialAction":[{"@type":"CommentAction","name":"Comment","target":["https:\/\/www.enerlandgroup.com\/es\/enerland-lanza-monticell\/#respond"]}]},{"@type":["WebPage","ItemPage"],"@id":"https:\/\/www.enerlandgroup.com\/es\/enerland-lanza-monticell\/","url":"https:\/\/www.enerlandgroup.com\/es\/enerland-lanza-monticell\/","name":"Enerland lanza Monticell - Enerland Energ\u00eda Renovable","isPartOf":{"@id":"https:\/\/www.enerlandgroup.com\/es\/#website"},"primaryImageOfPage":{"@id":"https:\/\/www.enerlandgroup.com\/es\/enerland-lanza-monticell\/#primaryimage"},"image":{"@id":"https:\/\/www.enerlandgroup.com\/es\/enerland-lanza-monticell\/#primaryimage"},"thumbnailUrl":"https:\/\/www.enerlandgroup.com\/wp-content\/uploads\/2021\/11\/Enerland-lanza-Monticell-1.jpg","datePublished":"2021-11-29T09:37:16+00:00","dateModified":"2022-07-04T07:49:57+00:00","description":"Enerland lanza Monticell, la nueva marca comercial destinada al autoconsumo fotovoltaico industrial con todas las soluciones del mercado.","breadcrumb":{"@id":"https:\/\/www.enerlandgroup.com\/es\/enerland-lanza-monticell\/#breadcrumb"},"inLanguage":"es","potentialAction":[{"@type":"ReadAction","target":["https:\/\/www.enerlandgroup.com\/es\/enerland-lanza-monticell\/"]}]},{"@type":"ImageObject","inLanguage":"es","@id":"https:\/\/www.enerlandgroup.com\/es\/enerland-lanza-monticell\/#primaryimage","url":"https:\/\/www.enerlandgroup.com\/wp-content\/uploads\/2021\/11\/Enerland-lanza-Monticell-1.jpg","contentUrl":"https:\/\/www.enerlandgroup.com\/wp-content\/uploads\/2021\/11\/Enerland-lanza-Monticell-1.jpg","width":1870,"height":700,"caption":"Enerland lanza Monticell"},{"@type":"BreadcrumbList","@id":"https:\/\/www.enerlandgroup.com\/es\/enerland-lanza-monticell\/#breadcrumb","itemListElement":[{"@type":"ListItem","position":1,"name":"Inicio","item":"https:\/\/www.enerlandgroup.com\/es\/"},{"@type":"ListItem","position":2,"name":"Enerland lanza Monticell"}]},{"@type":"WebSite","@id":"https:\/\/www.enerlandgroup.com\/es\/#website","url":"https:\/\/www.enerlandgroup.com\/es\/","name":"Enerland Energ\u00eda Renovable","description":"","publisher":{"@id":"https:\/\/www.enerlandgroup.com\/es\/#organization"},"potentialAction":[{"@type":"SearchAction","target":{"@type":"EntryPoint","urlTemplate":"https:\/\/www.enerlandgroup.com\/es\/?s={search_term_string}"},"query-input":{"@type":"PropertyValueSpecification","valueRequired":true,"valueName":"search_term_string"}}],"inLanguage":"es"},{"@type":"Organization","@id":"https:\/\/www.enerlandgroup.com\/es\/#organization","name":"Enerland Group","url":"https:\/\/www.enerlandgroup.com\/es\/","logo":{"@type":"ImageObject","inLanguage":"es","@id":"https:\/\/www.enerlandgroup.com\/es\/#\/schema\/logo\/image\/","url":"https:\/\/www.enerlandgroup.com\/wp-content\/uploads\/2021\/05\/Logo_Enerland.png","contentUrl":"https:\/\/www.enerlandgroup.com\/wp-content\/uploads\/2021\/05\/Logo_Enerland.png","width":184,"height":43,"caption":"Enerland Group"},"image":{"@id":"https:\/\/www.enerlandgroup.com\/es\/#\/schema\/logo\/image\/"},"sameAs":["https:\/\/www.linkedin.com\/company\/enerland-group\/","https:\/\/www.youtube.com\/channel\/UCjdInbThgaPa2_D34vRChmA"]},{"@type":"Person","@id":"https:\/\/www.enerlandgroup.com\/es\/#\/schema\/person\/d842c1aed4fef077270deb261453486c","name":"Pilar","image":{"@type":"ImageObject","inLanguage":"es","@id":"https:\/\/secure.gravatar.com\/avatar\/3e6e1323210dee16f137d8ab0ce7231001529459c2f5b2e4ec20c72d1fd442dc?s=96&d=mm&r=g","url":"https:\/\/secure.gravatar.com\/avatar\/3e6e1323210dee16f137d8ab0ce7231001529459c2f5b2e4ec20c72d1fd442dc?s=96&d=mm&r=g","contentUrl":"https:\/\/secure.gravatar.com\/avatar\/3e6e1323210dee16f137d8ab0ce7231001529459c2f5b2e4ec20c72d1fd442dc?s=96&d=mm&r=g","caption":"Pilar"},"url":"https:\/\/www.enerlandgroup.com\/es\/author\/enerland\/"}]}},"jetpack_featured_media_url":"https:\/\/www.enerlandgroup.com\/wp-content\/uploads\/2021\/11\/Enerland-lanza-Monticell-1.jpg","_links":{"self":[{"href":"https:\/\/www.enerlandgroup.com\/es\/wp-json\/wp\/v2\/posts\/8269","targetHints":{"allow":["GET"]}}],"collection":[{"href":"https:\/\/www.enerlandgroup.com\/es\/wp-json\/wp\/v2\/posts"}],"about":[{"href":"https:\/\/www.enerlandgroup.com\/es\/wp-json\/wp\/v2\/types\/post"}],"author":[{"embeddable":true,"href":"https:\/\/www.enerlandgroup.com\/es\/wp-json\/wp\/v2\/users\/4"}],"replies":[{"embeddable":true,"href":"https:\/\/www.enerlandgroup.com\/es\/wp-json\/wp\/v2\/comments?post=8269"}],"version-history":[{"count":5,"href":"https:\/\/www.enerlandgroup.com\/es\/wp-json\/wp\/v2\/posts\/8269\/revisions"}],"predecessor-version":[{"id":8276,"href":"https:\/\/www.enerlandgroup.com\/es\/wp-json\/wp\/v2\/posts\/8269\/revisions\/8276"}],"wp:featuredmedia":[{"embeddable":true,"href":"https:\/\/www.enerlandgroup.com\/es\/wp-json\/wp\/v2\/media\/8288"}],"wp:attachment":[{"href":"https:\/\/www.enerlandgroup.com\/es\/wp-json\/wp\/v2\/media?parent=8269"}],"wp:term":[{"taxonomy":"category","embeddable":true,"href":"https:\/\/www.enerlandgroup.com\/es\/wp-json\/wp\/v2\/categories?post=8269"},{"taxonomy":"post_tag","embeddable":true,"href":"https:\/\/www.enerlandgroup.com\/es\/wp-json\/wp\/v2\/tags?post=8269"}],"curies":[{"name":"wp","href":"https:\/\/api.w.org\/{rel}","templated":true}]}}