{"id":6371,"date":"2015-01-16T11:02:23","date_gmt":"2015-01-16T10:02:23","guid":{"rendered":"http:\/\/www.enerlandgroup.com\/?p=6371"},"modified":"2021-08-24T13:57:14","modified_gmt":"2021-08-24T11:57:14","slug":"comienzan-las-obras-de-grupo-arquero","status":"publish","type":"post","link":"https:\/\/www.enerlandgroup.com\/es\/comienzan-las-obras-de-grupo-arquero\/","title":{"rendered":"Comienzan las obras de Grupo Arquero"},"content":{"rendered":"<h2>Comienzan las obras del proyecto solar Grupo Arquero. Esta instalaci\u00f3n fotovoltaica conectar\u00e1 a la red el\u00e9ctrica del pa\u00eds una potencia de 1.4MW.<\/h2>\n<p>&nbsp;<\/p>\n<p>Comienzan las obras de Grupo Arquero, <a href=\"https:\/\/www.enerlandgroup.com\/proyecto\/grupo-arquero\/\">nuestro primer proyecto fotovoltaico en El Salvador<\/a>. Esta instalaci\u00f3n cuya estructura se realizar\u00e1 sobre suelo, ser\u00e1 la primera del pa\u00eds.<\/p>\n<p>Bajo la modalidad \u00abllaves en mano\u00bb, Enerland comienza la ejecuci\u00f3n de esta planta y continua con sus planes en el pa\u00eds a buen ritmo. Antes de que finalice este a\u00f1o 2015, la compa\u00f1\u00eda espera tener conectados a la red y operativos al menos, 6 parques fotovoltaicos. Destacar que, todos ellos, han sido adjudicados a trav\u00e9s de licitaciones.<\/p>\n<p>El <a href=\"https:\/\/www.youtube.com\/watch?v=5wZbavcMIIY\">proyecto Grupo Arquero,<\/a> conectar\u00e1 a la red el\u00e9ctrica una potencia de 1.4MW. La instalaci\u00f3n de los m\u00f3dulos fotovoltaicos se realizar\u00e1 sobre un terreno cuya extensi\u00f3n supera las 3 hect\u00e1reas y estar\u00e1 localizado en Barrio Nuevo, regi\u00f3n de San Vicente. As\u00ed mismo, planta solar contar\u00e1 con una estructura de seguidor a un eje que permitir\u00e1 obtener el m\u00e1ximo rendimiento y rentabilidad de la instalaci\u00f3n. Por otra parte, respecto a las fechas clave, este proyecto comenzar\u00e1 su puesta en marcha en marzo de este mismo a\u00f1o.<\/p>\n<p><img loading=\"lazy\" decoding=\"async\" class=\"size-full wp-image-6388 aligncenter\" src=\"https:\/\/www.enerlandgroup.com\/wp-content\/uploads\/2015\/01\/Noticia_Grupo_Arquero_comienzo.jpg\" alt=\"Comienzan las obras de Grupo Arquero\" width=\"1014\" height=\"631\" srcset=\"https:\/\/www.enerlandgroup.com\/wp-content\/uploads\/2015\/01\/Noticia_Grupo_Arquero_comienzo.jpg 1014w, https:\/\/www.enerlandgroup.com\/wp-content\/uploads\/2015\/01\/Noticia_Grupo_Arquero_comienzo-980x610.jpg 980w, https:\/\/www.enerlandgroup.com\/wp-content\/uploads\/2015\/01\/Noticia_Grupo_Arquero_comienzo-480x299.jpg 480w\" sizes=\"auto, (min-width: 0px) and (max-width: 480px) 480px, (min-width: 481px) and (max-width: 980px) 980px, (min-width: 981px) 1014px, 100vw\" \/><\/p>\n<p>Se espera que este proyecto produzca una energ\u00eda media anual de 2.940 MWh. Esta energ\u00eda es la equivalente a la electricidad necesaria para abastecer aproximadamente 900 hogares del pa\u00eds. Adem\u00e1s gracias a la generaci\u00f3n de energ\u00eda renovable solar, esta producci\u00f3n el\u00e9ctrica evitar\u00e1 la emisi\u00f3n de m\u00e1s de 1.444 toneladas de CO2 a la atm\u00f3sfera.<\/p>\n<p>&nbsp;<\/p>\n<h3>Enerland en El Salvador<\/h3>\n<p>Por otra parte, la compa\u00f1\u00eda continua trabajando con su plan de crecimiento. En paralelo a la ejecuci\u00f3n de este proyecto, seguimos trabajando en el desarrollo de los otros 5 parques que tenemos adjudicados en el pa\u00eds. Como se ha mencionado con anterioridad, a finales de este a\u00f1o, todos estar\u00e1n operativos conectando su potencia la red el\u00e9ctrica del pa\u00eds centroamericano.<\/p>\n<p>&nbsp;<\/p>\n<p>&nbsp;<\/p>\n","protected":false},"excerpt":{"rendered":"<p>Comienzan las obras del proyecto solar Grupo Arquero. Esta instalaci\u00f3n fotovoltaica conectar\u00e1 a la<\/p>\n","protected":false},"author":4,"featured_media":6385,"comment_status":"open","ping_status":"open","sticky":false,"template":"","format":"standard","meta":{"_et_pb_use_builder":"","_et_pb_old_content":"","_et_gb_content_width":"","footnotes":""},"categories":[22],"tags":[83,82],"class_list":["post-6371","post","type-post","status-publish","format-standard","has-post-thumbnail","hentry","category-proyectos-realizados","tag-el-salvador","tag-proyectos"],"yoast_head":"<!-- This site is optimized with the Yoast SEO plugin v27.4 - https:\/\/yoast.com\/product\/yoast-seo-wordpress\/ -->\n<title>Comienzan las obras de Grupo Arquero - Enerland Energ\u00eda Renovable<\/title>\n<meta name=\"description\" content=\"Comienzan las obras de Grupo Arquero. Nuestro primer proyecto fotovoltaico en El Salvador conectar\u00e1 una potencia de 1.4MW a la red el\u00e9ctrica.\" \/>\n<meta name=\"robots\" content=\"index, follow, max-snippet:-1, max-image-preview:large, max-video-preview:-1\" \/>\n<link rel=\"canonical\" href=\"https:\/\/www.enerlandgroup.com\/es\/comienzan-las-obras-de-grupo-arquero\/\" \/>\n<meta property=\"og:locale\" content=\"es_ES\" \/>\n<meta property=\"og:type\" content=\"article\" \/>\n<meta property=\"og:title\" content=\"Comienzan las obras de Grupo Arquero - Enerland Energ\u00eda Renovable\" \/>\n<meta property=\"og:description\" content=\"Comienzan las obras de Grupo Arquero. Nuestro primer proyecto fotovoltaico en El Salvador conectar\u00e1 una potencia de 1.4MW a la red el\u00e9ctrica.\" \/>\n<meta property=\"og:url\" content=\"https:\/\/www.enerlandgroup.com\/es\/comienzan-las-obras-de-grupo-arquero\/\" \/>\n<meta property=\"og:site_name\" content=\"Enerland Energ\u00eda Renovable\" \/>\n<meta property=\"article:published_time\" content=\"2015-01-16T10:02:23+00:00\" \/>\n<meta property=\"article:modified_time\" content=\"2021-08-24T11:57:14+00:00\" \/>\n<meta property=\"og:image\" content=\"https:\/\/www.enerlandgroup.com\/wp-content\/uploads\/2021\/08\/Proyecto-eL-Salvador-Grupo-Arquero-scaled.jpg\" \/>\n\t<meta property=\"og:image:width\" content=\"2560\" \/>\n\t<meta property=\"og:image:height\" content=\"958\" \/>\n\t<meta property=\"og:image:type\" content=\"image\/jpeg\" \/>\n<meta name=\"author\" content=\"Pilar\" \/>\n<meta name=\"twitter:card\" content=\"summary_large_image\" \/>\n<script type=\"application\/ld+json\" class=\"yoast-schema-graph\">{\"@context\":\"https:\\\/\\\/schema.org\",\"@graph\":[{\"@type\":\"Article\",\"@id\":\"https:\\\/\\\/www.enerlandgroup.com\\\/es\\\/comienzan-las-obras-de-grupo-arquero\\\/#article\",\"isPartOf\":{\"@id\":\"https:\\\/\\\/www.enerlandgroup.com\\\/es\\\/comienzan-las-obras-de-grupo-arquero\\\/\"},\"author\":{\"name\":\"Pilar\",\"@id\":\"https:\\\/\\\/www.enerlandgroup.com\\\/es\\\/#\\\/schema\\\/person\\\/d842c1aed4fef077270deb261453486c\"},\"headline\":\"Comienzan las obras de Grupo Arquero\",\"datePublished\":\"2015-01-16T10:02:23+00:00\",\"dateModified\":\"2021-08-24T11:57:14+00:00\",\"mainEntityOfPage\":{\"@id\":\"https:\\\/\\\/www.enerlandgroup.com\\\/es\\\/comienzan-las-obras-de-grupo-arquero\\\/\"},\"wordCount\":347,\"commentCount\":0,\"publisher\":{\"@id\":\"https:\\\/\\\/www.enerlandgroup.com\\\/es\\\/#organization\"},\"image\":{\"@id\":\"https:\\\/\\\/www.enerlandgroup.com\\\/es\\\/comienzan-las-obras-de-grupo-arquero\\\/#primaryimage\"},\"thumbnailUrl\":\"https:\\\/\\\/www.enerlandgroup.com\\\/wp-content\\\/uploads\\\/2021\\\/08\\\/Proyecto-eL-Salvador-Grupo-Arquero-scaled.jpg\",\"keywords\":[\"El Salvador\",\"proyectos\"],\"articleSection\":[\"Proyectos Realizados\"],\"inLanguage\":\"es\",\"potentialAction\":[{\"@type\":\"CommentAction\",\"name\":\"Comment\",\"target\":[\"https:\\\/\\\/www.enerlandgroup.com\\\/es\\\/comienzan-las-obras-de-grupo-arquero\\\/#respond\"]}]},{\"@type\":[\"WebPage\",\"ItemPage\"],\"@id\":\"https:\\\/\\\/www.enerlandgroup.com\\\/es\\\/comienzan-las-obras-de-grupo-arquero\\\/\",\"url\":\"https:\\\/\\\/www.enerlandgroup.com\\\/es\\\/comienzan-las-obras-de-grupo-arquero\\\/\",\"name\":\"Comienzan las obras de Grupo Arquero - Enerland Energ\u00eda Renovable\",\"isPartOf\":{\"@id\":\"https:\\\/\\\/www.enerlandgroup.com\\\/es\\\/#website\"},\"primaryImageOfPage\":{\"@id\":\"https:\\\/\\\/www.enerlandgroup.com\\\/es\\\/comienzan-las-obras-de-grupo-arquero\\\/#primaryimage\"},\"image\":{\"@id\":\"https:\\\/\\\/www.enerlandgroup.com\\\/es\\\/comienzan-las-obras-de-grupo-arquero\\\/#primaryimage\"},\"thumbnailUrl\":\"https:\\\/\\\/www.enerlandgroup.com\\\/wp-content\\\/uploads\\\/2021\\\/08\\\/Proyecto-eL-Salvador-Grupo-Arquero-scaled.jpg\",\"datePublished\":\"2015-01-16T10:02:23+00:00\",\"dateModified\":\"2021-08-24T11:57:14+00:00\",\"description\":\"Comienzan las obras de Grupo Arquero. Nuestro primer proyecto fotovoltaico en El Salvador conectar\u00e1 una potencia de 1.4MW a la red el\u00e9ctrica.\",\"breadcrumb\":{\"@id\":\"https:\\\/\\\/www.enerlandgroup.com\\\/es\\\/comienzan-las-obras-de-grupo-arquero\\\/#breadcrumb\"},\"inLanguage\":\"es\",\"potentialAction\":[{\"@type\":\"ReadAction\",\"target\":[\"https:\\\/\\\/www.enerlandgroup.com\\\/es\\\/comienzan-las-obras-de-grupo-arquero\\\/\"]}]},{\"@type\":\"ImageObject\",\"inLanguage\":\"es\",\"@id\":\"https:\\\/\\\/www.enerlandgroup.com\\\/es\\\/comienzan-las-obras-de-grupo-arquero\\\/#primaryimage\",\"url\":\"https:\\\/\\\/www.enerlandgroup.com\\\/wp-content\\\/uploads\\\/2021\\\/08\\\/Proyecto-eL-Salvador-Grupo-Arquero-scaled.jpg\",\"contentUrl\":\"https:\\\/\\\/www.enerlandgroup.com\\\/wp-content\\\/uploads\\\/2021\\\/08\\\/Proyecto-eL-Salvador-Grupo-Arquero-scaled.jpg\",\"width\":2560,\"height\":958},{\"@type\":\"BreadcrumbList\",\"@id\":\"https:\\\/\\\/www.enerlandgroup.com\\\/es\\\/comienzan-las-obras-de-grupo-arquero\\\/#breadcrumb\",\"itemListElement\":[{\"@type\":\"ListItem\",\"position\":1,\"name\":\"Inicio\",\"item\":\"https:\\\/\\\/www.enerlandgroup.com\\\/es\\\/\"},{\"@type\":\"ListItem\",\"position\":2,\"name\":\"Comienzan las obras de Grupo Arquero\"}]},{\"@type\":\"WebSite\",\"@id\":\"https:\\\/\\\/www.enerlandgroup.com\\\/es\\\/#website\",\"url\":\"https:\\\/\\\/www.enerlandgroup.com\\\/es\\\/\",\"name\":\"Enerland Energ\u00eda Renovable\",\"description\":\"\",\"publisher\":{\"@id\":\"https:\\\/\\\/www.enerlandgroup.com\\\/es\\\/#organization\"},\"potentialAction\":[{\"@type\":\"SearchAction\",\"target\":{\"@type\":\"EntryPoint\",\"urlTemplate\":\"https:\\\/\\\/www.enerlandgroup.com\\\/es\\\/?s={search_term_string}\"},\"query-input\":{\"@type\":\"PropertyValueSpecification\",\"valueRequired\":true,\"valueName\":\"search_term_string\"}}],\"inLanguage\":\"es\"},{\"@type\":\"Organization\",\"@id\":\"https:\\\/\\\/www.enerlandgroup.com\\\/es\\\/#organization\",\"name\":\"Enerland Group\",\"url\":\"https:\\\/\\\/www.enerlandgroup.com\\\/es\\\/\",\"logo\":{\"@type\":\"ImageObject\",\"inLanguage\":\"es\",\"@id\":\"https:\\\/\\\/www.enerlandgroup.com\\\/es\\\/#\\\/schema\\\/logo\\\/image\\\/\",\"url\":\"https:\\\/\\\/www.enerlandgroup.com\\\/wp-content\\\/uploads\\\/2021\\\/05\\\/Logo_Enerland.png\",\"contentUrl\":\"https:\\\/\\\/www.enerlandgroup.com\\\/wp-content\\\/uploads\\\/2021\\\/05\\\/Logo_Enerland.png\",\"width\":184,\"height\":43,\"caption\":\"Enerland Group\"},\"image\":{\"@id\":\"https:\\\/\\\/www.enerlandgroup.com\\\/es\\\/#\\\/schema\\\/logo\\\/image\\\/\"},\"sameAs\":[\"https:\\\/\\\/www.linkedin.com\\\/company\\\/enerland-group\\\/\",\"https:\\\/\\\/www.youtube.com\\\/channel\\\/UCjdInbThgaPa2_D34vRChmA\"]},{\"@type\":\"Person\",\"@id\":\"https:\\\/\\\/www.enerlandgroup.com\\\/es\\\/#\\\/schema\\\/person\\\/d842c1aed4fef077270deb261453486c\",\"name\":\"Pilar\",\"image\":{\"@type\":\"ImageObject\",\"inLanguage\":\"es\",\"@id\":\"https:\\\/\\\/secure.gravatar.com\\\/avatar\\\/3e6e1323210dee16f137d8ab0ce7231001529459c2f5b2e4ec20c72d1fd442dc?s=96&d=mm&r=g\",\"url\":\"https:\\\/\\\/secure.gravatar.com\\\/avatar\\\/3e6e1323210dee16f137d8ab0ce7231001529459c2f5b2e4ec20c72d1fd442dc?s=96&d=mm&r=g\",\"contentUrl\":\"https:\\\/\\\/secure.gravatar.com\\\/avatar\\\/3e6e1323210dee16f137d8ab0ce7231001529459c2f5b2e4ec20c72d1fd442dc?s=96&d=mm&r=g\",\"caption\":\"Pilar\"},\"url\":\"https:\\\/\\\/www.enerlandgroup.com\\\/es\\\/author\\\/enerland\\\/\"}]}<\/script>\n<!-- \/ Yoast SEO plugin. -->","yoast_head_json":{"title":"Comienzan las obras de Grupo Arquero - Enerland Energ\u00eda Renovable","description":"Comienzan las obras de Grupo Arquero. Nuestro primer proyecto fotovoltaico en El Salvador conectar\u00e1 una potencia de 1.4MW a la red el\u00e9ctrica.","robots":{"index":"index","follow":"follow","max-snippet":"max-snippet:-1","max-image-preview":"max-image-preview:large","max-video-preview":"max-video-preview:-1"},"canonical":"https:\/\/www.enerlandgroup.com\/es\/comienzan-las-obras-de-grupo-arquero\/","og_locale":"es_ES","og_type":"article","og_title":"Comienzan las obras de Grupo Arquero - Enerland Energ\u00eda Renovable","og_description":"Comienzan las obras de Grupo Arquero. Nuestro primer proyecto fotovoltaico en El Salvador conectar\u00e1 una potencia de 1.4MW a la red el\u00e9ctrica.","og_url":"https:\/\/www.enerlandgroup.com\/es\/comienzan-las-obras-de-grupo-arquero\/","og_site_name":"Enerland Energ\u00eda Renovable","article_published_time":"2015-01-16T10:02:23+00:00","article_modified_time":"2021-08-24T11:57:14+00:00","og_image":[{"width":2560,"height":958,"url":"https:\/\/www.enerlandgroup.com\/wp-content\/uploads\/2021\/08\/Proyecto-eL-Salvador-Grupo-Arquero-scaled.jpg","type":"image\/jpeg"}],"author":"Pilar","twitter_card":"summary_large_image","schema":{"@context":"https:\/\/schema.org","@graph":[{"@type":"Article","@id":"https:\/\/www.enerlandgroup.com\/es\/comienzan-las-obras-de-grupo-arquero\/#article","isPartOf":{"@id":"https:\/\/www.enerlandgroup.com\/es\/comienzan-las-obras-de-grupo-arquero\/"},"author":{"name":"Pilar","@id":"https:\/\/www.enerlandgroup.com\/es\/#\/schema\/person\/d842c1aed4fef077270deb261453486c"},"headline":"Comienzan las obras de Grupo Arquero","datePublished":"2015-01-16T10:02:23+00:00","dateModified":"2021-08-24T11:57:14+00:00","mainEntityOfPage":{"@id":"https:\/\/www.enerlandgroup.com\/es\/comienzan-las-obras-de-grupo-arquero\/"},"wordCount":347,"commentCount":0,"publisher":{"@id":"https:\/\/www.enerlandgroup.com\/es\/#organization"},"image":{"@id":"https:\/\/www.enerlandgroup.com\/es\/comienzan-las-obras-de-grupo-arquero\/#primaryimage"},"thumbnailUrl":"https:\/\/www.enerlandgroup.com\/wp-content\/uploads\/2021\/08\/Proyecto-eL-Salvador-Grupo-Arquero-scaled.jpg","keywords":["El Salvador","proyectos"],"articleSection":["Proyectos Realizados"],"inLanguage":"es","potentialAction":[{"@type":"CommentAction","name":"Comment","target":["https:\/\/www.enerlandgroup.com\/es\/comienzan-las-obras-de-grupo-arquero\/#respond"]}]},{"@type":["WebPage","ItemPage"],"@id":"https:\/\/www.enerlandgroup.com\/es\/comienzan-las-obras-de-grupo-arquero\/","url":"https:\/\/www.enerlandgroup.com\/es\/comienzan-las-obras-de-grupo-arquero\/","name":"Comienzan las obras de Grupo Arquero - Enerland Energ\u00eda Renovable","isPartOf":{"@id":"https:\/\/www.enerlandgroup.com\/es\/#website"},"primaryImageOfPage":{"@id":"https:\/\/www.enerlandgroup.com\/es\/comienzan-las-obras-de-grupo-arquero\/#primaryimage"},"image":{"@id":"https:\/\/www.enerlandgroup.com\/es\/comienzan-las-obras-de-grupo-arquero\/#primaryimage"},"thumbnailUrl":"https:\/\/www.enerlandgroup.com\/wp-content\/uploads\/2021\/08\/Proyecto-eL-Salvador-Grupo-Arquero-scaled.jpg","datePublished":"2015-01-16T10:02:23+00:00","dateModified":"2021-08-24T11:57:14+00:00","description":"Comienzan las obras de Grupo Arquero. Nuestro primer proyecto fotovoltaico en El Salvador conectar\u00e1 una potencia de 1.4MW a la red el\u00e9ctrica.","breadcrumb":{"@id":"https:\/\/www.enerlandgroup.com\/es\/comienzan-las-obras-de-grupo-arquero\/#breadcrumb"},"inLanguage":"es","potentialAction":[{"@type":"ReadAction","target":["https:\/\/www.enerlandgroup.com\/es\/comienzan-las-obras-de-grupo-arquero\/"]}]},{"@type":"ImageObject","inLanguage":"es","@id":"https:\/\/www.enerlandgroup.com\/es\/comienzan-las-obras-de-grupo-arquero\/#primaryimage","url":"https:\/\/www.enerlandgroup.com\/wp-content\/uploads\/2021\/08\/Proyecto-eL-Salvador-Grupo-Arquero-scaled.jpg","contentUrl":"https:\/\/www.enerlandgroup.com\/wp-content\/uploads\/2021\/08\/Proyecto-eL-Salvador-Grupo-Arquero-scaled.jpg","width":2560,"height":958},{"@type":"BreadcrumbList","@id":"https:\/\/www.enerlandgroup.com\/es\/comienzan-las-obras-de-grupo-arquero\/#breadcrumb","itemListElement":[{"@type":"ListItem","position":1,"name":"Inicio","item":"https:\/\/www.enerlandgroup.com\/es\/"},{"@type":"ListItem","position":2,"name":"Comienzan las obras de Grupo Arquero"}]},{"@type":"WebSite","@id":"https:\/\/www.enerlandgroup.com\/es\/#website","url":"https:\/\/www.enerlandgroup.com\/es\/","name":"Enerland Energ\u00eda Renovable","description":"","publisher":{"@id":"https:\/\/www.enerlandgroup.com\/es\/#organization"},"potentialAction":[{"@type":"SearchAction","target":{"@type":"EntryPoint","urlTemplate":"https:\/\/www.enerlandgroup.com\/es\/?s={search_term_string}"},"query-input":{"@type":"PropertyValueSpecification","valueRequired":true,"valueName":"search_term_string"}}],"inLanguage":"es"},{"@type":"Organization","@id":"https:\/\/www.enerlandgroup.com\/es\/#organization","name":"Enerland Group","url":"https:\/\/www.enerlandgroup.com\/es\/","logo":{"@type":"ImageObject","inLanguage":"es","@id":"https:\/\/www.enerlandgroup.com\/es\/#\/schema\/logo\/image\/","url":"https:\/\/www.enerlandgroup.com\/wp-content\/uploads\/2021\/05\/Logo_Enerland.png","contentUrl":"https:\/\/www.enerlandgroup.com\/wp-content\/uploads\/2021\/05\/Logo_Enerland.png","width":184,"height":43,"caption":"Enerland Group"},"image":{"@id":"https:\/\/www.enerlandgroup.com\/es\/#\/schema\/logo\/image\/"},"sameAs":["https:\/\/www.linkedin.com\/company\/enerland-group\/","https:\/\/www.youtube.com\/channel\/UCjdInbThgaPa2_D34vRChmA"]},{"@type":"Person","@id":"https:\/\/www.enerlandgroup.com\/es\/#\/schema\/person\/d842c1aed4fef077270deb261453486c","name":"Pilar","image":{"@type":"ImageObject","inLanguage":"es","@id":"https:\/\/secure.gravatar.com\/avatar\/3e6e1323210dee16f137d8ab0ce7231001529459c2f5b2e4ec20c72d1fd442dc?s=96&d=mm&r=g","url":"https:\/\/secure.gravatar.com\/avatar\/3e6e1323210dee16f137d8ab0ce7231001529459c2f5b2e4ec20c72d1fd442dc?s=96&d=mm&r=g","contentUrl":"https:\/\/secure.gravatar.com\/avatar\/3e6e1323210dee16f137d8ab0ce7231001529459c2f5b2e4ec20c72d1fd442dc?s=96&d=mm&r=g","caption":"Pilar"},"url":"https:\/\/www.enerlandgroup.com\/es\/author\/enerland\/"}]}},"jetpack_featured_media_url":"https:\/\/www.enerlandgroup.com\/wp-content\/uploads\/2021\/08\/Proyecto-eL-Salvador-Grupo-Arquero-scaled.jpg","_links":{"self":[{"href":"https:\/\/www.enerlandgroup.com\/es\/wp-json\/wp\/v2\/posts\/6371","targetHints":{"allow":["GET"]}}],"collection":[{"href":"https:\/\/www.enerlandgroup.com\/es\/wp-json\/wp\/v2\/posts"}],"about":[{"href":"https:\/\/www.enerlandgroup.com\/es\/wp-json\/wp\/v2\/types\/post"}],"author":[{"embeddable":true,"href":"https:\/\/www.enerlandgroup.com\/es\/wp-json\/wp\/v2\/users\/4"}],"replies":[{"embeddable":true,"href":"https:\/\/www.enerlandgroup.com\/es\/wp-json\/wp\/v2\/comments?post=6371"}],"version-history":[{"count":5,"href":"https:\/\/www.enerlandgroup.com\/es\/wp-json\/wp\/v2\/posts\/6371\/revisions"}],"predecessor-version":[{"id":6396,"href":"https:\/\/www.enerlandgroup.com\/es\/wp-json\/wp\/v2\/posts\/6371\/revisions\/6396"}],"wp:featuredmedia":[{"embeddable":true,"href":"https:\/\/www.enerlandgroup.com\/es\/wp-json\/wp\/v2\/media\/6385"}],"wp:attachment":[{"href":"https:\/\/www.enerlandgroup.com\/es\/wp-json\/wp\/v2\/media?parent=6371"}],"wp:term":[{"taxonomy":"category","embeddable":true,"href":"https:\/\/www.enerlandgroup.com\/es\/wp-json\/wp\/v2\/categories?post=6371"},{"taxonomy":"post_tag","embeddable":true,"href":"https:\/\/www.enerlandgroup.com\/es\/wp-json\/wp\/v2\/tags?post=6371"}],"curies":[{"name":"wp","href":"https:\/\/api.w.org\/{rel}","templated":true}]}}