{"id":6365,"date":"2015-04-06T09:52:14","date_gmt":"2015-04-06T07:52:14","guid":{"rendered":"http:\/\/www.enerlandgroup.com\/?p=6365"},"modified":"2021-08-24T13:22:59","modified_gmt":"2021-08-24T11:22:59","slug":"nuevos-parques-solares-en-el-salvador","status":"publish","type":"post","link":"https:\/\/www.enerlandgroup.com\/es\/nuevos-parques-solares-en-el-salvador\/","title":{"rendered":"Nuevos parques solares en El Salvador"},"content":{"rendered":"<h2>Comenzamos la construcci\u00f3n de los nuevos parques solares en El Salvador.<\/h2>\n<p>Hace unos meses anunci\u00e1bamos la <a href=\"https:\/\/www.enerlandgroup.com\/primer-parque-fotovoltaico-de-el-salvador\/\">primera conexi\u00f3n de un parque fotovoltaico<\/a> instalado en el suelo en El Salvador. Hoy, siguiendo la agenda establecida, celebramos el comienzo de la construcci\u00f3n de los nuevos parques solares de Enerland en El Salvador.<\/p>\n<p>La compa\u00f1\u00eda cuenta con la adjudicaci\u00f3n de seis proyectos para desarrollar y construir en el pa\u00eds centroamericano. Tras finalizar la<a href=\"https:\/\/www.enerlandgroup.com\/proyecto\/grupo-arquero\/\"> primera planta fotovoltaica<\/a>, en el mes de marzo de este mismo a\u00f1o, continuamos con la ejecuci\u00f3n de los dem\u00e1s proyectos.<\/p>\n<p>Los dos nuevos parques PVGen y Grupo Roca, adjudicados a trav\u00e9s de la<a href=\"https:\/\/www.sc.gob.sv\/index.php\/project\/opinion-sobre-licitacion-no-caess-clp-rnv-001-2013-relacionada-a-la-adjudicacion-del-bloque-reservado-a-usuarios-auto-productores-renovables-sc-002-s-oc-r-2015\/\"> licitaci\u00f3n CAESS-CLP-RNV-001-2013<\/a> se encuentran situados en la provincia de Zacatecoluca en el departamento de La Paz. Conectar\u00e1n una potencia de 2.8MW a la red el\u00e9ctrica y comenzar\u00e1n a estar operativos a mediados de este a\u00f1o. Adem\u00e1s, estas instalaciones realizadas sobre suelo, contar\u00e1n con estructuras de m\u00f3dulos fotovoltaicos con seguidores a un eje y generar\u00e1n una energ\u00eda media m\u00e1s de 6.300 MWh. Gracias a estas estructuras, mejoraremos la captaci\u00f3n de radiaci\u00f3n solar y conseguiremos un mayor rendimiento de la planta solar fotovoltaica.<\/p>\n<p>Por otra parte, la ejecuci\u00f3n tanto del proyecto PVGen como del Grupo Roca, se han firmado contratos bajo la modalidad \u00abllaves en mano\u00bb tambi\u00e9n conocidos como \u00abEPC\u00bb.<\/p>\n<h3><\/h3>\n<h3>Enerland crece a buen ritmo<\/h3>\n<p>Hace menos de un a\u00f1o, Enerland opera en el pa\u00eds centroamericano a trav\u00e9s de su filial. Durante este tiempo, la compa\u00f1\u00eda ha crecido a buen ritmo. Tal es as\u00ed que para finales de este a\u00f1o 2015, se espera que los 6 proyectos que tenemos adjudicados en el pa\u00eds est\u00e9n operativos. Por otra parte, continuamos nuestra expansi\u00f3n por el continente. Con estos proyectos, ya ser\u00e1n 9 las plantas ejecutadas en Am\u00e9rica.<\/p>\n<p>Si bien en la actualidad \u00fanicamente estamos presentes en M\u00e9xico y El Salvador, continuamos estudiando el potencial de los dem\u00e1s pa\u00edses para seguir nuestro plan de expansi\u00f3n.<\/p>\n<p>&nbsp;<\/p>\n","protected":false},"excerpt":{"rendered":"<p>Comenzamos la construcci\u00f3n de los nuevos parques solares en El Salvador. Hace unos meses<\/p>\n","protected":false},"author":4,"featured_media":6366,"comment_status":"open","ping_status":"open","sticky":false,"template":"","format":"standard","meta":{"_et_pb_use_builder":"","_et_pb_old_content":"","_et_gb_content_width":"","footnotes":""},"categories":[22],"tags":[83,82],"class_list":["post-6365","post","type-post","status-publish","format-standard","has-post-thumbnail","hentry","category-proyectos-realizados","tag-el-salvador","tag-proyectos"],"yoast_head":"<!-- This site is optimized with the Yoast SEO plugin v27.4 - https:\/\/yoast.com\/product\/yoast-seo-wordpress\/ -->\n<title>Nuevos parques solares en El Salvador - Enerland Energ\u00eda Renovable<\/title>\n<meta name=\"description\" content=\"Presentamos nuestros dos nuevos parques solares en El Salvador. Estas plantas fotovoltaicas conectar\u00e1n 2,8MW a la red el\u00e9ctrica.\" \/>\n<meta name=\"robots\" content=\"index, follow, max-snippet:-1, max-image-preview:large, max-video-preview:-1\" \/>\n<link rel=\"canonical\" href=\"https:\/\/www.enerlandgroup.com\/es\/nuevos-parques-solares-en-el-salvador\/\" \/>\n<meta property=\"og:locale\" content=\"es_ES\" \/>\n<meta property=\"og:type\" content=\"article\" \/>\n<meta property=\"og:title\" content=\"Nuevos parques solares en El Salvador - Enerland Energ\u00eda Renovable\" \/>\n<meta property=\"og:description\" content=\"Presentamos nuestros dos nuevos parques solares en El Salvador. Estas plantas fotovoltaicas conectar\u00e1n 2,8MW a la red el\u00e9ctrica.\" \/>\n<meta property=\"og:url\" content=\"https:\/\/www.enerlandgroup.com\/es\/nuevos-parques-solares-en-el-salvador\/\" \/>\n<meta property=\"og:site_name\" content=\"Enerland Energ\u00eda Renovable\" \/>\n<meta property=\"article:published_time\" content=\"2015-04-06T07:52:14+00:00\" \/>\n<meta property=\"article:modified_time\" content=\"2021-08-24T11:22:59+00:00\" \/>\n<meta property=\"og:image\" content=\"https:\/\/www.enerlandgroup.com\/wp-content\/uploads\/2021\/08\/Proyecto-eL-Salvador-PVGEN-Grupo-Roca-scaled.jpg\" \/>\n\t<meta property=\"og:image:width\" content=\"2560\" \/>\n\t<meta property=\"og:image:height\" content=\"958\" \/>\n\t<meta property=\"og:image:type\" content=\"image\/jpeg\" \/>\n<meta name=\"author\" content=\"Pilar\" \/>\n<meta name=\"twitter:card\" content=\"summary_large_image\" \/>\n<script type=\"application\/ld+json\" class=\"yoast-schema-graph\">{\"@context\":\"https:\\\/\\\/schema.org\",\"@graph\":[{\"@type\":\"Article\",\"@id\":\"https:\\\/\\\/www.enerlandgroup.com\\\/es\\\/nuevos-parques-solares-en-el-salvador\\\/#article\",\"isPartOf\":{\"@id\":\"https:\\\/\\\/www.enerlandgroup.com\\\/es\\\/nuevos-parques-solares-en-el-salvador\\\/\"},\"author\":{\"name\":\"Pilar\",\"@id\":\"https:\\\/\\\/www.enerlandgroup.com\\\/es\\\/#\\\/schema\\\/person\\\/d842c1aed4fef077270deb261453486c\"},\"headline\":\"Nuevos parques solares en El Salvador\",\"datePublished\":\"2015-04-06T07:52:14+00:00\",\"dateModified\":\"2021-08-24T11:22:59+00:00\",\"mainEntityOfPage\":{\"@id\":\"https:\\\/\\\/www.enerlandgroup.com\\\/es\\\/nuevos-parques-solares-en-el-salvador\\\/\"},\"wordCount\":357,\"commentCount\":0,\"publisher\":{\"@id\":\"https:\\\/\\\/www.enerlandgroup.com\\\/es\\\/#organization\"},\"image\":{\"@id\":\"https:\\\/\\\/www.enerlandgroup.com\\\/es\\\/nuevos-parques-solares-en-el-salvador\\\/#primaryimage\"},\"thumbnailUrl\":\"https:\\\/\\\/www.enerlandgroup.com\\\/wp-content\\\/uploads\\\/2021\\\/08\\\/Proyecto-eL-Salvador-PVGEN-Grupo-Roca-scaled.jpg\",\"keywords\":[\"El Salvador\",\"proyectos\"],\"articleSection\":[\"Proyectos Realizados\"],\"inLanguage\":\"es\",\"potentialAction\":[{\"@type\":\"CommentAction\",\"name\":\"Comment\",\"target\":[\"https:\\\/\\\/www.enerlandgroup.com\\\/es\\\/nuevos-parques-solares-en-el-salvador\\\/#respond\"]}]},{\"@type\":[\"WebPage\",\"ItemPage\"],\"@id\":\"https:\\\/\\\/www.enerlandgroup.com\\\/es\\\/nuevos-parques-solares-en-el-salvador\\\/\",\"url\":\"https:\\\/\\\/www.enerlandgroup.com\\\/es\\\/nuevos-parques-solares-en-el-salvador\\\/\",\"name\":\"Nuevos parques solares en El Salvador - Enerland Energ\u00eda Renovable\",\"isPartOf\":{\"@id\":\"https:\\\/\\\/www.enerlandgroup.com\\\/es\\\/#website\"},\"primaryImageOfPage\":{\"@id\":\"https:\\\/\\\/www.enerlandgroup.com\\\/es\\\/nuevos-parques-solares-en-el-salvador\\\/#primaryimage\"},\"image\":{\"@id\":\"https:\\\/\\\/www.enerlandgroup.com\\\/es\\\/nuevos-parques-solares-en-el-salvador\\\/#primaryimage\"},\"thumbnailUrl\":\"https:\\\/\\\/www.enerlandgroup.com\\\/wp-content\\\/uploads\\\/2021\\\/08\\\/Proyecto-eL-Salvador-PVGEN-Grupo-Roca-scaled.jpg\",\"datePublished\":\"2015-04-06T07:52:14+00:00\",\"dateModified\":\"2021-08-24T11:22:59+00:00\",\"description\":\"Presentamos nuestros dos nuevos parques solares en El Salvador. Estas plantas fotovoltaicas conectar\u00e1n 2,8MW a la red el\u00e9ctrica.\",\"breadcrumb\":{\"@id\":\"https:\\\/\\\/www.enerlandgroup.com\\\/es\\\/nuevos-parques-solares-en-el-salvador\\\/#breadcrumb\"},\"inLanguage\":\"es\",\"potentialAction\":[{\"@type\":\"ReadAction\",\"target\":[\"https:\\\/\\\/www.enerlandgroup.com\\\/es\\\/nuevos-parques-solares-en-el-salvador\\\/\"]}]},{\"@type\":\"ImageObject\",\"inLanguage\":\"es\",\"@id\":\"https:\\\/\\\/www.enerlandgroup.com\\\/es\\\/nuevos-parques-solares-en-el-salvador\\\/#primaryimage\",\"url\":\"https:\\\/\\\/www.enerlandgroup.com\\\/wp-content\\\/uploads\\\/2021\\\/08\\\/Proyecto-eL-Salvador-PVGEN-Grupo-Roca-scaled.jpg\",\"contentUrl\":\"https:\\\/\\\/www.enerlandgroup.com\\\/wp-content\\\/uploads\\\/2021\\\/08\\\/Proyecto-eL-Salvador-PVGEN-Grupo-Roca-scaled.jpg\",\"width\":2560,\"height\":958},{\"@type\":\"BreadcrumbList\",\"@id\":\"https:\\\/\\\/www.enerlandgroup.com\\\/es\\\/nuevos-parques-solares-en-el-salvador\\\/#breadcrumb\",\"itemListElement\":[{\"@type\":\"ListItem\",\"position\":1,\"name\":\"Inicio\",\"item\":\"https:\\\/\\\/www.enerlandgroup.com\\\/es\\\/\"},{\"@type\":\"ListItem\",\"position\":2,\"name\":\"Nuevos parques solares en El Salvador\"}]},{\"@type\":\"WebSite\",\"@id\":\"https:\\\/\\\/www.enerlandgroup.com\\\/es\\\/#website\",\"url\":\"https:\\\/\\\/www.enerlandgroup.com\\\/es\\\/\",\"name\":\"Enerland Energ\u00eda Renovable\",\"description\":\"\",\"publisher\":{\"@id\":\"https:\\\/\\\/www.enerlandgroup.com\\\/es\\\/#organization\"},\"potentialAction\":[{\"@type\":\"SearchAction\",\"target\":{\"@type\":\"EntryPoint\",\"urlTemplate\":\"https:\\\/\\\/www.enerlandgroup.com\\\/es\\\/?s={search_term_string}\"},\"query-input\":{\"@type\":\"PropertyValueSpecification\",\"valueRequired\":true,\"valueName\":\"search_term_string\"}}],\"inLanguage\":\"es\"},{\"@type\":\"Organization\",\"@id\":\"https:\\\/\\\/www.enerlandgroup.com\\\/es\\\/#organization\",\"name\":\"Enerland Group\",\"url\":\"https:\\\/\\\/www.enerlandgroup.com\\\/es\\\/\",\"logo\":{\"@type\":\"ImageObject\",\"inLanguage\":\"es\",\"@id\":\"https:\\\/\\\/www.enerlandgroup.com\\\/es\\\/#\\\/schema\\\/logo\\\/image\\\/\",\"url\":\"https:\\\/\\\/www.enerlandgroup.com\\\/wp-content\\\/uploads\\\/2021\\\/05\\\/Logo_Enerland.png\",\"contentUrl\":\"https:\\\/\\\/www.enerlandgroup.com\\\/wp-content\\\/uploads\\\/2021\\\/05\\\/Logo_Enerland.png\",\"width\":184,\"height\":43,\"caption\":\"Enerland Group\"},\"image\":{\"@id\":\"https:\\\/\\\/www.enerlandgroup.com\\\/es\\\/#\\\/schema\\\/logo\\\/image\\\/\"},\"sameAs\":[\"https:\\\/\\\/www.linkedin.com\\\/company\\\/enerland-group\\\/\",\"https:\\\/\\\/www.youtube.com\\\/channel\\\/UCjdInbThgaPa2_D34vRChmA\"]},{\"@type\":\"Person\",\"@id\":\"https:\\\/\\\/www.enerlandgroup.com\\\/es\\\/#\\\/schema\\\/person\\\/d842c1aed4fef077270deb261453486c\",\"name\":\"Pilar\",\"image\":{\"@type\":\"ImageObject\",\"inLanguage\":\"es\",\"@id\":\"https:\\\/\\\/secure.gravatar.com\\\/avatar\\\/3e6e1323210dee16f137d8ab0ce7231001529459c2f5b2e4ec20c72d1fd442dc?s=96&d=mm&r=g\",\"url\":\"https:\\\/\\\/secure.gravatar.com\\\/avatar\\\/3e6e1323210dee16f137d8ab0ce7231001529459c2f5b2e4ec20c72d1fd442dc?s=96&d=mm&r=g\",\"contentUrl\":\"https:\\\/\\\/secure.gravatar.com\\\/avatar\\\/3e6e1323210dee16f137d8ab0ce7231001529459c2f5b2e4ec20c72d1fd442dc?s=96&d=mm&r=g\",\"caption\":\"Pilar\"},\"url\":\"https:\\\/\\\/www.enerlandgroup.com\\\/es\\\/author\\\/enerland\\\/\"}]}<\/script>\n<!-- \/ Yoast SEO plugin. -->","yoast_head_json":{"title":"Nuevos parques solares en El Salvador - Enerland Energ\u00eda Renovable","description":"Presentamos nuestros dos nuevos parques solares en El Salvador. Estas plantas fotovoltaicas conectar\u00e1n 2,8MW a la red el\u00e9ctrica.","robots":{"index":"index","follow":"follow","max-snippet":"max-snippet:-1","max-image-preview":"max-image-preview:large","max-video-preview":"max-video-preview:-1"},"canonical":"https:\/\/www.enerlandgroup.com\/es\/nuevos-parques-solares-en-el-salvador\/","og_locale":"es_ES","og_type":"article","og_title":"Nuevos parques solares en El Salvador - Enerland Energ\u00eda Renovable","og_description":"Presentamos nuestros dos nuevos parques solares en El Salvador. Estas plantas fotovoltaicas conectar\u00e1n 2,8MW a la red el\u00e9ctrica.","og_url":"https:\/\/www.enerlandgroup.com\/es\/nuevos-parques-solares-en-el-salvador\/","og_site_name":"Enerland Energ\u00eda Renovable","article_published_time":"2015-04-06T07:52:14+00:00","article_modified_time":"2021-08-24T11:22:59+00:00","og_image":[{"width":2560,"height":958,"url":"https:\/\/www.enerlandgroup.com\/wp-content\/uploads\/2021\/08\/Proyecto-eL-Salvador-PVGEN-Grupo-Roca-scaled.jpg","type":"image\/jpeg"}],"author":"Pilar","twitter_card":"summary_large_image","schema":{"@context":"https:\/\/schema.org","@graph":[{"@type":"Article","@id":"https:\/\/www.enerlandgroup.com\/es\/nuevos-parques-solares-en-el-salvador\/#article","isPartOf":{"@id":"https:\/\/www.enerlandgroup.com\/es\/nuevos-parques-solares-en-el-salvador\/"},"author":{"name":"Pilar","@id":"https:\/\/www.enerlandgroup.com\/es\/#\/schema\/person\/d842c1aed4fef077270deb261453486c"},"headline":"Nuevos parques solares en El Salvador","datePublished":"2015-04-06T07:52:14+00:00","dateModified":"2021-08-24T11:22:59+00:00","mainEntityOfPage":{"@id":"https:\/\/www.enerlandgroup.com\/es\/nuevos-parques-solares-en-el-salvador\/"},"wordCount":357,"commentCount":0,"publisher":{"@id":"https:\/\/www.enerlandgroup.com\/es\/#organization"},"image":{"@id":"https:\/\/www.enerlandgroup.com\/es\/nuevos-parques-solares-en-el-salvador\/#primaryimage"},"thumbnailUrl":"https:\/\/www.enerlandgroup.com\/wp-content\/uploads\/2021\/08\/Proyecto-eL-Salvador-PVGEN-Grupo-Roca-scaled.jpg","keywords":["El Salvador","proyectos"],"articleSection":["Proyectos Realizados"],"inLanguage":"es","potentialAction":[{"@type":"CommentAction","name":"Comment","target":["https:\/\/www.enerlandgroup.com\/es\/nuevos-parques-solares-en-el-salvador\/#respond"]}]},{"@type":["WebPage","ItemPage"],"@id":"https:\/\/www.enerlandgroup.com\/es\/nuevos-parques-solares-en-el-salvador\/","url":"https:\/\/www.enerlandgroup.com\/es\/nuevos-parques-solares-en-el-salvador\/","name":"Nuevos parques solares en El Salvador - Enerland Energ\u00eda Renovable","isPartOf":{"@id":"https:\/\/www.enerlandgroup.com\/es\/#website"},"primaryImageOfPage":{"@id":"https:\/\/www.enerlandgroup.com\/es\/nuevos-parques-solares-en-el-salvador\/#primaryimage"},"image":{"@id":"https:\/\/www.enerlandgroup.com\/es\/nuevos-parques-solares-en-el-salvador\/#primaryimage"},"thumbnailUrl":"https:\/\/www.enerlandgroup.com\/wp-content\/uploads\/2021\/08\/Proyecto-eL-Salvador-PVGEN-Grupo-Roca-scaled.jpg","datePublished":"2015-04-06T07:52:14+00:00","dateModified":"2021-08-24T11:22:59+00:00","description":"Presentamos nuestros dos nuevos parques solares en El Salvador. Estas plantas fotovoltaicas conectar\u00e1n 2,8MW a la red el\u00e9ctrica.","breadcrumb":{"@id":"https:\/\/www.enerlandgroup.com\/es\/nuevos-parques-solares-en-el-salvador\/#breadcrumb"},"inLanguage":"es","potentialAction":[{"@type":"ReadAction","target":["https:\/\/www.enerlandgroup.com\/es\/nuevos-parques-solares-en-el-salvador\/"]}]},{"@type":"ImageObject","inLanguage":"es","@id":"https:\/\/www.enerlandgroup.com\/es\/nuevos-parques-solares-en-el-salvador\/#primaryimage","url":"https:\/\/www.enerlandgroup.com\/wp-content\/uploads\/2021\/08\/Proyecto-eL-Salvador-PVGEN-Grupo-Roca-scaled.jpg","contentUrl":"https:\/\/www.enerlandgroup.com\/wp-content\/uploads\/2021\/08\/Proyecto-eL-Salvador-PVGEN-Grupo-Roca-scaled.jpg","width":2560,"height":958},{"@type":"BreadcrumbList","@id":"https:\/\/www.enerlandgroup.com\/es\/nuevos-parques-solares-en-el-salvador\/#breadcrumb","itemListElement":[{"@type":"ListItem","position":1,"name":"Inicio","item":"https:\/\/www.enerlandgroup.com\/es\/"},{"@type":"ListItem","position":2,"name":"Nuevos parques solares en El Salvador"}]},{"@type":"WebSite","@id":"https:\/\/www.enerlandgroup.com\/es\/#website","url":"https:\/\/www.enerlandgroup.com\/es\/","name":"Enerland Energ\u00eda Renovable","description":"","publisher":{"@id":"https:\/\/www.enerlandgroup.com\/es\/#organization"},"potentialAction":[{"@type":"SearchAction","target":{"@type":"EntryPoint","urlTemplate":"https:\/\/www.enerlandgroup.com\/es\/?s={search_term_string}"},"query-input":{"@type":"PropertyValueSpecification","valueRequired":true,"valueName":"search_term_string"}}],"inLanguage":"es"},{"@type":"Organization","@id":"https:\/\/www.enerlandgroup.com\/es\/#organization","name":"Enerland Group","url":"https:\/\/www.enerlandgroup.com\/es\/","logo":{"@type":"ImageObject","inLanguage":"es","@id":"https:\/\/www.enerlandgroup.com\/es\/#\/schema\/logo\/image\/","url":"https:\/\/www.enerlandgroup.com\/wp-content\/uploads\/2021\/05\/Logo_Enerland.png","contentUrl":"https:\/\/www.enerlandgroup.com\/wp-content\/uploads\/2021\/05\/Logo_Enerland.png","width":184,"height":43,"caption":"Enerland Group"},"image":{"@id":"https:\/\/www.enerlandgroup.com\/es\/#\/schema\/logo\/image\/"},"sameAs":["https:\/\/www.linkedin.com\/company\/enerland-group\/","https:\/\/www.youtube.com\/channel\/UCjdInbThgaPa2_D34vRChmA"]},{"@type":"Person","@id":"https:\/\/www.enerlandgroup.com\/es\/#\/schema\/person\/d842c1aed4fef077270deb261453486c","name":"Pilar","image":{"@type":"ImageObject","inLanguage":"es","@id":"https:\/\/secure.gravatar.com\/avatar\/3e6e1323210dee16f137d8ab0ce7231001529459c2f5b2e4ec20c72d1fd442dc?s=96&d=mm&r=g","url":"https:\/\/secure.gravatar.com\/avatar\/3e6e1323210dee16f137d8ab0ce7231001529459c2f5b2e4ec20c72d1fd442dc?s=96&d=mm&r=g","contentUrl":"https:\/\/secure.gravatar.com\/avatar\/3e6e1323210dee16f137d8ab0ce7231001529459c2f5b2e4ec20c72d1fd442dc?s=96&d=mm&r=g","caption":"Pilar"},"url":"https:\/\/www.enerlandgroup.com\/es\/author\/enerland\/"}]}},"jetpack_featured_media_url":"https:\/\/www.enerlandgroup.com\/wp-content\/uploads\/2021\/08\/Proyecto-eL-Salvador-PVGEN-Grupo-Roca-scaled.jpg","_links":{"self":[{"href":"https:\/\/www.enerlandgroup.com\/es\/wp-json\/wp\/v2\/posts\/6365","targetHints":{"allow":["GET"]}}],"collection":[{"href":"https:\/\/www.enerlandgroup.com\/es\/wp-json\/wp\/v2\/posts"}],"about":[{"href":"https:\/\/www.enerlandgroup.com\/es\/wp-json\/wp\/v2\/types\/post"}],"author":[{"embeddable":true,"href":"https:\/\/www.enerlandgroup.com\/es\/wp-json\/wp\/v2\/users\/4"}],"replies":[{"embeddable":true,"href":"https:\/\/www.enerlandgroup.com\/es\/wp-json\/wp\/v2\/comments?post=6365"}],"version-history":[{"count":2,"href":"https:\/\/www.enerlandgroup.com\/es\/wp-json\/wp\/v2\/posts\/6365\/revisions"}],"predecessor-version":[{"id":6391,"href":"https:\/\/www.enerlandgroup.com\/es\/wp-json\/wp\/v2\/posts\/6365\/revisions\/6391"}],"wp:featuredmedia":[{"embeddable":true,"href":"https:\/\/www.enerlandgroup.com\/es\/wp-json\/wp\/v2\/media\/6366"}],"wp:attachment":[{"href":"https:\/\/www.enerlandgroup.com\/es\/wp-json\/wp\/v2\/media?parent=6365"}],"wp:term":[{"taxonomy":"category","embeddable":true,"href":"https:\/\/www.enerlandgroup.com\/es\/wp-json\/wp\/v2\/categories?post=6365"},{"taxonomy":"post_tag","embeddable":true,"href":"https:\/\/www.enerlandgroup.com\/es\/wp-json\/wp\/v2\/tags?post=6365"}],"curies":[{"name":"wp","href":"https:\/\/api.w.org\/{rel}","templated":true}]}}