{"id":6360,"date":"2015-07-19T17:50:38","date_gmt":"2015-07-19T15:50:38","guid":{"rendered":"http:\/\/www.enerlandgroup.com\/?p=6360"},"modified":"2021-08-24T13:56:07","modified_gmt":"2021-08-24T11:56:07","slug":"finalizan-dos-nuevos-proyectos","status":"publish","type":"post","link":"https:\/\/www.enerlandgroup.com\/es\/finalizan-dos-nuevos-proyectos\/","title":{"rendered":"Finalizan dos nuevos proyectos"},"content":{"rendered":"<h2>Anunciamos que finalizan dos nuevos proyectos de Enerland en El Salvador. PV Gen y Grupo Roca ya han comenzado su puesta en marcha.<\/h2>\n<p>&nbsp;<\/p>\n<p>En <a href=\"https:\/\/www.enerlandgroup.com\/nuevos-parques-solares-en-el-salvador\/\">abril de este mismo a\u00f1o<\/a> comenz\u00f3 la ejecuci\u00f3n del conjunto de parques <a href=\"https:\/\/www.youtube.com\/watch?v=qpsuvCUMf0E\">PV Gen y Grupo Roca.<\/a> Hoy, 19 de Julio anunciamos que finalizan los dos nuevos proyectos de Enerland en El Salvador.<\/p>\n<p>Estos <a href=\"https:\/\/www.enerlandgroup.com\/proyecto\/pvgengrupo-roca\/\">dos parques fotovoltaicos<\/a> conectar\u00e1n a la red el\u00e9ctrica del pa\u00eds una potencia de 2.8MW. Siguiendo los planes del <a href=\"https:\/\/www.irena.org\/-\/media\/Files\/IRENA\/Agency\/Publication\/2013\/Overview_Renewable-Power-Generation-Costs-in-2012.pdf?la=en&amp;hash=AD59C4928EE8CBC1418A5C3AD7B04EB63AAF8A86\">Gobierno<\/a> enfocados a modernizar la red energ\u00e9tica y acercarla a aquellos lugares que por su ubicaci\u00f3n no tienen acceso a ella, esta planta genera la energ\u00eda equivalente al consumo de m\u00e1s de 2.100 hogares.<\/p>\n<p>La generaci\u00f3n de energ\u00eda solar fotovoltaica, evita la emisi\u00f3n de toneladas de gases contaminantes a la atm\u00f3sfera. Esto permite contribuir a una transici\u00f3n energ\u00e9tica hacia un futuro sostenible y posicionar a El Salvador como uno de los pa\u00edses l\u00edderes en cuanto a sostenibilidad. Con estos dos proyectos, el pa\u00eds evitar\u00e1 la emisi\u00f3n de m\u00e1s de 3.090 toneladas de CO2 a la atmosfera.<\/p>\n<p>&nbsp;<\/p>\n<h3>Enerland apuesta por el futuro<\/h3>\n<p>Tras la finalizaci\u00f3n de estos dos parques, Enerland continua trabajando para el futuro. Seguir\u00e1 realizando la operaci\u00f3n y mantenimiento de los mismos para asegurar siempre el m\u00e1ximo rendimiento y la optimizaci\u00f3n de los mismos. Por otra parte, continuamos con el desarrollo de los dem\u00e1s proyectos adjudicados en el pa\u00eds. Nuestro objetivo: que todos est\u00e9n operativos antes de que finalice el a\u00f1o.<\/p>\n<p>De igual forma, la compa\u00f1\u00eda continua su trabajo por el resto del mundo. Con una gran cartera de proyectos adjudicados y en desarrollo, seguimos apostando por la transici\u00f3n hacia una energ\u00eda renovable, limpia y fotovoltaica.<\/p>\n<p><img loading=\"lazy\" decoding=\"async\" class=\"size-full wp-image-6393 aligncenter\" src=\"https:\/\/www.enerlandgroup.com\/wp-content\/uploads\/2015\/07\/El_Salvador_PVGEN_Grupo_Roca-14.jpeg\" alt=\"finalizan dos nuevos proyectos de Enerland\" width=\"1280\" height=\"960\" srcset=\"https:\/\/www.enerlandgroup.com\/wp-content\/uploads\/2015\/07\/El_Salvador_PVGEN_Grupo_Roca-14.jpeg 1280w, https:\/\/www.enerlandgroup.com\/wp-content\/uploads\/2015\/07\/El_Salvador_PVGEN_Grupo_Roca-14-980x735.jpeg 980w, https:\/\/www.enerlandgroup.com\/wp-content\/uploads\/2015\/07\/El_Salvador_PVGEN_Grupo_Roca-14-480x360.jpeg 480w\" sizes=\"auto, (min-width: 0px) and (max-width: 480px) 480px, (min-width: 481px) and (max-width: 980px) 980px, (min-width: 981px) 1280px, 100vw\" \/><\/p>\n<p>&nbsp;<\/p>\n<p>&nbsp;<\/p>\n","protected":false},"excerpt":{"rendered":"<p>Anunciamos que finalizan dos nuevos proyectos de Enerland en El Salvador. PV Gen y<\/p>\n","protected":false},"author":4,"featured_media":0,"comment_status":"open","ping_status":"open","sticky":false,"template":"","format":"standard","meta":{"_et_pb_use_builder":"","_et_pb_old_content":"","_et_gb_content_width":"","footnotes":""},"categories":[22],"tags":[83,80,82],"class_list":["post-6360","post","type-post","status-publish","format-standard","hentry","category-proyectos-realizados","tag-el-salvador","tag-proyecto-finalizado","tag-proyectos"],"yoast_head":"<!-- This site is optimized with the Yoast SEO plugin v27.4 - https:\/\/yoast.com\/product\/yoast-seo-wordpress\/ -->\n<title>Finalizan dos nuevos proyectos - Enerland Energ\u00eda Renovable<\/title>\n<meta name=\"description\" content=\"Anunciamos que finalizan dos nuevos proyectos de Enerland en El Salvador. Los dos proyectos conectar\u00e1n 2.8MW a la red el\u00e9ctrica.\" \/>\n<meta name=\"robots\" content=\"index, follow, max-snippet:-1, max-image-preview:large, max-video-preview:-1\" \/>\n<link rel=\"canonical\" href=\"https:\/\/www.enerlandgroup.com\/es\/finalizan-dos-nuevos-proyectos\/\" \/>\n<meta property=\"og:locale\" content=\"es_ES\" \/>\n<meta property=\"og:type\" content=\"article\" \/>\n<meta property=\"og:title\" content=\"Finalizan dos nuevos proyectos - Enerland Energ\u00eda Renovable\" \/>\n<meta property=\"og:description\" content=\"Anunciamos que finalizan dos nuevos proyectos de Enerland en El Salvador. Los dos proyectos conectar\u00e1n 2.8MW a la red el\u00e9ctrica.\" \/>\n<meta property=\"og:url\" content=\"https:\/\/www.enerlandgroup.com\/es\/finalizan-dos-nuevos-proyectos\/\" \/>\n<meta property=\"og:site_name\" content=\"Enerland Energ\u00eda Renovable\" \/>\n<meta property=\"article:published_time\" content=\"2015-07-19T15:50:38+00:00\" \/>\n<meta property=\"article:modified_time\" content=\"2021-08-24T11:56:07+00:00\" \/>\n<meta property=\"og:image\" content=\"https:\/\/www.enerlandgroup.com\/wp-content\/uploads\/2015\/07\/El_Salvador_PVGEN_Grupo_Roca-14.jpeg\" \/>\n<meta name=\"author\" content=\"Pilar\" \/>\n<meta name=\"twitter:card\" content=\"summary_large_image\" \/>\n<script type=\"application\/ld+json\" class=\"yoast-schema-graph\">{\"@context\":\"https:\\\/\\\/schema.org\",\"@graph\":[{\"@type\":\"Article\",\"@id\":\"https:\\\/\\\/www.enerlandgroup.com\\\/es\\\/finalizan-dos-nuevos-proyectos\\\/#article\",\"isPartOf\":{\"@id\":\"https:\\\/\\\/www.enerlandgroup.com\\\/es\\\/finalizan-dos-nuevos-proyectos\\\/\"},\"author\":{\"name\":\"Pilar\",\"@id\":\"https:\\\/\\\/www.enerlandgroup.com\\\/es\\\/#\\\/schema\\\/person\\\/d842c1aed4fef077270deb261453486c\"},\"headline\":\"Finalizan dos nuevos proyectos\",\"datePublished\":\"2015-07-19T15:50:38+00:00\",\"dateModified\":\"2021-08-24T11:56:07+00:00\",\"mainEntityOfPage\":{\"@id\":\"https:\\\/\\\/www.enerlandgroup.com\\\/es\\\/finalizan-dos-nuevos-proyectos\\\/\"},\"wordCount\":309,\"commentCount\":0,\"publisher\":{\"@id\":\"https:\\\/\\\/www.enerlandgroup.com\\\/es\\\/#organization\"},\"image\":{\"@id\":\"https:\\\/\\\/www.enerlandgroup.com\\\/es\\\/finalizan-dos-nuevos-proyectos\\\/#primaryimage\"},\"thumbnailUrl\":\"https:\\\/\\\/www.enerlandgroup.com\\\/wp-content\\\/uploads\\\/2015\\\/07\\\/El_Salvador_PVGEN_Grupo_Roca-14.jpeg\",\"keywords\":[\"El Salvador\",\"proyecto finalizado\",\"proyectos\"],\"articleSection\":[\"Proyectos Realizados\"],\"inLanguage\":\"es\",\"potentialAction\":[{\"@type\":\"CommentAction\",\"name\":\"Comment\",\"target\":[\"https:\\\/\\\/www.enerlandgroup.com\\\/es\\\/finalizan-dos-nuevos-proyectos\\\/#respond\"]}]},{\"@type\":[\"WebPage\",\"ItemPage\"],\"@id\":\"https:\\\/\\\/www.enerlandgroup.com\\\/es\\\/finalizan-dos-nuevos-proyectos\\\/\",\"url\":\"https:\\\/\\\/www.enerlandgroup.com\\\/es\\\/finalizan-dos-nuevos-proyectos\\\/\",\"name\":\"Finalizan dos nuevos proyectos - Enerland Energ\u00eda Renovable\",\"isPartOf\":{\"@id\":\"https:\\\/\\\/www.enerlandgroup.com\\\/es\\\/#website\"},\"primaryImageOfPage\":{\"@id\":\"https:\\\/\\\/www.enerlandgroup.com\\\/es\\\/finalizan-dos-nuevos-proyectos\\\/#primaryimage\"},\"image\":{\"@id\":\"https:\\\/\\\/www.enerlandgroup.com\\\/es\\\/finalizan-dos-nuevos-proyectos\\\/#primaryimage\"},\"thumbnailUrl\":\"https:\\\/\\\/www.enerlandgroup.com\\\/wp-content\\\/uploads\\\/2015\\\/07\\\/El_Salvador_PVGEN_Grupo_Roca-14.jpeg\",\"datePublished\":\"2015-07-19T15:50:38+00:00\",\"dateModified\":\"2021-08-24T11:56:07+00:00\",\"description\":\"Anunciamos que finalizan dos nuevos proyectos de Enerland en El Salvador. Los dos proyectos conectar\u00e1n 2.8MW a la red el\u00e9ctrica.\",\"breadcrumb\":{\"@id\":\"https:\\\/\\\/www.enerlandgroup.com\\\/es\\\/finalizan-dos-nuevos-proyectos\\\/#breadcrumb\"},\"inLanguage\":\"es\",\"potentialAction\":[{\"@type\":\"ReadAction\",\"target\":[\"https:\\\/\\\/www.enerlandgroup.com\\\/es\\\/finalizan-dos-nuevos-proyectos\\\/\"]}]},{\"@type\":\"ImageObject\",\"inLanguage\":\"es\",\"@id\":\"https:\\\/\\\/www.enerlandgroup.com\\\/es\\\/finalizan-dos-nuevos-proyectos\\\/#primaryimage\",\"url\":\"https:\\\/\\\/www.enerlandgroup.com\\\/wp-content\\\/uploads\\\/2015\\\/07\\\/El_Salvador_PVGEN_Grupo_Roca-14.jpeg\",\"contentUrl\":\"https:\\\/\\\/www.enerlandgroup.com\\\/wp-content\\\/uploads\\\/2015\\\/07\\\/El_Salvador_PVGEN_Grupo_Roca-14.jpeg\"},{\"@type\":\"BreadcrumbList\",\"@id\":\"https:\\\/\\\/www.enerlandgroup.com\\\/es\\\/finalizan-dos-nuevos-proyectos\\\/#breadcrumb\",\"itemListElement\":[{\"@type\":\"ListItem\",\"position\":1,\"name\":\"Inicio\",\"item\":\"https:\\\/\\\/www.enerlandgroup.com\\\/es\\\/\"},{\"@type\":\"ListItem\",\"position\":2,\"name\":\"Finalizan dos nuevos proyectos\"}]},{\"@type\":\"WebSite\",\"@id\":\"https:\\\/\\\/www.enerlandgroup.com\\\/es\\\/#website\",\"url\":\"https:\\\/\\\/www.enerlandgroup.com\\\/es\\\/\",\"name\":\"Enerland Energ\u00eda Renovable\",\"description\":\"\",\"publisher\":{\"@id\":\"https:\\\/\\\/www.enerlandgroup.com\\\/es\\\/#organization\"},\"potentialAction\":[{\"@type\":\"SearchAction\",\"target\":{\"@type\":\"EntryPoint\",\"urlTemplate\":\"https:\\\/\\\/www.enerlandgroup.com\\\/es\\\/?s={search_term_string}\"},\"query-input\":{\"@type\":\"PropertyValueSpecification\",\"valueRequired\":true,\"valueName\":\"search_term_string\"}}],\"inLanguage\":\"es\"},{\"@type\":\"Organization\",\"@id\":\"https:\\\/\\\/www.enerlandgroup.com\\\/es\\\/#organization\",\"name\":\"Enerland Group\",\"url\":\"https:\\\/\\\/www.enerlandgroup.com\\\/es\\\/\",\"logo\":{\"@type\":\"ImageObject\",\"inLanguage\":\"es\",\"@id\":\"https:\\\/\\\/www.enerlandgroup.com\\\/es\\\/#\\\/schema\\\/logo\\\/image\\\/\",\"url\":\"https:\\\/\\\/www.enerlandgroup.com\\\/wp-content\\\/uploads\\\/2021\\\/05\\\/Logo_Enerland.png\",\"contentUrl\":\"https:\\\/\\\/www.enerlandgroup.com\\\/wp-content\\\/uploads\\\/2021\\\/05\\\/Logo_Enerland.png\",\"width\":184,\"height\":43,\"caption\":\"Enerland Group\"},\"image\":{\"@id\":\"https:\\\/\\\/www.enerlandgroup.com\\\/es\\\/#\\\/schema\\\/logo\\\/image\\\/\"},\"sameAs\":[\"https:\\\/\\\/www.linkedin.com\\\/company\\\/enerland-group\\\/\",\"https:\\\/\\\/www.youtube.com\\\/channel\\\/UCjdInbThgaPa2_D34vRChmA\"]},{\"@type\":\"Person\",\"@id\":\"https:\\\/\\\/www.enerlandgroup.com\\\/es\\\/#\\\/schema\\\/person\\\/d842c1aed4fef077270deb261453486c\",\"name\":\"Pilar\",\"image\":{\"@type\":\"ImageObject\",\"inLanguage\":\"es\",\"@id\":\"https:\\\/\\\/secure.gravatar.com\\\/avatar\\\/3e6e1323210dee16f137d8ab0ce7231001529459c2f5b2e4ec20c72d1fd442dc?s=96&d=mm&r=g\",\"url\":\"https:\\\/\\\/secure.gravatar.com\\\/avatar\\\/3e6e1323210dee16f137d8ab0ce7231001529459c2f5b2e4ec20c72d1fd442dc?s=96&d=mm&r=g\",\"contentUrl\":\"https:\\\/\\\/secure.gravatar.com\\\/avatar\\\/3e6e1323210dee16f137d8ab0ce7231001529459c2f5b2e4ec20c72d1fd442dc?s=96&d=mm&r=g\",\"caption\":\"Pilar\"},\"url\":\"https:\\\/\\\/www.enerlandgroup.com\\\/es\\\/author\\\/enerland\\\/\"}]}<\/script>\n<!-- \/ Yoast SEO plugin. -->","yoast_head_json":{"title":"Finalizan dos nuevos proyectos - Enerland Energ\u00eda Renovable","description":"Anunciamos que finalizan dos nuevos proyectos de Enerland en El Salvador. Los dos proyectos conectar\u00e1n 2.8MW a la red el\u00e9ctrica.","robots":{"index":"index","follow":"follow","max-snippet":"max-snippet:-1","max-image-preview":"max-image-preview:large","max-video-preview":"max-video-preview:-1"},"canonical":"https:\/\/www.enerlandgroup.com\/es\/finalizan-dos-nuevos-proyectos\/","og_locale":"es_ES","og_type":"article","og_title":"Finalizan dos nuevos proyectos - Enerland Energ\u00eda Renovable","og_description":"Anunciamos que finalizan dos nuevos proyectos de Enerland en El Salvador. Los dos proyectos conectar\u00e1n 2.8MW a la red el\u00e9ctrica.","og_url":"https:\/\/www.enerlandgroup.com\/es\/finalizan-dos-nuevos-proyectos\/","og_site_name":"Enerland Energ\u00eda Renovable","article_published_time":"2015-07-19T15:50:38+00:00","article_modified_time":"2021-08-24T11:56:07+00:00","og_image":[{"url":"https:\/\/www.enerlandgroup.com\/wp-content\/uploads\/2015\/07\/El_Salvador_PVGEN_Grupo_Roca-14.jpeg","type":"","width":"","height":""}],"author":"Pilar","twitter_card":"summary_large_image","schema":{"@context":"https:\/\/schema.org","@graph":[{"@type":"Article","@id":"https:\/\/www.enerlandgroup.com\/es\/finalizan-dos-nuevos-proyectos\/#article","isPartOf":{"@id":"https:\/\/www.enerlandgroup.com\/es\/finalizan-dos-nuevos-proyectos\/"},"author":{"name":"Pilar","@id":"https:\/\/www.enerlandgroup.com\/es\/#\/schema\/person\/d842c1aed4fef077270deb261453486c"},"headline":"Finalizan dos nuevos proyectos","datePublished":"2015-07-19T15:50:38+00:00","dateModified":"2021-08-24T11:56:07+00:00","mainEntityOfPage":{"@id":"https:\/\/www.enerlandgroup.com\/es\/finalizan-dos-nuevos-proyectos\/"},"wordCount":309,"commentCount":0,"publisher":{"@id":"https:\/\/www.enerlandgroup.com\/es\/#organization"},"image":{"@id":"https:\/\/www.enerlandgroup.com\/es\/finalizan-dos-nuevos-proyectos\/#primaryimage"},"thumbnailUrl":"https:\/\/www.enerlandgroup.com\/wp-content\/uploads\/2015\/07\/El_Salvador_PVGEN_Grupo_Roca-14.jpeg","keywords":["El Salvador","proyecto finalizado","proyectos"],"articleSection":["Proyectos Realizados"],"inLanguage":"es","potentialAction":[{"@type":"CommentAction","name":"Comment","target":["https:\/\/www.enerlandgroup.com\/es\/finalizan-dos-nuevos-proyectos\/#respond"]}]},{"@type":["WebPage","ItemPage"],"@id":"https:\/\/www.enerlandgroup.com\/es\/finalizan-dos-nuevos-proyectos\/","url":"https:\/\/www.enerlandgroup.com\/es\/finalizan-dos-nuevos-proyectos\/","name":"Finalizan dos nuevos proyectos - Enerland Energ\u00eda Renovable","isPartOf":{"@id":"https:\/\/www.enerlandgroup.com\/es\/#website"},"primaryImageOfPage":{"@id":"https:\/\/www.enerlandgroup.com\/es\/finalizan-dos-nuevos-proyectos\/#primaryimage"},"image":{"@id":"https:\/\/www.enerlandgroup.com\/es\/finalizan-dos-nuevos-proyectos\/#primaryimage"},"thumbnailUrl":"https:\/\/www.enerlandgroup.com\/wp-content\/uploads\/2015\/07\/El_Salvador_PVGEN_Grupo_Roca-14.jpeg","datePublished":"2015-07-19T15:50:38+00:00","dateModified":"2021-08-24T11:56:07+00:00","description":"Anunciamos que finalizan dos nuevos proyectos de Enerland en El Salvador. Los dos proyectos conectar\u00e1n 2.8MW a la red el\u00e9ctrica.","breadcrumb":{"@id":"https:\/\/www.enerlandgroup.com\/es\/finalizan-dos-nuevos-proyectos\/#breadcrumb"},"inLanguage":"es","potentialAction":[{"@type":"ReadAction","target":["https:\/\/www.enerlandgroup.com\/es\/finalizan-dos-nuevos-proyectos\/"]}]},{"@type":"ImageObject","inLanguage":"es","@id":"https:\/\/www.enerlandgroup.com\/es\/finalizan-dos-nuevos-proyectos\/#primaryimage","url":"https:\/\/www.enerlandgroup.com\/wp-content\/uploads\/2015\/07\/El_Salvador_PVGEN_Grupo_Roca-14.jpeg","contentUrl":"https:\/\/www.enerlandgroup.com\/wp-content\/uploads\/2015\/07\/El_Salvador_PVGEN_Grupo_Roca-14.jpeg"},{"@type":"BreadcrumbList","@id":"https:\/\/www.enerlandgroup.com\/es\/finalizan-dos-nuevos-proyectos\/#breadcrumb","itemListElement":[{"@type":"ListItem","position":1,"name":"Inicio","item":"https:\/\/www.enerlandgroup.com\/es\/"},{"@type":"ListItem","position":2,"name":"Finalizan dos nuevos proyectos"}]},{"@type":"WebSite","@id":"https:\/\/www.enerlandgroup.com\/es\/#website","url":"https:\/\/www.enerlandgroup.com\/es\/","name":"Enerland Energ\u00eda Renovable","description":"","publisher":{"@id":"https:\/\/www.enerlandgroup.com\/es\/#organization"},"potentialAction":[{"@type":"SearchAction","target":{"@type":"EntryPoint","urlTemplate":"https:\/\/www.enerlandgroup.com\/es\/?s={search_term_string}"},"query-input":{"@type":"PropertyValueSpecification","valueRequired":true,"valueName":"search_term_string"}}],"inLanguage":"es"},{"@type":"Organization","@id":"https:\/\/www.enerlandgroup.com\/es\/#organization","name":"Enerland Group","url":"https:\/\/www.enerlandgroup.com\/es\/","logo":{"@type":"ImageObject","inLanguage":"es","@id":"https:\/\/www.enerlandgroup.com\/es\/#\/schema\/logo\/image\/","url":"https:\/\/www.enerlandgroup.com\/wp-content\/uploads\/2021\/05\/Logo_Enerland.png","contentUrl":"https:\/\/www.enerlandgroup.com\/wp-content\/uploads\/2021\/05\/Logo_Enerland.png","width":184,"height":43,"caption":"Enerland Group"},"image":{"@id":"https:\/\/www.enerlandgroup.com\/es\/#\/schema\/logo\/image\/"},"sameAs":["https:\/\/www.linkedin.com\/company\/enerland-group\/","https:\/\/www.youtube.com\/channel\/UCjdInbThgaPa2_D34vRChmA"]},{"@type":"Person","@id":"https:\/\/www.enerlandgroup.com\/es\/#\/schema\/person\/d842c1aed4fef077270deb261453486c","name":"Pilar","image":{"@type":"ImageObject","inLanguage":"es","@id":"https:\/\/secure.gravatar.com\/avatar\/3e6e1323210dee16f137d8ab0ce7231001529459c2f5b2e4ec20c72d1fd442dc?s=96&d=mm&r=g","url":"https:\/\/secure.gravatar.com\/avatar\/3e6e1323210dee16f137d8ab0ce7231001529459c2f5b2e4ec20c72d1fd442dc?s=96&d=mm&r=g","contentUrl":"https:\/\/secure.gravatar.com\/avatar\/3e6e1323210dee16f137d8ab0ce7231001529459c2f5b2e4ec20c72d1fd442dc?s=96&d=mm&r=g","caption":"Pilar"},"url":"https:\/\/www.enerlandgroup.com\/es\/author\/enerland\/"}]}},"jetpack_featured_media_url":"","_links":{"self":[{"href":"https:\/\/www.enerlandgroup.com\/es\/wp-json\/wp\/v2\/posts\/6360","targetHints":{"allow":["GET"]}}],"collection":[{"href":"https:\/\/www.enerlandgroup.com\/es\/wp-json\/wp\/v2\/posts"}],"about":[{"href":"https:\/\/www.enerlandgroup.com\/es\/wp-json\/wp\/v2\/types\/post"}],"author":[{"embeddable":true,"href":"https:\/\/www.enerlandgroup.com\/es\/wp-json\/wp\/v2\/users\/4"}],"replies":[{"embeddable":true,"href":"https:\/\/www.enerlandgroup.com\/es\/wp-json\/wp\/v2\/comments?post=6360"}],"version-history":[{"count":2,"href":"https:\/\/www.enerlandgroup.com\/es\/wp-json\/wp\/v2\/posts\/6360\/revisions"}],"predecessor-version":[{"id":6395,"href":"https:\/\/www.enerlandgroup.com\/es\/wp-json\/wp\/v2\/posts\/6360\/revisions\/6395"}],"wp:attachment":[{"href":"https:\/\/www.enerlandgroup.com\/es\/wp-json\/wp\/v2\/media?parent=6360"}],"wp:term":[{"taxonomy":"category","embeddable":true,"href":"https:\/\/www.enerlandgroup.com\/es\/wp-json\/wp\/v2\/categories?post=6360"},{"taxonomy":"post_tag","embeddable":true,"href":"https:\/\/www.enerlandgroup.com\/es\/wp-json\/wp\/v2\/tags?post=6360"}],"curies":[{"name":"wp","href":"https:\/\/api.w.org\/{rel}","templated":true}]}}