{"id":6351,"date":"2015-03-24T16:40:35","date_gmt":"2015-03-24T15:40:35","guid":{"rendered":"http:\/\/www.enerlandgroup.com\/?p=6351"},"modified":"2021-11-26T08:51:37","modified_gmt":"2021-11-26T07:51:37","slug":"primer-parque-fotovoltaico-de-el-salvador","status":"publish","type":"post","link":"https:\/\/www.enerlandgroup.com\/es\/primer-parque-fotovoltaico-de-el-salvador\/","title":{"rendered":"Primer parque fotovoltaico de El Salvador"},"content":{"rendered":"<h2>Enerland conecta el primer parque fotovoltaico de El Salvador. Tras meses de ejecuci\u00f3n, presentamos el Proyecto Solar Grupo Arquero.<\/h2>\n<p>&nbsp;<\/p>\n<p>Enerland llega a Centroam\u00e9rica con grandes proyectos en su cartera y un ambicioso plan de expansi\u00f3n. Hoy presentamos nuestro primer hito en el pa\u00eds: l<strong>a compa\u00f1\u00eda espa\u00f1ola conecta el primer parque fotovoltaico de El Salvador<\/strong>. Este parque ser\u00e1 el primero instalado sobre suelo y cuenta con una estructura de seguidor a un eje en horizontal.<\/p>\n<p>Despu\u00e9s de varios meses de ejecuci\u00f3n, el 10 de marzo,<a href=\"https:\/\/www.enerlandgroup.com\/proyecto\/grupo-arquero\/\"> el proyecto solar Grupo<\/a> <a href=\"https:\/\/grupoarquero.com\/\">Arquero <\/a>comenz\u00f3 su puesta en marcha. Desde entonces, la planta fotovoltaica conecta una potencia de 1.438,2 kWp a la red el\u00e9ctrica.<\/p>\n<p>2015 se plantea como un gran a\u00f1o para Enerland. Tras crear la primera filial en El Salvador, a la compa\u00f1\u00eda se le han adjudicado 6 proyectos m\u00e1s bajo la modalidad \u00abllaves en mano\u00bb. A lo largo de este ejercicio, todos estar\u00e1n conectados y generando energ\u00eda sostenible para la red el\u00e9ctrica. Celebramos estos logros y esperamos seguir trabajando para el desarrollo de la transici\u00f3n energ\u00e9tica del pa\u00eds.<\/p>\n<h2><img loading=\"lazy\" decoding=\"async\" class=\"alignnone size-full wp-image-6354\" src=\"https:\/\/www.enerlandgroup.com\/wp-content\/uploads\/2015\/03\/El_Salvador_Grupo_Arquero-13-scaled.jpg\" alt=\"Primer parque fotovoltaico de El Salvador conectado por Enerland\" width=\"2560\" height=\"1440\" srcset=\"https:\/\/www.enerlandgroup.com\/wp-content\/uploads\/2015\/03\/El_Salvador_Grupo_Arquero-13-scaled.jpg 2560w, https:\/\/www.enerlandgroup.com\/wp-content\/uploads\/2015\/03\/El_Salvador_Grupo_Arquero-13-1280x720.jpg 1280w, https:\/\/www.enerlandgroup.com\/wp-content\/uploads\/2015\/03\/El_Salvador_Grupo_Arquero-13-980x551.jpg 980w, https:\/\/www.enerlandgroup.com\/wp-content\/uploads\/2015\/03\/El_Salvador_Grupo_Arquero-13-480x270.jpg 480w\" sizes=\"auto, (min-width: 0px) and (max-width: 480px) 480px, (min-width: 481px) and (max-width: 980px) 980px, (min-width: 981px) and (max-width: 1280px) 1280px, (min-width: 1281px) 2560px, 100vw\" \/><\/h2>\n<p>&nbsp;<\/p>\n<h3>Enerland en Centroam\u00e9rica.<\/h3>\n<p>La compa\u00f1\u00eda espa\u00f1ola se encuentra fuertemente arraigada en Centroam\u00e9rica. Fue en 2012 cuando Enerland decidi\u00f3 apostar por este mercado. Tras a\u00f1os operando y ejecutando plantas fotovoltaicas con \u00e9xito en M\u00e9xico, este a\u00f1o decidi\u00f3 crear su nueva filial en El Salvador. Desde entonces, la empresa se posiciona como l\u00edder en plantas de generaci\u00f3n fotovoltaica en el pa\u00eds ya que\u00a0cuenta con m\u00e1s del 80% de la cuota de mercado.<\/p>\n<p>Poniendo la vista en el futuro, Enerland a finales de 2015 contar\u00e1 con 7 plantas fotovoltaicas operativas en El Salvador y un total de 9 en Centroam\u00e9rica. Esperamos poder seguir creciendo por el continente y contribuyendo al desarrollo de la energ\u00eda renovable solar en todo el mundo.<\/p>\n<p>Trabajamos por el futuro y por conseguir una vida sostenible.<\/p>\n","protected":false},"excerpt":{"rendered":"<p>Enerland conecta el primer parque fotovoltaico de El Salvador. Tras meses de ejecuci\u00f3n, presentamos<\/p>\n","protected":false},"author":4,"featured_media":6353,"comment_status":"open","ping_status":"open","sticky":false,"template":"","format":"standard","meta":{"_et_pb_use_builder":"","_et_pb_old_content":"","_et_gb_content_width":"","footnotes":""},"categories":[22],"tags":[83,78,80],"class_list":["post-6351","post","type-post","status-publish","format-standard","has-post-thumbnail","hentry","category-proyectos-realizados","tag-el-salvador","tag-proyecto","tag-proyecto-finalizado"],"yoast_head":"<!-- This site is optimized with the Yoast SEO plugin v27.4 - https:\/\/yoast.com\/product\/yoast-seo-wordpress\/ -->\n<title>Primer parque fotovoltaico de El Salvador - Enerland Energ\u00eda Renovable<\/title>\n<meta name=\"description\" content=\"Enerland conecta el primer parque fotovoltaico de El Salvador. Con una potencia de 1,438 kWp, comenz\u00f3 su puesta en marcha el 10 de marzo.\" \/>\n<meta name=\"robots\" content=\"index, follow, max-snippet:-1, max-image-preview:large, max-video-preview:-1\" \/>\n<link rel=\"canonical\" href=\"https:\/\/www.enerlandgroup.com\/es\/primer-parque-fotovoltaico-de-el-salvador\/\" \/>\n<meta property=\"og:locale\" content=\"es_ES\" \/>\n<meta property=\"og:type\" content=\"article\" \/>\n<meta property=\"og:title\" content=\"Primer parque fotovoltaico de El Salvador - Enerland Energ\u00eda Renovable\" \/>\n<meta property=\"og:description\" content=\"Enerland conecta el primer parque fotovoltaico de El Salvador. Con una potencia de 1,438 kWp, comenz\u00f3 su puesta en marcha el 10 de marzo.\" \/>\n<meta property=\"og:url\" content=\"https:\/\/www.enerlandgroup.com\/es\/primer-parque-fotovoltaico-de-el-salvador\/\" \/>\n<meta property=\"og:site_name\" content=\"Enerland Energ\u00eda Renovable\" \/>\n<meta property=\"article:published_time\" content=\"2015-03-24T15:40:35+00:00\" \/>\n<meta property=\"article:modified_time\" content=\"2021-11-26T07:51:37+00:00\" \/>\n<meta property=\"og:image\" content=\"https:\/\/www.enerlandgroup.com\/wp-content\/uploads\/2015\/03\/Imagen_noticia_Proyecto_GrupoArquero_SV.V1.jpg\" \/>\n\t<meta property=\"og:image:width\" content=\"1293\" \/>\n\t<meta property=\"og:image:height\" content=\"486\" \/>\n\t<meta property=\"og:image:type\" content=\"image\/jpeg\" \/>\n<meta name=\"author\" content=\"Pilar\" \/>\n<meta name=\"twitter:card\" content=\"summary_large_image\" \/>\n<script type=\"application\/ld+json\" class=\"yoast-schema-graph\">{\"@context\":\"https:\\\/\\\/schema.org\",\"@graph\":[{\"@type\":\"Article\",\"@id\":\"https:\\\/\\\/www.enerlandgroup.com\\\/es\\\/primer-parque-fotovoltaico-de-el-salvador\\\/#article\",\"isPartOf\":{\"@id\":\"https:\\\/\\\/www.enerlandgroup.com\\\/es\\\/primer-parque-fotovoltaico-de-el-salvador\\\/\"},\"author\":{\"name\":\"Pilar\",\"@id\":\"https:\\\/\\\/www.enerlandgroup.com\\\/es\\\/#\\\/schema\\\/person\\\/d842c1aed4fef077270deb261453486c\"},\"headline\":\"Primer parque fotovoltaico de El Salvador\",\"datePublished\":\"2015-03-24T15:40:35+00:00\",\"dateModified\":\"2021-11-26T07:51:37+00:00\",\"mainEntityOfPage\":{\"@id\":\"https:\\\/\\\/www.enerlandgroup.com\\\/es\\\/primer-parque-fotovoltaico-de-el-salvador\\\/\"},\"wordCount\":333,\"commentCount\":0,\"publisher\":{\"@id\":\"https:\\\/\\\/www.enerlandgroup.com\\\/es\\\/#organization\"},\"image\":{\"@id\":\"https:\\\/\\\/www.enerlandgroup.com\\\/es\\\/primer-parque-fotovoltaico-de-el-salvador\\\/#primaryimage\"},\"thumbnailUrl\":\"https:\\\/\\\/www.enerlandgroup.com\\\/wp-content\\\/uploads\\\/2015\\\/03\\\/Imagen_noticia_Proyecto_GrupoArquero_SV.V1.jpg\",\"keywords\":[\"El Salvador\",\"proyecto\",\"proyecto finalizado\"],\"articleSection\":[\"Proyectos Realizados\"],\"inLanguage\":\"es\",\"potentialAction\":[{\"@type\":\"CommentAction\",\"name\":\"Comment\",\"target\":[\"https:\\\/\\\/www.enerlandgroup.com\\\/es\\\/primer-parque-fotovoltaico-de-el-salvador\\\/#respond\"]}]},{\"@type\":[\"WebPage\",\"ItemPage\"],\"@id\":\"https:\\\/\\\/www.enerlandgroup.com\\\/es\\\/primer-parque-fotovoltaico-de-el-salvador\\\/\",\"url\":\"https:\\\/\\\/www.enerlandgroup.com\\\/es\\\/primer-parque-fotovoltaico-de-el-salvador\\\/\",\"name\":\"Primer parque fotovoltaico de El Salvador - Enerland Energ\u00eda Renovable\",\"isPartOf\":{\"@id\":\"https:\\\/\\\/www.enerlandgroup.com\\\/es\\\/#website\"},\"primaryImageOfPage\":{\"@id\":\"https:\\\/\\\/www.enerlandgroup.com\\\/es\\\/primer-parque-fotovoltaico-de-el-salvador\\\/#primaryimage\"},\"image\":{\"@id\":\"https:\\\/\\\/www.enerlandgroup.com\\\/es\\\/primer-parque-fotovoltaico-de-el-salvador\\\/#primaryimage\"},\"thumbnailUrl\":\"https:\\\/\\\/www.enerlandgroup.com\\\/wp-content\\\/uploads\\\/2015\\\/03\\\/Imagen_noticia_Proyecto_GrupoArquero_SV.V1.jpg\",\"datePublished\":\"2015-03-24T15:40:35+00:00\",\"dateModified\":\"2021-11-26T07:51:37+00:00\",\"description\":\"Enerland conecta el primer parque fotovoltaico de El Salvador. Con una potencia de 1,438 kWp, comenz\u00f3 su puesta en marcha el 10 de marzo.\",\"breadcrumb\":{\"@id\":\"https:\\\/\\\/www.enerlandgroup.com\\\/es\\\/primer-parque-fotovoltaico-de-el-salvador\\\/#breadcrumb\"},\"inLanguage\":\"es\",\"potentialAction\":[{\"@type\":\"ReadAction\",\"target\":[\"https:\\\/\\\/www.enerlandgroup.com\\\/es\\\/primer-parque-fotovoltaico-de-el-salvador\\\/\"]}]},{\"@type\":\"ImageObject\",\"inLanguage\":\"es\",\"@id\":\"https:\\\/\\\/www.enerlandgroup.com\\\/es\\\/primer-parque-fotovoltaico-de-el-salvador\\\/#primaryimage\",\"url\":\"https:\\\/\\\/www.enerlandgroup.com\\\/wp-content\\\/uploads\\\/2015\\\/03\\\/Imagen_noticia_Proyecto_GrupoArquero_SV.V1.jpg\",\"contentUrl\":\"https:\\\/\\\/www.enerlandgroup.com\\\/wp-content\\\/uploads\\\/2015\\\/03\\\/Imagen_noticia_Proyecto_GrupoArquero_SV.V1.jpg\",\"width\":1293,\"height\":486},{\"@type\":\"BreadcrumbList\",\"@id\":\"https:\\\/\\\/www.enerlandgroup.com\\\/es\\\/primer-parque-fotovoltaico-de-el-salvador\\\/#breadcrumb\",\"itemListElement\":[{\"@type\":\"ListItem\",\"position\":1,\"name\":\"Inicio\",\"item\":\"https:\\\/\\\/www.enerlandgroup.com\\\/es\\\/\"},{\"@type\":\"ListItem\",\"position\":2,\"name\":\"Primer parque fotovoltaico de El Salvador\"}]},{\"@type\":\"WebSite\",\"@id\":\"https:\\\/\\\/www.enerlandgroup.com\\\/es\\\/#website\",\"url\":\"https:\\\/\\\/www.enerlandgroup.com\\\/es\\\/\",\"name\":\"Enerland Energ\u00eda Renovable\",\"description\":\"\",\"publisher\":{\"@id\":\"https:\\\/\\\/www.enerlandgroup.com\\\/es\\\/#organization\"},\"potentialAction\":[{\"@type\":\"SearchAction\",\"target\":{\"@type\":\"EntryPoint\",\"urlTemplate\":\"https:\\\/\\\/www.enerlandgroup.com\\\/es\\\/?s={search_term_string}\"},\"query-input\":{\"@type\":\"PropertyValueSpecification\",\"valueRequired\":true,\"valueName\":\"search_term_string\"}}],\"inLanguage\":\"es\"},{\"@type\":\"Organization\",\"@id\":\"https:\\\/\\\/www.enerlandgroup.com\\\/es\\\/#organization\",\"name\":\"Enerland Group\",\"url\":\"https:\\\/\\\/www.enerlandgroup.com\\\/es\\\/\",\"logo\":{\"@type\":\"ImageObject\",\"inLanguage\":\"es\",\"@id\":\"https:\\\/\\\/www.enerlandgroup.com\\\/es\\\/#\\\/schema\\\/logo\\\/image\\\/\",\"url\":\"https:\\\/\\\/www.enerlandgroup.com\\\/wp-content\\\/uploads\\\/2021\\\/05\\\/Logo_Enerland.png\",\"contentUrl\":\"https:\\\/\\\/www.enerlandgroup.com\\\/wp-content\\\/uploads\\\/2021\\\/05\\\/Logo_Enerland.png\",\"width\":184,\"height\":43,\"caption\":\"Enerland Group\"},\"image\":{\"@id\":\"https:\\\/\\\/www.enerlandgroup.com\\\/es\\\/#\\\/schema\\\/logo\\\/image\\\/\"},\"sameAs\":[\"https:\\\/\\\/www.linkedin.com\\\/company\\\/enerland-group\\\/\",\"https:\\\/\\\/www.youtube.com\\\/channel\\\/UCjdInbThgaPa2_D34vRChmA\"]},{\"@type\":\"Person\",\"@id\":\"https:\\\/\\\/www.enerlandgroup.com\\\/es\\\/#\\\/schema\\\/person\\\/d842c1aed4fef077270deb261453486c\",\"name\":\"Pilar\",\"image\":{\"@type\":\"ImageObject\",\"inLanguage\":\"es\",\"@id\":\"https:\\\/\\\/secure.gravatar.com\\\/avatar\\\/3e6e1323210dee16f137d8ab0ce7231001529459c2f5b2e4ec20c72d1fd442dc?s=96&d=mm&r=g\",\"url\":\"https:\\\/\\\/secure.gravatar.com\\\/avatar\\\/3e6e1323210dee16f137d8ab0ce7231001529459c2f5b2e4ec20c72d1fd442dc?s=96&d=mm&r=g\",\"contentUrl\":\"https:\\\/\\\/secure.gravatar.com\\\/avatar\\\/3e6e1323210dee16f137d8ab0ce7231001529459c2f5b2e4ec20c72d1fd442dc?s=96&d=mm&r=g\",\"caption\":\"Pilar\"},\"url\":\"https:\\\/\\\/www.enerlandgroup.com\\\/es\\\/author\\\/enerland\\\/\"}]}<\/script>\n<!-- \/ Yoast SEO plugin. -->","yoast_head_json":{"title":"Primer parque fotovoltaico de El Salvador - Enerland Energ\u00eda Renovable","description":"Enerland conecta el primer parque fotovoltaico de El Salvador. Con una potencia de 1,438 kWp, comenz\u00f3 su puesta en marcha el 10 de marzo.","robots":{"index":"index","follow":"follow","max-snippet":"max-snippet:-1","max-image-preview":"max-image-preview:large","max-video-preview":"max-video-preview:-1"},"canonical":"https:\/\/www.enerlandgroup.com\/es\/primer-parque-fotovoltaico-de-el-salvador\/","og_locale":"es_ES","og_type":"article","og_title":"Primer parque fotovoltaico de El Salvador - Enerland Energ\u00eda Renovable","og_description":"Enerland conecta el primer parque fotovoltaico de El Salvador. Con una potencia de 1,438 kWp, comenz\u00f3 su puesta en marcha el 10 de marzo.","og_url":"https:\/\/www.enerlandgroup.com\/es\/primer-parque-fotovoltaico-de-el-salvador\/","og_site_name":"Enerland Energ\u00eda Renovable","article_published_time":"2015-03-24T15:40:35+00:00","article_modified_time":"2021-11-26T07:51:37+00:00","og_image":[{"width":1293,"height":486,"url":"https:\/\/www.enerlandgroup.com\/wp-content\/uploads\/2015\/03\/Imagen_noticia_Proyecto_GrupoArquero_SV.V1.jpg","type":"image\/jpeg"}],"author":"Pilar","twitter_card":"summary_large_image","schema":{"@context":"https:\/\/schema.org","@graph":[{"@type":"Article","@id":"https:\/\/www.enerlandgroup.com\/es\/primer-parque-fotovoltaico-de-el-salvador\/#article","isPartOf":{"@id":"https:\/\/www.enerlandgroup.com\/es\/primer-parque-fotovoltaico-de-el-salvador\/"},"author":{"name":"Pilar","@id":"https:\/\/www.enerlandgroup.com\/es\/#\/schema\/person\/d842c1aed4fef077270deb261453486c"},"headline":"Primer parque fotovoltaico de El Salvador","datePublished":"2015-03-24T15:40:35+00:00","dateModified":"2021-11-26T07:51:37+00:00","mainEntityOfPage":{"@id":"https:\/\/www.enerlandgroup.com\/es\/primer-parque-fotovoltaico-de-el-salvador\/"},"wordCount":333,"commentCount":0,"publisher":{"@id":"https:\/\/www.enerlandgroup.com\/es\/#organization"},"image":{"@id":"https:\/\/www.enerlandgroup.com\/es\/primer-parque-fotovoltaico-de-el-salvador\/#primaryimage"},"thumbnailUrl":"https:\/\/www.enerlandgroup.com\/wp-content\/uploads\/2015\/03\/Imagen_noticia_Proyecto_GrupoArquero_SV.V1.jpg","keywords":["El Salvador","proyecto","proyecto finalizado"],"articleSection":["Proyectos Realizados"],"inLanguage":"es","potentialAction":[{"@type":"CommentAction","name":"Comment","target":["https:\/\/www.enerlandgroup.com\/es\/primer-parque-fotovoltaico-de-el-salvador\/#respond"]}]},{"@type":["WebPage","ItemPage"],"@id":"https:\/\/www.enerlandgroup.com\/es\/primer-parque-fotovoltaico-de-el-salvador\/","url":"https:\/\/www.enerlandgroup.com\/es\/primer-parque-fotovoltaico-de-el-salvador\/","name":"Primer parque fotovoltaico de El Salvador - Enerland Energ\u00eda Renovable","isPartOf":{"@id":"https:\/\/www.enerlandgroup.com\/es\/#website"},"primaryImageOfPage":{"@id":"https:\/\/www.enerlandgroup.com\/es\/primer-parque-fotovoltaico-de-el-salvador\/#primaryimage"},"image":{"@id":"https:\/\/www.enerlandgroup.com\/es\/primer-parque-fotovoltaico-de-el-salvador\/#primaryimage"},"thumbnailUrl":"https:\/\/www.enerlandgroup.com\/wp-content\/uploads\/2015\/03\/Imagen_noticia_Proyecto_GrupoArquero_SV.V1.jpg","datePublished":"2015-03-24T15:40:35+00:00","dateModified":"2021-11-26T07:51:37+00:00","description":"Enerland conecta el primer parque fotovoltaico de El Salvador. Con una potencia de 1,438 kWp, comenz\u00f3 su puesta en marcha el 10 de marzo.","breadcrumb":{"@id":"https:\/\/www.enerlandgroup.com\/es\/primer-parque-fotovoltaico-de-el-salvador\/#breadcrumb"},"inLanguage":"es","potentialAction":[{"@type":"ReadAction","target":["https:\/\/www.enerlandgroup.com\/es\/primer-parque-fotovoltaico-de-el-salvador\/"]}]},{"@type":"ImageObject","inLanguage":"es","@id":"https:\/\/www.enerlandgroup.com\/es\/primer-parque-fotovoltaico-de-el-salvador\/#primaryimage","url":"https:\/\/www.enerlandgroup.com\/wp-content\/uploads\/2015\/03\/Imagen_noticia_Proyecto_GrupoArquero_SV.V1.jpg","contentUrl":"https:\/\/www.enerlandgroup.com\/wp-content\/uploads\/2015\/03\/Imagen_noticia_Proyecto_GrupoArquero_SV.V1.jpg","width":1293,"height":486},{"@type":"BreadcrumbList","@id":"https:\/\/www.enerlandgroup.com\/es\/primer-parque-fotovoltaico-de-el-salvador\/#breadcrumb","itemListElement":[{"@type":"ListItem","position":1,"name":"Inicio","item":"https:\/\/www.enerlandgroup.com\/es\/"},{"@type":"ListItem","position":2,"name":"Primer parque fotovoltaico de El Salvador"}]},{"@type":"WebSite","@id":"https:\/\/www.enerlandgroup.com\/es\/#website","url":"https:\/\/www.enerlandgroup.com\/es\/","name":"Enerland Energ\u00eda Renovable","description":"","publisher":{"@id":"https:\/\/www.enerlandgroup.com\/es\/#organization"},"potentialAction":[{"@type":"SearchAction","target":{"@type":"EntryPoint","urlTemplate":"https:\/\/www.enerlandgroup.com\/es\/?s={search_term_string}"},"query-input":{"@type":"PropertyValueSpecification","valueRequired":true,"valueName":"search_term_string"}}],"inLanguage":"es"},{"@type":"Organization","@id":"https:\/\/www.enerlandgroup.com\/es\/#organization","name":"Enerland Group","url":"https:\/\/www.enerlandgroup.com\/es\/","logo":{"@type":"ImageObject","inLanguage":"es","@id":"https:\/\/www.enerlandgroup.com\/es\/#\/schema\/logo\/image\/","url":"https:\/\/www.enerlandgroup.com\/wp-content\/uploads\/2021\/05\/Logo_Enerland.png","contentUrl":"https:\/\/www.enerlandgroup.com\/wp-content\/uploads\/2021\/05\/Logo_Enerland.png","width":184,"height":43,"caption":"Enerland Group"},"image":{"@id":"https:\/\/www.enerlandgroup.com\/es\/#\/schema\/logo\/image\/"},"sameAs":["https:\/\/www.linkedin.com\/company\/enerland-group\/","https:\/\/www.youtube.com\/channel\/UCjdInbThgaPa2_D34vRChmA"]},{"@type":"Person","@id":"https:\/\/www.enerlandgroup.com\/es\/#\/schema\/person\/d842c1aed4fef077270deb261453486c","name":"Pilar","image":{"@type":"ImageObject","inLanguage":"es","@id":"https:\/\/secure.gravatar.com\/avatar\/3e6e1323210dee16f137d8ab0ce7231001529459c2f5b2e4ec20c72d1fd442dc?s=96&d=mm&r=g","url":"https:\/\/secure.gravatar.com\/avatar\/3e6e1323210dee16f137d8ab0ce7231001529459c2f5b2e4ec20c72d1fd442dc?s=96&d=mm&r=g","contentUrl":"https:\/\/secure.gravatar.com\/avatar\/3e6e1323210dee16f137d8ab0ce7231001529459c2f5b2e4ec20c72d1fd442dc?s=96&d=mm&r=g","caption":"Pilar"},"url":"https:\/\/www.enerlandgroup.com\/es\/author\/enerland\/"}]}},"jetpack_featured_media_url":"https:\/\/www.enerlandgroup.com\/wp-content\/uploads\/2015\/03\/Imagen_noticia_Proyecto_GrupoArquero_SV.V1.jpg","_links":{"self":[{"href":"https:\/\/www.enerlandgroup.com\/es\/wp-json\/wp\/v2\/posts\/6351","targetHints":{"allow":["GET"]}}],"collection":[{"href":"https:\/\/www.enerlandgroup.com\/es\/wp-json\/wp\/v2\/posts"}],"about":[{"href":"https:\/\/www.enerlandgroup.com\/es\/wp-json\/wp\/v2\/types\/post"}],"author":[{"embeddable":true,"href":"https:\/\/www.enerlandgroup.com\/es\/wp-json\/wp\/v2\/users\/4"}],"replies":[{"embeddable":true,"href":"https:\/\/www.enerlandgroup.com\/es\/wp-json\/wp\/v2\/comments?post=6351"}],"version-history":[{"count":8,"href":"https:\/\/www.enerlandgroup.com\/es\/wp-json\/wp\/v2\/posts\/6351\/revisions"}],"predecessor-version":[{"id":6380,"href":"https:\/\/www.enerlandgroup.com\/es\/wp-json\/wp\/v2\/posts\/6351\/revisions\/6380"}],"wp:featuredmedia":[{"embeddable":true,"href":"https:\/\/www.enerlandgroup.com\/es\/wp-json\/wp\/v2\/media\/6353"}],"wp:attachment":[{"href":"https:\/\/www.enerlandgroup.com\/es\/wp-json\/wp\/v2\/media?parent=6351"}],"wp:term":[{"taxonomy":"category","embeddable":true,"href":"https:\/\/www.enerlandgroup.com\/es\/wp-json\/wp\/v2\/categories?post=6351"},{"taxonomy":"post_tag","embeddable":true,"href":"https:\/\/www.enerlandgroup.com\/es\/wp-json\/wp\/v2\/tags?post=6351"}],"curies":[{"name":"wp","href":"https:\/\/api.w.org\/{rel}","templated":true}]}}