{"id":6300,"date":"2014-11-26T10:46:55","date_gmt":"2014-11-26T09:46:55","guid":{"rendered":"http:\/\/www.enerlandgroup.com\/?p=6300"},"modified":"2021-08-17T11:54:06","modified_gmt":"2021-08-17T09:54:06","slug":"un-mercado-emergente-para-la-fotovoltaica","status":"publish","type":"post","link":"https:\/\/www.enerlandgroup.com\/es\/un-mercado-emergente-para-la-fotovoltaica\/","title":{"rendered":"Un mercado emergente para la fotovoltaica"},"content":{"rendered":"<h2>Centroam\u00e9rica, un mercado emergente para la fotovoltaica.<\/h2>\n<p><a href=\"https:\/\/www.enerlandgroup.com\/proyectos\/\">Enerland se expande por Centro-Am\u00e9rica<\/a>. Gracias a la adjudicaci\u00f3n de varios proyectos solares, la compa\u00f1\u00eda entra en un nuevo mercado emergente para el desarrollo de las infraestructuras energ\u00e9ticas. Entramos en El Salvador.<\/p>\n<p>A trav\u00e9s de la participaci\u00f3n en licitaciones, el total de los proyectos adjudicados a Enerland en este pa\u00eds es de 5.75 MWp.<\/p>\n<p>&nbsp;<\/p>\n<h3>Transici\u00f3n energ\u00e9tica en El Salvador<\/h3>\n<p>El Salvador cuenta con algunos problemas desde el punto de vista energ\u00e9tico. Por un lado, posee una demanda de energ\u00eda con alta dependencia en los derivados del petr\u00f3leo para la generaci\u00f3n el\u00e9ctrica y su transporte. Por otro lado, la orograf\u00eda del territorio hace que exista un alto nivel de aislamiento en ciertas zonas del pa\u00eds. Como consecuencia de ello, existen grandes dificultades para expandir la red de distribuci\u00f3n el\u00e9ctrica. Adem\u00e1s, en muchas zonas, dicha expansi\u00f3n no es ni econ\u00f3mica ni financieramente viable.<\/p>\n<p>Estas razones hacen que El Salvador se convierta en un mercado emergente para el desarrollo de la fotovoltaica. Entre los objetivos del gobierno a largo plazo, existe un plan para mejorar las infraestructuras el\u00e9ctricas.\u00a0 Gracias a una coalici\u00f3n con el sector privado, se busca lograr una mayor eficiencia del sector de distribuci\u00f3n. Como elemento adicional, tambi\u00e9n se espera que se mejore el control de la energ\u00eda gracias a la implementaci\u00f3n de tecnolog\u00edas m\u00e1s modernas.<\/p>\n<p>&nbsp;<\/p>\n<h3>El Banco\u00a0Interamericano de Desarrollo<\/h3>\n<p>El\u00a0<a href=\"https:\/\/www.iadb.org\/es\/noticias\/comunicados-de-prensa\/2014-07-25\/presidentes-de-centroamerica-visitan-el-bid%2C10880.html#getPage(2837,'','')#\">BID<\/a> es la principal fuente de apoyo multilateral para los pa\u00edses del tri\u00e1ngulo norte de Centro-Am\u00e9rica. Actualmente, cuenta con una cartera de 2.184 millones de d\u00f3lares destinados a la inversi\u00f3n en m\u00e1s de 51 proyectos de diferentes sectores. Entre ellos, destacamos energ\u00eda, desarrollo urbano y modernizaci\u00f3n del Estado.<\/p>\n<p>A trav\u00e9s de la adjudicaci\u00f3n de proyectos en modalidad PPA, el Gobierno salvadore\u00f1o busca renovar las infraestructuras el\u00e9ctricas del pa\u00eds apostando por un mix de energ\u00eda fotovoltaica y e\u00f3lica.<\/p>\n<p>&nbsp;<\/p>\n","protected":false},"excerpt":{"rendered":"<p>Centroam\u00e9rica, un mercado emergente para la fotovoltaica. Enerland se expande por Centro-Am\u00e9rica. Gracias a<\/p>\n","protected":false},"author":10,"featured_media":6319,"comment_status":"open","ping_status":"open","sticky":false,"template":"","format":"standard","meta":{"_et_pb_use_builder":"","_et_pb_old_content":"","_et_gb_content_width":"","footnotes":""},"categories":[23],"tags":[83,58,82],"class_list":["post-6300","post","type-post","status-publish","format-standard","has-post-thumbnail","hentry","category-corporativo","tag-el-salvador","tag-enerland","tag-proyectos"],"yoast_head":"<!-- This site is optimized with the Yoast SEO plugin v27.4 - https:\/\/yoast.com\/product\/yoast-seo-wordpress\/ -->\n<title>Un mercado emergente para la fotovoltaica - Enerland Energ\u00eda Renovable<\/title>\n<meta name=\"description\" content=\"Enerland se expande por Centro-Am\u00e9rica.\u00a0Entramos en un mercado emergente para el desarrollo de varios proyectos fotovoltaicos en El Salvador.\" \/>\n<meta name=\"robots\" content=\"index, follow, max-snippet:-1, max-image-preview:large, max-video-preview:-1\" \/>\n<link rel=\"canonical\" href=\"https:\/\/www.enerlandgroup.com\/es\/un-mercado-emergente-para-la-fotovoltaica\/\" \/>\n<meta property=\"og:locale\" content=\"es_ES\" \/>\n<meta property=\"og:type\" content=\"article\" \/>\n<meta property=\"og:title\" content=\"Un mercado emergente para la fotovoltaica - Enerland Energ\u00eda Renovable\" \/>\n<meta property=\"og:description\" content=\"Enerland se expande por Centro-Am\u00e9rica.\u00a0Entramos en un mercado emergente para el desarrollo de varios proyectos fotovoltaicos en El Salvador.\" \/>\n<meta property=\"og:url\" content=\"https:\/\/www.enerlandgroup.com\/es\/un-mercado-emergente-para-la-fotovoltaica\/\" \/>\n<meta property=\"og:site_name\" content=\"Enerland Energ\u00eda Renovable\" \/>\n<meta property=\"article:published_time\" content=\"2014-11-26T09:46:55+00:00\" \/>\n<meta property=\"article:modified_time\" content=\"2021-08-17T09:54:06+00:00\" \/>\n<meta property=\"og:image\" content=\"https:\/\/www.enerlandgroup.com\/wp-content\/uploads\/2014\/11\/Mapa-El-Salvador-scaled.jpg\" \/>\n\t<meta property=\"og:image:width\" content=\"2560\" \/>\n\t<meta property=\"og:image:height\" content=\"958\" \/>\n\t<meta property=\"og:image:type\" content=\"image\/jpeg\" \/>\n<meta name=\"author\" content=\"Ismael\" \/>\n<meta name=\"twitter:card\" content=\"summary_large_image\" \/>\n<script type=\"application\/ld+json\" class=\"yoast-schema-graph\">{\"@context\":\"https:\\\/\\\/schema.org\",\"@graph\":[{\"@type\":\"Article\",\"@id\":\"https:\\\/\\\/www.enerlandgroup.com\\\/es\\\/un-mercado-emergente-para-la-fotovoltaica\\\/#article\",\"isPartOf\":{\"@id\":\"https:\\\/\\\/www.enerlandgroup.com\\\/es\\\/un-mercado-emergente-para-la-fotovoltaica\\\/\"},\"author\":{\"name\":\"Ismael\",\"@id\":\"https:\\\/\\\/www.enerlandgroup.com\\\/es\\\/#\\\/schema\\\/person\\\/20441025d4f2af3c77a3d2a4b69f35bf\"},\"headline\":\"Un mercado emergente para la fotovoltaica\",\"datePublished\":\"2014-11-26T09:46:55+00:00\",\"dateModified\":\"2021-08-17T09:54:06+00:00\",\"mainEntityOfPage\":{\"@id\":\"https:\\\/\\\/www.enerlandgroup.com\\\/es\\\/un-mercado-emergente-para-la-fotovoltaica\\\/\"},\"wordCount\":356,\"commentCount\":0,\"publisher\":{\"@id\":\"https:\\\/\\\/www.enerlandgroup.com\\\/es\\\/#organization\"},\"image\":{\"@id\":\"https:\\\/\\\/www.enerlandgroup.com\\\/es\\\/un-mercado-emergente-para-la-fotovoltaica\\\/#primaryimage\"},\"thumbnailUrl\":\"https:\\\/\\\/www.enerlandgroup.com\\\/wp-content\\\/uploads\\\/2014\\\/11\\\/Mapa-El-Salvador-scaled.jpg\",\"keywords\":[\"El Salvador\",\"Enerland\",\"proyectos\"],\"articleSection\":[\"Corporativo\"],\"inLanguage\":\"es\",\"potentialAction\":[{\"@type\":\"CommentAction\",\"name\":\"Comment\",\"target\":[\"https:\\\/\\\/www.enerlandgroup.com\\\/es\\\/un-mercado-emergente-para-la-fotovoltaica\\\/#respond\"]}]},{\"@type\":[\"WebPage\",\"ItemPage\"],\"@id\":\"https:\\\/\\\/www.enerlandgroup.com\\\/es\\\/un-mercado-emergente-para-la-fotovoltaica\\\/\",\"url\":\"https:\\\/\\\/www.enerlandgroup.com\\\/es\\\/un-mercado-emergente-para-la-fotovoltaica\\\/\",\"name\":\"Un mercado emergente para la fotovoltaica - Enerland Energ\u00eda Renovable\",\"isPartOf\":{\"@id\":\"https:\\\/\\\/www.enerlandgroup.com\\\/es\\\/#website\"},\"primaryImageOfPage\":{\"@id\":\"https:\\\/\\\/www.enerlandgroup.com\\\/es\\\/un-mercado-emergente-para-la-fotovoltaica\\\/#primaryimage\"},\"image\":{\"@id\":\"https:\\\/\\\/www.enerlandgroup.com\\\/es\\\/un-mercado-emergente-para-la-fotovoltaica\\\/#primaryimage\"},\"thumbnailUrl\":\"https:\\\/\\\/www.enerlandgroup.com\\\/wp-content\\\/uploads\\\/2014\\\/11\\\/Mapa-El-Salvador-scaled.jpg\",\"datePublished\":\"2014-11-26T09:46:55+00:00\",\"dateModified\":\"2021-08-17T09:54:06+00:00\",\"description\":\"Enerland se expande por Centro-Am\u00e9rica.\u00a0Entramos en un mercado emergente para el desarrollo de varios proyectos fotovoltaicos en El Salvador.\",\"breadcrumb\":{\"@id\":\"https:\\\/\\\/www.enerlandgroup.com\\\/es\\\/un-mercado-emergente-para-la-fotovoltaica\\\/#breadcrumb\"},\"inLanguage\":\"es\",\"potentialAction\":[{\"@type\":\"ReadAction\",\"target\":[\"https:\\\/\\\/www.enerlandgroup.com\\\/es\\\/un-mercado-emergente-para-la-fotovoltaica\\\/\"]}]},{\"@type\":\"ImageObject\",\"inLanguage\":\"es\",\"@id\":\"https:\\\/\\\/www.enerlandgroup.com\\\/es\\\/un-mercado-emergente-para-la-fotovoltaica\\\/#primaryimage\",\"url\":\"https:\\\/\\\/www.enerlandgroup.com\\\/wp-content\\\/uploads\\\/2014\\\/11\\\/Mapa-El-Salvador-scaled.jpg\",\"contentUrl\":\"https:\\\/\\\/www.enerlandgroup.com\\\/wp-content\\\/uploads\\\/2014\\\/11\\\/Mapa-El-Salvador-scaled.jpg\",\"width\":2560,\"height\":958},{\"@type\":\"BreadcrumbList\",\"@id\":\"https:\\\/\\\/www.enerlandgroup.com\\\/es\\\/un-mercado-emergente-para-la-fotovoltaica\\\/#breadcrumb\",\"itemListElement\":[{\"@type\":\"ListItem\",\"position\":1,\"name\":\"Inicio\",\"item\":\"https:\\\/\\\/www.enerlandgroup.com\\\/es\\\/\"},{\"@type\":\"ListItem\",\"position\":2,\"name\":\"Un mercado emergente para la fotovoltaica\"}]},{\"@type\":\"WebSite\",\"@id\":\"https:\\\/\\\/www.enerlandgroup.com\\\/es\\\/#website\",\"url\":\"https:\\\/\\\/www.enerlandgroup.com\\\/es\\\/\",\"name\":\"Enerland Energ\u00eda Renovable\",\"description\":\"\",\"publisher\":{\"@id\":\"https:\\\/\\\/www.enerlandgroup.com\\\/es\\\/#organization\"},\"potentialAction\":[{\"@type\":\"SearchAction\",\"target\":{\"@type\":\"EntryPoint\",\"urlTemplate\":\"https:\\\/\\\/www.enerlandgroup.com\\\/es\\\/?s={search_term_string}\"},\"query-input\":{\"@type\":\"PropertyValueSpecification\",\"valueRequired\":true,\"valueName\":\"search_term_string\"}}],\"inLanguage\":\"es\"},{\"@type\":\"Organization\",\"@id\":\"https:\\\/\\\/www.enerlandgroup.com\\\/es\\\/#organization\",\"name\":\"Enerland Group\",\"url\":\"https:\\\/\\\/www.enerlandgroup.com\\\/es\\\/\",\"logo\":{\"@type\":\"ImageObject\",\"inLanguage\":\"es\",\"@id\":\"https:\\\/\\\/www.enerlandgroup.com\\\/es\\\/#\\\/schema\\\/logo\\\/image\\\/\",\"url\":\"https:\\\/\\\/www.enerlandgroup.com\\\/wp-content\\\/uploads\\\/2021\\\/05\\\/Logo_Enerland.png\",\"contentUrl\":\"https:\\\/\\\/www.enerlandgroup.com\\\/wp-content\\\/uploads\\\/2021\\\/05\\\/Logo_Enerland.png\",\"width\":184,\"height\":43,\"caption\":\"Enerland Group\"},\"image\":{\"@id\":\"https:\\\/\\\/www.enerlandgroup.com\\\/es\\\/#\\\/schema\\\/logo\\\/image\\\/\"},\"sameAs\":[\"https:\\\/\\\/www.linkedin.com\\\/company\\\/enerland-group\\\/\",\"https:\\\/\\\/www.youtube.com\\\/channel\\\/UCjdInbThgaPa2_D34vRChmA\"]},{\"@type\":\"Person\",\"@id\":\"https:\\\/\\\/www.enerlandgroup.com\\\/es\\\/#\\\/schema\\\/person\\\/20441025d4f2af3c77a3d2a4b69f35bf\",\"name\":\"Ismael\",\"image\":{\"@type\":\"ImageObject\",\"inLanguage\":\"es\",\"@id\":\"https:\\\/\\\/secure.gravatar.com\\\/avatar\\\/a3de8138268bab3c88b5aad189d1925778223716817315540684a3f504a7a223?s=96&d=mm&r=g\",\"url\":\"https:\\\/\\\/secure.gravatar.com\\\/avatar\\\/a3de8138268bab3c88b5aad189d1925778223716817315540684a3f504a7a223?s=96&d=mm&r=g\",\"contentUrl\":\"https:\\\/\\\/secure.gravatar.com\\\/avatar\\\/a3de8138268bab3c88b5aad189d1925778223716817315540684a3f504a7a223?s=96&d=mm&r=g\",\"caption\":\"Ismael\"},\"url\":\"https:\\\/\\\/www.enerlandgroup.com\\\/es\\\/author\\\/it\\\/\"}]}<\/script>\n<!-- \/ Yoast SEO plugin. -->","yoast_head_json":{"title":"Un mercado emergente para la fotovoltaica - Enerland Energ\u00eda Renovable","description":"Enerland se expande por Centro-Am\u00e9rica.\u00a0Entramos en un mercado emergente para el desarrollo de varios proyectos fotovoltaicos en El Salvador.","robots":{"index":"index","follow":"follow","max-snippet":"max-snippet:-1","max-image-preview":"max-image-preview:large","max-video-preview":"max-video-preview:-1"},"canonical":"https:\/\/www.enerlandgroup.com\/es\/un-mercado-emergente-para-la-fotovoltaica\/","og_locale":"es_ES","og_type":"article","og_title":"Un mercado emergente para la fotovoltaica - Enerland Energ\u00eda Renovable","og_description":"Enerland se expande por Centro-Am\u00e9rica.\u00a0Entramos en un mercado emergente para el desarrollo de varios proyectos fotovoltaicos en El Salvador.","og_url":"https:\/\/www.enerlandgroup.com\/es\/un-mercado-emergente-para-la-fotovoltaica\/","og_site_name":"Enerland Energ\u00eda Renovable","article_published_time":"2014-11-26T09:46:55+00:00","article_modified_time":"2021-08-17T09:54:06+00:00","og_image":[{"width":2560,"height":958,"url":"https:\/\/www.enerlandgroup.com\/wp-content\/uploads\/2014\/11\/Mapa-El-Salvador-scaled.jpg","type":"image\/jpeg"}],"author":"Ismael","twitter_card":"summary_large_image","schema":{"@context":"https:\/\/schema.org","@graph":[{"@type":"Article","@id":"https:\/\/www.enerlandgroup.com\/es\/un-mercado-emergente-para-la-fotovoltaica\/#article","isPartOf":{"@id":"https:\/\/www.enerlandgroup.com\/es\/un-mercado-emergente-para-la-fotovoltaica\/"},"author":{"name":"Ismael","@id":"https:\/\/www.enerlandgroup.com\/es\/#\/schema\/person\/20441025d4f2af3c77a3d2a4b69f35bf"},"headline":"Un mercado emergente para la fotovoltaica","datePublished":"2014-11-26T09:46:55+00:00","dateModified":"2021-08-17T09:54:06+00:00","mainEntityOfPage":{"@id":"https:\/\/www.enerlandgroup.com\/es\/un-mercado-emergente-para-la-fotovoltaica\/"},"wordCount":356,"commentCount":0,"publisher":{"@id":"https:\/\/www.enerlandgroup.com\/es\/#organization"},"image":{"@id":"https:\/\/www.enerlandgroup.com\/es\/un-mercado-emergente-para-la-fotovoltaica\/#primaryimage"},"thumbnailUrl":"https:\/\/www.enerlandgroup.com\/wp-content\/uploads\/2014\/11\/Mapa-El-Salvador-scaled.jpg","keywords":["El Salvador","Enerland","proyectos"],"articleSection":["Corporativo"],"inLanguage":"es","potentialAction":[{"@type":"CommentAction","name":"Comment","target":["https:\/\/www.enerlandgroup.com\/es\/un-mercado-emergente-para-la-fotovoltaica\/#respond"]}]},{"@type":["WebPage","ItemPage"],"@id":"https:\/\/www.enerlandgroup.com\/es\/un-mercado-emergente-para-la-fotovoltaica\/","url":"https:\/\/www.enerlandgroup.com\/es\/un-mercado-emergente-para-la-fotovoltaica\/","name":"Un mercado emergente para la fotovoltaica - Enerland Energ\u00eda Renovable","isPartOf":{"@id":"https:\/\/www.enerlandgroup.com\/es\/#website"},"primaryImageOfPage":{"@id":"https:\/\/www.enerlandgroup.com\/es\/un-mercado-emergente-para-la-fotovoltaica\/#primaryimage"},"image":{"@id":"https:\/\/www.enerlandgroup.com\/es\/un-mercado-emergente-para-la-fotovoltaica\/#primaryimage"},"thumbnailUrl":"https:\/\/www.enerlandgroup.com\/wp-content\/uploads\/2014\/11\/Mapa-El-Salvador-scaled.jpg","datePublished":"2014-11-26T09:46:55+00:00","dateModified":"2021-08-17T09:54:06+00:00","description":"Enerland se expande por Centro-Am\u00e9rica.\u00a0Entramos en un mercado emergente para el desarrollo de varios proyectos fotovoltaicos en El Salvador.","breadcrumb":{"@id":"https:\/\/www.enerlandgroup.com\/es\/un-mercado-emergente-para-la-fotovoltaica\/#breadcrumb"},"inLanguage":"es","potentialAction":[{"@type":"ReadAction","target":["https:\/\/www.enerlandgroup.com\/es\/un-mercado-emergente-para-la-fotovoltaica\/"]}]},{"@type":"ImageObject","inLanguage":"es","@id":"https:\/\/www.enerlandgroup.com\/es\/un-mercado-emergente-para-la-fotovoltaica\/#primaryimage","url":"https:\/\/www.enerlandgroup.com\/wp-content\/uploads\/2014\/11\/Mapa-El-Salvador-scaled.jpg","contentUrl":"https:\/\/www.enerlandgroup.com\/wp-content\/uploads\/2014\/11\/Mapa-El-Salvador-scaled.jpg","width":2560,"height":958},{"@type":"BreadcrumbList","@id":"https:\/\/www.enerlandgroup.com\/es\/un-mercado-emergente-para-la-fotovoltaica\/#breadcrumb","itemListElement":[{"@type":"ListItem","position":1,"name":"Inicio","item":"https:\/\/www.enerlandgroup.com\/es\/"},{"@type":"ListItem","position":2,"name":"Un mercado emergente para la fotovoltaica"}]},{"@type":"WebSite","@id":"https:\/\/www.enerlandgroup.com\/es\/#website","url":"https:\/\/www.enerlandgroup.com\/es\/","name":"Enerland Energ\u00eda Renovable","description":"","publisher":{"@id":"https:\/\/www.enerlandgroup.com\/es\/#organization"},"potentialAction":[{"@type":"SearchAction","target":{"@type":"EntryPoint","urlTemplate":"https:\/\/www.enerlandgroup.com\/es\/?s={search_term_string}"},"query-input":{"@type":"PropertyValueSpecification","valueRequired":true,"valueName":"search_term_string"}}],"inLanguage":"es"},{"@type":"Organization","@id":"https:\/\/www.enerlandgroup.com\/es\/#organization","name":"Enerland Group","url":"https:\/\/www.enerlandgroup.com\/es\/","logo":{"@type":"ImageObject","inLanguage":"es","@id":"https:\/\/www.enerlandgroup.com\/es\/#\/schema\/logo\/image\/","url":"https:\/\/www.enerlandgroup.com\/wp-content\/uploads\/2021\/05\/Logo_Enerland.png","contentUrl":"https:\/\/www.enerlandgroup.com\/wp-content\/uploads\/2021\/05\/Logo_Enerland.png","width":184,"height":43,"caption":"Enerland Group"},"image":{"@id":"https:\/\/www.enerlandgroup.com\/es\/#\/schema\/logo\/image\/"},"sameAs":["https:\/\/www.linkedin.com\/company\/enerland-group\/","https:\/\/www.youtube.com\/channel\/UCjdInbThgaPa2_D34vRChmA"]},{"@type":"Person","@id":"https:\/\/www.enerlandgroup.com\/es\/#\/schema\/person\/20441025d4f2af3c77a3d2a4b69f35bf","name":"Ismael","image":{"@type":"ImageObject","inLanguage":"es","@id":"https:\/\/secure.gravatar.com\/avatar\/a3de8138268bab3c88b5aad189d1925778223716817315540684a3f504a7a223?s=96&d=mm&r=g","url":"https:\/\/secure.gravatar.com\/avatar\/a3de8138268bab3c88b5aad189d1925778223716817315540684a3f504a7a223?s=96&d=mm&r=g","contentUrl":"https:\/\/secure.gravatar.com\/avatar\/a3de8138268bab3c88b5aad189d1925778223716817315540684a3f504a7a223?s=96&d=mm&r=g","caption":"Ismael"},"url":"https:\/\/www.enerlandgroup.com\/es\/author\/it\/"}]}},"jetpack_featured_media_url":"https:\/\/www.enerlandgroup.com\/wp-content\/uploads\/2014\/11\/Mapa-El-Salvador-scaled.jpg","_links":{"self":[{"href":"https:\/\/www.enerlandgroup.com\/es\/wp-json\/wp\/v2\/posts\/6300","targetHints":{"allow":["GET"]}}],"collection":[{"href":"https:\/\/www.enerlandgroup.com\/es\/wp-json\/wp\/v2\/posts"}],"about":[{"href":"https:\/\/www.enerlandgroup.com\/es\/wp-json\/wp\/v2\/types\/post"}],"author":[{"embeddable":true,"href":"https:\/\/www.enerlandgroup.com\/es\/wp-json\/wp\/v2\/users\/10"}],"replies":[{"embeddable":true,"href":"https:\/\/www.enerlandgroup.com\/es\/wp-json\/wp\/v2\/comments?post=6300"}],"version-history":[{"count":2,"href":"https:\/\/www.enerlandgroup.com\/es\/wp-json\/wp\/v2\/posts\/6300\/revisions"}],"predecessor-version":[{"id":6316,"href":"https:\/\/www.enerlandgroup.com\/es\/wp-json\/wp\/v2\/posts\/6300\/revisions\/6316"}],"wp:featuredmedia":[{"embeddable":true,"href":"https:\/\/www.enerlandgroup.com\/es\/wp-json\/wp\/v2\/media\/6319"}],"wp:attachment":[{"href":"https:\/\/www.enerlandgroup.com\/es\/wp-json\/wp\/v2\/media?parent=6300"}],"wp:term":[{"taxonomy":"category","embeddable":true,"href":"https:\/\/www.enerlandgroup.com\/es\/wp-json\/wp\/v2\/categories?post=6300"},{"taxonomy":"post_tag","embeddable":true,"href":"https:\/\/www.enerlandgroup.com\/es\/wp-json\/wp\/v2\/tags?post=6300"}],"curies":[{"name":"wp","href":"https:\/\/api.w.org\/{rel}","templated":true}]}}