{"id":6104,"date":"2020-03-31T12:27:08","date_gmt":"2020-03-31T10:27:08","guid":{"rendered":"http:\/\/www.enerlandgroup.com\/?p=6104"},"modified":"2021-08-10T16:21:44","modified_gmt":"2021-08-10T14:21:44","slug":"finaliza-el-proyecto-virgen-de-la-oliva","status":"publish","type":"post","link":"https:\/\/www.enerlandgroup.com\/es\/finaliza-el-proyecto-virgen-de-la-oliva\/","title":{"rendered":"Finaliza el proyecto Virgen de la Oliva"},"content":{"rendered":"<h2>El proyecto fotovoltaico \u00abVirgen de la Oliva\u00bb, ejecutado para la cooperativa de Ejea de Los Caballeros, en la provincia de Zaragoza, ha finalizado su construcci\u00f3n.<\/h2>\n<p>&nbsp;<\/p>\n<p>Finaliza el proyecto Virgen de la Oliva. La <a href=\"https:\/\/www.cooperativaejea.com\/\">Cooperativa Virgen de la Oliva<\/a> ubicada en la Carretera de Tudela de la localidad de Ejea de los Caballeros, cuenta con la m\u00e1s moderna tecnolog\u00eda en sus instalaciones. A partir de hoy, la cooperativa dispondr\u00e1 de una nueva planta fotovoltaica a trav\u00e9s de la cual se producir\u00e1 energ\u00eda renovable destinada al autoconsumo de sus propias instalaciones.<\/p>\n<p>Esta nueva planta fotovoltaica permitir\u00e1 a la cooperativa aumentar considerablemente su eficiencia energ\u00e9tica. Por un lado, la producci\u00f3n de energ\u00eda renovable les permitir\u00e1 controlar sus consumos. Por otro, reducir\u00e1 notablemente el coste de su factura el\u00e9ctrica. Como valor a\u00f1adido, nuestro cliente aumentar\u00e1 su eficiencia medioambiental puesto que esta instalaci\u00f3n la emisi\u00f3n de toneladas de gases contaminantes a la atm\u00f3sfera.<\/p>\n<p>&nbsp;<\/p>\n<h3>La instalaci\u00f3n fotovoltaica de la Cooperativa Virgen de la Oliva<\/h3>\n<p>Para la realizaci\u00f3n de este proyecto, se firm\u00f3 un acuerdo bajo la modalidad EPC o servicio \u00abllave en mano\u00bb. A trav\u00e9s del mismo, Enerland fue el encargado de la realizaci\u00f3n del proyecto de ejecuci\u00f3n y construcci\u00f3n. Adem\u00e1s, tambi\u00e9n se hizo cargo de la direcci\u00f3n de obra y direcci\u00f3n facultativa.<\/p>\n<p>Sobre una extensi\u00f3n de terreno r\u00fastico de 90m2, anexo a las instalaciones de la cooperativa, se ha construido este peque\u00f1o parque fotovoltaico. Tras tres meses de construcci\u00f3n, ha finalizado el proyecto Virgen de la Oliva y comenzado su puesta en marcha.<\/p>\n<p>Atendiendo a los datos t\u00e9cnicos, para la construcci\u00f3n del proyecto se han instalado 2.700 paneles solares. Respecto a la estructura, se ha elegido fija con inclinaci\u00f3n de 35\u00ba. Adem\u00e1s, tambi\u00e9n ha sido necesaria la instalaci\u00f3n de ocho inversores.<\/p>\n<p>Junto con este, ya son <a href=\"https:\/\/www.enerlandgroup.com\/proyectos\/\">tres nuestros parques fotovoltaicos<\/a> destinados al autoconsumo en Espa\u00f1a.<\/p>\n<p>\u00a1Esperamos que cada vez sean m\u00e1s las industrias que tomen conciencia sobre los beneficios de la energ\u00eda solar! Juntos trabajamos por un futuro mejor.<\/p>\n<p><img loading=\"lazy\" decoding=\"async\" class=\"size-large wp-image-6149 aligncenter\" src=\"https:\/\/www.enerlandgroup.com\/wp-content\/uploads\/2020\/03\/Virgen-de-la-oliva_vista-aerea-1024x768.jpg\" alt=\"Proyecto Virgen de la oliva finalizado\" width=\"1024\" height=\"768\" srcset=\"https:\/\/www.enerlandgroup.com\/wp-content\/uploads\/2020\/03\/Virgen-de-la-oliva_vista-aerea-980x735.jpg 980w, https:\/\/www.enerlandgroup.com\/wp-content\/uploads\/2020\/03\/Virgen-de-la-oliva_vista-aerea-480x360.jpg 480w\" sizes=\"auto, (min-width: 0px) and (max-width: 480px) 480px, (min-width: 481px) and (max-width: 980px) 980px, (min-width: 981px) 1024px, 100vw\" \/><\/p>\n","protected":false},"excerpt":{"rendered":"<p>El proyecto fotovoltaico \u00abVirgen de la Oliva\u00bb, ejecutado para la cooperativa de Ejea de<\/p>\n","protected":false},"author":10,"featured_media":6240,"comment_status":"open","ping_status":"open","sticky":false,"template":"","format":"standard","meta":{"_et_pb_use_builder":"","_et_pb_old_content":"","_et_gb_content_width":"","footnotes":""},"categories":[22],"tags":[44,78,80],"class_list":["post-6104","post","type-post","status-publish","format-standard","has-post-thumbnail","hentry","category-proyectos-realizados","tag-espana","tag-proyecto","tag-proyecto-finalizado"],"yoast_head":"<!-- This site is optimized with the Yoast SEO plugin v27.4 - https:\/\/yoast.com\/product\/yoast-seo-wordpress\/ -->\n<title>Finaliza el proyecto Virgen de la Oliva - Enerland Energ\u00eda Renovable<\/title>\n<meta name=\"description\" content=\"Finaliza el proyecto fotovoltaico destinado al autoconsumo de la Cooperativa Virgen de la Oliva en Ejea de los Caballeros, en Zaragoza.\" \/>\n<meta name=\"robots\" content=\"index, follow, max-snippet:-1, max-image-preview:large, max-video-preview:-1\" \/>\n<link rel=\"canonical\" href=\"https:\/\/www.enerlandgroup.com\/es\/finaliza-el-proyecto-virgen-de-la-oliva\/\" \/>\n<meta property=\"og:locale\" content=\"es_ES\" \/>\n<meta property=\"og:type\" content=\"article\" \/>\n<meta property=\"og:title\" content=\"Finaliza el proyecto Virgen de la Oliva - Enerland Energ\u00eda Renovable\" \/>\n<meta property=\"og:description\" content=\"Finaliza el proyecto fotovoltaico destinado al autoconsumo de la Cooperativa Virgen de la Oliva en Ejea de los Caballeros, en Zaragoza.\" \/>\n<meta property=\"og:url\" content=\"https:\/\/www.enerlandgroup.com\/es\/finaliza-el-proyecto-virgen-de-la-oliva\/\" \/>\n<meta property=\"og:site_name\" content=\"Enerland Energ\u00eda Renovable\" \/>\n<meta property=\"article:published_time\" content=\"2020-03-31T10:27:08+00:00\" \/>\n<meta property=\"article:modified_time\" content=\"2021-08-10T14:21:44+00:00\" \/>\n<meta property=\"og:image\" content=\"https:\/\/www.enerlandgroup.com\/wp-content\/uploads\/2020\/03\/Imagen_portada_noticia_virgen_de_la_oliva.png\" \/>\n\t<meta property=\"og:image:width\" content=\"1294\" \/>\n\t<meta property=\"og:image:height\" content=\"483\" \/>\n\t<meta property=\"og:image:type\" content=\"image\/png\" \/>\n<meta name=\"author\" content=\"Ismael\" \/>\n<meta name=\"twitter:card\" content=\"summary_large_image\" \/>\n<script type=\"application\/ld+json\" class=\"yoast-schema-graph\">{\"@context\":\"https:\\\/\\\/schema.org\",\"@graph\":[{\"@type\":\"Article\",\"@id\":\"https:\\\/\\\/www.enerlandgroup.com\\\/es\\\/finaliza-el-proyecto-virgen-de-la-oliva\\\/#article\",\"isPartOf\":{\"@id\":\"https:\\\/\\\/www.enerlandgroup.com\\\/es\\\/finaliza-el-proyecto-virgen-de-la-oliva\\\/\"},\"author\":{\"name\":\"Ismael\",\"@id\":\"https:\\\/\\\/www.enerlandgroup.com\\\/es\\\/#\\\/schema\\\/person\\\/20441025d4f2af3c77a3d2a4b69f35bf\"},\"headline\":\"Finaliza el proyecto Virgen de la Oliva\",\"datePublished\":\"2020-03-31T10:27:08+00:00\",\"dateModified\":\"2021-08-10T14:21:44+00:00\",\"mainEntityOfPage\":{\"@id\":\"https:\\\/\\\/www.enerlandgroup.com\\\/es\\\/finaliza-el-proyecto-virgen-de-la-oliva\\\/\"},\"wordCount\":367,\"commentCount\":0,\"publisher\":{\"@id\":\"https:\\\/\\\/www.enerlandgroup.com\\\/es\\\/#organization\"},\"image\":{\"@id\":\"https:\\\/\\\/www.enerlandgroup.com\\\/es\\\/finaliza-el-proyecto-virgen-de-la-oliva\\\/#primaryimage\"},\"thumbnailUrl\":\"https:\\\/\\\/www.enerlandgroup.com\\\/wp-content\\\/uploads\\\/2020\\\/03\\\/Imagen_portada_noticia_virgen_de_la_oliva.png\",\"keywords\":[\"Espa\u00f1a\",\"proyecto\",\"proyecto finalizado\"],\"articleSection\":[\"Proyectos Realizados\"],\"inLanguage\":\"es\",\"potentialAction\":[{\"@type\":\"CommentAction\",\"name\":\"Comment\",\"target\":[\"https:\\\/\\\/www.enerlandgroup.com\\\/es\\\/finaliza-el-proyecto-virgen-de-la-oliva\\\/#respond\"]}]},{\"@type\":[\"WebPage\",\"ItemPage\"],\"@id\":\"https:\\\/\\\/www.enerlandgroup.com\\\/es\\\/finaliza-el-proyecto-virgen-de-la-oliva\\\/\",\"url\":\"https:\\\/\\\/www.enerlandgroup.com\\\/es\\\/finaliza-el-proyecto-virgen-de-la-oliva\\\/\",\"name\":\"Finaliza el proyecto Virgen de la Oliva - Enerland Energ\u00eda Renovable\",\"isPartOf\":{\"@id\":\"https:\\\/\\\/www.enerlandgroup.com\\\/es\\\/#website\"},\"primaryImageOfPage\":{\"@id\":\"https:\\\/\\\/www.enerlandgroup.com\\\/es\\\/finaliza-el-proyecto-virgen-de-la-oliva\\\/#primaryimage\"},\"image\":{\"@id\":\"https:\\\/\\\/www.enerlandgroup.com\\\/es\\\/finaliza-el-proyecto-virgen-de-la-oliva\\\/#primaryimage\"},\"thumbnailUrl\":\"https:\\\/\\\/www.enerlandgroup.com\\\/wp-content\\\/uploads\\\/2020\\\/03\\\/Imagen_portada_noticia_virgen_de_la_oliva.png\",\"datePublished\":\"2020-03-31T10:27:08+00:00\",\"dateModified\":\"2021-08-10T14:21:44+00:00\",\"description\":\"Finaliza el proyecto fotovoltaico destinado al autoconsumo de la Cooperativa Virgen de la Oliva en Ejea de los Caballeros, en Zaragoza.\",\"breadcrumb\":{\"@id\":\"https:\\\/\\\/www.enerlandgroup.com\\\/es\\\/finaliza-el-proyecto-virgen-de-la-oliva\\\/#breadcrumb\"},\"inLanguage\":\"es\",\"potentialAction\":[{\"@type\":\"ReadAction\",\"target\":[\"https:\\\/\\\/www.enerlandgroup.com\\\/es\\\/finaliza-el-proyecto-virgen-de-la-oliva\\\/\"]}]},{\"@type\":\"ImageObject\",\"inLanguage\":\"es\",\"@id\":\"https:\\\/\\\/www.enerlandgroup.com\\\/es\\\/finaliza-el-proyecto-virgen-de-la-oliva\\\/#primaryimage\",\"url\":\"https:\\\/\\\/www.enerlandgroup.com\\\/wp-content\\\/uploads\\\/2020\\\/03\\\/Imagen_portada_noticia_virgen_de_la_oliva.png\",\"contentUrl\":\"https:\\\/\\\/www.enerlandgroup.com\\\/wp-content\\\/uploads\\\/2020\\\/03\\\/Imagen_portada_noticia_virgen_de_la_oliva.png\",\"width\":1294,\"height\":483,\"caption\":\"Finaliza el proyecto Virgen de la Oliva\"},{\"@type\":\"BreadcrumbList\",\"@id\":\"https:\\\/\\\/www.enerlandgroup.com\\\/es\\\/finaliza-el-proyecto-virgen-de-la-oliva\\\/#breadcrumb\",\"itemListElement\":[{\"@type\":\"ListItem\",\"position\":1,\"name\":\"Inicio\",\"item\":\"https:\\\/\\\/www.enerlandgroup.com\\\/es\\\/\"},{\"@type\":\"ListItem\",\"position\":2,\"name\":\"Finaliza el proyecto Virgen de la Oliva\"}]},{\"@type\":\"WebSite\",\"@id\":\"https:\\\/\\\/www.enerlandgroup.com\\\/es\\\/#website\",\"url\":\"https:\\\/\\\/www.enerlandgroup.com\\\/es\\\/\",\"name\":\"Enerland Energ\u00eda Renovable\",\"description\":\"\",\"publisher\":{\"@id\":\"https:\\\/\\\/www.enerlandgroup.com\\\/es\\\/#organization\"},\"potentialAction\":[{\"@type\":\"SearchAction\",\"target\":{\"@type\":\"EntryPoint\",\"urlTemplate\":\"https:\\\/\\\/www.enerlandgroup.com\\\/es\\\/?s={search_term_string}\"},\"query-input\":{\"@type\":\"PropertyValueSpecification\",\"valueRequired\":true,\"valueName\":\"search_term_string\"}}],\"inLanguage\":\"es\"},{\"@type\":\"Organization\",\"@id\":\"https:\\\/\\\/www.enerlandgroup.com\\\/es\\\/#organization\",\"name\":\"Enerland Group\",\"url\":\"https:\\\/\\\/www.enerlandgroup.com\\\/es\\\/\",\"logo\":{\"@type\":\"ImageObject\",\"inLanguage\":\"es\",\"@id\":\"https:\\\/\\\/www.enerlandgroup.com\\\/es\\\/#\\\/schema\\\/logo\\\/image\\\/\",\"url\":\"https:\\\/\\\/www.enerlandgroup.com\\\/wp-content\\\/uploads\\\/2021\\\/05\\\/Logo_Enerland.png\",\"contentUrl\":\"https:\\\/\\\/www.enerlandgroup.com\\\/wp-content\\\/uploads\\\/2021\\\/05\\\/Logo_Enerland.png\",\"width\":184,\"height\":43,\"caption\":\"Enerland Group\"},\"image\":{\"@id\":\"https:\\\/\\\/www.enerlandgroup.com\\\/es\\\/#\\\/schema\\\/logo\\\/image\\\/\"},\"sameAs\":[\"https:\\\/\\\/www.linkedin.com\\\/company\\\/enerland-group\\\/\",\"https:\\\/\\\/www.youtube.com\\\/channel\\\/UCjdInbThgaPa2_D34vRChmA\"]},{\"@type\":\"Person\",\"@id\":\"https:\\\/\\\/www.enerlandgroup.com\\\/es\\\/#\\\/schema\\\/person\\\/20441025d4f2af3c77a3d2a4b69f35bf\",\"name\":\"Ismael\",\"image\":{\"@type\":\"ImageObject\",\"inLanguage\":\"es\",\"@id\":\"https:\\\/\\\/secure.gravatar.com\\\/avatar\\\/a3de8138268bab3c88b5aad189d1925778223716817315540684a3f504a7a223?s=96&d=mm&r=g\",\"url\":\"https:\\\/\\\/secure.gravatar.com\\\/avatar\\\/a3de8138268bab3c88b5aad189d1925778223716817315540684a3f504a7a223?s=96&d=mm&r=g\",\"contentUrl\":\"https:\\\/\\\/secure.gravatar.com\\\/avatar\\\/a3de8138268bab3c88b5aad189d1925778223716817315540684a3f504a7a223?s=96&d=mm&r=g\",\"caption\":\"Ismael\"},\"url\":\"https:\\\/\\\/www.enerlandgroup.com\\\/es\\\/author\\\/it\\\/\"}]}<\/script>\n<!-- \/ Yoast SEO plugin. -->","yoast_head_json":{"title":"Finaliza el proyecto Virgen de la Oliva - Enerland Energ\u00eda Renovable","description":"Finaliza el proyecto fotovoltaico destinado al autoconsumo de la Cooperativa Virgen de la Oliva en Ejea de los Caballeros, en Zaragoza.","robots":{"index":"index","follow":"follow","max-snippet":"max-snippet:-1","max-image-preview":"max-image-preview:large","max-video-preview":"max-video-preview:-1"},"canonical":"https:\/\/www.enerlandgroup.com\/es\/finaliza-el-proyecto-virgen-de-la-oliva\/","og_locale":"es_ES","og_type":"article","og_title":"Finaliza el proyecto Virgen de la Oliva - Enerland Energ\u00eda Renovable","og_description":"Finaliza el proyecto fotovoltaico destinado al autoconsumo de la Cooperativa Virgen de la Oliva en Ejea de los Caballeros, en Zaragoza.","og_url":"https:\/\/www.enerlandgroup.com\/es\/finaliza-el-proyecto-virgen-de-la-oliva\/","og_site_name":"Enerland Energ\u00eda Renovable","article_published_time":"2020-03-31T10:27:08+00:00","article_modified_time":"2021-08-10T14:21:44+00:00","og_image":[{"width":1294,"height":483,"url":"https:\/\/www.enerlandgroup.com\/wp-content\/uploads\/2020\/03\/Imagen_portada_noticia_virgen_de_la_oliva.png","type":"image\/png"}],"author":"Ismael","twitter_card":"summary_large_image","schema":{"@context":"https:\/\/schema.org","@graph":[{"@type":"Article","@id":"https:\/\/www.enerlandgroup.com\/es\/finaliza-el-proyecto-virgen-de-la-oliva\/#article","isPartOf":{"@id":"https:\/\/www.enerlandgroup.com\/es\/finaliza-el-proyecto-virgen-de-la-oliva\/"},"author":{"name":"Ismael","@id":"https:\/\/www.enerlandgroup.com\/es\/#\/schema\/person\/20441025d4f2af3c77a3d2a4b69f35bf"},"headline":"Finaliza el proyecto Virgen de la Oliva","datePublished":"2020-03-31T10:27:08+00:00","dateModified":"2021-08-10T14:21:44+00:00","mainEntityOfPage":{"@id":"https:\/\/www.enerlandgroup.com\/es\/finaliza-el-proyecto-virgen-de-la-oliva\/"},"wordCount":367,"commentCount":0,"publisher":{"@id":"https:\/\/www.enerlandgroup.com\/es\/#organization"},"image":{"@id":"https:\/\/www.enerlandgroup.com\/es\/finaliza-el-proyecto-virgen-de-la-oliva\/#primaryimage"},"thumbnailUrl":"https:\/\/www.enerlandgroup.com\/wp-content\/uploads\/2020\/03\/Imagen_portada_noticia_virgen_de_la_oliva.png","keywords":["Espa\u00f1a","proyecto","proyecto finalizado"],"articleSection":["Proyectos Realizados"],"inLanguage":"es","potentialAction":[{"@type":"CommentAction","name":"Comment","target":["https:\/\/www.enerlandgroup.com\/es\/finaliza-el-proyecto-virgen-de-la-oliva\/#respond"]}]},{"@type":["WebPage","ItemPage"],"@id":"https:\/\/www.enerlandgroup.com\/es\/finaliza-el-proyecto-virgen-de-la-oliva\/","url":"https:\/\/www.enerlandgroup.com\/es\/finaliza-el-proyecto-virgen-de-la-oliva\/","name":"Finaliza el proyecto Virgen de la Oliva - Enerland Energ\u00eda Renovable","isPartOf":{"@id":"https:\/\/www.enerlandgroup.com\/es\/#website"},"primaryImageOfPage":{"@id":"https:\/\/www.enerlandgroup.com\/es\/finaliza-el-proyecto-virgen-de-la-oliva\/#primaryimage"},"image":{"@id":"https:\/\/www.enerlandgroup.com\/es\/finaliza-el-proyecto-virgen-de-la-oliva\/#primaryimage"},"thumbnailUrl":"https:\/\/www.enerlandgroup.com\/wp-content\/uploads\/2020\/03\/Imagen_portada_noticia_virgen_de_la_oliva.png","datePublished":"2020-03-31T10:27:08+00:00","dateModified":"2021-08-10T14:21:44+00:00","description":"Finaliza el proyecto fotovoltaico destinado al autoconsumo de la Cooperativa Virgen de la Oliva en Ejea de los Caballeros, en Zaragoza.","breadcrumb":{"@id":"https:\/\/www.enerlandgroup.com\/es\/finaliza-el-proyecto-virgen-de-la-oliva\/#breadcrumb"},"inLanguage":"es","potentialAction":[{"@type":"ReadAction","target":["https:\/\/www.enerlandgroup.com\/es\/finaliza-el-proyecto-virgen-de-la-oliva\/"]}]},{"@type":"ImageObject","inLanguage":"es","@id":"https:\/\/www.enerlandgroup.com\/es\/finaliza-el-proyecto-virgen-de-la-oliva\/#primaryimage","url":"https:\/\/www.enerlandgroup.com\/wp-content\/uploads\/2020\/03\/Imagen_portada_noticia_virgen_de_la_oliva.png","contentUrl":"https:\/\/www.enerlandgroup.com\/wp-content\/uploads\/2020\/03\/Imagen_portada_noticia_virgen_de_la_oliva.png","width":1294,"height":483,"caption":"Finaliza el proyecto Virgen de la Oliva"},{"@type":"BreadcrumbList","@id":"https:\/\/www.enerlandgroup.com\/es\/finaliza-el-proyecto-virgen-de-la-oliva\/#breadcrumb","itemListElement":[{"@type":"ListItem","position":1,"name":"Inicio","item":"https:\/\/www.enerlandgroup.com\/es\/"},{"@type":"ListItem","position":2,"name":"Finaliza el proyecto Virgen de la Oliva"}]},{"@type":"WebSite","@id":"https:\/\/www.enerlandgroup.com\/es\/#website","url":"https:\/\/www.enerlandgroup.com\/es\/","name":"Enerland Energ\u00eda Renovable","description":"","publisher":{"@id":"https:\/\/www.enerlandgroup.com\/es\/#organization"},"potentialAction":[{"@type":"SearchAction","target":{"@type":"EntryPoint","urlTemplate":"https:\/\/www.enerlandgroup.com\/es\/?s={search_term_string}"},"query-input":{"@type":"PropertyValueSpecification","valueRequired":true,"valueName":"search_term_string"}}],"inLanguage":"es"},{"@type":"Organization","@id":"https:\/\/www.enerlandgroup.com\/es\/#organization","name":"Enerland Group","url":"https:\/\/www.enerlandgroup.com\/es\/","logo":{"@type":"ImageObject","inLanguage":"es","@id":"https:\/\/www.enerlandgroup.com\/es\/#\/schema\/logo\/image\/","url":"https:\/\/www.enerlandgroup.com\/wp-content\/uploads\/2021\/05\/Logo_Enerland.png","contentUrl":"https:\/\/www.enerlandgroup.com\/wp-content\/uploads\/2021\/05\/Logo_Enerland.png","width":184,"height":43,"caption":"Enerland Group"},"image":{"@id":"https:\/\/www.enerlandgroup.com\/es\/#\/schema\/logo\/image\/"},"sameAs":["https:\/\/www.linkedin.com\/company\/enerland-group\/","https:\/\/www.youtube.com\/channel\/UCjdInbThgaPa2_D34vRChmA"]},{"@type":"Person","@id":"https:\/\/www.enerlandgroup.com\/es\/#\/schema\/person\/20441025d4f2af3c77a3d2a4b69f35bf","name":"Ismael","image":{"@type":"ImageObject","inLanguage":"es","@id":"https:\/\/secure.gravatar.com\/avatar\/a3de8138268bab3c88b5aad189d1925778223716817315540684a3f504a7a223?s=96&d=mm&r=g","url":"https:\/\/secure.gravatar.com\/avatar\/a3de8138268bab3c88b5aad189d1925778223716817315540684a3f504a7a223?s=96&d=mm&r=g","contentUrl":"https:\/\/secure.gravatar.com\/avatar\/a3de8138268bab3c88b5aad189d1925778223716817315540684a3f504a7a223?s=96&d=mm&r=g","caption":"Ismael"},"url":"https:\/\/www.enerlandgroup.com\/es\/author\/it\/"}]}},"jetpack_featured_media_url":"https:\/\/www.enerlandgroup.com\/wp-content\/uploads\/2020\/03\/Imagen_portada_noticia_virgen_de_la_oliva.png","_links":{"self":[{"href":"https:\/\/www.enerlandgroup.com\/es\/wp-json\/wp\/v2\/posts\/6104","targetHints":{"allow":["GET"]}}],"collection":[{"href":"https:\/\/www.enerlandgroup.com\/es\/wp-json\/wp\/v2\/posts"}],"about":[{"href":"https:\/\/www.enerlandgroup.com\/es\/wp-json\/wp\/v2\/types\/post"}],"author":[{"embeddable":true,"href":"https:\/\/www.enerlandgroup.com\/es\/wp-json\/wp\/v2\/users\/10"}],"replies":[{"embeddable":true,"href":"https:\/\/www.enerlandgroup.com\/es\/wp-json\/wp\/v2\/comments?post=6104"}],"version-history":[{"count":4,"href":"https:\/\/www.enerlandgroup.com\/es\/wp-json\/wp\/v2\/posts\/6104\/revisions"}],"predecessor-version":[{"id":6239,"href":"https:\/\/www.enerlandgroup.com\/es\/wp-json\/wp\/v2\/posts\/6104\/revisions\/6239"}],"wp:featuredmedia":[{"embeddable":true,"href":"https:\/\/www.enerlandgroup.com\/es\/wp-json\/wp\/v2\/media\/6240"}],"wp:attachment":[{"href":"https:\/\/www.enerlandgroup.com\/es\/wp-json\/wp\/v2\/media?parent=6104"}],"wp:term":[{"taxonomy":"category","embeddable":true,"href":"https:\/\/www.enerlandgroup.com\/es\/wp-json\/wp\/v2\/categories?post=6104"},{"taxonomy":"post_tag","embeddable":true,"href":"https:\/\/www.enerlandgroup.com\/es\/wp-json\/wp\/v2\/tags?post=6104"}],"curies":[{"name":"wp","href":"https:\/\/api.w.org\/{rel}","templated":true}]}}