{"id":6103,"date":"2020-01-20T12:27:06","date_gmt":"2020-01-20T11:27:06","guid":{"rendered":"http:\/\/www.enerlandgroup.com\/?p=6103"},"modified":"2021-08-09T13:42:46","modified_gmt":"2021-08-09T11:42:46","slug":"instalacion-solar-virgen-de-la-oliva","status":"publish","type":"post","link":"https:\/\/www.enerlandgroup.com\/es\/instalacion-solar-virgen-de-la-oliva\/","title":{"rendered":"Instalaci\u00f3n solar Virgen de la Oliva"},"content":{"rendered":"<h2>Comenzamos la nueva instalaci\u00f3n solar en la Cooperativa Virgen de la Oliva. Este peque\u00f1o parque fotovoltaico ubicado en Ejea de los Caballeros, Espa\u00f1a destinar\u00e1 su producci\u00f3n energ\u00e9tica al autoconsumo.<\/h2>\n<p>&nbsp;<\/p>\n<p>En la <a href=\"https:\/\/www.cooperativaejea.com\/\">Cooperativa Virgen de la Oliva<\/a> ubicada en la provincia de Zaragoza, Espa\u00f1a, va a comenzar la ejecuci\u00f3n de la nueva instalaci\u00f3n solar. Esta peque\u00f1a planta generar\u00e1 una potencia de 999,18 kwh que ser\u00e1n destinados al autoabastecimiento energ\u00e9tico sin excedentes de la cooperativa.<\/p>\n<p>Para la realizaci\u00f3n de este proyecto de autoconsumo fotovoltaico, se ha firmado un acuerdo bajo la modalidad EPC o servicio \u00abllave en mano\u00bb. A trav\u00e9s de este acuerdo, Enerland se hace responsable de la realizaci\u00f3n del proyecto de ejecuci\u00f3n y construcci\u00f3n. Tambi\u00e9n se har\u00e1 cargo de la direcci\u00f3n de obra y direcci\u00f3n facultativa.<\/p>\n<p>&nbsp;<\/p>\n<h3>El proyecto solar de la Cooperativa Virgen de la Oliva<\/h3>\n<p>Este parque fotovoltaico se va a ubicar en la localidad de Ejea de los Caballeros, Zaragoza. La extensi\u00f3n del terreno r\u00fastico, anexo a las instalaciones de la cooperativa, ser\u00e1 de aproximadamente 90m2.<\/p>\n<p>Atendiendo a los datos t\u00e9cnicos, para la ejecuci\u00f3n de este proyecto, se van a instalar 2.700 m\u00f3dulos fotovoltaicos Longi. La estructura elegida para la construcci\u00f3n de esta instalaci\u00f3n ser\u00e1 fija y con una inclinaci\u00f3n de 35\u00ba. Adem\u00e1s, la planta solar tambi\u00e9n contar\u00e1 con la instalaci\u00f3n de 8 inversores. Cabe destacar que la producci\u00f3n energ\u00e9tica generada por \u00abVirgen de la Oliva\u00bb ser\u00e1 destinada a la modalidad de autoconsumo sin excedentes.<\/p>\n<p>Finalmente, tras esta instalaci\u00f3n, ser\u00e1n tres <a href=\"https:\/\/www.enerlandgroup.com\/proyectos\/\">nuestros parques<\/a> de autoconsumo energ\u00e9tico fotovoltaicos realizados.<\/p>\n<p>&nbsp;<\/p>\n<h3>Una gran soluci\u00f3n<\/h3>\n<p>En la actualidad, por la naturaleza de su actividad, industrias de diferentes sectores ven incrementados sus costes. Esto se debe a la variaci\u00f3n en el precio de la luz. La necesidad de mantener las plantas en continuo funcionamiento, no permiten realizar ahorros en los consumos. Sin embargo, los parques solares que destinan su producci\u00f3n al autoconsumo energ\u00e9tico, se convierten en una gran soluci\u00f3n. Gracias a ellos, los propietarios pueden, controlar sus consumos, reducir su gasto en la factura de la luz y reducir su impacto medioambiental negativo. Sin embargo, no todas las industrias cuentan con terrenos anexos que les permitan incorporar este tipo de instalaciones fotovoltaicas. Para esos casos, existe una soluci\u00f3n a alternativa:<a href=\"http:\/\/www.monticell.es\"> Las instalaciones sobre cubierta.<\/a><\/p>\n<h3><img loading=\"lazy\" decoding=\"async\" class=\"size-large wp-image-6113 aligncenter\" src=\"https:\/\/www.enerlandgroup.com\/wp-content\/uploads\/2020\/01\/Inicio-obras-Virgen-de-la-Oliva-min-1024x560.png\" alt=\"Inicio obras instalaci\u00f3n fotovoltaica Cooperativa Virgen de la Oliva\" width=\"1024\" height=\"560\" srcset=\"https:\/\/www.enerlandgroup.com\/wp-content\/uploads\/2020\/01\/Inicio-obras-Virgen-de-la-Oliva-min-1024x560.png 1024w, https:\/\/www.enerlandgroup.com\/wp-content\/uploads\/2020\/01\/Inicio-obras-Virgen-de-la-Oliva-min-980x536.png 980w, https:\/\/www.enerlandgroup.com\/wp-content\/uploads\/2020\/01\/Inicio-obras-Virgen-de-la-Oliva-min-480x263.png 480w\" sizes=\"auto, (min-width: 0px) and (max-width: 480px) 480px, (min-width: 481px) and (max-width: 980px) 980px, (min-width: 981px) 1024px, 100vw\" \/><\/h3>\n","protected":false},"excerpt":{"rendered":"<p>Comenzamos la nueva instalaci\u00f3n solar en la Cooperativa Virgen de la Oliva. Este peque\u00f1o<\/p>\n","protected":false},"author":10,"featured_media":6119,"comment_status":"open","ping_status":"open","sticky":false,"template":"","format":"standard","meta":{"_et_pb_use_builder":"","_et_pb_old_content":"","_et_gb_content_width":"","footnotes":""},"categories":[22],"tags":[44,78],"class_list":["post-6103","post","type-post","status-publish","format-standard","has-post-thumbnail","hentry","category-proyectos-realizados","tag-espana","tag-proyecto"],"yoast_head":"<!-- This site is optimized with the Yoast SEO plugin v27.4 - https:\/\/yoast.com\/product\/yoast-seo-wordpress\/ -->\n<title>Instalaci\u00f3n solar Virgen de la Oliva - Enerland Energ\u00eda Renovable<\/title>\n<meta name=\"description\" content=\"La nueva instalaci\u00f3n solar en la Cooperativa Virgen de la Oliva destinar\u00e1 su producci\u00f3n fotovoltaica al autoconsumo energ\u00e9tico.\" \/>\n<meta name=\"robots\" content=\"index, follow, max-snippet:-1, max-image-preview:large, max-video-preview:-1\" \/>\n<link rel=\"canonical\" href=\"https:\/\/www.enerlandgroup.com\/es\/instalacion-solar-virgen-de-la-oliva\/\" \/>\n<meta property=\"og:locale\" content=\"es_ES\" \/>\n<meta property=\"og:type\" content=\"article\" \/>\n<meta property=\"og:title\" content=\"Instalaci\u00f3n solar Virgen de la Oliva - Enerland Energ\u00eda Renovable\" \/>\n<meta property=\"og:description\" content=\"La nueva instalaci\u00f3n solar en la Cooperativa Virgen de la Oliva destinar\u00e1 su producci\u00f3n fotovoltaica al autoconsumo energ\u00e9tico.\" \/>\n<meta property=\"og:url\" content=\"https:\/\/www.enerlandgroup.com\/es\/instalacion-solar-virgen-de-la-oliva\/\" \/>\n<meta property=\"og:site_name\" content=\"Enerland Energ\u00eda Renovable\" \/>\n<meta property=\"article:published_time\" content=\"2020-01-20T11:27:06+00:00\" \/>\n<meta property=\"article:modified_time\" content=\"2021-08-09T11:42:46+00:00\" \/>\n<meta property=\"og:image\" content=\"https:\/\/www.enerlandgroup.com\/wp-content\/uploads\/2020\/01\/Proyecto-Espana-Ejea-scaled.jpg\" \/>\n\t<meta property=\"og:image:width\" content=\"2560\" \/>\n\t<meta property=\"og:image:height\" content=\"958\" \/>\n\t<meta property=\"og:image:type\" content=\"image\/jpeg\" \/>\n<meta name=\"author\" content=\"Ismael\" \/>\n<meta name=\"twitter:card\" content=\"summary_large_image\" \/>\n<script type=\"application\/ld+json\" class=\"yoast-schema-graph\">{\"@context\":\"https:\\\/\\\/schema.org\",\"@graph\":[{\"@type\":\"Article\",\"@id\":\"https:\\\/\\\/www.enerlandgroup.com\\\/es\\\/instalacion-solar-virgen-de-la-oliva\\\/#article\",\"isPartOf\":{\"@id\":\"https:\\\/\\\/www.enerlandgroup.com\\\/es\\\/instalacion-solar-virgen-de-la-oliva\\\/\"},\"author\":{\"name\":\"Ismael\",\"@id\":\"https:\\\/\\\/www.enerlandgroup.com\\\/es\\\/#\\\/schema\\\/person\\\/20441025d4f2af3c77a3d2a4b69f35bf\"},\"headline\":\"Instalaci\u00f3n solar Virgen de la Oliva\",\"datePublished\":\"2020-01-20T11:27:06+00:00\",\"dateModified\":\"2021-08-09T11:42:46+00:00\",\"mainEntityOfPage\":{\"@id\":\"https:\\\/\\\/www.enerlandgroup.com\\\/es\\\/instalacion-solar-virgen-de-la-oliva\\\/\"},\"wordCount\":418,\"commentCount\":0,\"publisher\":{\"@id\":\"https:\\\/\\\/www.enerlandgroup.com\\\/es\\\/#organization\"},\"image\":{\"@id\":\"https:\\\/\\\/www.enerlandgroup.com\\\/es\\\/instalacion-solar-virgen-de-la-oliva\\\/#primaryimage\"},\"thumbnailUrl\":\"https:\\\/\\\/www.enerlandgroup.com\\\/wp-content\\\/uploads\\\/2020\\\/01\\\/Proyecto-Espana-Ejea-scaled.jpg\",\"keywords\":[\"Espa\u00f1a\",\"proyecto\"],\"articleSection\":[\"Proyectos Realizados\"],\"inLanguage\":\"es\",\"potentialAction\":[{\"@type\":\"CommentAction\",\"name\":\"Comment\",\"target\":[\"https:\\\/\\\/www.enerlandgroup.com\\\/es\\\/instalacion-solar-virgen-de-la-oliva\\\/#respond\"]}]},{\"@type\":[\"WebPage\",\"ItemPage\"],\"@id\":\"https:\\\/\\\/www.enerlandgroup.com\\\/es\\\/instalacion-solar-virgen-de-la-oliva\\\/\",\"url\":\"https:\\\/\\\/www.enerlandgroup.com\\\/es\\\/instalacion-solar-virgen-de-la-oliva\\\/\",\"name\":\"Instalaci\u00f3n solar Virgen de la Oliva - Enerland Energ\u00eda Renovable\",\"isPartOf\":{\"@id\":\"https:\\\/\\\/www.enerlandgroup.com\\\/es\\\/#website\"},\"primaryImageOfPage\":{\"@id\":\"https:\\\/\\\/www.enerlandgroup.com\\\/es\\\/instalacion-solar-virgen-de-la-oliva\\\/#primaryimage\"},\"image\":{\"@id\":\"https:\\\/\\\/www.enerlandgroup.com\\\/es\\\/instalacion-solar-virgen-de-la-oliva\\\/#primaryimage\"},\"thumbnailUrl\":\"https:\\\/\\\/www.enerlandgroup.com\\\/wp-content\\\/uploads\\\/2020\\\/01\\\/Proyecto-Espana-Ejea-scaled.jpg\",\"datePublished\":\"2020-01-20T11:27:06+00:00\",\"dateModified\":\"2021-08-09T11:42:46+00:00\",\"description\":\"La nueva instalaci\u00f3n solar en la Cooperativa Virgen de la Oliva destinar\u00e1 su producci\u00f3n fotovoltaica al autoconsumo energ\u00e9tico.\",\"breadcrumb\":{\"@id\":\"https:\\\/\\\/www.enerlandgroup.com\\\/es\\\/instalacion-solar-virgen-de-la-oliva\\\/#breadcrumb\"},\"inLanguage\":\"es\",\"potentialAction\":[{\"@type\":\"ReadAction\",\"target\":[\"https:\\\/\\\/www.enerlandgroup.com\\\/es\\\/instalacion-solar-virgen-de-la-oliva\\\/\"]}]},{\"@type\":\"ImageObject\",\"inLanguage\":\"es\",\"@id\":\"https:\\\/\\\/www.enerlandgroup.com\\\/es\\\/instalacion-solar-virgen-de-la-oliva\\\/#primaryimage\",\"url\":\"https:\\\/\\\/www.enerlandgroup.com\\\/wp-content\\\/uploads\\\/2020\\\/01\\\/Proyecto-Espana-Ejea-scaled.jpg\",\"contentUrl\":\"https:\\\/\\\/www.enerlandgroup.com\\\/wp-content\\\/uploads\\\/2020\\\/01\\\/Proyecto-Espana-Ejea-scaled.jpg\",\"width\":2560,\"height\":958,\"caption\":\"Instalaci\u00f3n solar Virgen de la Oliva\"},{\"@type\":\"BreadcrumbList\",\"@id\":\"https:\\\/\\\/www.enerlandgroup.com\\\/es\\\/instalacion-solar-virgen-de-la-oliva\\\/#breadcrumb\",\"itemListElement\":[{\"@type\":\"ListItem\",\"position\":1,\"name\":\"Inicio\",\"item\":\"https:\\\/\\\/www.enerlandgroup.com\\\/es\\\/\"},{\"@type\":\"ListItem\",\"position\":2,\"name\":\"Instalaci\u00f3n solar Virgen de la Oliva\"}]},{\"@type\":\"WebSite\",\"@id\":\"https:\\\/\\\/www.enerlandgroup.com\\\/es\\\/#website\",\"url\":\"https:\\\/\\\/www.enerlandgroup.com\\\/es\\\/\",\"name\":\"Enerland Energ\u00eda Renovable\",\"description\":\"\",\"publisher\":{\"@id\":\"https:\\\/\\\/www.enerlandgroup.com\\\/es\\\/#organization\"},\"potentialAction\":[{\"@type\":\"SearchAction\",\"target\":{\"@type\":\"EntryPoint\",\"urlTemplate\":\"https:\\\/\\\/www.enerlandgroup.com\\\/es\\\/?s={search_term_string}\"},\"query-input\":{\"@type\":\"PropertyValueSpecification\",\"valueRequired\":true,\"valueName\":\"search_term_string\"}}],\"inLanguage\":\"es\"},{\"@type\":\"Organization\",\"@id\":\"https:\\\/\\\/www.enerlandgroup.com\\\/es\\\/#organization\",\"name\":\"Enerland Group\",\"url\":\"https:\\\/\\\/www.enerlandgroup.com\\\/es\\\/\",\"logo\":{\"@type\":\"ImageObject\",\"inLanguage\":\"es\",\"@id\":\"https:\\\/\\\/www.enerlandgroup.com\\\/es\\\/#\\\/schema\\\/logo\\\/image\\\/\",\"url\":\"https:\\\/\\\/www.enerlandgroup.com\\\/wp-content\\\/uploads\\\/2021\\\/05\\\/Logo_Enerland.png\",\"contentUrl\":\"https:\\\/\\\/www.enerlandgroup.com\\\/wp-content\\\/uploads\\\/2021\\\/05\\\/Logo_Enerland.png\",\"width\":184,\"height\":43,\"caption\":\"Enerland Group\"},\"image\":{\"@id\":\"https:\\\/\\\/www.enerlandgroup.com\\\/es\\\/#\\\/schema\\\/logo\\\/image\\\/\"},\"sameAs\":[\"https:\\\/\\\/www.linkedin.com\\\/company\\\/enerland-group\\\/\",\"https:\\\/\\\/www.youtube.com\\\/channel\\\/UCjdInbThgaPa2_D34vRChmA\"]},{\"@type\":\"Person\",\"@id\":\"https:\\\/\\\/www.enerlandgroup.com\\\/es\\\/#\\\/schema\\\/person\\\/20441025d4f2af3c77a3d2a4b69f35bf\",\"name\":\"Ismael\",\"image\":{\"@type\":\"ImageObject\",\"inLanguage\":\"es\",\"@id\":\"https:\\\/\\\/secure.gravatar.com\\\/avatar\\\/a3de8138268bab3c88b5aad189d1925778223716817315540684a3f504a7a223?s=96&d=mm&r=g\",\"url\":\"https:\\\/\\\/secure.gravatar.com\\\/avatar\\\/a3de8138268bab3c88b5aad189d1925778223716817315540684a3f504a7a223?s=96&d=mm&r=g\",\"contentUrl\":\"https:\\\/\\\/secure.gravatar.com\\\/avatar\\\/a3de8138268bab3c88b5aad189d1925778223716817315540684a3f504a7a223?s=96&d=mm&r=g\",\"caption\":\"Ismael\"},\"url\":\"https:\\\/\\\/www.enerlandgroup.com\\\/es\\\/author\\\/it\\\/\"}]}<\/script>\n<!-- \/ Yoast SEO plugin. -->","yoast_head_json":{"title":"Instalaci\u00f3n solar Virgen de la Oliva - Enerland Energ\u00eda Renovable","description":"La nueva instalaci\u00f3n solar en la Cooperativa Virgen de la Oliva destinar\u00e1 su producci\u00f3n fotovoltaica al autoconsumo energ\u00e9tico.","robots":{"index":"index","follow":"follow","max-snippet":"max-snippet:-1","max-image-preview":"max-image-preview:large","max-video-preview":"max-video-preview:-1"},"canonical":"https:\/\/www.enerlandgroup.com\/es\/instalacion-solar-virgen-de-la-oliva\/","og_locale":"es_ES","og_type":"article","og_title":"Instalaci\u00f3n solar Virgen de la Oliva - Enerland Energ\u00eda Renovable","og_description":"La nueva instalaci\u00f3n solar en la Cooperativa Virgen de la Oliva destinar\u00e1 su producci\u00f3n fotovoltaica al autoconsumo energ\u00e9tico.","og_url":"https:\/\/www.enerlandgroup.com\/es\/instalacion-solar-virgen-de-la-oliva\/","og_site_name":"Enerland Energ\u00eda Renovable","article_published_time":"2020-01-20T11:27:06+00:00","article_modified_time":"2021-08-09T11:42:46+00:00","og_image":[{"width":2560,"height":958,"url":"https:\/\/www.enerlandgroup.com\/wp-content\/uploads\/2020\/01\/Proyecto-Espana-Ejea-scaled.jpg","type":"image\/jpeg"}],"author":"Ismael","twitter_card":"summary_large_image","schema":{"@context":"https:\/\/schema.org","@graph":[{"@type":"Article","@id":"https:\/\/www.enerlandgroup.com\/es\/instalacion-solar-virgen-de-la-oliva\/#article","isPartOf":{"@id":"https:\/\/www.enerlandgroup.com\/es\/instalacion-solar-virgen-de-la-oliva\/"},"author":{"name":"Ismael","@id":"https:\/\/www.enerlandgroup.com\/es\/#\/schema\/person\/20441025d4f2af3c77a3d2a4b69f35bf"},"headline":"Instalaci\u00f3n solar Virgen de la Oliva","datePublished":"2020-01-20T11:27:06+00:00","dateModified":"2021-08-09T11:42:46+00:00","mainEntityOfPage":{"@id":"https:\/\/www.enerlandgroup.com\/es\/instalacion-solar-virgen-de-la-oliva\/"},"wordCount":418,"commentCount":0,"publisher":{"@id":"https:\/\/www.enerlandgroup.com\/es\/#organization"},"image":{"@id":"https:\/\/www.enerlandgroup.com\/es\/instalacion-solar-virgen-de-la-oliva\/#primaryimage"},"thumbnailUrl":"https:\/\/www.enerlandgroup.com\/wp-content\/uploads\/2020\/01\/Proyecto-Espana-Ejea-scaled.jpg","keywords":["Espa\u00f1a","proyecto"],"articleSection":["Proyectos Realizados"],"inLanguage":"es","potentialAction":[{"@type":"CommentAction","name":"Comment","target":["https:\/\/www.enerlandgroup.com\/es\/instalacion-solar-virgen-de-la-oliva\/#respond"]}]},{"@type":["WebPage","ItemPage"],"@id":"https:\/\/www.enerlandgroup.com\/es\/instalacion-solar-virgen-de-la-oliva\/","url":"https:\/\/www.enerlandgroup.com\/es\/instalacion-solar-virgen-de-la-oliva\/","name":"Instalaci\u00f3n solar Virgen de la Oliva - Enerland Energ\u00eda Renovable","isPartOf":{"@id":"https:\/\/www.enerlandgroup.com\/es\/#website"},"primaryImageOfPage":{"@id":"https:\/\/www.enerlandgroup.com\/es\/instalacion-solar-virgen-de-la-oliva\/#primaryimage"},"image":{"@id":"https:\/\/www.enerlandgroup.com\/es\/instalacion-solar-virgen-de-la-oliva\/#primaryimage"},"thumbnailUrl":"https:\/\/www.enerlandgroup.com\/wp-content\/uploads\/2020\/01\/Proyecto-Espana-Ejea-scaled.jpg","datePublished":"2020-01-20T11:27:06+00:00","dateModified":"2021-08-09T11:42:46+00:00","description":"La nueva instalaci\u00f3n solar en la Cooperativa Virgen de la Oliva destinar\u00e1 su producci\u00f3n fotovoltaica al autoconsumo energ\u00e9tico.","breadcrumb":{"@id":"https:\/\/www.enerlandgroup.com\/es\/instalacion-solar-virgen-de-la-oliva\/#breadcrumb"},"inLanguage":"es","potentialAction":[{"@type":"ReadAction","target":["https:\/\/www.enerlandgroup.com\/es\/instalacion-solar-virgen-de-la-oliva\/"]}]},{"@type":"ImageObject","inLanguage":"es","@id":"https:\/\/www.enerlandgroup.com\/es\/instalacion-solar-virgen-de-la-oliva\/#primaryimage","url":"https:\/\/www.enerlandgroup.com\/wp-content\/uploads\/2020\/01\/Proyecto-Espana-Ejea-scaled.jpg","contentUrl":"https:\/\/www.enerlandgroup.com\/wp-content\/uploads\/2020\/01\/Proyecto-Espana-Ejea-scaled.jpg","width":2560,"height":958,"caption":"Instalaci\u00f3n solar Virgen de la Oliva"},{"@type":"BreadcrumbList","@id":"https:\/\/www.enerlandgroup.com\/es\/instalacion-solar-virgen-de-la-oliva\/#breadcrumb","itemListElement":[{"@type":"ListItem","position":1,"name":"Inicio","item":"https:\/\/www.enerlandgroup.com\/es\/"},{"@type":"ListItem","position":2,"name":"Instalaci\u00f3n solar Virgen de la Oliva"}]},{"@type":"WebSite","@id":"https:\/\/www.enerlandgroup.com\/es\/#website","url":"https:\/\/www.enerlandgroup.com\/es\/","name":"Enerland Energ\u00eda Renovable","description":"","publisher":{"@id":"https:\/\/www.enerlandgroup.com\/es\/#organization"},"potentialAction":[{"@type":"SearchAction","target":{"@type":"EntryPoint","urlTemplate":"https:\/\/www.enerlandgroup.com\/es\/?s={search_term_string}"},"query-input":{"@type":"PropertyValueSpecification","valueRequired":true,"valueName":"search_term_string"}}],"inLanguage":"es"},{"@type":"Organization","@id":"https:\/\/www.enerlandgroup.com\/es\/#organization","name":"Enerland Group","url":"https:\/\/www.enerlandgroup.com\/es\/","logo":{"@type":"ImageObject","inLanguage":"es","@id":"https:\/\/www.enerlandgroup.com\/es\/#\/schema\/logo\/image\/","url":"https:\/\/www.enerlandgroup.com\/wp-content\/uploads\/2021\/05\/Logo_Enerland.png","contentUrl":"https:\/\/www.enerlandgroup.com\/wp-content\/uploads\/2021\/05\/Logo_Enerland.png","width":184,"height":43,"caption":"Enerland Group"},"image":{"@id":"https:\/\/www.enerlandgroup.com\/es\/#\/schema\/logo\/image\/"},"sameAs":["https:\/\/www.linkedin.com\/company\/enerland-group\/","https:\/\/www.youtube.com\/channel\/UCjdInbThgaPa2_D34vRChmA"]},{"@type":"Person","@id":"https:\/\/www.enerlandgroup.com\/es\/#\/schema\/person\/20441025d4f2af3c77a3d2a4b69f35bf","name":"Ismael","image":{"@type":"ImageObject","inLanguage":"es","@id":"https:\/\/secure.gravatar.com\/avatar\/a3de8138268bab3c88b5aad189d1925778223716817315540684a3f504a7a223?s=96&d=mm&r=g","url":"https:\/\/secure.gravatar.com\/avatar\/a3de8138268bab3c88b5aad189d1925778223716817315540684a3f504a7a223?s=96&d=mm&r=g","contentUrl":"https:\/\/secure.gravatar.com\/avatar\/a3de8138268bab3c88b5aad189d1925778223716817315540684a3f504a7a223?s=96&d=mm&r=g","caption":"Ismael"},"url":"https:\/\/www.enerlandgroup.com\/es\/author\/it\/"}]}},"jetpack_featured_media_url":"https:\/\/www.enerlandgroup.com\/wp-content\/uploads\/2020\/01\/Proyecto-Espana-Ejea-scaled.jpg","_links":{"self":[{"href":"https:\/\/www.enerlandgroup.com\/es\/wp-json\/wp\/v2\/posts\/6103","targetHints":{"allow":["GET"]}}],"collection":[{"href":"https:\/\/www.enerlandgroup.com\/es\/wp-json\/wp\/v2\/posts"}],"about":[{"href":"https:\/\/www.enerlandgroup.com\/es\/wp-json\/wp\/v2\/types\/post"}],"author":[{"embeddable":true,"href":"https:\/\/www.enerlandgroup.com\/es\/wp-json\/wp\/v2\/users\/10"}],"replies":[{"embeddable":true,"href":"https:\/\/www.enerlandgroup.com\/es\/wp-json\/wp\/v2\/comments?post=6103"}],"version-history":[{"count":6,"href":"https:\/\/www.enerlandgroup.com\/es\/wp-json\/wp\/v2\/posts\/6103\/revisions"}],"predecessor-version":[{"id":6122,"href":"https:\/\/www.enerlandgroup.com\/es\/wp-json\/wp\/v2\/posts\/6103\/revisions\/6122"}],"wp:featuredmedia":[{"embeddable":true,"href":"https:\/\/www.enerlandgroup.com\/es\/wp-json\/wp\/v2\/media\/6119"}],"wp:attachment":[{"href":"https:\/\/www.enerlandgroup.com\/es\/wp-json\/wp\/v2\/media?parent=6103"}],"wp:term":[{"taxonomy":"category","embeddable":true,"href":"https:\/\/www.enerlandgroup.com\/es\/wp-json\/wp\/v2\/categories?post=6103"},{"taxonomy":"post_tag","embeddable":true,"href":"https:\/\/www.enerlandgroup.com\/es\/wp-json\/wp\/v2\/tags?post=6103"}],"curies":[{"name":"wp","href":"https:\/\/api.w.org\/{rel}","templated":true}]}}