{"id":6073,"date":"2021-09-15T09:23:55","date_gmt":"2021-09-15T07:23:55","guid":{"rendered":"http:\/\/www.enerlandgroup.com\/?p=6073"},"modified":"2021-08-10T09:20:45","modified_gmt":"2021-08-10T07:20:45","slug":"finalizamos-el-parque-solar-la-pizarra","status":"publish","type":"post","link":"https:\/\/www.enerlandgroup.com\/es\/finalizamos-el-parque-solar-la-pizarra\/","title":{"rendered":"Parque solar La Pizarra finalizado"},"content":{"rendered":"<h2>Anunciamos que la ejecuci\u00f3n de nuestro primer parque solar en la provincia de C\u00e1ceres ha finalizado. Tras varios meses de ejecuci\u00f3n, Enerland Espa\u00f1a concluye el proyecto \u00abLa Pizarra\u00bb. Esta instalaci\u00f3n fotovoltaica generar\u00e1 una potencia de 9.782,08 kWp.<\/h2>\n<p>&nbsp;<\/p>\n<p>Hace algunos meses, publicamos el comienzo de la ejecuci\u00f3n de nuestro primer <a href=\"https:\/\/www.enerlandgroup.com\/nuevo-parque-fotovoltaico-en-espana\/\">parque fotovoltaico en la provincia de C\u00e1ceres<\/a>, Espa\u00f1a. Cumpliendo con las fechas previstas, en el d\u00eda de hoy, anunciamos que el parque solar La Pizarra, ha finalizado.<\/p>\n<p>En este caso, Enerland Espa\u00f1a ha realizado la ejecuci\u00f3n completa a trav\u00e9s de un servicio \u00abllave en mano\u00bb. Para el proyecto, se gestion\u00f3 la compra de la estructura, de los inversores centrales y de los m\u00f3dulos. Adem\u00e1s, se gestion\u00f3 \u00edntegramente la log\u00edstica necesaria para transportar los 34 contenedores de material desde China hasta C\u00e1ceres <a href=\"https:\/\/www.eleconomista.es\/empresas-finanzas\/noticias\/11280696\/06\/21\/El-transporte-maritimo-se-encarece-un-328-por-el-Covid-y-el-atasco-en-China.html\">en estos momentos tan complicados<\/a>.<\/p>\n<p>Por otra parte, tambi\u00e9n se ha coordinado el montaje mec\u00e1nico incluyendo el hincado realizado con <em>predrilling<\/em>, la obra civil completa incluyendo la construcci\u00f3n de la subestaci\u00f3n de evacuaci\u00f3n y el reparto del cliente. Por \u00faltimo, se ha realizado toda la instalaci\u00f3n el\u00e9ctrica de la planta solar.<\/p>\n<p>&nbsp;<\/p>\n<h3>Parque fotovoltaico La Pizarra<\/h3>\n<p>Sobre una extensi\u00f3n de aproximadamente 20 hect\u00e1reas de terreno, la ejecuci\u00f3n del parque solar La Pizarra ha finalizado. La nueva planta fotovoltaica producir\u00e1 de media anual una energ\u00eda de 19.785MWh. Esta cifra ser\u00e1 la equivalente a la electricidad consumida por m\u00e1s de 6.500 hogares espa\u00f1oles.<\/p>\n<p>Por otra parte, atendiendo a las cifras t\u00e9cnicas del proyecto, para la ejecuci\u00f3n se ha instalado una estructura con seguidores a un eje. Posteriormente, el proyecto se complet\u00f3 con el montaje de m\u00e1s de 20.000 paneles fotovoltaicos y 3 inversores. Adem\u00e1s de la construcci\u00f3n del parque, tambi\u00e9n se ha realizado la ejecuci\u00f3n integral del centro de transformaci\u00f3n.<\/p>\n<p>Finalmente, para la construcci\u00f3n de este proyecto, se crearon 80 empleos.<\/p>\n<p><img loading=\"lazy\" decoding=\"async\" class=\"size-large wp-image-6078 aligncenter\" src=\"https:\/\/www.enerlandgroup.com\/wp-content\/uploads\/2021\/08\/Amanecer_Centro_transformacion_La_Pizarra-1024x462.jpeg\" alt=\"Centro transformaci\u00f3n La Pizarra finalizado\" width=\"1024\" height=\"462\" srcset=\"https:\/\/www.enerlandgroup.com\/wp-content\/uploads\/2021\/08\/Amanecer_Centro_transformacion_La_Pizarra-980x442.jpeg 980w, https:\/\/www.enerlandgroup.com\/wp-content\/uploads\/2021\/08\/Amanecer_Centro_transformacion_La_Pizarra-480x216.jpeg 480w\" sizes=\"auto, (min-width: 0px) and (max-width: 480px) 480px, (min-width: 481px) and (max-width: 980px) 980px, (min-width: 981px) 1024px, 100vw\" \/><\/p>\n<p>&nbsp;<\/p>\n<h3>Extremadura, potencia fotovoltaica en Espa\u00f1a<\/h3>\n<p>Extremadura es la <a href=\"https:\/\/www.ree.es\/sites\/default\/files\/07_SALA_PRENSA\/Documentos\/2021\/1203_NP_Avance_Extremadura.pdf\">comunidad espa\u00f1ola que mayor potencia fotovoltaica instal\u00f3 durante el 2020<\/a>. En concreto, durante el a\u00f1o pasado, se instalaron m\u00e1s de 1.300 MW nuevos. Sumados a las instalaciones previas, la regi\u00f3n cuenta con 2.568 MW. Este crecimiento del 105,9% posicion\u00f3 a Extremadura como la regi\u00f3n con mayor incremento en cuanto a generaci\u00f3n de energ\u00eda solar del \u00faltimo a\u00f1o. Por otra parte, una cifra adicional a destacar es que solo su producci\u00f3n de energ\u00eda fotovoltaica, supone el 22,2% de la producci\u00f3n total del pa\u00eds.<\/p>\n<p>Por otra parte, atendiendo a la sostenibilidad, la producci\u00f3n de energ\u00eda solar, evita la emisi\u00f3n de toneladas de CO2 a la atm\u00f3sfera. Apostar por la producci\u00f3n de este tipo de energ\u00eda es apostar por el planeta y el futuro. Durante el a\u00f1o pasado, la producci\u00f3n libre de emisiones de las instalaciones fotovoltaicas ubicadas en Extremadura, alcanz\u00f3 la cuota m\u00e1s alta de todo el pa\u00eds. Esta cifra lleg\u00f3 a representar el 99,7% de la producci\u00f3n. Con la nueva planta solar La Pizarra, se evitar\u00e1 la emisi\u00f3n de m\u00e1s de 6.700 toneladas de CO2 a la atm\u00f3sfera. La reducci\u00f3n de estos gases contribuye por un lado, a incrementar las cifras de la comunidad mientras que, por otro lado, colabora en la consecuci\u00f3n de los objetivos de la Agenda 2030.<\/p>\n","protected":false},"excerpt":{"rendered":"<p>Anunciamos que la ejecuci\u00f3n de nuestro primer parque solar en la provincia de C\u00e1ceres<\/p>\n","protected":false},"author":10,"featured_media":0,"comment_status":"open","ping_status":"open","sticky":false,"template":"","format":"standard","meta":{"_et_pb_use_builder":"","_et_pb_old_content":"","_et_gb_content_width":"","footnotes":""},"categories":[22],"tags":[44,78,80],"class_list":["post-6073","post","type-post","status-publish","format-standard","hentry","category-proyectos-realizados","tag-espana","tag-proyecto","tag-proyecto-finalizado"],"yoast_head":"<!-- This site is optimized with the Yoast SEO plugin v27.4 - https:\/\/yoast.com\/product\/yoast-seo-wordpress\/ -->\n<title>Parque solar La Pizarra finalizado - Enerland Energ\u00eda Renovable<\/title>\n<meta name=\"description\" content=\"Tras meses de trabajo, hemos finalizado la construcci\u00f3n del Parque solar La Pizarra. Esta planta solar conectar\u00e1 una potencia de 9.782,08 kWp\" \/>\n<meta name=\"robots\" content=\"index, follow, max-snippet:-1, max-image-preview:large, max-video-preview:-1\" \/>\n<link rel=\"canonical\" href=\"https:\/\/www.enerlandgroup.com\/es\/finalizamos-el-parque-solar-la-pizarra\/\" \/>\n<meta property=\"og:locale\" content=\"es_ES\" \/>\n<meta property=\"og:type\" content=\"article\" \/>\n<meta property=\"og:title\" content=\"Parque solar La Pizarra finalizado - Enerland Energ\u00eda Renovable\" \/>\n<meta property=\"og:description\" content=\"Tras meses de trabajo, hemos finalizado la construcci\u00f3n del Parque solar La Pizarra. Esta planta solar conectar\u00e1 una potencia de 9.782,08 kWp\" \/>\n<meta property=\"og:url\" content=\"https:\/\/www.enerlandgroup.com\/es\/finalizamos-el-parque-solar-la-pizarra\/\" \/>\n<meta property=\"og:site_name\" content=\"Enerland Energ\u00eda Renovable\" \/>\n<meta property=\"article:published_time\" content=\"2021-09-15T07:23:55+00:00\" \/>\n<meta property=\"og:image\" content=\"https:\/\/www.enerlandgroup.com\/wp-content\/uploads\/2021\/08\/Amanecer_Centro_transformacion_La_Pizarra-1024x462.jpeg\" \/>\n<meta name=\"author\" content=\"Ismael\" \/>\n<meta name=\"twitter:card\" content=\"summary_large_image\" \/>\n<script type=\"application\/ld+json\" class=\"yoast-schema-graph\">{\"@context\":\"https:\\\/\\\/schema.org\",\"@graph\":[{\"@type\":\"Article\",\"@id\":\"https:\\\/\\\/www.enerlandgroup.com\\\/es\\\/finalizamos-el-parque-solar-la-pizarra\\\/#article\",\"isPartOf\":{\"@id\":\"https:\\\/\\\/www.enerlandgroup.com\\\/es\\\/finalizamos-el-parque-solar-la-pizarra\\\/\"},\"author\":{\"name\":\"Ismael\",\"@id\":\"https:\\\/\\\/www.enerlandgroup.com\\\/es\\\/#\\\/schema\\\/person\\\/20441025d4f2af3c77a3d2a4b69f35bf\"},\"headline\":\"Parque solar La Pizarra finalizado\",\"datePublished\":\"2021-09-15T07:23:55+00:00\",\"mainEntityOfPage\":{\"@id\":\"https:\\\/\\\/www.enerlandgroup.com\\\/es\\\/finalizamos-el-parque-solar-la-pizarra\\\/\"},\"wordCount\":575,\"commentCount\":0,\"publisher\":{\"@id\":\"https:\\\/\\\/www.enerlandgroup.com\\\/es\\\/#organization\"},\"image\":{\"@id\":\"https:\\\/\\\/www.enerlandgroup.com\\\/es\\\/finalizamos-el-parque-solar-la-pizarra\\\/#primaryimage\"},\"thumbnailUrl\":\"https:\\\/\\\/www.enerlandgroup.com\\\/wp-content\\\/uploads\\\/2021\\\/08\\\/Amanecer_Centro_transformacion_La_Pizarra-1024x462.jpeg\",\"keywords\":[\"Espa\u00f1a\",\"proyecto\",\"proyecto finalizado\"],\"articleSection\":[\"Proyectos Realizados\"],\"inLanguage\":\"es\",\"potentialAction\":[{\"@type\":\"CommentAction\",\"name\":\"Comment\",\"target\":[\"https:\\\/\\\/www.enerlandgroup.com\\\/es\\\/finalizamos-el-parque-solar-la-pizarra\\\/#respond\"]}]},{\"@type\":[\"WebPage\",\"ItemPage\"],\"@id\":\"https:\\\/\\\/www.enerlandgroup.com\\\/es\\\/finalizamos-el-parque-solar-la-pizarra\\\/\",\"url\":\"https:\\\/\\\/www.enerlandgroup.com\\\/es\\\/finalizamos-el-parque-solar-la-pizarra\\\/\",\"name\":\"Parque solar La Pizarra finalizado - Enerland Energ\u00eda Renovable\",\"isPartOf\":{\"@id\":\"https:\\\/\\\/www.enerlandgroup.com\\\/es\\\/#website\"},\"primaryImageOfPage\":{\"@id\":\"https:\\\/\\\/www.enerlandgroup.com\\\/es\\\/finalizamos-el-parque-solar-la-pizarra\\\/#primaryimage\"},\"image\":{\"@id\":\"https:\\\/\\\/www.enerlandgroup.com\\\/es\\\/finalizamos-el-parque-solar-la-pizarra\\\/#primaryimage\"},\"thumbnailUrl\":\"https:\\\/\\\/www.enerlandgroup.com\\\/wp-content\\\/uploads\\\/2021\\\/08\\\/Amanecer_Centro_transformacion_La_Pizarra-1024x462.jpeg\",\"datePublished\":\"2021-09-15T07:23:55+00:00\",\"description\":\"Tras meses de trabajo, hemos finalizado la construcci\u00f3n del Parque solar La Pizarra. Esta planta solar conectar\u00e1 una potencia de 9.782,08 kWp\",\"breadcrumb\":{\"@id\":\"https:\\\/\\\/www.enerlandgroup.com\\\/es\\\/finalizamos-el-parque-solar-la-pizarra\\\/#breadcrumb\"},\"inLanguage\":\"es\",\"potentialAction\":[{\"@type\":\"ReadAction\",\"target\":[\"https:\\\/\\\/www.enerlandgroup.com\\\/es\\\/finalizamos-el-parque-solar-la-pizarra\\\/\"]}]},{\"@type\":\"ImageObject\",\"inLanguage\":\"es\",\"@id\":\"https:\\\/\\\/www.enerlandgroup.com\\\/es\\\/finalizamos-el-parque-solar-la-pizarra\\\/#primaryimage\",\"url\":\"https:\\\/\\\/www.enerlandgroup.com\\\/wp-content\\\/uploads\\\/2021\\\/08\\\/Amanecer_Centro_transformacion_La_Pizarra-1024x462.jpeg\",\"contentUrl\":\"https:\\\/\\\/www.enerlandgroup.com\\\/wp-content\\\/uploads\\\/2021\\\/08\\\/Amanecer_Centro_transformacion_La_Pizarra-1024x462.jpeg\"},{\"@type\":\"BreadcrumbList\",\"@id\":\"https:\\\/\\\/www.enerlandgroup.com\\\/es\\\/finalizamos-el-parque-solar-la-pizarra\\\/#breadcrumb\",\"itemListElement\":[{\"@type\":\"ListItem\",\"position\":1,\"name\":\"Inicio\",\"item\":\"https:\\\/\\\/www.enerlandgroup.com\\\/es\\\/\"},{\"@type\":\"ListItem\",\"position\":2,\"name\":\"Parque solar La Pizarra finalizado\"}]},{\"@type\":\"WebSite\",\"@id\":\"https:\\\/\\\/www.enerlandgroup.com\\\/es\\\/#website\",\"url\":\"https:\\\/\\\/www.enerlandgroup.com\\\/es\\\/\",\"name\":\"Enerland Energ\u00eda Renovable\",\"description\":\"\",\"publisher\":{\"@id\":\"https:\\\/\\\/www.enerlandgroup.com\\\/es\\\/#organization\"},\"potentialAction\":[{\"@type\":\"SearchAction\",\"target\":{\"@type\":\"EntryPoint\",\"urlTemplate\":\"https:\\\/\\\/www.enerlandgroup.com\\\/es\\\/?s={search_term_string}\"},\"query-input\":{\"@type\":\"PropertyValueSpecification\",\"valueRequired\":true,\"valueName\":\"search_term_string\"}}],\"inLanguage\":\"es\"},{\"@type\":\"Organization\",\"@id\":\"https:\\\/\\\/www.enerlandgroup.com\\\/es\\\/#organization\",\"name\":\"Enerland Group\",\"url\":\"https:\\\/\\\/www.enerlandgroup.com\\\/es\\\/\",\"logo\":{\"@type\":\"ImageObject\",\"inLanguage\":\"es\",\"@id\":\"https:\\\/\\\/www.enerlandgroup.com\\\/es\\\/#\\\/schema\\\/logo\\\/image\\\/\",\"url\":\"https:\\\/\\\/www.enerlandgroup.com\\\/wp-content\\\/uploads\\\/2021\\\/05\\\/Logo_Enerland.png\",\"contentUrl\":\"https:\\\/\\\/www.enerlandgroup.com\\\/wp-content\\\/uploads\\\/2021\\\/05\\\/Logo_Enerland.png\",\"width\":184,\"height\":43,\"caption\":\"Enerland Group\"},\"image\":{\"@id\":\"https:\\\/\\\/www.enerlandgroup.com\\\/es\\\/#\\\/schema\\\/logo\\\/image\\\/\"},\"sameAs\":[\"https:\\\/\\\/www.linkedin.com\\\/company\\\/enerland-group\\\/\",\"https:\\\/\\\/www.youtube.com\\\/channel\\\/UCjdInbThgaPa2_D34vRChmA\"]},{\"@type\":\"Person\",\"@id\":\"https:\\\/\\\/www.enerlandgroup.com\\\/es\\\/#\\\/schema\\\/person\\\/20441025d4f2af3c77a3d2a4b69f35bf\",\"name\":\"Ismael\",\"image\":{\"@type\":\"ImageObject\",\"inLanguage\":\"es\",\"@id\":\"https:\\\/\\\/secure.gravatar.com\\\/avatar\\\/a3de8138268bab3c88b5aad189d1925778223716817315540684a3f504a7a223?s=96&d=mm&r=g\",\"url\":\"https:\\\/\\\/secure.gravatar.com\\\/avatar\\\/a3de8138268bab3c88b5aad189d1925778223716817315540684a3f504a7a223?s=96&d=mm&r=g\",\"contentUrl\":\"https:\\\/\\\/secure.gravatar.com\\\/avatar\\\/a3de8138268bab3c88b5aad189d1925778223716817315540684a3f504a7a223?s=96&d=mm&r=g\",\"caption\":\"Ismael\"},\"url\":\"https:\\\/\\\/www.enerlandgroup.com\\\/es\\\/author\\\/it\\\/\"}]}<\/script>\n<!-- \/ Yoast SEO plugin. -->","yoast_head_json":{"title":"Parque solar La Pizarra finalizado - Enerland Energ\u00eda Renovable","description":"Tras meses de trabajo, hemos finalizado la construcci\u00f3n del Parque solar La Pizarra. Esta planta solar conectar\u00e1 una potencia de 9.782,08 kWp","robots":{"index":"index","follow":"follow","max-snippet":"max-snippet:-1","max-image-preview":"max-image-preview:large","max-video-preview":"max-video-preview:-1"},"canonical":"https:\/\/www.enerlandgroup.com\/es\/finalizamos-el-parque-solar-la-pizarra\/","og_locale":"es_ES","og_type":"article","og_title":"Parque solar La Pizarra finalizado - Enerland Energ\u00eda Renovable","og_description":"Tras meses de trabajo, hemos finalizado la construcci\u00f3n del Parque solar La Pizarra. Esta planta solar conectar\u00e1 una potencia de 9.782,08 kWp","og_url":"https:\/\/www.enerlandgroup.com\/es\/finalizamos-el-parque-solar-la-pizarra\/","og_site_name":"Enerland Energ\u00eda Renovable","article_published_time":"2021-09-15T07:23:55+00:00","og_image":[{"url":"https:\/\/www.enerlandgroup.com\/wp-content\/uploads\/2021\/08\/Amanecer_Centro_transformacion_La_Pizarra-1024x462.jpeg","type":"","width":"","height":""}],"author":"Ismael","twitter_card":"summary_large_image","schema":{"@context":"https:\/\/schema.org","@graph":[{"@type":"Article","@id":"https:\/\/www.enerlandgroup.com\/es\/finalizamos-el-parque-solar-la-pizarra\/#article","isPartOf":{"@id":"https:\/\/www.enerlandgroup.com\/es\/finalizamos-el-parque-solar-la-pizarra\/"},"author":{"name":"Ismael","@id":"https:\/\/www.enerlandgroup.com\/es\/#\/schema\/person\/20441025d4f2af3c77a3d2a4b69f35bf"},"headline":"Parque solar La Pizarra finalizado","datePublished":"2021-09-15T07:23:55+00:00","mainEntityOfPage":{"@id":"https:\/\/www.enerlandgroup.com\/es\/finalizamos-el-parque-solar-la-pizarra\/"},"wordCount":575,"commentCount":0,"publisher":{"@id":"https:\/\/www.enerlandgroup.com\/es\/#organization"},"image":{"@id":"https:\/\/www.enerlandgroup.com\/es\/finalizamos-el-parque-solar-la-pizarra\/#primaryimage"},"thumbnailUrl":"https:\/\/www.enerlandgroup.com\/wp-content\/uploads\/2021\/08\/Amanecer_Centro_transformacion_La_Pizarra-1024x462.jpeg","keywords":["Espa\u00f1a","proyecto","proyecto finalizado"],"articleSection":["Proyectos Realizados"],"inLanguage":"es","potentialAction":[{"@type":"CommentAction","name":"Comment","target":["https:\/\/www.enerlandgroup.com\/es\/finalizamos-el-parque-solar-la-pizarra\/#respond"]}]},{"@type":["WebPage","ItemPage"],"@id":"https:\/\/www.enerlandgroup.com\/es\/finalizamos-el-parque-solar-la-pizarra\/","url":"https:\/\/www.enerlandgroup.com\/es\/finalizamos-el-parque-solar-la-pizarra\/","name":"Parque solar La Pizarra finalizado - Enerland Energ\u00eda Renovable","isPartOf":{"@id":"https:\/\/www.enerlandgroup.com\/es\/#website"},"primaryImageOfPage":{"@id":"https:\/\/www.enerlandgroup.com\/es\/finalizamos-el-parque-solar-la-pizarra\/#primaryimage"},"image":{"@id":"https:\/\/www.enerlandgroup.com\/es\/finalizamos-el-parque-solar-la-pizarra\/#primaryimage"},"thumbnailUrl":"https:\/\/www.enerlandgroup.com\/wp-content\/uploads\/2021\/08\/Amanecer_Centro_transformacion_La_Pizarra-1024x462.jpeg","datePublished":"2021-09-15T07:23:55+00:00","description":"Tras meses de trabajo, hemos finalizado la construcci\u00f3n del Parque solar La Pizarra. Esta planta solar conectar\u00e1 una potencia de 9.782,08 kWp","breadcrumb":{"@id":"https:\/\/www.enerlandgroup.com\/es\/finalizamos-el-parque-solar-la-pizarra\/#breadcrumb"},"inLanguage":"es","potentialAction":[{"@type":"ReadAction","target":["https:\/\/www.enerlandgroup.com\/es\/finalizamos-el-parque-solar-la-pizarra\/"]}]},{"@type":"ImageObject","inLanguage":"es","@id":"https:\/\/www.enerlandgroup.com\/es\/finalizamos-el-parque-solar-la-pizarra\/#primaryimage","url":"https:\/\/www.enerlandgroup.com\/wp-content\/uploads\/2021\/08\/Amanecer_Centro_transformacion_La_Pizarra-1024x462.jpeg","contentUrl":"https:\/\/www.enerlandgroup.com\/wp-content\/uploads\/2021\/08\/Amanecer_Centro_transformacion_La_Pizarra-1024x462.jpeg"},{"@type":"BreadcrumbList","@id":"https:\/\/www.enerlandgroup.com\/es\/finalizamos-el-parque-solar-la-pizarra\/#breadcrumb","itemListElement":[{"@type":"ListItem","position":1,"name":"Inicio","item":"https:\/\/www.enerlandgroup.com\/es\/"},{"@type":"ListItem","position":2,"name":"Parque solar La Pizarra finalizado"}]},{"@type":"WebSite","@id":"https:\/\/www.enerlandgroup.com\/es\/#website","url":"https:\/\/www.enerlandgroup.com\/es\/","name":"Enerland Energ\u00eda Renovable","description":"","publisher":{"@id":"https:\/\/www.enerlandgroup.com\/es\/#organization"},"potentialAction":[{"@type":"SearchAction","target":{"@type":"EntryPoint","urlTemplate":"https:\/\/www.enerlandgroup.com\/es\/?s={search_term_string}"},"query-input":{"@type":"PropertyValueSpecification","valueRequired":true,"valueName":"search_term_string"}}],"inLanguage":"es"},{"@type":"Organization","@id":"https:\/\/www.enerlandgroup.com\/es\/#organization","name":"Enerland Group","url":"https:\/\/www.enerlandgroup.com\/es\/","logo":{"@type":"ImageObject","inLanguage":"es","@id":"https:\/\/www.enerlandgroup.com\/es\/#\/schema\/logo\/image\/","url":"https:\/\/www.enerlandgroup.com\/wp-content\/uploads\/2021\/05\/Logo_Enerland.png","contentUrl":"https:\/\/www.enerlandgroup.com\/wp-content\/uploads\/2021\/05\/Logo_Enerland.png","width":184,"height":43,"caption":"Enerland Group"},"image":{"@id":"https:\/\/www.enerlandgroup.com\/es\/#\/schema\/logo\/image\/"},"sameAs":["https:\/\/www.linkedin.com\/company\/enerland-group\/","https:\/\/www.youtube.com\/channel\/UCjdInbThgaPa2_D34vRChmA"]},{"@type":"Person","@id":"https:\/\/www.enerlandgroup.com\/es\/#\/schema\/person\/20441025d4f2af3c77a3d2a4b69f35bf","name":"Ismael","image":{"@type":"ImageObject","inLanguage":"es","@id":"https:\/\/secure.gravatar.com\/avatar\/a3de8138268bab3c88b5aad189d1925778223716817315540684a3f504a7a223?s=96&d=mm&r=g","url":"https:\/\/secure.gravatar.com\/avatar\/a3de8138268bab3c88b5aad189d1925778223716817315540684a3f504a7a223?s=96&d=mm&r=g","contentUrl":"https:\/\/secure.gravatar.com\/avatar\/a3de8138268bab3c88b5aad189d1925778223716817315540684a3f504a7a223?s=96&d=mm&r=g","caption":"Ismael"},"url":"https:\/\/www.enerlandgroup.com\/es\/author\/it\/"}]}},"jetpack_featured_media_url":"","_links":{"self":[{"href":"https:\/\/www.enerlandgroup.com\/es\/wp-json\/wp\/v2\/posts\/6073","targetHints":{"allow":["GET"]}}],"collection":[{"href":"https:\/\/www.enerlandgroup.com\/es\/wp-json\/wp\/v2\/posts"}],"about":[{"href":"https:\/\/www.enerlandgroup.com\/es\/wp-json\/wp\/v2\/types\/post"}],"author":[{"embeddable":true,"href":"https:\/\/www.enerlandgroup.com\/es\/wp-json\/wp\/v2\/users\/10"}],"replies":[{"embeddable":true,"href":"https:\/\/www.enerlandgroup.com\/es\/wp-json\/wp\/v2\/comments?post=6073"}],"version-history":[{"count":6,"href":"https:\/\/www.enerlandgroup.com\/es\/wp-json\/wp\/v2\/posts\/6073\/revisions"}],"predecessor-version":[{"id":6125,"href":"https:\/\/www.enerlandgroup.com\/es\/wp-json\/wp\/v2\/posts\/6073\/revisions\/6125"}],"wp:attachment":[{"href":"https:\/\/www.enerlandgroup.com\/es\/wp-json\/wp\/v2\/media?parent=6073"}],"wp:term":[{"taxonomy":"category","embeddable":true,"href":"https:\/\/www.enerlandgroup.com\/es\/wp-json\/wp\/v2\/categories?post=6073"},{"taxonomy":"post_tag","embeddable":true,"href":"https:\/\/www.enerlandgroup.com\/es\/wp-json\/wp\/v2\/tags?post=6073"}],"curies":[{"name":"wp","href":"https:\/\/api.w.org\/{rel}","templated":true}]}}