{"id":6010,"date":"2020-11-18T12:34:55","date_gmt":"2020-11-18T11:34:55","guid":{"rendered":"http:\/\/www.enerlandgroup.com\/?p=6010"},"modified":"2021-08-09T11:58:22","modified_gmt":"2021-08-09T09:58:22","slug":"nuevo-parque-fotovoltaico-en-espana","status":"publish","type":"post","link":"https:\/\/www.enerlandgroup.com\/es\/nuevo-parque-fotovoltaico-en-espana\/","title":{"rendered":"Nuevo parque fotovoltaico en Espa\u00f1a"},"content":{"rendered":"<h2>Comienza la construcci\u00f3n de nuestro nuevo parque fotovoltaico en Espa\u00f1a. Ubicado en Torremocha, C\u00e1ceres, esta nueva planta solar conectar\u00e1 a la corriente una potencia de 9.782,08 kWp.<\/h2>\n<p>&nbsp;<\/p>\n<p>Hoy comienza la construcci\u00f3n de nuestro nuevo parque fotovoltaico en Espa\u00f1a. La Pizarra, se convertir\u00e1 en nuestra primera ejecuci\u00f3n de parque solar en Extremadura. Ubicado sobre una extensi\u00f3n de terreno de aproximadamente 20 hect\u00e1reas, en la localidad de Torremocha, C\u00e1ceres, esta planta solar conectar\u00e1 a la red una potencia de 9.782,08 kWp.<\/p>\n<p>En esta ocasi\u00f3n, se ha firmado un contrato en modalidad EPC (<em>Engineering, Procurement and Construction<\/em>). A trav\u00e9s de este tipo de acuerdos, ofrecemos a nuestros clientes el servicio Llave en Mano para la ejecuci\u00f3n integral del proyecto. De este modo, Enerland se hace responsable de todas las actividades y tr\u00e1mites necesarios para la puesta en marcha de la instalaci\u00f3n.<\/p>\n<p>&nbsp;<\/p>\n<h3>Parque fotovoltaico La Pizarra<\/h3>\n<p>El parque solar La Pizarra, producir\u00e1 aproximadamente una energ\u00eda media anual de 19.785MWh. Esta energ\u00eda obtenida a trav\u00e9s de una fuente renovable como es el sol, ser\u00e1 la equivalente a la electricidad consumida por m\u00e1s de 6.500 hogares espa\u00f1oles.<\/p>\n<p>Por otra parte, atendiendo a las cifras t\u00e9cnicas del proyecto, para la ejecuci\u00f3n se instalar\u00e1 una estructura con seguidores a un eje. Posteriormente, la instalaci\u00f3n se completar\u00e1 con m\u00e1s de 20.000 paneles fotovoltaicos y 3 inversores. Adem\u00e1s de la construcci\u00f3n del parque, tambi\u00e9n se llevar\u00e1 a cabo la ejecuci\u00f3n integral del centro de transformaci\u00f3n.<\/p>\n<p>Finalmente, atendiendo a las fechas clave del proyecto, espera que la puesta en marcha se haga efectiva en septiembre del a\u00f1o que viene.<\/p>\n<p><img loading=\"lazy\" decoding=\"async\" class=\"size-large wp-image-6056 aligncenter\" src=\"https:\/\/www.enerlandgroup.com\/wp-content\/uploads\/2020\/11\/La-Pizarra_Estructuras-1-1024x687.jpeg\" alt=\"\" width=\"1024\" height=\"687\" srcset=\"https:\/\/www.enerlandgroup.com\/wp-content\/uploads\/2020\/11\/La-Pizarra_Estructuras-1-980x657.jpeg 980w, https:\/\/www.enerlandgroup.com\/wp-content\/uploads\/2020\/11\/La-Pizarra_Estructuras-1-480x322.jpeg 480w\" sizes=\"auto, (min-width: 0px) and (max-width: 480px) 480px, (min-width: 481px) and (max-width: 980px) 980px, (min-width: 981px) 1024px, 100vw\" \/><\/p>\n<h3><\/h3>\n<h3>Enerland en Espa\u00f1a<\/h3>\n<p><a href=\"https:\/\/elperiodicodelaenergia.com\/espana-uno-de-los-paises-con-mayor-radiacion-solar-instala-el-007-de-la-fotovoltaica-del-mundo\/\">Espa\u00f1a es uno de los pa\u00edses del mundo que mayor \u00edndice de radiaci\u00f3n solar media recibe a lo largo del a\u00f1o<\/a>. Explotar un recurso natural e ilimitado para generar energ\u00eda renovable, ofrece numerosos beneficios tanto para la sociedad como para el planeta. Uno de los m\u00e1s importantes es que la producci\u00f3n de energ\u00eda fotovoltaica, respecto a la generaci\u00f3n de otro tipo de energ\u00edas convencionales, evita la emisi\u00f3n de toneladas de CO2 y otros gases contaminantes a la atm\u00f3sfera.<\/p>\n<p>Invertir en energ\u00eda renovable, es el futuro. \u00a1Sigamos apostando por la transici\u00f3n a una energ\u00eda sostenible.<\/p>\n<p>Con este, ya ser\u00e1n cuatro nuestros <a href=\"https:\/\/www.enerlandgroup.com\/proyectos\/\">parques fotovoltaicos en la pen\u00ednsula ib\u00e9rica<\/a> y 18 en el mundo.<\/p>\n","protected":false},"excerpt":{"rendered":"<p>Comienza la construcci\u00f3n de nuestro nuevo parque fotovoltaico en Espa\u00f1a. Ubicado en Torremocha, C\u00e1ceres,<\/p>\n","protected":false},"author":10,"featured_media":6090,"comment_status":"open","ping_status":"open","sticky":false,"template":"","format":"standard","meta":{"_et_pb_use_builder":"","_et_pb_old_content":"","_et_gb_content_width":"","footnotes":""},"categories":[22],"tags":[44,82],"class_list":["post-6010","post","type-post","status-publish","format-standard","has-post-thumbnail","hentry","category-proyectos-realizados","tag-espana","tag-proyectos"],"yoast_head":"<!-- This site is optimized with the Yoast SEO plugin v27.4 - https:\/\/yoast.com\/product\/yoast-seo-wordpress\/ -->\n<title>Nuevo parque fotovoltaico en Espa\u00f1a - Enerland Energ\u00eda Renovable<\/title>\n<meta name=\"description\" content=\"Comienza la construcci\u00f3n de nuestro nuevo parque fotovoltaico en Espa\u00f1a. Esta planta solar conectar\u00e1 a la corriente 9.799,68 kWp de potencia\" \/>\n<meta name=\"robots\" content=\"index, follow, max-snippet:-1, max-image-preview:large, max-video-preview:-1\" \/>\n<link rel=\"canonical\" href=\"https:\/\/www.enerlandgroup.com\/es\/nuevo-parque-fotovoltaico-en-espana\/\" \/>\n<meta property=\"og:locale\" content=\"es_ES\" \/>\n<meta property=\"og:type\" content=\"article\" \/>\n<meta property=\"og:title\" content=\"Nuevo parque fotovoltaico en Espa\u00f1a - Enerland Energ\u00eda Renovable\" \/>\n<meta property=\"og:description\" content=\"Comienza la construcci\u00f3n de nuestro nuevo parque fotovoltaico en Espa\u00f1a. Esta planta solar conectar\u00e1 a la corriente 9.799,68 kWp de potencia\" \/>\n<meta property=\"og:url\" content=\"https:\/\/www.enerlandgroup.com\/es\/nuevo-parque-fotovoltaico-en-espana\/\" \/>\n<meta property=\"og:site_name\" content=\"Enerland Energ\u00eda Renovable\" \/>\n<meta property=\"article:published_time\" content=\"2020-11-18T11:34:55+00:00\" \/>\n<meta property=\"article:modified_time\" content=\"2021-08-09T09:58:22+00:00\" \/>\n<meta property=\"og:image\" content=\"https:\/\/www.enerlandgroup.com\/wp-content\/uploads\/2020\/11\/Proyecto-Espana-Caceres-scaled.jpg\" \/>\n\t<meta property=\"og:image:width\" content=\"2560\" \/>\n\t<meta property=\"og:image:height\" content=\"958\" \/>\n\t<meta property=\"og:image:type\" content=\"image\/jpeg\" \/>\n<meta name=\"author\" content=\"Ismael\" \/>\n<meta name=\"twitter:card\" content=\"summary_large_image\" \/>\n<script type=\"application\/ld+json\" class=\"yoast-schema-graph\">{\"@context\":\"https:\\\/\\\/schema.org\",\"@graph\":[{\"@type\":\"Article\",\"@id\":\"https:\\\/\\\/www.enerlandgroup.com\\\/es\\\/nuevo-parque-fotovoltaico-en-espana\\\/#article\",\"isPartOf\":{\"@id\":\"https:\\\/\\\/www.enerlandgroup.com\\\/es\\\/nuevo-parque-fotovoltaico-en-espana\\\/\"},\"author\":{\"name\":\"Ismael\",\"@id\":\"https:\\\/\\\/www.enerlandgroup.com\\\/es\\\/#\\\/schema\\\/person\\\/20441025d4f2af3c77a3d2a4b69f35bf\"},\"headline\":\"Nuevo parque fotovoltaico en Espa\u00f1a\",\"datePublished\":\"2020-11-18T11:34:55+00:00\",\"dateModified\":\"2021-08-09T09:58:22+00:00\",\"mainEntityOfPage\":{\"@id\":\"https:\\\/\\\/www.enerlandgroup.com\\\/es\\\/nuevo-parque-fotovoltaico-en-espana\\\/\"},\"wordCount\":421,\"commentCount\":0,\"publisher\":{\"@id\":\"https:\\\/\\\/www.enerlandgroup.com\\\/es\\\/#organization\"},\"image\":{\"@id\":\"https:\\\/\\\/www.enerlandgroup.com\\\/es\\\/nuevo-parque-fotovoltaico-en-espana\\\/#primaryimage\"},\"thumbnailUrl\":\"https:\\\/\\\/www.enerlandgroup.com\\\/wp-content\\\/uploads\\\/2020\\\/11\\\/Proyecto-Espana-Caceres-scaled.jpg\",\"keywords\":[\"Espa\u00f1a\",\"proyectos\"],\"articleSection\":[\"Proyectos Realizados\"],\"inLanguage\":\"es\",\"potentialAction\":[{\"@type\":\"CommentAction\",\"name\":\"Comment\",\"target\":[\"https:\\\/\\\/www.enerlandgroup.com\\\/es\\\/nuevo-parque-fotovoltaico-en-espana\\\/#respond\"]}]},{\"@type\":[\"WebPage\",\"ItemPage\"],\"@id\":\"https:\\\/\\\/www.enerlandgroup.com\\\/es\\\/nuevo-parque-fotovoltaico-en-espana\\\/\",\"url\":\"https:\\\/\\\/www.enerlandgroup.com\\\/es\\\/nuevo-parque-fotovoltaico-en-espana\\\/\",\"name\":\"Nuevo parque fotovoltaico en Espa\u00f1a - Enerland Energ\u00eda Renovable\",\"isPartOf\":{\"@id\":\"https:\\\/\\\/www.enerlandgroup.com\\\/es\\\/#website\"},\"primaryImageOfPage\":{\"@id\":\"https:\\\/\\\/www.enerlandgroup.com\\\/es\\\/nuevo-parque-fotovoltaico-en-espana\\\/#primaryimage\"},\"image\":{\"@id\":\"https:\\\/\\\/www.enerlandgroup.com\\\/es\\\/nuevo-parque-fotovoltaico-en-espana\\\/#primaryimage\"},\"thumbnailUrl\":\"https:\\\/\\\/www.enerlandgroup.com\\\/wp-content\\\/uploads\\\/2020\\\/11\\\/Proyecto-Espana-Caceres-scaled.jpg\",\"datePublished\":\"2020-11-18T11:34:55+00:00\",\"dateModified\":\"2021-08-09T09:58:22+00:00\",\"description\":\"Comienza la construcci\u00f3n de nuestro nuevo parque fotovoltaico en Espa\u00f1a. Esta planta solar conectar\u00e1 a la corriente 9.799,68 kWp de potencia\",\"breadcrumb\":{\"@id\":\"https:\\\/\\\/www.enerlandgroup.com\\\/es\\\/nuevo-parque-fotovoltaico-en-espana\\\/#breadcrumb\"},\"inLanguage\":\"es\",\"potentialAction\":[{\"@type\":\"ReadAction\",\"target\":[\"https:\\\/\\\/www.enerlandgroup.com\\\/es\\\/nuevo-parque-fotovoltaico-en-espana\\\/\"]}]},{\"@type\":\"ImageObject\",\"inLanguage\":\"es\",\"@id\":\"https:\\\/\\\/www.enerlandgroup.com\\\/es\\\/nuevo-parque-fotovoltaico-en-espana\\\/#primaryimage\",\"url\":\"https:\\\/\\\/www.enerlandgroup.com\\\/wp-content\\\/uploads\\\/2020\\\/11\\\/Proyecto-Espana-Caceres-scaled.jpg\",\"contentUrl\":\"https:\\\/\\\/www.enerlandgroup.com\\\/wp-content\\\/uploads\\\/2020\\\/11\\\/Proyecto-Espana-Caceres-scaled.jpg\",\"width\":2560,\"height\":958},{\"@type\":\"BreadcrumbList\",\"@id\":\"https:\\\/\\\/www.enerlandgroup.com\\\/es\\\/nuevo-parque-fotovoltaico-en-espana\\\/#breadcrumb\",\"itemListElement\":[{\"@type\":\"ListItem\",\"position\":1,\"name\":\"Inicio\",\"item\":\"https:\\\/\\\/www.enerlandgroup.com\\\/es\\\/\"},{\"@type\":\"ListItem\",\"position\":2,\"name\":\"Nuevo parque fotovoltaico en Espa\u00f1a\"}]},{\"@type\":\"WebSite\",\"@id\":\"https:\\\/\\\/www.enerlandgroup.com\\\/es\\\/#website\",\"url\":\"https:\\\/\\\/www.enerlandgroup.com\\\/es\\\/\",\"name\":\"Enerland Energ\u00eda Renovable\",\"description\":\"\",\"publisher\":{\"@id\":\"https:\\\/\\\/www.enerlandgroup.com\\\/es\\\/#organization\"},\"potentialAction\":[{\"@type\":\"SearchAction\",\"target\":{\"@type\":\"EntryPoint\",\"urlTemplate\":\"https:\\\/\\\/www.enerlandgroup.com\\\/es\\\/?s={search_term_string}\"},\"query-input\":{\"@type\":\"PropertyValueSpecification\",\"valueRequired\":true,\"valueName\":\"search_term_string\"}}],\"inLanguage\":\"es\"},{\"@type\":\"Organization\",\"@id\":\"https:\\\/\\\/www.enerlandgroup.com\\\/es\\\/#organization\",\"name\":\"Enerland Group\",\"url\":\"https:\\\/\\\/www.enerlandgroup.com\\\/es\\\/\",\"logo\":{\"@type\":\"ImageObject\",\"inLanguage\":\"es\",\"@id\":\"https:\\\/\\\/www.enerlandgroup.com\\\/es\\\/#\\\/schema\\\/logo\\\/image\\\/\",\"url\":\"https:\\\/\\\/www.enerlandgroup.com\\\/wp-content\\\/uploads\\\/2021\\\/05\\\/Logo_Enerland.png\",\"contentUrl\":\"https:\\\/\\\/www.enerlandgroup.com\\\/wp-content\\\/uploads\\\/2021\\\/05\\\/Logo_Enerland.png\",\"width\":184,\"height\":43,\"caption\":\"Enerland Group\"},\"image\":{\"@id\":\"https:\\\/\\\/www.enerlandgroup.com\\\/es\\\/#\\\/schema\\\/logo\\\/image\\\/\"},\"sameAs\":[\"https:\\\/\\\/www.linkedin.com\\\/company\\\/enerland-group\\\/\",\"https:\\\/\\\/www.youtube.com\\\/channel\\\/UCjdInbThgaPa2_D34vRChmA\"]},{\"@type\":\"Person\",\"@id\":\"https:\\\/\\\/www.enerlandgroup.com\\\/es\\\/#\\\/schema\\\/person\\\/20441025d4f2af3c77a3d2a4b69f35bf\",\"name\":\"Ismael\",\"image\":{\"@type\":\"ImageObject\",\"inLanguage\":\"es\",\"@id\":\"https:\\\/\\\/secure.gravatar.com\\\/avatar\\\/a3de8138268bab3c88b5aad189d1925778223716817315540684a3f504a7a223?s=96&d=mm&r=g\",\"url\":\"https:\\\/\\\/secure.gravatar.com\\\/avatar\\\/a3de8138268bab3c88b5aad189d1925778223716817315540684a3f504a7a223?s=96&d=mm&r=g\",\"contentUrl\":\"https:\\\/\\\/secure.gravatar.com\\\/avatar\\\/a3de8138268bab3c88b5aad189d1925778223716817315540684a3f504a7a223?s=96&d=mm&r=g\",\"caption\":\"Ismael\"},\"url\":\"https:\\\/\\\/www.enerlandgroup.com\\\/es\\\/author\\\/it\\\/\"}]}<\/script>\n<!-- \/ Yoast SEO plugin. -->","yoast_head_json":{"title":"Nuevo parque fotovoltaico en Espa\u00f1a - Enerland Energ\u00eda Renovable","description":"Comienza la construcci\u00f3n de nuestro nuevo parque fotovoltaico en Espa\u00f1a. Esta planta solar conectar\u00e1 a la corriente 9.799,68 kWp de potencia","robots":{"index":"index","follow":"follow","max-snippet":"max-snippet:-1","max-image-preview":"max-image-preview:large","max-video-preview":"max-video-preview:-1"},"canonical":"https:\/\/www.enerlandgroup.com\/es\/nuevo-parque-fotovoltaico-en-espana\/","og_locale":"es_ES","og_type":"article","og_title":"Nuevo parque fotovoltaico en Espa\u00f1a - Enerland Energ\u00eda Renovable","og_description":"Comienza la construcci\u00f3n de nuestro nuevo parque fotovoltaico en Espa\u00f1a. Esta planta solar conectar\u00e1 a la corriente 9.799,68 kWp de potencia","og_url":"https:\/\/www.enerlandgroup.com\/es\/nuevo-parque-fotovoltaico-en-espana\/","og_site_name":"Enerland Energ\u00eda Renovable","article_published_time":"2020-11-18T11:34:55+00:00","article_modified_time":"2021-08-09T09:58:22+00:00","og_image":[{"width":2560,"height":958,"url":"https:\/\/www.enerlandgroup.com\/wp-content\/uploads\/2020\/11\/Proyecto-Espana-Caceres-scaled.jpg","type":"image\/jpeg"}],"author":"Ismael","twitter_card":"summary_large_image","schema":{"@context":"https:\/\/schema.org","@graph":[{"@type":"Article","@id":"https:\/\/www.enerlandgroup.com\/es\/nuevo-parque-fotovoltaico-en-espana\/#article","isPartOf":{"@id":"https:\/\/www.enerlandgroup.com\/es\/nuevo-parque-fotovoltaico-en-espana\/"},"author":{"name":"Ismael","@id":"https:\/\/www.enerlandgroup.com\/es\/#\/schema\/person\/20441025d4f2af3c77a3d2a4b69f35bf"},"headline":"Nuevo parque fotovoltaico en Espa\u00f1a","datePublished":"2020-11-18T11:34:55+00:00","dateModified":"2021-08-09T09:58:22+00:00","mainEntityOfPage":{"@id":"https:\/\/www.enerlandgroup.com\/es\/nuevo-parque-fotovoltaico-en-espana\/"},"wordCount":421,"commentCount":0,"publisher":{"@id":"https:\/\/www.enerlandgroup.com\/es\/#organization"},"image":{"@id":"https:\/\/www.enerlandgroup.com\/es\/nuevo-parque-fotovoltaico-en-espana\/#primaryimage"},"thumbnailUrl":"https:\/\/www.enerlandgroup.com\/wp-content\/uploads\/2020\/11\/Proyecto-Espana-Caceres-scaled.jpg","keywords":["Espa\u00f1a","proyectos"],"articleSection":["Proyectos Realizados"],"inLanguage":"es","potentialAction":[{"@type":"CommentAction","name":"Comment","target":["https:\/\/www.enerlandgroup.com\/es\/nuevo-parque-fotovoltaico-en-espana\/#respond"]}]},{"@type":["WebPage","ItemPage"],"@id":"https:\/\/www.enerlandgroup.com\/es\/nuevo-parque-fotovoltaico-en-espana\/","url":"https:\/\/www.enerlandgroup.com\/es\/nuevo-parque-fotovoltaico-en-espana\/","name":"Nuevo parque fotovoltaico en Espa\u00f1a - Enerland Energ\u00eda Renovable","isPartOf":{"@id":"https:\/\/www.enerlandgroup.com\/es\/#website"},"primaryImageOfPage":{"@id":"https:\/\/www.enerlandgroup.com\/es\/nuevo-parque-fotovoltaico-en-espana\/#primaryimage"},"image":{"@id":"https:\/\/www.enerlandgroup.com\/es\/nuevo-parque-fotovoltaico-en-espana\/#primaryimage"},"thumbnailUrl":"https:\/\/www.enerlandgroup.com\/wp-content\/uploads\/2020\/11\/Proyecto-Espana-Caceres-scaled.jpg","datePublished":"2020-11-18T11:34:55+00:00","dateModified":"2021-08-09T09:58:22+00:00","description":"Comienza la construcci\u00f3n de nuestro nuevo parque fotovoltaico en Espa\u00f1a. Esta planta solar conectar\u00e1 a la corriente 9.799,68 kWp de potencia","breadcrumb":{"@id":"https:\/\/www.enerlandgroup.com\/es\/nuevo-parque-fotovoltaico-en-espana\/#breadcrumb"},"inLanguage":"es","potentialAction":[{"@type":"ReadAction","target":["https:\/\/www.enerlandgroup.com\/es\/nuevo-parque-fotovoltaico-en-espana\/"]}]},{"@type":"ImageObject","inLanguage":"es","@id":"https:\/\/www.enerlandgroup.com\/es\/nuevo-parque-fotovoltaico-en-espana\/#primaryimage","url":"https:\/\/www.enerlandgroup.com\/wp-content\/uploads\/2020\/11\/Proyecto-Espana-Caceres-scaled.jpg","contentUrl":"https:\/\/www.enerlandgroup.com\/wp-content\/uploads\/2020\/11\/Proyecto-Espana-Caceres-scaled.jpg","width":2560,"height":958},{"@type":"BreadcrumbList","@id":"https:\/\/www.enerlandgroup.com\/es\/nuevo-parque-fotovoltaico-en-espana\/#breadcrumb","itemListElement":[{"@type":"ListItem","position":1,"name":"Inicio","item":"https:\/\/www.enerlandgroup.com\/es\/"},{"@type":"ListItem","position":2,"name":"Nuevo parque fotovoltaico en Espa\u00f1a"}]},{"@type":"WebSite","@id":"https:\/\/www.enerlandgroup.com\/es\/#website","url":"https:\/\/www.enerlandgroup.com\/es\/","name":"Enerland Energ\u00eda Renovable","description":"","publisher":{"@id":"https:\/\/www.enerlandgroup.com\/es\/#organization"},"potentialAction":[{"@type":"SearchAction","target":{"@type":"EntryPoint","urlTemplate":"https:\/\/www.enerlandgroup.com\/es\/?s={search_term_string}"},"query-input":{"@type":"PropertyValueSpecification","valueRequired":true,"valueName":"search_term_string"}}],"inLanguage":"es"},{"@type":"Organization","@id":"https:\/\/www.enerlandgroup.com\/es\/#organization","name":"Enerland Group","url":"https:\/\/www.enerlandgroup.com\/es\/","logo":{"@type":"ImageObject","inLanguage":"es","@id":"https:\/\/www.enerlandgroup.com\/es\/#\/schema\/logo\/image\/","url":"https:\/\/www.enerlandgroup.com\/wp-content\/uploads\/2021\/05\/Logo_Enerland.png","contentUrl":"https:\/\/www.enerlandgroup.com\/wp-content\/uploads\/2021\/05\/Logo_Enerland.png","width":184,"height":43,"caption":"Enerland Group"},"image":{"@id":"https:\/\/www.enerlandgroup.com\/es\/#\/schema\/logo\/image\/"},"sameAs":["https:\/\/www.linkedin.com\/company\/enerland-group\/","https:\/\/www.youtube.com\/channel\/UCjdInbThgaPa2_D34vRChmA"]},{"@type":"Person","@id":"https:\/\/www.enerlandgroup.com\/es\/#\/schema\/person\/20441025d4f2af3c77a3d2a4b69f35bf","name":"Ismael","image":{"@type":"ImageObject","inLanguage":"es","@id":"https:\/\/secure.gravatar.com\/avatar\/a3de8138268bab3c88b5aad189d1925778223716817315540684a3f504a7a223?s=96&d=mm&r=g","url":"https:\/\/secure.gravatar.com\/avatar\/a3de8138268bab3c88b5aad189d1925778223716817315540684a3f504a7a223?s=96&d=mm&r=g","contentUrl":"https:\/\/secure.gravatar.com\/avatar\/a3de8138268bab3c88b5aad189d1925778223716817315540684a3f504a7a223?s=96&d=mm&r=g","caption":"Ismael"},"url":"https:\/\/www.enerlandgroup.com\/es\/author\/it\/"}]}},"jetpack_featured_media_url":"https:\/\/www.enerlandgroup.com\/wp-content\/uploads\/2020\/11\/Proyecto-Espana-Caceres-scaled.jpg","_links":{"self":[{"href":"https:\/\/www.enerlandgroup.com\/es\/wp-json\/wp\/v2\/posts\/6010","targetHints":{"allow":["GET"]}}],"collection":[{"href":"https:\/\/www.enerlandgroup.com\/es\/wp-json\/wp\/v2\/posts"}],"about":[{"href":"https:\/\/www.enerlandgroup.com\/es\/wp-json\/wp\/v2\/types\/post"}],"author":[{"embeddable":true,"href":"https:\/\/www.enerlandgroup.com\/es\/wp-json\/wp\/v2\/users\/10"}],"replies":[{"embeddable":true,"href":"https:\/\/www.enerlandgroup.com\/es\/wp-json\/wp\/v2\/comments?post=6010"}],"version-history":[{"count":7,"href":"https:\/\/www.enerlandgroup.com\/es\/wp-json\/wp\/v2\/posts\/6010\/revisions"}],"predecessor-version":[{"id":6091,"href":"https:\/\/www.enerlandgroup.com\/es\/wp-json\/wp\/v2\/posts\/6010\/revisions\/6091"}],"wp:featuredmedia":[{"embeddable":true,"href":"https:\/\/www.enerlandgroup.com\/es\/wp-json\/wp\/v2\/media\/6090"}],"wp:attachment":[{"href":"https:\/\/www.enerlandgroup.com\/es\/wp-json\/wp\/v2\/media?parent=6010"}],"wp:term":[{"taxonomy":"category","embeddable":true,"href":"https:\/\/www.enerlandgroup.com\/es\/wp-json\/wp\/v2\/categories?post=6010"},{"taxonomy":"post_tag","embeddable":true,"href":"https:\/\/www.enerlandgroup.com\/es\/wp-json\/wp\/v2\/tags?post=6010"}],"curies":[{"name":"wp","href":"https:\/\/api.w.org\/{rel}","templated":true}]}}