{"id":5996,"date":"2021-11-12T16:57:23","date_gmt":"2021-11-12T15:57:23","guid":{"rendered":"http:\/\/www.enerlandgroup.com\/?p=5996"},"modified":"2021-11-16T10:05:47","modified_gmt":"2021-11-16T09:05:47","slug":"nuevo-parque-fotovoltaico-argentina","status":"publish","type":"post","link":"https:\/\/www.enerlandgroup.com\/es\/nuevo-parque-fotovoltaico-argentina\/","title":{"rendered":"Nuevo parque fotovoltaico en Argentina"},"content":{"rendered":"<h2>Presentamos nuestro nuevo parque fotovoltaico en Argentina. Adjudicado a trav\u00e9s del Programa Renovar Mini Ronda 3, ser\u00e1 nuestro primer proyecto en el pa\u00eds.<\/h2>\n<p>&nbsp;<\/p>\n<p>Continuamos nuestra expansi\u00f3n con el Proyecto San Mart\u00edn. Despu\u00e9s de <a href=\"https:\/\/www.enerlandgroup.com\/sobre-nosotros\/\">m\u00e1s de una d\u00e9cada de actividad en el continente americano<\/a>, este proyecto solar, es nuestro nuevo parque fotovoltaico en Argentina.<\/p>\n<p>A finales de 2019, a trav\u00e9s del <a href=\"https:\/\/www.enerlandgroup.com\/nueva-expansion-en-argentina\/\">Programa Renovar Mini Ronda 3<\/a>, Enerland consigui\u00f3 la adjudicaci\u00f3n de este proyecto. Tras ella, a comienzos del 2020, se firm\u00f3 el contrato bajo la modalidad de PPA o Power Purchaise Agreement. A trav\u00e9s de este tipo de acuerdos, se establece que una parte generar\u00e1 la electricidad mientras que la otra se compromete a comprar la electricidad generada durante un periodo de tiempo establecido. En esta ocasi\u00f3n, el periodo temporal definido, supera los 20 a\u00f1os.<\/p>\n<p>Sobre una extensi\u00f3n de terreno de m\u00e1s de 24 hect\u00e1reas ubicadas en la provincia de Mendoza, la planta solar San Mart\u00edn, generar\u00e1 una potencia pico de 13,6 MWp. Adem\u00e1s, contar\u00e1 con una estructura de seguidor a un eje y m\u00f3dulos de 540W.<\/p>\n<p>Atendiendo a las fechas de ejecuci\u00f3n del proyecto, actualmente se encuentra en fase de desarrollo. Por otra parte, respecto a su puesta en marca, se espera que sea efectiva para finales del 2022.<\/p>\n<p>&nbsp;<\/p>\n<h3>Enerland en Am\u00e9rica<\/h3>\n<p>Junto con este nuevo proyecto en Argentina, ya ser\u00e1n 15 los proyectos de Enerland en Am\u00e9rica. Desde que comentamos nuestra apuesta por el continente hace m\u00e1s de una d\u00e9cada, no hemos parado de crecer. Actualmente, ya contamos con m\u00e1s de 318.600 MWh de energ\u00eda producida en Am\u00e9rica y esperamos seguir aumentando nuestras cifras.<\/p>\n<p>La energ\u00eda solar fotovoltaica es una apuesta clara. El desarrollo de este tipo de energ\u00edas renovables permite no solo hacer de la electricidad algo m\u00e1s accesible sino tambi\u00e9n m\u00e1s asequible. En un mundo cada vez m\u00e1s globalizado y dependiente de la tecnolog\u00eda, cada vez es m\u00e1s necesario satisfacer la creciente demanda de luz a trav\u00e9s de energ\u00eda que derive de fuentes no contaminantes.<\/p>\n<p>&nbsp;<\/p>\n<p>Actualizaci\u00f3n 12\/11\/2021<\/p>\n<h3 class=\"description separatorlines\">A trav\u00e9s de la resoluci\u00f3n 1090\/2021 de la Secretar\u00eda de Energ\u00eda, se autoriza el ingreso al mercado el\u00e9ctrico del parque solar de San Mart\u00edn.<\/h3>\n<p>Con fecha del 12 de noviembre del 2021, Enerland Group Argentina consigue la autorizaci\u00f3n del punto de conexi\u00f3n para ingresar en el mercado el\u00e9ctrico de Argentina. En 2019, se confirm\u00f3 que el parque solar San Mart\u00edn cumpl\u00eda con todos los requisitos exigidos. Una vez construido, el\u00a0<b>Parque Solar Fotovoltaico Enerland San Mart\u00edn<\/b>\u00a0podr\u00e1 sumar al sistema el\u00e9ctrico\u00a0<b>10 megas<\/b> a partir de la energ\u00eda generada con sus paneles conect\u00e1ndose a la estaci\u00f3n transformadora de<b>\u00a0Edeste S.A.<\/b><\/p>\n","protected":false},"excerpt":{"rendered":"<p>Presentamos nuestro nuevo parque fotovoltaico en Argentina. Adjudicado a trav\u00e9s del Programa Renovar Mini<\/p>\n","protected":false},"author":10,"featured_media":5974,"comment_status":"open","ping_status":"open","sticky":false,"template":"","format":"standard","meta":{"_et_pb_use_builder":"","_et_pb_old_content":"","_et_gb_content_width":"","footnotes":""},"categories":[22],"tags":[65,78],"class_list":["post-5996","post","type-post","status-publish","format-standard","has-post-thumbnail","hentry","category-proyectos-realizados","tag-argentina","tag-proyecto"],"yoast_head":"<!-- This site is optimized with the Yoast SEO plugin v27.4 - https:\/\/yoast.com\/product\/yoast-seo-wordpress\/ -->\n<title>Nuevo parque fotovoltaico en Argentina - Enerland Energ\u00eda Renovable<\/title>\n<meta name=\"description\" content=\"Presentamos nuestro nuevo parque fotovoltaico en Argentina. Adjudicado a trav\u00e9s del Programa Renovar, ser\u00e1 nuestro primer proyecto en el pa\u00eds.\" \/>\n<meta name=\"robots\" content=\"index, follow, max-snippet:-1, max-image-preview:large, max-video-preview:-1\" \/>\n<link rel=\"canonical\" href=\"https:\/\/www.enerlandgroup.com\/es\/nuevo-parque-fotovoltaico-argentina\/\" \/>\n<meta property=\"og:locale\" content=\"es_ES\" \/>\n<meta property=\"og:type\" content=\"article\" \/>\n<meta property=\"og:title\" content=\"Nuevo parque fotovoltaico en Argentina - Enerland Energ\u00eda Renovable\" \/>\n<meta property=\"og:description\" content=\"Presentamos nuestro nuevo parque fotovoltaico en Argentina. Adjudicado a trav\u00e9s del Programa Renovar, ser\u00e1 nuestro primer proyecto en el pa\u00eds.\" \/>\n<meta property=\"og:url\" content=\"https:\/\/www.enerlandgroup.com\/es\/nuevo-parque-fotovoltaico-argentina\/\" \/>\n<meta property=\"og:site_name\" content=\"Enerland Energ\u00eda Renovable\" \/>\n<meta property=\"article:published_time\" content=\"2021-11-12T15:57:23+00:00\" \/>\n<meta property=\"article:modified_time\" content=\"2021-11-16T09:05:47+00:00\" \/>\n<meta property=\"og:image\" content=\"https:\/\/www.enerlandgroup.com\/wp-content\/uploads\/2020\/05\/Imagen_noticia_Nuevo_proyecto_argentina_Mesa-de-trabajo-1-01-min.png\" \/>\n\t<meta property=\"og:image:width\" content=\"7792\" \/>\n\t<meta property=\"og:image:height\" content=\"2917\" \/>\n\t<meta property=\"og:image:type\" content=\"image\/png\" \/>\n<meta name=\"author\" content=\"Ismael\" \/>\n<meta name=\"twitter:card\" content=\"summary_large_image\" \/>\n<script type=\"application\/ld+json\" class=\"yoast-schema-graph\">{\"@context\":\"https:\\\/\\\/schema.org\",\"@graph\":[{\"@type\":\"Article\",\"@id\":\"https:\\\/\\\/www.enerlandgroup.com\\\/es\\\/nuevo-parque-fotovoltaico-argentina\\\/#article\",\"isPartOf\":{\"@id\":\"https:\\\/\\\/www.enerlandgroup.com\\\/es\\\/nuevo-parque-fotovoltaico-argentina\\\/\"},\"author\":{\"name\":\"Ismael\",\"@id\":\"https:\\\/\\\/www.enerlandgroup.com\\\/es\\\/#\\\/schema\\\/person\\\/20441025d4f2af3c77a3d2a4b69f35bf\"},\"headline\":\"Nuevo parque fotovoltaico en Argentina\",\"datePublished\":\"2021-11-12T15:57:23+00:00\",\"dateModified\":\"2021-11-16T09:05:47+00:00\",\"mainEntityOfPage\":{\"@id\":\"https:\\\/\\\/www.enerlandgroup.com\\\/es\\\/nuevo-parque-fotovoltaico-argentina\\\/\"},\"wordCount\":477,\"commentCount\":0,\"publisher\":{\"@id\":\"https:\\\/\\\/www.enerlandgroup.com\\\/es\\\/#organization\"},\"image\":{\"@id\":\"https:\\\/\\\/www.enerlandgroup.com\\\/es\\\/nuevo-parque-fotovoltaico-argentina\\\/#primaryimage\"},\"thumbnailUrl\":\"https:\\\/\\\/www.enerlandgroup.com\\\/wp-content\\\/uploads\\\/2020\\\/05\\\/Imagen_noticia_Nuevo_proyecto_argentina_Mesa-de-trabajo-1-01-min.png\",\"keywords\":[\"Argentina\",\"proyecto\"],\"articleSection\":[\"Proyectos Realizados\"],\"inLanguage\":\"es\",\"potentialAction\":[{\"@type\":\"CommentAction\",\"name\":\"Comment\",\"target\":[\"https:\\\/\\\/www.enerlandgroup.com\\\/es\\\/nuevo-parque-fotovoltaico-argentina\\\/#respond\"]}]},{\"@type\":[\"WebPage\",\"ItemPage\"],\"@id\":\"https:\\\/\\\/www.enerlandgroup.com\\\/es\\\/nuevo-parque-fotovoltaico-argentina\\\/\",\"url\":\"https:\\\/\\\/www.enerlandgroup.com\\\/es\\\/nuevo-parque-fotovoltaico-argentina\\\/\",\"name\":\"Nuevo parque fotovoltaico en Argentina - Enerland Energ\u00eda Renovable\",\"isPartOf\":{\"@id\":\"https:\\\/\\\/www.enerlandgroup.com\\\/es\\\/#website\"},\"primaryImageOfPage\":{\"@id\":\"https:\\\/\\\/www.enerlandgroup.com\\\/es\\\/nuevo-parque-fotovoltaico-argentina\\\/#primaryimage\"},\"image\":{\"@id\":\"https:\\\/\\\/www.enerlandgroup.com\\\/es\\\/nuevo-parque-fotovoltaico-argentina\\\/#primaryimage\"},\"thumbnailUrl\":\"https:\\\/\\\/www.enerlandgroup.com\\\/wp-content\\\/uploads\\\/2020\\\/05\\\/Imagen_noticia_Nuevo_proyecto_argentina_Mesa-de-trabajo-1-01-min.png\",\"datePublished\":\"2021-11-12T15:57:23+00:00\",\"dateModified\":\"2021-11-16T09:05:47+00:00\",\"description\":\"Presentamos nuestro nuevo parque fotovoltaico en Argentina. Adjudicado a trav\u00e9s del Programa Renovar, ser\u00e1 nuestro primer proyecto en el pa\u00eds.\",\"breadcrumb\":{\"@id\":\"https:\\\/\\\/www.enerlandgroup.com\\\/es\\\/nuevo-parque-fotovoltaico-argentina\\\/#breadcrumb\"},\"inLanguage\":\"es\",\"potentialAction\":[{\"@type\":\"ReadAction\",\"target\":[\"https:\\\/\\\/www.enerlandgroup.com\\\/es\\\/nuevo-parque-fotovoltaico-argentina\\\/\"]}]},{\"@type\":\"ImageObject\",\"inLanguage\":\"es\",\"@id\":\"https:\\\/\\\/www.enerlandgroup.com\\\/es\\\/nuevo-parque-fotovoltaico-argentina\\\/#primaryimage\",\"url\":\"https:\\\/\\\/www.enerlandgroup.com\\\/wp-content\\\/uploads\\\/2020\\\/05\\\/Imagen_noticia_Nuevo_proyecto_argentina_Mesa-de-trabajo-1-01-min.png\",\"contentUrl\":\"https:\\\/\\\/www.enerlandgroup.com\\\/wp-content\\\/uploads\\\/2020\\\/05\\\/Imagen_noticia_Nuevo_proyecto_argentina_Mesa-de-trabajo-1-01-min.png\",\"width\":7792,\"height\":2917},{\"@type\":\"BreadcrumbList\",\"@id\":\"https:\\\/\\\/www.enerlandgroup.com\\\/es\\\/nuevo-parque-fotovoltaico-argentina\\\/#breadcrumb\",\"itemListElement\":[{\"@type\":\"ListItem\",\"position\":1,\"name\":\"Inicio\",\"item\":\"https:\\\/\\\/www.enerlandgroup.com\\\/es\\\/\"},{\"@type\":\"ListItem\",\"position\":2,\"name\":\"Nuevo parque fotovoltaico en Argentina\"}]},{\"@type\":\"WebSite\",\"@id\":\"https:\\\/\\\/www.enerlandgroup.com\\\/es\\\/#website\",\"url\":\"https:\\\/\\\/www.enerlandgroup.com\\\/es\\\/\",\"name\":\"Enerland Energ\u00eda Renovable\",\"description\":\"\",\"publisher\":{\"@id\":\"https:\\\/\\\/www.enerlandgroup.com\\\/es\\\/#organization\"},\"potentialAction\":[{\"@type\":\"SearchAction\",\"target\":{\"@type\":\"EntryPoint\",\"urlTemplate\":\"https:\\\/\\\/www.enerlandgroup.com\\\/es\\\/?s={search_term_string}\"},\"query-input\":{\"@type\":\"PropertyValueSpecification\",\"valueRequired\":true,\"valueName\":\"search_term_string\"}}],\"inLanguage\":\"es\"},{\"@type\":\"Organization\",\"@id\":\"https:\\\/\\\/www.enerlandgroup.com\\\/es\\\/#organization\",\"name\":\"Enerland Group\",\"url\":\"https:\\\/\\\/www.enerlandgroup.com\\\/es\\\/\",\"logo\":{\"@type\":\"ImageObject\",\"inLanguage\":\"es\",\"@id\":\"https:\\\/\\\/www.enerlandgroup.com\\\/es\\\/#\\\/schema\\\/logo\\\/image\\\/\",\"url\":\"https:\\\/\\\/www.enerlandgroup.com\\\/wp-content\\\/uploads\\\/2021\\\/05\\\/Logo_Enerland.png\",\"contentUrl\":\"https:\\\/\\\/www.enerlandgroup.com\\\/wp-content\\\/uploads\\\/2021\\\/05\\\/Logo_Enerland.png\",\"width\":184,\"height\":43,\"caption\":\"Enerland Group\"},\"image\":{\"@id\":\"https:\\\/\\\/www.enerlandgroup.com\\\/es\\\/#\\\/schema\\\/logo\\\/image\\\/\"},\"sameAs\":[\"https:\\\/\\\/www.linkedin.com\\\/company\\\/enerland-group\\\/\",\"https:\\\/\\\/www.youtube.com\\\/channel\\\/UCjdInbThgaPa2_D34vRChmA\"]},{\"@type\":\"Person\",\"@id\":\"https:\\\/\\\/www.enerlandgroup.com\\\/es\\\/#\\\/schema\\\/person\\\/20441025d4f2af3c77a3d2a4b69f35bf\",\"name\":\"Ismael\",\"image\":{\"@type\":\"ImageObject\",\"inLanguage\":\"es\",\"@id\":\"https:\\\/\\\/secure.gravatar.com\\\/avatar\\\/a3de8138268bab3c88b5aad189d1925778223716817315540684a3f504a7a223?s=96&d=mm&r=g\",\"url\":\"https:\\\/\\\/secure.gravatar.com\\\/avatar\\\/a3de8138268bab3c88b5aad189d1925778223716817315540684a3f504a7a223?s=96&d=mm&r=g\",\"contentUrl\":\"https:\\\/\\\/secure.gravatar.com\\\/avatar\\\/a3de8138268bab3c88b5aad189d1925778223716817315540684a3f504a7a223?s=96&d=mm&r=g\",\"caption\":\"Ismael\"},\"url\":\"https:\\\/\\\/www.enerlandgroup.com\\\/es\\\/author\\\/it\\\/\"}]}<\/script>\n<!-- \/ Yoast SEO plugin. -->","yoast_head_json":{"title":"Nuevo parque fotovoltaico en Argentina - Enerland Energ\u00eda Renovable","description":"Presentamos nuestro nuevo parque fotovoltaico en Argentina. Adjudicado a trav\u00e9s del Programa Renovar, ser\u00e1 nuestro primer proyecto en el pa\u00eds.","robots":{"index":"index","follow":"follow","max-snippet":"max-snippet:-1","max-image-preview":"max-image-preview:large","max-video-preview":"max-video-preview:-1"},"canonical":"https:\/\/www.enerlandgroup.com\/es\/nuevo-parque-fotovoltaico-argentina\/","og_locale":"es_ES","og_type":"article","og_title":"Nuevo parque fotovoltaico en Argentina - Enerland Energ\u00eda Renovable","og_description":"Presentamos nuestro nuevo parque fotovoltaico en Argentina. Adjudicado a trav\u00e9s del Programa Renovar, ser\u00e1 nuestro primer proyecto en el pa\u00eds.","og_url":"https:\/\/www.enerlandgroup.com\/es\/nuevo-parque-fotovoltaico-argentina\/","og_site_name":"Enerland Energ\u00eda Renovable","article_published_time":"2021-11-12T15:57:23+00:00","article_modified_time":"2021-11-16T09:05:47+00:00","og_image":[{"width":7792,"height":2917,"url":"https:\/\/www.enerlandgroup.com\/wp-content\/uploads\/2020\/05\/Imagen_noticia_Nuevo_proyecto_argentina_Mesa-de-trabajo-1-01-min.png","type":"image\/png"}],"author":"Ismael","twitter_card":"summary_large_image","schema":{"@context":"https:\/\/schema.org","@graph":[{"@type":"Article","@id":"https:\/\/www.enerlandgroup.com\/es\/nuevo-parque-fotovoltaico-argentina\/#article","isPartOf":{"@id":"https:\/\/www.enerlandgroup.com\/es\/nuevo-parque-fotovoltaico-argentina\/"},"author":{"name":"Ismael","@id":"https:\/\/www.enerlandgroup.com\/es\/#\/schema\/person\/20441025d4f2af3c77a3d2a4b69f35bf"},"headline":"Nuevo parque fotovoltaico en Argentina","datePublished":"2021-11-12T15:57:23+00:00","dateModified":"2021-11-16T09:05:47+00:00","mainEntityOfPage":{"@id":"https:\/\/www.enerlandgroup.com\/es\/nuevo-parque-fotovoltaico-argentina\/"},"wordCount":477,"commentCount":0,"publisher":{"@id":"https:\/\/www.enerlandgroup.com\/es\/#organization"},"image":{"@id":"https:\/\/www.enerlandgroup.com\/es\/nuevo-parque-fotovoltaico-argentina\/#primaryimage"},"thumbnailUrl":"https:\/\/www.enerlandgroup.com\/wp-content\/uploads\/2020\/05\/Imagen_noticia_Nuevo_proyecto_argentina_Mesa-de-trabajo-1-01-min.png","keywords":["Argentina","proyecto"],"articleSection":["Proyectos Realizados"],"inLanguage":"es","potentialAction":[{"@type":"CommentAction","name":"Comment","target":["https:\/\/www.enerlandgroup.com\/es\/nuevo-parque-fotovoltaico-argentina\/#respond"]}]},{"@type":["WebPage","ItemPage"],"@id":"https:\/\/www.enerlandgroup.com\/es\/nuevo-parque-fotovoltaico-argentina\/","url":"https:\/\/www.enerlandgroup.com\/es\/nuevo-parque-fotovoltaico-argentina\/","name":"Nuevo parque fotovoltaico en Argentina - Enerland Energ\u00eda Renovable","isPartOf":{"@id":"https:\/\/www.enerlandgroup.com\/es\/#website"},"primaryImageOfPage":{"@id":"https:\/\/www.enerlandgroup.com\/es\/nuevo-parque-fotovoltaico-argentina\/#primaryimage"},"image":{"@id":"https:\/\/www.enerlandgroup.com\/es\/nuevo-parque-fotovoltaico-argentina\/#primaryimage"},"thumbnailUrl":"https:\/\/www.enerlandgroup.com\/wp-content\/uploads\/2020\/05\/Imagen_noticia_Nuevo_proyecto_argentina_Mesa-de-trabajo-1-01-min.png","datePublished":"2021-11-12T15:57:23+00:00","dateModified":"2021-11-16T09:05:47+00:00","description":"Presentamos nuestro nuevo parque fotovoltaico en Argentina. Adjudicado a trav\u00e9s del Programa Renovar, ser\u00e1 nuestro primer proyecto en el pa\u00eds.","breadcrumb":{"@id":"https:\/\/www.enerlandgroup.com\/es\/nuevo-parque-fotovoltaico-argentina\/#breadcrumb"},"inLanguage":"es","potentialAction":[{"@type":"ReadAction","target":["https:\/\/www.enerlandgroup.com\/es\/nuevo-parque-fotovoltaico-argentina\/"]}]},{"@type":"ImageObject","inLanguage":"es","@id":"https:\/\/www.enerlandgroup.com\/es\/nuevo-parque-fotovoltaico-argentina\/#primaryimage","url":"https:\/\/www.enerlandgroup.com\/wp-content\/uploads\/2020\/05\/Imagen_noticia_Nuevo_proyecto_argentina_Mesa-de-trabajo-1-01-min.png","contentUrl":"https:\/\/www.enerlandgroup.com\/wp-content\/uploads\/2020\/05\/Imagen_noticia_Nuevo_proyecto_argentina_Mesa-de-trabajo-1-01-min.png","width":7792,"height":2917},{"@type":"BreadcrumbList","@id":"https:\/\/www.enerlandgroup.com\/es\/nuevo-parque-fotovoltaico-argentina\/#breadcrumb","itemListElement":[{"@type":"ListItem","position":1,"name":"Inicio","item":"https:\/\/www.enerlandgroup.com\/es\/"},{"@type":"ListItem","position":2,"name":"Nuevo parque fotovoltaico en Argentina"}]},{"@type":"WebSite","@id":"https:\/\/www.enerlandgroup.com\/es\/#website","url":"https:\/\/www.enerlandgroup.com\/es\/","name":"Enerland Energ\u00eda Renovable","description":"","publisher":{"@id":"https:\/\/www.enerlandgroup.com\/es\/#organization"},"potentialAction":[{"@type":"SearchAction","target":{"@type":"EntryPoint","urlTemplate":"https:\/\/www.enerlandgroup.com\/es\/?s={search_term_string}"},"query-input":{"@type":"PropertyValueSpecification","valueRequired":true,"valueName":"search_term_string"}}],"inLanguage":"es"},{"@type":"Organization","@id":"https:\/\/www.enerlandgroup.com\/es\/#organization","name":"Enerland Group","url":"https:\/\/www.enerlandgroup.com\/es\/","logo":{"@type":"ImageObject","inLanguage":"es","@id":"https:\/\/www.enerlandgroup.com\/es\/#\/schema\/logo\/image\/","url":"https:\/\/www.enerlandgroup.com\/wp-content\/uploads\/2021\/05\/Logo_Enerland.png","contentUrl":"https:\/\/www.enerlandgroup.com\/wp-content\/uploads\/2021\/05\/Logo_Enerland.png","width":184,"height":43,"caption":"Enerland Group"},"image":{"@id":"https:\/\/www.enerlandgroup.com\/es\/#\/schema\/logo\/image\/"},"sameAs":["https:\/\/www.linkedin.com\/company\/enerland-group\/","https:\/\/www.youtube.com\/channel\/UCjdInbThgaPa2_D34vRChmA"]},{"@type":"Person","@id":"https:\/\/www.enerlandgroup.com\/es\/#\/schema\/person\/20441025d4f2af3c77a3d2a4b69f35bf","name":"Ismael","image":{"@type":"ImageObject","inLanguage":"es","@id":"https:\/\/secure.gravatar.com\/avatar\/a3de8138268bab3c88b5aad189d1925778223716817315540684a3f504a7a223?s=96&d=mm&r=g","url":"https:\/\/secure.gravatar.com\/avatar\/a3de8138268bab3c88b5aad189d1925778223716817315540684a3f504a7a223?s=96&d=mm&r=g","contentUrl":"https:\/\/secure.gravatar.com\/avatar\/a3de8138268bab3c88b5aad189d1925778223716817315540684a3f504a7a223?s=96&d=mm&r=g","caption":"Ismael"},"url":"https:\/\/www.enerlandgroup.com\/es\/author\/it\/"}]}},"jetpack_featured_media_url":"https:\/\/www.enerlandgroup.com\/wp-content\/uploads\/2020\/05\/Imagen_noticia_Nuevo_proyecto_argentina_Mesa-de-trabajo-1-01-min.png","_links":{"self":[{"href":"https:\/\/www.enerlandgroup.com\/es\/wp-json\/wp\/v2\/posts\/5996","targetHints":{"allow":["GET"]}}],"collection":[{"href":"https:\/\/www.enerlandgroup.com\/es\/wp-json\/wp\/v2\/posts"}],"about":[{"href":"https:\/\/www.enerlandgroup.com\/es\/wp-json\/wp\/v2\/types\/post"}],"author":[{"embeddable":true,"href":"https:\/\/www.enerlandgroup.com\/es\/wp-json\/wp\/v2\/users\/10"}],"replies":[{"embeddable":true,"href":"https:\/\/www.enerlandgroup.com\/es\/wp-json\/wp\/v2\/comments?post=5996"}],"version-history":[{"count":3,"href":"https:\/\/www.enerlandgroup.com\/es\/wp-json\/wp\/v2\/posts\/5996\/revisions"}],"predecessor-version":[{"id":8074,"href":"https:\/\/www.enerlandgroup.com\/es\/wp-json\/wp\/v2\/posts\/5996\/revisions\/8074"}],"wp:featuredmedia":[{"embeddable":true,"href":"https:\/\/www.enerlandgroup.com\/es\/wp-json\/wp\/v2\/media\/5974"}],"wp:attachment":[{"href":"https:\/\/www.enerlandgroup.com\/es\/wp-json\/wp\/v2\/media?parent=5996"}],"wp:term":[{"taxonomy":"category","embeddable":true,"href":"https:\/\/www.enerlandgroup.com\/es\/wp-json\/wp\/v2\/categories?post=5996"},{"taxonomy":"post_tag","embeddable":true,"href":"https:\/\/www.enerlandgroup.com\/es\/wp-json\/wp\/v2\/tags?post=5996"}],"curies":[{"name":"wp","href":"https:\/\/api.w.org\/{rel}","templated":true}]}}