{"id":5953,"date":"2021-04-09T11:58:25","date_gmt":"2021-04-09T09:58:25","guid":{"rendered":"http:\/\/www.enerlandgroup.com\/?p=5953"},"modified":"2021-08-06T08:53:36","modified_gmt":"2021-08-06T06:53:36","slug":"nuevo-departamento-medioambiente","status":"publish","type":"post","link":"https:\/\/www.enerlandgroup.com\/es\/nuevo-departamento-medioambiente\/","title":{"rendered":"Nuevo departamento de medioambiente"},"content":{"rendered":"<h2><strong>Juntos trabajamos por un futuro sostenible. Presentamos nuestro nuevo departamento de medioambiente.\u00a0<\/strong><\/h2>\n<p>&nbsp;<\/p>\n<p>Nuestra preocupaci\u00f3n por la preservaci\u00f3n del planeta es real. Por este motivo, hemos decidido aumentar nuestra plantilla. \u00a1<a href=\"https:\/\/www.enerlandgroup.com\/sostenibilidad\/\">Presentamos nuestro nuevo departamento de medioambiente<\/a>!<\/p>\n<p>Actualmente existe gran debate sobre la producci\u00f3n de energ\u00eda renovable. Si bien es cierto que las plantas fotovoltaicas presentan grandes ventajas respecto a otras instalaciones energ\u00e9ticas, tampoco est\u00e1n libres de generar impactos ambientales. Durante a\u00f1os, algunas instalaciones se han desarrollado sin tener en cuenta el medio en el que se ubicaban. Las construcciones de parques no ten\u00edan en cuenta los problemas medioambientales ni paisaj\u00edsticas.<\/p>\n<p>Estamos realmente\u00a0<a href=\"https:\/\/www.enerlandgroup.com\/sobre-nosotros\/\">comprometidos con la sostenibilidad y el desarrollo de la transici\u00f3n energ\u00e9tica hacia un modelo liderado por las renovables<\/a>.<\/p>\n<p>&nbsp;<\/p>\n<h3>Qu\u00e9 tenemos en cuenta<\/h3>\n<p>Para nosotros es de vital importancia en la fase de dise\u00f1o de los proyectos. Analizar correctamente las parcelas nos ayuda a la hora de evitar un impacto negativo sobre el entorno.<\/p>\n<p>Para evaluar las zonas donde se instalar\u00e1n los parques solares se tienen en cuenta una serie de factores. Entre ellas, <a href=\"https:\/\/www.miteco.gob.es\/es\/biodiversidad\/temas\/espacios-protegidos\/red-natura-2000\/\">se estudiar\u00e1 la biodiversidad, la fauna, flora y espacios protegidos<\/a>. Los tipos de parcela o posibles existencias de patrimonio cultural y natural, tambi\u00e9n. Atendiendo tanto al presente, como al futuro, es posible minimizar los posibles da\u00f1os.<\/p>\n<p>Consideramos que el desarrollo de la fotovoltaica debe realizarse de forma org\u00e1nica. Nuestra prioridad es que los parques sean respetuosos. Por ello, nuestro nuevo departamento est\u00e1 formado por profesionales. Su especializaci\u00f3n: geograf\u00eda, cartograf\u00eda, biodiversidad, patrimonio natural y riesgos ambientales. Trabajar\u00e1n junto con los ingenieros del departamento de Desarrollo de Proyectos eligiendo las mejores ubicaciones.<\/p>\n<p>Disponer de un equipo propio, dedicado en exclusiva a esta \u00e1rea, nos permite evaluar detalladamente cada una de las ubicaciones. Tenemos una apuesta clara. Queremos que la sostenibilidad y el respeto del medioambiente sean el eje central de nuestros proyectos.<\/p>\n<p><strong>\u00a1Bienvenidos al equipo!<\/strong><\/p>\n","protected":false},"excerpt":{"rendered":"<p>Juntos trabajamos por un futuro sostenible. Presentamos nuestro nuevo departamento de medioambiente.\u00a0 &nbsp; Nuestra<\/p>\n","protected":false},"author":10,"featured_media":6000,"comment_status":"open","ping_status":"open","sticky":false,"template":"","format":"standard","meta":{"_et_pb_use_builder":"","_et_pb_old_content":"","_et_gb_content_width":"","footnotes":""},"categories":[23,25],"tags":[77,57,76],"class_list":["post-5953","post","type-post","status-publish","format-standard","has-post-thumbnail","hentry","category-corporativo","category-sostenibilidad-y-medio-ambiente","tag-equipo-enerland","tag-medioambiente","tag-sostenibilidad"],"yoast_head":"<!-- This site is optimized with the Yoast SEO plugin v27.4 - https:\/\/yoast.com\/product\/yoast-seo-wordpress\/ -->\n<title>Nuevo departamento de medioambiente - Enerland Energ\u00eda Renovable<\/title>\n<meta name=\"description\" content=\"Siguiendo nuestro compromiso con un futuro sostenible liderado por la energ\u00eda fotovoltaica, presentamos el nuevo departamento de medioambiente\" \/>\n<meta name=\"robots\" content=\"index, follow, max-snippet:-1, max-image-preview:large, max-video-preview:-1\" \/>\n<link rel=\"canonical\" href=\"https:\/\/www.enerlandgroup.com\/es\/nuevo-departamento-medioambiente\/\" \/>\n<meta property=\"og:locale\" content=\"es_ES\" \/>\n<meta property=\"og:type\" content=\"article\" \/>\n<meta property=\"og:title\" content=\"Nuevo departamento de medioambiente - Enerland Energ\u00eda Renovable\" \/>\n<meta property=\"og:description\" content=\"Siguiendo nuestro compromiso con un futuro sostenible liderado por la energ\u00eda fotovoltaica, presentamos el nuevo departamento de medioambiente\" \/>\n<meta property=\"og:url\" content=\"https:\/\/www.enerlandgroup.com\/es\/nuevo-departamento-medioambiente\/\" \/>\n<meta property=\"og:site_name\" content=\"Enerland Energ\u00eda Renovable\" \/>\n<meta property=\"article:published_time\" content=\"2021-04-09T09:58:25+00:00\" \/>\n<meta property=\"article:modified_time\" content=\"2021-08-06T06:53:36+00:00\" \/>\n<meta property=\"og:image\" content=\"https:\/\/www.enerlandgroup.com\/wp-content\/uploads\/2021\/04\/Imagen_noticia_Nuevo_proyecto_colombiav2-scaled.jpg\" \/>\n\t<meta property=\"og:image:width\" content=\"2560\" \/>\n\t<meta property=\"og:image:height\" content=\"958\" \/>\n\t<meta property=\"og:image:type\" content=\"image\/jpeg\" \/>\n<meta name=\"author\" content=\"Ismael\" \/>\n<meta name=\"twitter:card\" content=\"summary_large_image\" \/>\n<script type=\"application\/ld+json\" class=\"yoast-schema-graph\">{\"@context\":\"https:\\\/\\\/schema.org\",\"@graph\":[{\"@type\":\"Article\",\"@id\":\"https:\\\/\\\/www.enerlandgroup.com\\\/es\\\/nuevo-departamento-medioambiente\\\/#article\",\"isPartOf\":{\"@id\":\"https:\\\/\\\/www.enerlandgroup.com\\\/es\\\/nuevo-departamento-medioambiente\\\/\"},\"author\":{\"name\":\"Ismael\",\"@id\":\"https:\\\/\\\/www.enerlandgroup.com\\\/es\\\/#\\\/schema\\\/person\\\/20441025d4f2af3c77a3d2a4b69f35bf\"},\"headline\":\"Nuevo departamento de medioambiente\",\"datePublished\":\"2021-04-09T09:58:25+00:00\",\"dateModified\":\"2021-08-06T06:53:36+00:00\",\"mainEntityOfPage\":{\"@id\":\"https:\\\/\\\/www.enerlandgroup.com\\\/es\\\/nuevo-departamento-medioambiente\\\/\"},\"wordCount\":333,\"commentCount\":0,\"publisher\":{\"@id\":\"https:\\\/\\\/www.enerlandgroup.com\\\/es\\\/#organization\"},\"image\":{\"@id\":\"https:\\\/\\\/www.enerlandgroup.com\\\/es\\\/nuevo-departamento-medioambiente\\\/#primaryimage\"},\"thumbnailUrl\":\"https:\\\/\\\/www.enerlandgroup.com\\\/wp-content\\\/uploads\\\/2021\\\/04\\\/Imagen_noticia_Nuevo_proyecto_colombiav2-scaled.jpg\",\"keywords\":[\"equipo enerland\",\"Medioambiente\",\"sostenibilidad\"],\"articleSection\":[\"Corporativo\",\"Sostenibilidad y Medio Ambiente\"],\"inLanguage\":\"es\",\"potentialAction\":[{\"@type\":\"CommentAction\",\"name\":\"Comment\",\"target\":[\"https:\\\/\\\/www.enerlandgroup.com\\\/es\\\/nuevo-departamento-medioambiente\\\/#respond\"]}]},{\"@type\":[\"WebPage\",\"ItemPage\"],\"@id\":\"https:\\\/\\\/www.enerlandgroup.com\\\/es\\\/nuevo-departamento-medioambiente\\\/\",\"url\":\"https:\\\/\\\/www.enerlandgroup.com\\\/es\\\/nuevo-departamento-medioambiente\\\/\",\"name\":\"Nuevo departamento de medioambiente - Enerland Energ\u00eda Renovable\",\"isPartOf\":{\"@id\":\"https:\\\/\\\/www.enerlandgroup.com\\\/es\\\/#website\"},\"primaryImageOfPage\":{\"@id\":\"https:\\\/\\\/www.enerlandgroup.com\\\/es\\\/nuevo-departamento-medioambiente\\\/#primaryimage\"},\"image\":{\"@id\":\"https:\\\/\\\/www.enerlandgroup.com\\\/es\\\/nuevo-departamento-medioambiente\\\/#primaryimage\"},\"thumbnailUrl\":\"https:\\\/\\\/www.enerlandgroup.com\\\/wp-content\\\/uploads\\\/2021\\\/04\\\/Imagen_noticia_Nuevo_proyecto_colombiav2-scaled.jpg\",\"datePublished\":\"2021-04-09T09:58:25+00:00\",\"dateModified\":\"2021-08-06T06:53:36+00:00\",\"description\":\"Siguiendo nuestro compromiso con un futuro sostenible liderado por la energ\u00eda fotovoltaica, presentamos el nuevo departamento de medioambiente\",\"breadcrumb\":{\"@id\":\"https:\\\/\\\/www.enerlandgroup.com\\\/es\\\/nuevo-departamento-medioambiente\\\/#breadcrumb\"},\"inLanguage\":\"es\",\"potentialAction\":[{\"@type\":\"ReadAction\",\"target\":[\"https:\\\/\\\/www.enerlandgroup.com\\\/es\\\/nuevo-departamento-medioambiente\\\/\"]}]},{\"@type\":\"ImageObject\",\"inLanguage\":\"es\",\"@id\":\"https:\\\/\\\/www.enerlandgroup.com\\\/es\\\/nuevo-departamento-medioambiente\\\/#primaryimage\",\"url\":\"https:\\\/\\\/www.enerlandgroup.com\\\/wp-content\\\/uploads\\\/2021\\\/04\\\/Imagen_noticia_Nuevo_proyecto_colombiav2-scaled.jpg\",\"contentUrl\":\"https:\\\/\\\/www.enerlandgroup.com\\\/wp-content\\\/uploads\\\/2021\\\/04\\\/Imagen_noticia_Nuevo_proyecto_colombiav2-scaled.jpg\",\"width\":2560,\"height\":958},{\"@type\":\"BreadcrumbList\",\"@id\":\"https:\\\/\\\/www.enerlandgroup.com\\\/es\\\/nuevo-departamento-medioambiente\\\/#breadcrumb\",\"itemListElement\":[{\"@type\":\"ListItem\",\"position\":1,\"name\":\"Inicio\",\"item\":\"https:\\\/\\\/www.enerlandgroup.com\\\/es\\\/\"},{\"@type\":\"ListItem\",\"position\":2,\"name\":\"Nuevo departamento de medioambiente\"}]},{\"@type\":\"WebSite\",\"@id\":\"https:\\\/\\\/www.enerlandgroup.com\\\/es\\\/#website\",\"url\":\"https:\\\/\\\/www.enerlandgroup.com\\\/es\\\/\",\"name\":\"Enerland Energ\u00eda Renovable\",\"description\":\"\",\"publisher\":{\"@id\":\"https:\\\/\\\/www.enerlandgroup.com\\\/es\\\/#organization\"},\"potentialAction\":[{\"@type\":\"SearchAction\",\"target\":{\"@type\":\"EntryPoint\",\"urlTemplate\":\"https:\\\/\\\/www.enerlandgroup.com\\\/es\\\/?s={search_term_string}\"},\"query-input\":{\"@type\":\"PropertyValueSpecification\",\"valueRequired\":true,\"valueName\":\"search_term_string\"}}],\"inLanguage\":\"es\"},{\"@type\":\"Organization\",\"@id\":\"https:\\\/\\\/www.enerlandgroup.com\\\/es\\\/#organization\",\"name\":\"Enerland Group\",\"url\":\"https:\\\/\\\/www.enerlandgroup.com\\\/es\\\/\",\"logo\":{\"@type\":\"ImageObject\",\"inLanguage\":\"es\",\"@id\":\"https:\\\/\\\/www.enerlandgroup.com\\\/es\\\/#\\\/schema\\\/logo\\\/image\\\/\",\"url\":\"https:\\\/\\\/www.enerlandgroup.com\\\/wp-content\\\/uploads\\\/2021\\\/05\\\/Logo_Enerland.png\",\"contentUrl\":\"https:\\\/\\\/www.enerlandgroup.com\\\/wp-content\\\/uploads\\\/2021\\\/05\\\/Logo_Enerland.png\",\"width\":184,\"height\":43,\"caption\":\"Enerland Group\"},\"image\":{\"@id\":\"https:\\\/\\\/www.enerlandgroup.com\\\/es\\\/#\\\/schema\\\/logo\\\/image\\\/\"},\"sameAs\":[\"https:\\\/\\\/www.linkedin.com\\\/company\\\/enerland-group\\\/\",\"https:\\\/\\\/www.youtube.com\\\/channel\\\/UCjdInbThgaPa2_D34vRChmA\"]},{\"@type\":\"Person\",\"@id\":\"https:\\\/\\\/www.enerlandgroup.com\\\/es\\\/#\\\/schema\\\/person\\\/20441025d4f2af3c77a3d2a4b69f35bf\",\"name\":\"Ismael\",\"image\":{\"@type\":\"ImageObject\",\"inLanguage\":\"es\",\"@id\":\"https:\\\/\\\/secure.gravatar.com\\\/avatar\\\/a3de8138268bab3c88b5aad189d1925778223716817315540684a3f504a7a223?s=96&d=mm&r=g\",\"url\":\"https:\\\/\\\/secure.gravatar.com\\\/avatar\\\/a3de8138268bab3c88b5aad189d1925778223716817315540684a3f504a7a223?s=96&d=mm&r=g\",\"contentUrl\":\"https:\\\/\\\/secure.gravatar.com\\\/avatar\\\/a3de8138268bab3c88b5aad189d1925778223716817315540684a3f504a7a223?s=96&d=mm&r=g\",\"caption\":\"Ismael\"},\"url\":\"https:\\\/\\\/www.enerlandgroup.com\\\/es\\\/author\\\/it\\\/\"}]}<\/script>\n<!-- \/ Yoast SEO plugin. -->","yoast_head_json":{"title":"Nuevo departamento de medioambiente - Enerland Energ\u00eda Renovable","description":"Siguiendo nuestro compromiso con un futuro sostenible liderado por la energ\u00eda fotovoltaica, presentamos el nuevo departamento de medioambiente","robots":{"index":"index","follow":"follow","max-snippet":"max-snippet:-1","max-image-preview":"max-image-preview:large","max-video-preview":"max-video-preview:-1"},"canonical":"https:\/\/www.enerlandgroup.com\/es\/nuevo-departamento-medioambiente\/","og_locale":"es_ES","og_type":"article","og_title":"Nuevo departamento de medioambiente - Enerland Energ\u00eda Renovable","og_description":"Siguiendo nuestro compromiso con un futuro sostenible liderado por la energ\u00eda fotovoltaica, presentamos el nuevo departamento de medioambiente","og_url":"https:\/\/www.enerlandgroup.com\/es\/nuevo-departamento-medioambiente\/","og_site_name":"Enerland Energ\u00eda Renovable","article_published_time":"2021-04-09T09:58:25+00:00","article_modified_time":"2021-08-06T06:53:36+00:00","og_image":[{"width":2560,"height":958,"url":"https:\/\/www.enerlandgroup.com\/wp-content\/uploads\/2021\/04\/Imagen_noticia_Nuevo_proyecto_colombiav2-scaled.jpg","type":"image\/jpeg"}],"author":"Ismael","twitter_card":"summary_large_image","schema":{"@context":"https:\/\/schema.org","@graph":[{"@type":"Article","@id":"https:\/\/www.enerlandgroup.com\/es\/nuevo-departamento-medioambiente\/#article","isPartOf":{"@id":"https:\/\/www.enerlandgroup.com\/es\/nuevo-departamento-medioambiente\/"},"author":{"name":"Ismael","@id":"https:\/\/www.enerlandgroup.com\/es\/#\/schema\/person\/20441025d4f2af3c77a3d2a4b69f35bf"},"headline":"Nuevo departamento de medioambiente","datePublished":"2021-04-09T09:58:25+00:00","dateModified":"2021-08-06T06:53:36+00:00","mainEntityOfPage":{"@id":"https:\/\/www.enerlandgroup.com\/es\/nuevo-departamento-medioambiente\/"},"wordCount":333,"commentCount":0,"publisher":{"@id":"https:\/\/www.enerlandgroup.com\/es\/#organization"},"image":{"@id":"https:\/\/www.enerlandgroup.com\/es\/nuevo-departamento-medioambiente\/#primaryimage"},"thumbnailUrl":"https:\/\/www.enerlandgroup.com\/wp-content\/uploads\/2021\/04\/Imagen_noticia_Nuevo_proyecto_colombiav2-scaled.jpg","keywords":["equipo enerland","Medioambiente","sostenibilidad"],"articleSection":["Corporativo","Sostenibilidad y Medio Ambiente"],"inLanguage":"es","potentialAction":[{"@type":"CommentAction","name":"Comment","target":["https:\/\/www.enerlandgroup.com\/es\/nuevo-departamento-medioambiente\/#respond"]}]},{"@type":["WebPage","ItemPage"],"@id":"https:\/\/www.enerlandgroup.com\/es\/nuevo-departamento-medioambiente\/","url":"https:\/\/www.enerlandgroup.com\/es\/nuevo-departamento-medioambiente\/","name":"Nuevo departamento de medioambiente - Enerland Energ\u00eda Renovable","isPartOf":{"@id":"https:\/\/www.enerlandgroup.com\/es\/#website"},"primaryImageOfPage":{"@id":"https:\/\/www.enerlandgroup.com\/es\/nuevo-departamento-medioambiente\/#primaryimage"},"image":{"@id":"https:\/\/www.enerlandgroup.com\/es\/nuevo-departamento-medioambiente\/#primaryimage"},"thumbnailUrl":"https:\/\/www.enerlandgroup.com\/wp-content\/uploads\/2021\/04\/Imagen_noticia_Nuevo_proyecto_colombiav2-scaled.jpg","datePublished":"2021-04-09T09:58:25+00:00","dateModified":"2021-08-06T06:53:36+00:00","description":"Siguiendo nuestro compromiso con un futuro sostenible liderado por la energ\u00eda fotovoltaica, presentamos el nuevo departamento de medioambiente","breadcrumb":{"@id":"https:\/\/www.enerlandgroup.com\/es\/nuevo-departamento-medioambiente\/#breadcrumb"},"inLanguage":"es","potentialAction":[{"@type":"ReadAction","target":["https:\/\/www.enerlandgroup.com\/es\/nuevo-departamento-medioambiente\/"]}]},{"@type":"ImageObject","inLanguage":"es","@id":"https:\/\/www.enerlandgroup.com\/es\/nuevo-departamento-medioambiente\/#primaryimage","url":"https:\/\/www.enerlandgroup.com\/wp-content\/uploads\/2021\/04\/Imagen_noticia_Nuevo_proyecto_colombiav2-scaled.jpg","contentUrl":"https:\/\/www.enerlandgroup.com\/wp-content\/uploads\/2021\/04\/Imagen_noticia_Nuevo_proyecto_colombiav2-scaled.jpg","width":2560,"height":958},{"@type":"BreadcrumbList","@id":"https:\/\/www.enerlandgroup.com\/es\/nuevo-departamento-medioambiente\/#breadcrumb","itemListElement":[{"@type":"ListItem","position":1,"name":"Inicio","item":"https:\/\/www.enerlandgroup.com\/es\/"},{"@type":"ListItem","position":2,"name":"Nuevo departamento de medioambiente"}]},{"@type":"WebSite","@id":"https:\/\/www.enerlandgroup.com\/es\/#website","url":"https:\/\/www.enerlandgroup.com\/es\/","name":"Enerland Energ\u00eda Renovable","description":"","publisher":{"@id":"https:\/\/www.enerlandgroup.com\/es\/#organization"},"potentialAction":[{"@type":"SearchAction","target":{"@type":"EntryPoint","urlTemplate":"https:\/\/www.enerlandgroup.com\/es\/?s={search_term_string}"},"query-input":{"@type":"PropertyValueSpecification","valueRequired":true,"valueName":"search_term_string"}}],"inLanguage":"es"},{"@type":"Organization","@id":"https:\/\/www.enerlandgroup.com\/es\/#organization","name":"Enerland Group","url":"https:\/\/www.enerlandgroup.com\/es\/","logo":{"@type":"ImageObject","inLanguage":"es","@id":"https:\/\/www.enerlandgroup.com\/es\/#\/schema\/logo\/image\/","url":"https:\/\/www.enerlandgroup.com\/wp-content\/uploads\/2021\/05\/Logo_Enerland.png","contentUrl":"https:\/\/www.enerlandgroup.com\/wp-content\/uploads\/2021\/05\/Logo_Enerland.png","width":184,"height":43,"caption":"Enerland Group"},"image":{"@id":"https:\/\/www.enerlandgroup.com\/es\/#\/schema\/logo\/image\/"},"sameAs":["https:\/\/www.linkedin.com\/company\/enerland-group\/","https:\/\/www.youtube.com\/channel\/UCjdInbThgaPa2_D34vRChmA"]},{"@type":"Person","@id":"https:\/\/www.enerlandgroup.com\/es\/#\/schema\/person\/20441025d4f2af3c77a3d2a4b69f35bf","name":"Ismael","image":{"@type":"ImageObject","inLanguage":"es","@id":"https:\/\/secure.gravatar.com\/avatar\/a3de8138268bab3c88b5aad189d1925778223716817315540684a3f504a7a223?s=96&d=mm&r=g","url":"https:\/\/secure.gravatar.com\/avatar\/a3de8138268bab3c88b5aad189d1925778223716817315540684a3f504a7a223?s=96&d=mm&r=g","contentUrl":"https:\/\/secure.gravatar.com\/avatar\/a3de8138268bab3c88b5aad189d1925778223716817315540684a3f504a7a223?s=96&d=mm&r=g","caption":"Ismael"},"url":"https:\/\/www.enerlandgroup.com\/es\/author\/it\/"}]}},"jetpack_featured_media_url":"https:\/\/www.enerlandgroup.com\/wp-content\/uploads\/2021\/04\/Imagen_noticia_Nuevo_proyecto_colombiav2-scaled.jpg","_links":{"self":[{"href":"https:\/\/www.enerlandgroup.com\/es\/wp-json\/wp\/v2\/posts\/5953","targetHints":{"allow":["GET"]}}],"collection":[{"href":"https:\/\/www.enerlandgroup.com\/es\/wp-json\/wp\/v2\/posts"}],"about":[{"href":"https:\/\/www.enerlandgroup.com\/es\/wp-json\/wp\/v2\/types\/post"}],"author":[{"embeddable":true,"href":"https:\/\/www.enerlandgroup.com\/es\/wp-json\/wp\/v2\/users\/10"}],"replies":[{"embeddable":true,"href":"https:\/\/www.enerlandgroup.com\/es\/wp-json\/wp\/v2\/comments?post=5953"}],"version-history":[{"count":6,"href":"https:\/\/www.enerlandgroup.com\/es\/wp-json\/wp\/v2\/posts\/5953\/revisions"}],"predecessor-version":[{"id":6025,"href":"https:\/\/www.enerlandgroup.com\/es\/wp-json\/wp\/v2\/posts\/5953\/revisions\/6025"}],"wp:featuredmedia":[{"embeddable":true,"href":"https:\/\/www.enerlandgroup.com\/es\/wp-json\/wp\/v2\/media\/6000"}],"wp:attachment":[{"href":"https:\/\/www.enerlandgroup.com\/es\/wp-json\/wp\/v2\/media?parent=5953"}],"wp:term":[{"taxonomy":"category","embeddable":true,"href":"https:\/\/www.enerlandgroup.com\/es\/wp-json\/wp\/v2\/categories?post=5953"},{"taxonomy":"post_tag","embeddable":true,"href":"https:\/\/www.enerlandgroup.com\/es\/wp-json\/wp\/v2\/tags?post=5953"}],"curies":[{"name":"wp","href":"https:\/\/api.w.org\/{rel}","templated":true}]}}