{"id":5951,"date":"2021-05-14T12:57:26","date_gmt":"2021-05-14T10:57:26","guid":{"rendered":"http:\/\/www.enerlandgroup.com\/?p=5951"},"modified":"2022-07-04T10:02:57","modified_gmt":"2022-07-04T08:02:57","slug":"nueva-ley-cambio-climatico-espana","status":"publish","type":"post","link":"https:\/\/www.enerlandgroup.com\/es\/nueva-ley-cambio-climatico-espana\/","title":{"rendered":"Nueva Ley de Cambio Clim\u00e1tico en Espa\u00f1a"},"content":{"rendered":"<h2>La nueva ley de Cambio Clim\u00e1tico ya ha entrado en vigor en Espa\u00f1a. Su objetivo: apoyar el desarrollo de las energ\u00edas renovables en nuestro pa\u00eds.<\/h2>\n<p>&nbsp;<\/p>\n<p>Recientemente, el peri\u00f3dico nacional \u00abEl Espa\u00f1ol\u00bb organiz\u00f3 un encuentro para hablar de la energ\u00eda fotovoltaica. En el evento, se reflexion\u00f3 sobre la nueva ley del cambio clim\u00e1tico en Espa\u00f1a y las posibles soluciones para lograr los objetivos propuestos por el gobierno. Tambi\u00e9n se habl\u00f3 de la huella de CO2 que deja la energ\u00eda fotovoltaica desde su producci\u00f3n hasta su posterior reciclaje.<\/p>\n<p>Esta nueva ley traer\u00e1 consigo objetivos ambiciosos, pero necesarios. Con el fomento de las renovables, y en concreto de la fotovoltaica, se busca generar la energ\u00eda limpia necesaria para cubrir las emisiones de las industrias m\u00e1s contaminantes. As\u00ed, se espera contrarrestar el efecto invernadero. Adem\u00e1s, en menos de una d\u00e9cada, Espa\u00f1a quiere convertirse en un pa\u00eds l\u00edder en t\u00e9rminos de sostenibilidad.<\/p>\n<p>&nbsp;<\/p>\n<h3>Conoce los objetivos<\/h3>\n<p><span data-contrast=\"none\">Para 2030, el Gobierno se ha propuesto reducir la emisi\u00f3n de gases contaminantes en, al menos, un 20% respecto a los niveles de 1990. Del mismo modo, se pretende que las energ\u00edas verdes supongan un 35% en el consumo de energ\u00eda final. Atendiendo al sistema el\u00e9ctrico, se espera que un 70% sea a trav\u00e9s de fuentes renovables.<\/span><span data-ccp-props=\"{&quot;201341983&quot;:0,&quot;335551550&quot;:6,&quot;335551620&quot;:6,&quot;335559738&quot;:40,&quot;335559739&quot;:0,&quot;335559740&quot;:259}\">\u00a0<\/span><span data-ccp-props=\"{&quot;201341983&quot;:0,&quot;335551550&quot;:6,&quot;335551620&quot;:6,&quot;335559739&quot;:160,&quot;335559740&quot;:259}\"> Por \u00faltimo, se mejorar\u00e1 la eficiencia energ\u00e9tica disminuyendo el consumo de energ\u00eda primaria en, al menos un 35%.<\/span><\/p>\n<p><span data-contrast=\"none\">Con la vista enfocada en el largo plazo, para el a\u00f1o 2050, nuestro pa\u00eds deber\u00e1 haber alcanzado<\/span><span data-contrast=\"auto\"> la neutralidad clim\u00e1tica. El objetivo: dar cumplimiento a los compromisos internacionalmente asumidos. Para entonces, el sistema el\u00e9ctrico deber\u00e1 ser exclusivamente basado en fuentes de generaci\u00f3n de origen renovable.<\/span><\/p>\n<p>Las nuevas medidas no s\u00f3lo reducir\u00e1n el impacto medioambiental sobre el planeta, tambi\u00e9n ayudar\u00e1n a disminuir los procesos administrativos. Las nuevas tecnolog\u00edas aportar\u00e1n el valor extra necesario para optimizar los sistemas de generaci\u00f3n de energ\u00eda. El futuro es prometedor y esperamos que estos los objetivos se adelanten. \u00a1Pronto conseguiremos llegar a un estilo de vida sostenible!<\/p>\n<p>&nbsp;<\/p>\n<h3>En Enerland<\/h3>\n<p>Estamos plenamente concienciados con los objetivos de desarrollo tanto nacionales como internacionales. <a href=\"https:\/\/www.enerlandgroup.com\/sostenibilidad\/\">Apostamos por la transici\u00f3n energ\u00e9tica <\/a>renovable. Este es uno de los motivos por los cuales, decidimos integrar dentro de nuestro equipo un departamento especifico dedicado al \u00e1rea medioambiental.<\/p>\n<p>En este departamento, nuestros compa\u00f1eros trabajan estudiando el impacto de todos nuestros parques sobre el entorno. Para nosotros, es importante no s\u00f3lo producir electricidad sino tambi\u00e9n buscar un equilibrio pleno durante su generaci\u00f3n.<\/p>\n<p>La energ\u00eda fotovoltaica, es el futuro y gracias a ella, nuestras instalaciones solares ya evitan la emisi\u00f3n de m\u00e1s de 336.818 toneladas de CO2 desde 2007. Unas cifras que nos enorgullece compartir y que esperamos mejorar a\u00f1o tras a\u00f1o.<\/p>\n<p>\u00bfQuieres saber m\u00e1s sobre este encuentro o las medidas de la nueva ley del cambio clim\u00e1tico? Lee la noticia completa <strong><a href=\"https:\/\/www.elespanol.com\/invertia\/empresas\/energia\/20210510\/fotovoltaica-despega-espana-convertirse-energia-completamente-sostenible\/579942612_0.html\">aqu\u00ed.<\/a><\/strong><\/p>\n","protected":false},"excerpt":{"rendered":"<p>La nueva ley de Cambio Clim\u00e1tico ya ha entrado en vigor en Espa\u00f1a. Su<\/p>\n","protected":false},"author":10,"featured_media":5756,"comment_status":"open","ping_status":"open","sticky":false,"template":"","format":"standard","meta":{"_et_pb_use_builder":"","_et_pb_old_content":"","_et_gb_content_width":"","footnotes":""},"categories":[161,25],"tags":[44,45,57,76],"class_list":["post-5951","post","type-post","status-publish","format-standard","has-post-thumbnail","hentry","category-noticias","category-sostenibilidad-y-medio-ambiente","tag-espana","tag-leyes","tag-medioambiente","tag-sostenibilidad"],"yoast_head":"<!-- This site is optimized with the Yoast SEO plugin v27.4 - https:\/\/yoast.com\/product\/yoast-seo-wordpress\/ -->\n<title>Nueva Ley de Cambio Clim\u00e1tico en Espa\u00f1a - Enerland Energ\u00eda Renovable<\/title>\n<meta name=\"description\" content=\"\u00a1Ya ha entrado en vigor la nueva Ley de Cambio Clim\u00e1tico en Espa\u00f1a! El objetivo principal apoyar el desarrollo de las energ\u00edas renovables en Espa\u00f1a.\" \/>\n<meta name=\"robots\" content=\"index, follow, max-snippet:-1, max-image-preview:large, max-video-preview:-1\" \/>\n<link rel=\"canonical\" href=\"https:\/\/www.enerlandgroup.com\/es\/nueva-ley-cambio-climatico-espana\/\" \/>\n<meta property=\"og:locale\" content=\"es_ES\" \/>\n<meta property=\"og:type\" content=\"article\" \/>\n<meta property=\"og:title\" content=\"Nueva Ley de Cambio Clim\u00e1tico en Espa\u00f1a - Enerland Energ\u00eda Renovable\" \/>\n<meta property=\"og:description\" content=\"\u00a1Ya ha entrado en vigor la nueva Ley de Cambio Clim\u00e1tico en Espa\u00f1a! El objetivo principal apoyar el desarrollo de las energ\u00edas renovables en Espa\u00f1a.\" \/>\n<meta property=\"og:url\" content=\"https:\/\/www.enerlandgroup.com\/es\/nueva-ley-cambio-climatico-espana\/\" \/>\n<meta property=\"og:site_name\" content=\"Enerland Energ\u00eda Renovable\" \/>\n<meta property=\"article:published_time\" content=\"2021-05-14T10:57:26+00:00\" \/>\n<meta property=\"article:modified_time\" content=\"2022-07-04T08:02:57+00:00\" \/>\n<meta property=\"og:image\" content=\"https:\/\/www.enerlandgroup.com\/wp-content\/uploads\/2021\/07\/Ley-energia.png\" \/>\n\t<meta property=\"og:image:width\" content=\"1201\" \/>\n\t<meta property=\"og:image:height\" content=\"450\" \/>\n\t<meta property=\"og:image:type\" content=\"image\/png\" \/>\n<meta name=\"author\" content=\"Ismael\" \/>\n<meta name=\"twitter:card\" content=\"summary_large_image\" \/>\n<script type=\"application\/ld+json\" class=\"yoast-schema-graph\">{\"@context\":\"https:\\\/\\\/schema.org\",\"@graph\":[{\"@type\":\"Article\",\"@id\":\"https:\\\/\\\/www.enerlandgroup.com\\\/es\\\/nueva-ley-cambio-climatico-espana\\\/#article\",\"isPartOf\":{\"@id\":\"https:\\\/\\\/www.enerlandgroup.com\\\/es\\\/nueva-ley-cambio-climatico-espana\\\/\"},\"author\":{\"name\":\"Ismael\",\"@id\":\"https:\\\/\\\/www.enerlandgroup.com\\\/es\\\/#\\\/schema\\\/person\\\/20441025d4f2af3c77a3d2a4b69f35bf\"},\"headline\":\"Nueva Ley de Cambio Clim\u00e1tico en Espa\u00f1a\",\"datePublished\":\"2021-05-14T10:57:26+00:00\",\"dateModified\":\"2022-07-04T08:02:57+00:00\",\"mainEntityOfPage\":{\"@id\":\"https:\\\/\\\/www.enerlandgroup.com\\\/es\\\/nueva-ley-cambio-climatico-espana\\\/\"},\"wordCount\":517,\"commentCount\":0,\"publisher\":{\"@id\":\"https:\\\/\\\/www.enerlandgroup.com\\\/es\\\/#organization\"},\"image\":{\"@id\":\"https:\\\/\\\/www.enerlandgroup.com\\\/es\\\/nueva-ley-cambio-climatico-espana\\\/#primaryimage\"},\"thumbnailUrl\":\"https:\\\/\\\/www.enerlandgroup.com\\\/wp-content\\\/uploads\\\/2021\\\/07\\\/Ley-energia.png\",\"keywords\":[\"Espa\u00f1a\",\"Leyes\",\"Medioambiente\",\"sostenibilidad\"],\"articleSection\":[\"Noticias\",\"Sostenibilidad y Medio Ambiente\"],\"inLanguage\":\"es\",\"potentialAction\":[{\"@type\":\"CommentAction\",\"name\":\"Comment\",\"target\":[\"https:\\\/\\\/www.enerlandgroup.com\\\/es\\\/nueva-ley-cambio-climatico-espana\\\/#respond\"]}]},{\"@type\":[\"WebPage\",\"ItemPage\"],\"@id\":\"https:\\\/\\\/www.enerlandgroup.com\\\/es\\\/nueva-ley-cambio-climatico-espana\\\/\",\"url\":\"https:\\\/\\\/www.enerlandgroup.com\\\/es\\\/nueva-ley-cambio-climatico-espana\\\/\",\"name\":\"Nueva Ley de Cambio Clim\u00e1tico en Espa\u00f1a - Enerland Energ\u00eda Renovable\",\"isPartOf\":{\"@id\":\"https:\\\/\\\/www.enerlandgroup.com\\\/es\\\/#website\"},\"primaryImageOfPage\":{\"@id\":\"https:\\\/\\\/www.enerlandgroup.com\\\/es\\\/nueva-ley-cambio-climatico-espana\\\/#primaryimage\"},\"image\":{\"@id\":\"https:\\\/\\\/www.enerlandgroup.com\\\/es\\\/nueva-ley-cambio-climatico-espana\\\/#primaryimage\"},\"thumbnailUrl\":\"https:\\\/\\\/www.enerlandgroup.com\\\/wp-content\\\/uploads\\\/2021\\\/07\\\/Ley-energia.png\",\"datePublished\":\"2021-05-14T10:57:26+00:00\",\"dateModified\":\"2022-07-04T08:02:57+00:00\",\"description\":\"\u00a1Ya ha entrado en vigor la nueva Ley de Cambio Clim\u00e1tico en Espa\u00f1a! El objetivo principal apoyar el desarrollo de las energ\u00edas renovables en Espa\u00f1a.\",\"breadcrumb\":{\"@id\":\"https:\\\/\\\/www.enerlandgroup.com\\\/es\\\/nueva-ley-cambio-climatico-espana\\\/#breadcrumb\"},\"inLanguage\":\"es\",\"potentialAction\":[{\"@type\":\"ReadAction\",\"target\":[\"https:\\\/\\\/www.enerlandgroup.com\\\/es\\\/nueva-ley-cambio-climatico-espana\\\/\"]}]},{\"@type\":\"ImageObject\",\"inLanguage\":\"es\",\"@id\":\"https:\\\/\\\/www.enerlandgroup.com\\\/es\\\/nueva-ley-cambio-climatico-espana\\\/#primaryimage\",\"url\":\"https:\\\/\\\/www.enerlandgroup.com\\\/wp-content\\\/uploads\\\/2021\\\/07\\\/Ley-energia.png\",\"contentUrl\":\"https:\\\/\\\/www.enerlandgroup.com\\\/wp-content\\\/uploads\\\/2021\\\/07\\\/Ley-energia.png\",\"width\":1201,\"height\":450,\"caption\":\"Ley-energia\"},{\"@type\":\"BreadcrumbList\",\"@id\":\"https:\\\/\\\/www.enerlandgroup.com\\\/es\\\/nueva-ley-cambio-climatico-espana\\\/#breadcrumb\",\"itemListElement\":[{\"@type\":\"ListItem\",\"position\":1,\"name\":\"Inicio\",\"item\":\"https:\\\/\\\/www.enerlandgroup.com\\\/es\\\/\"},{\"@type\":\"ListItem\",\"position\":2,\"name\":\"Nueva Ley de Cambio Clim\u00e1tico en Espa\u00f1a\"}]},{\"@type\":\"WebSite\",\"@id\":\"https:\\\/\\\/www.enerlandgroup.com\\\/es\\\/#website\",\"url\":\"https:\\\/\\\/www.enerlandgroup.com\\\/es\\\/\",\"name\":\"Enerland Energ\u00eda Renovable\",\"description\":\"\",\"publisher\":{\"@id\":\"https:\\\/\\\/www.enerlandgroup.com\\\/es\\\/#organization\"},\"potentialAction\":[{\"@type\":\"SearchAction\",\"target\":{\"@type\":\"EntryPoint\",\"urlTemplate\":\"https:\\\/\\\/www.enerlandgroup.com\\\/es\\\/?s={search_term_string}\"},\"query-input\":{\"@type\":\"PropertyValueSpecification\",\"valueRequired\":true,\"valueName\":\"search_term_string\"}}],\"inLanguage\":\"es\"},{\"@type\":\"Organization\",\"@id\":\"https:\\\/\\\/www.enerlandgroup.com\\\/es\\\/#organization\",\"name\":\"Enerland Group\",\"url\":\"https:\\\/\\\/www.enerlandgroup.com\\\/es\\\/\",\"logo\":{\"@type\":\"ImageObject\",\"inLanguage\":\"es\",\"@id\":\"https:\\\/\\\/www.enerlandgroup.com\\\/es\\\/#\\\/schema\\\/logo\\\/image\\\/\",\"url\":\"https:\\\/\\\/www.enerlandgroup.com\\\/wp-content\\\/uploads\\\/2021\\\/05\\\/Logo_Enerland.png\",\"contentUrl\":\"https:\\\/\\\/www.enerlandgroup.com\\\/wp-content\\\/uploads\\\/2021\\\/05\\\/Logo_Enerland.png\",\"width\":184,\"height\":43,\"caption\":\"Enerland Group\"},\"image\":{\"@id\":\"https:\\\/\\\/www.enerlandgroup.com\\\/es\\\/#\\\/schema\\\/logo\\\/image\\\/\"},\"sameAs\":[\"https:\\\/\\\/www.linkedin.com\\\/company\\\/enerland-group\\\/\",\"https:\\\/\\\/www.youtube.com\\\/channel\\\/UCjdInbThgaPa2_D34vRChmA\"]},{\"@type\":\"Person\",\"@id\":\"https:\\\/\\\/www.enerlandgroup.com\\\/es\\\/#\\\/schema\\\/person\\\/20441025d4f2af3c77a3d2a4b69f35bf\",\"name\":\"Ismael\",\"image\":{\"@type\":\"ImageObject\",\"inLanguage\":\"es\",\"@id\":\"https:\\\/\\\/secure.gravatar.com\\\/avatar\\\/a3de8138268bab3c88b5aad189d1925778223716817315540684a3f504a7a223?s=96&d=mm&r=g\",\"url\":\"https:\\\/\\\/secure.gravatar.com\\\/avatar\\\/a3de8138268bab3c88b5aad189d1925778223716817315540684a3f504a7a223?s=96&d=mm&r=g\",\"contentUrl\":\"https:\\\/\\\/secure.gravatar.com\\\/avatar\\\/a3de8138268bab3c88b5aad189d1925778223716817315540684a3f504a7a223?s=96&d=mm&r=g\",\"caption\":\"Ismael\"},\"url\":\"https:\\\/\\\/www.enerlandgroup.com\\\/es\\\/author\\\/it\\\/\"}]}<\/script>\n<!-- \/ Yoast SEO plugin. -->","yoast_head_json":{"title":"Nueva Ley de Cambio Clim\u00e1tico en Espa\u00f1a - Enerland Energ\u00eda Renovable","description":"\u00a1Ya ha entrado en vigor la nueva Ley de Cambio Clim\u00e1tico en Espa\u00f1a! El objetivo principal apoyar el desarrollo de las energ\u00edas renovables en Espa\u00f1a.","robots":{"index":"index","follow":"follow","max-snippet":"max-snippet:-1","max-image-preview":"max-image-preview:large","max-video-preview":"max-video-preview:-1"},"canonical":"https:\/\/www.enerlandgroup.com\/es\/nueva-ley-cambio-climatico-espana\/","og_locale":"es_ES","og_type":"article","og_title":"Nueva Ley de Cambio Clim\u00e1tico en Espa\u00f1a - Enerland Energ\u00eda Renovable","og_description":"\u00a1Ya ha entrado en vigor la nueva Ley de Cambio Clim\u00e1tico en Espa\u00f1a! El objetivo principal apoyar el desarrollo de las energ\u00edas renovables en Espa\u00f1a.","og_url":"https:\/\/www.enerlandgroup.com\/es\/nueva-ley-cambio-climatico-espana\/","og_site_name":"Enerland Energ\u00eda Renovable","article_published_time":"2021-05-14T10:57:26+00:00","article_modified_time":"2022-07-04T08:02:57+00:00","og_image":[{"width":1201,"height":450,"url":"https:\/\/www.enerlandgroup.com\/wp-content\/uploads\/2021\/07\/Ley-energia.png","type":"image\/png"}],"author":"Ismael","twitter_card":"summary_large_image","schema":{"@context":"https:\/\/schema.org","@graph":[{"@type":"Article","@id":"https:\/\/www.enerlandgroup.com\/es\/nueva-ley-cambio-climatico-espana\/#article","isPartOf":{"@id":"https:\/\/www.enerlandgroup.com\/es\/nueva-ley-cambio-climatico-espana\/"},"author":{"name":"Ismael","@id":"https:\/\/www.enerlandgroup.com\/es\/#\/schema\/person\/20441025d4f2af3c77a3d2a4b69f35bf"},"headline":"Nueva Ley de Cambio Clim\u00e1tico en Espa\u00f1a","datePublished":"2021-05-14T10:57:26+00:00","dateModified":"2022-07-04T08:02:57+00:00","mainEntityOfPage":{"@id":"https:\/\/www.enerlandgroup.com\/es\/nueva-ley-cambio-climatico-espana\/"},"wordCount":517,"commentCount":0,"publisher":{"@id":"https:\/\/www.enerlandgroup.com\/es\/#organization"},"image":{"@id":"https:\/\/www.enerlandgroup.com\/es\/nueva-ley-cambio-climatico-espana\/#primaryimage"},"thumbnailUrl":"https:\/\/www.enerlandgroup.com\/wp-content\/uploads\/2021\/07\/Ley-energia.png","keywords":["Espa\u00f1a","Leyes","Medioambiente","sostenibilidad"],"articleSection":["Noticias","Sostenibilidad y Medio Ambiente"],"inLanguage":"es","potentialAction":[{"@type":"CommentAction","name":"Comment","target":["https:\/\/www.enerlandgroup.com\/es\/nueva-ley-cambio-climatico-espana\/#respond"]}]},{"@type":["WebPage","ItemPage"],"@id":"https:\/\/www.enerlandgroup.com\/es\/nueva-ley-cambio-climatico-espana\/","url":"https:\/\/www.enerlandgroup.com\/es\/nueva-ley-cambio-climatico-espana\/","name":"Nueva Ley de Cambio Clim\u00e1tico en Espa\u00f1a - Enerland Energ\u00eda Renovable","isPartOf":{"@id":"https:\/\/www.enerlandgroup.com\/es\/#website"},"primaryImageOfPage":{"@id":"https:\/\/www.enerlandgroup.com\/es\/nueva-ley-cambio-climatico-espana\/#primaryimage"},"image":{"@id":"https:\/\/www.enerlandgroup.com\/es\/nueva-ley-cambio-climatico-espana\/#primaryimage"},"thumbnailUrl":"https:\/\/www.enerlandgroup.com\/wp-content\/uploads\/2021\/07\/Ley-energia.png","datePublished":"2021-05-14T10:57:26+00:00","dateModified":"2022-07-04T08:02:57+00:00","description":"\u00a1Ya ha entrado en vigor la nueva Ley de Cambio Clim\u00e1tico en Espa\u00f1a! El objetivo principal apoyar el desarrollo de las energ\u00edas renovables en Espa\u00f1a.","breadcrumb":{"@id":"https:\/\/www.enerlandgroup.com\/es\/nueva-ley-cambio-climatico-espana\/#breadcrumb"},"inLanguage":"es","potentialAction":[{"@type":"ReadAction","target":["https:\/\/www.enerlandgroup.com\/es\/nueva-ley-cambio-climatico-espana\/"]}]},{"@type":"ImageObject","inLanguage":"es","@id":"https:\/\/www.enerlandgroup.com\/es\/nueva-ley-cambio-climatico-espana\/#primaryimage","url":"https:\/\/www.enerlandgroup.com\/wp-content\/uploads\/2021\/07\/Ley-energia.png","contentUrl":"https:\/\/www.enerlandgroup.com\/wp-content\/uploads\/2021\/07\/Ley-energia.png","width":1201,"height":450,"caption":"Ley-energia"},{"@type":"BreadcrumbList","@id":"https:\/\/www.enerlandgroup.com\/es\/nueva-ley-cambio-climatico-espana\/#breadcrumb","itemListElement":[{"@type":"ListItem","position":1,"name":"Inicio","item":"https:\/\/www.enerlandgroup.com\/es\/"},{"@type":"ListItem","position":2,"name":"Nueva Ley de Cambio Clim\u00e1tico en Espa\u00f1a"}]},{"@type":"WebSite","@id":"https:\/\/www.enerlandgroup.com\/es\/#website","url":"https:\/\/www.enerlandgroup.com\/es\/","name":"Enerland Energ\u00eda Renovable","description":"","publisher":{"@id":"https:\/\/www.enerlandgroup.com\/es\/#organization"},"potentialAction":[{"@type":"SearchAction","target":{"@type":"EntryPoint","urlTemplate":"https:\/\/www.enerlandgroup.com\/es\/?s={search_term_string}"},"query-input":{"@type":"PropertyValueSpecification","valueRequired":true,"valueName":"search_term_string"}}],"inLanguage":"es"},{"@type":"Organization","@id":"https:\/\/www.enerlandgroup.com\/es\/#organization","name":"Enerland Group","url":"https:\/\/www.enerlandgroup.com\/es\/","logo":{"@type":"ImageObject","inLanguage":"es","@id":"https:\/\/www.enerlandgroup.com\/es\/#\/schema\/logo\/image\/","url":"https:\/\/www.enerlandgroup.com\/wp-content\/uploads\/2021\/05\/Logo_Enerland.png","contentUrl":"https:\/\/www.enerlandgroup.com\/wp-content\/uploads\/2021\/05\/Logo_Enerland.png","width":184,"height":43,"caption":"Enerland Group"},"image":{"@id":"https:\/\/www.enerlandgroup.com\/es\/#\/schema\/logo\/image\/"},"sameAs":["https:\/\/www.linkedin.com\/company\/enerland-group\/","https:\/\/www.youtube.com\/channel\/UCjdInbThgaPa2_D34vRChmA"]},{"@type":"Person","@id":"https:\/\/www.enerlandgroup.com\/es\/#\/schema\/person\/20441025d4f2af3c77a3d2a4b69f35bf","name":"Ismael","image":{"@type":"ImageObject","inLanguage":"es","@id":"https:\/\/secure.gravatar.com\/avatar\/a3de8138268bab3c88b5aad189d1925778223716817315540684a3f504a7a223?s=96&d=mm&r=g","url":"https:\/\/secure.gravatar.com\/avatar\/a3de8138268bab3c88b5aad189d1925778223716817315540684a3f504a7a223?s=96&d=mm&r=g","contentUrl":"https:\/\/secure.gravatar.com\/avatar\/a3de8138268bab3c88b5aad189d1925778223716817315540684a3f504a7a223?s=96&d=mm&r=g","caption":"Ismael"},"url":"https:\/\/www.enerlandgroup.com\/es\/author\/it\/"}]}},"jetpack_featured_media_url":"https:\/\/www.enerlandgroup.com\/wp-content\/uploads\/2021\/07\/Ley-energia.png","_links":{"self":[{"href":"https:\/\/www.enerlandgroup.com\/es\/wp-json\/wp\/v2\/posts\/5951","targetHints":{"allow":["GET"]}}],"collection":[{"href":"https:\/\/www.enerlandgroup.com\/es\/wp-json\/wp\/v2\/posts"}],"about":[{"href":"https:\/\/www.enerlandgroup.com\/es\/wp-json\/wp\/v2\/types\/post"}],"author":[{"embeddable":true,"href":"https:\/\/www.enerlandgroup.com\/es\/wp-json\/wp\/v2\/users\/10"}],"replies":[{"embeddable":true,"href":"https:\/\/www.enerlandgroup.com\/es\/wp-json\/wp\/v2\/comments?post=5951"}],"version-history":[{"count":7,"href":"https:\/\/www.enerlandgroup.com\/es\/wp-json\/wp\/v2\/posts\/5951\/revisions"}],"predecessor-version":[{"id":10918,"href":"https:\/\/www.enerlandgroup.com\/es\/wp-json\/wp\/v2\/posts\/5951\/revisions\/10918"}],"wp:featuredmedia":[{"embeddable":true,"href":"https:\/\/www.enerlandgroup.com\/es\/wp-json\/wp\/v2\/media\/5756"}],"wp:attachment":[{"href":"https:\/\/www.enerlandgroup.com\/es\/wp-json\/wp\/v2\/media?parent=5951"}],"wp:term":[{"taxonomy":"category","embeddable":true,"href":"https:\/\/www.enerlandgroup.com\/es\/wp-json\/wp\/v2\/categories?post=5951"},{"taxonomy":"post_tag","embeddable":true,"href":"https:\/\/www.enerlandgroup.com\/es\/wp-json\/wp\/v2\/tags?post=5951"}],"curies":[{"name":"wp","href":"https:\/\/api.w.org\/{rel}","templated":true}]}}