{"id":5879,"date":"2020-01-08T10:48:18","date_gmt":"2020-01-08T09:48:18","guid":{"rendered":"http:\/\/www.enerlandgroup.com\/?p=5879"},"modified":"2021-08-09T12:35:07","modified_gmt":"2021-08-09T10:35:07","slug":"nuevo-proyecto-fotovoltaico-en-tunez","status":"publish","type":"post","link":"https:\/\/www.enerlandgroup.com\/es\/nuevo-proyecto-fotovoltaico-en-tunez\/","title":{"rendered":"Nuevo proyecto fotovoltaico en T\u00fanez"},"content":{"rendered":"<div>\n<h2>En el d\u00eda de hoy, anunciamos nuestro nuevo proyecto fotovoltaico en T\u00fanez: el parque solar de Sidi Bouzid. Nuestra propuesta result\u00f3 la ganadora en la segunda ronda de la licitaci\u00f3n publicada por el Ministerio de la Energ\u00eda de T\u00fanez.<\/h2>\n<p>&nbsp;<\/p>\n<p>El nuevo proyecto fotovoltaico ubicado en T\u00fanez tendr\u00e1 una extensi\u00f3n de 20 hect\u00e1reas de terreno sobre las que se instalar\u00e1n m\u00e1s de 22.600 m\u00f3dulos fotovoltaicos y se prev\u00e9 que llegar\u00e1 a generar una potencia de 10MWp.<\/p>\n<p>Siguiendo nuestro plan de expansi\u00f3n internacional, Sidi Bouzid, se convertir\u00e1 en nuestra primera ejecuci\u00f3n realizada en el continente africano. Con este, ya ser\u00e1n<a href=\"https:\/\/www.enerlandgroup.com\/proyectos\/\"> 4 los continentes en los que estamos presentes<\/a>.<\/p>\n<p>La regi\u00f3n del norte de \u00c1frica se encuentra en plena expansi\u00f3n. El crecimiento del sector industrial y de la construcci\u00f3n junto con el aumento demogr\u00e1fico, ha provocado un considerable despunte positivo de la demanda energ\u00e9tica.<\/p>\n<p>T\u00fanez es uno de los pa\u00edses norteafricanos m\u00e1s concienciado con la transici\u00f3n energ\u00e9tica y la producci\u00f3n de la misma. Con la premisa del pa\u00eds de realizar esfuerzos para invertir en sus recursos solares, nos enorgullece formar parte del <a tabindex=\"-1\" title=\"https:\/\/www.trace-software.com\/es\/el-prometedor-futuro-de-la-energia-solar-en-el-norte-de-africa\/\" href=\"https:\/\/www.trace-software.com\/es\/el-prometedor-futuro-de-la-energia-solar-en-el-norte-de-africa\/\" target=\"_blank\" rel=\"noreferrer noopener\">objetivo de alcanzar<b> 4.7 GW de capacidad<\/b> de energ\u00eda limpia antes del 2030<\/a>.<\/p>\n<p>Ubicado en la zona geogr\u00e1fica de Sidi Bouzid, este proyecto se encuentra en un lugar estrat\u00e9gico para la producci\u00f3n de energ\u00eda solar fotovoltaica. Por una parte, se encuentra en una zona receptora de altos niveles de radiaci\u00f3n solar. Mientras que, por otra, dispone de gran espacio para realizar las instalaciones sin perjudicar el entorno.<\/p>\n<p><img loading=\"lazy\" decoding=\"async\" class=\" wp-image-5971 aligncenter\" src=\"https:\/\/www.enerlandgroup.com\/wp-content\/uploads\/2020\/01\/vector_boldg_407_52-min-scaled.jpg\" alt=\"Nuevo proyecto fotovoltaico en T\u00fanez\" width=\"396\" height=\"264\" srcset=\"https:\/\/www.enerlandgroup.com\/wp-content\/uploads\/2020\/01\/vector_boldg_407_52-min-1280x854.jpg 1280w, https:\/\/www.enerlandgroup.com\/wp-content\/uploads\/2020\/01\/vector_boldg_407_52-min-980x653.jpg 980w, https:\/\/www.enerlandgroup.com\/wp-content\/uploads\/2020\/01\/vector_boldg_407_52-min-480x320.jpg 480w\" sizes=\"auto, (min-width: 0px) and (max-width: 480px) 480px, (min-width: 481px) and (max-width: 980px) 980px, (min-width: 981px) and (max-width: 1280px) 1280px, 100vw\" \/><\/p>\n<p>Un proyecto ambicioso, pero del que estamos muy orgullosos de formar parte. Cada vez son m\u00e1s los pa\u00edses que toman la iniciativa, cambiando su modelo energ\u00e9tico a uno mucho m\u00e1s verde.<\/p>\n<p>Con una inversi\u00f3n de m\u00e1s de 10,7 mil millones de d\u00f3lares y objetivos bien marcados, nos complace compartir estas noticias que traen tantos cambios. \u00a1Esperamos ver c\u00f3mo avanza el proyecto!<\/p>\n<\/div>\n","protected":false},"excerpt":{"rendered":"<p>En el d\u00eda de hoy, anunciamos nuestro nuevo proyecto fotovoltaico en T\u00fanez: el parque<\/p>\n","protected":false},"author":10,"featured_media":6105,"comment_status":"open","ping_status":"open","sticky":false,"template":"","format":"standard","meta":{"_et_pb_use_builder":"","_et_pb_old_content":"","_et_gb_content_width":"","footnotes":""},"categories":[22],"tags":[82,67],"class_list":["post-5879","post","type-post","status-publish","format-standard","has-post-thumbnail","hentry","category-proyectos-realizados","tag-proyectos","tag-tunez"],"yoast_head":"<!-- This site is optimized with the Yoast SEO plugin v27.4 - https:\/\/yoast.com\/product\/yoast-seo-wordpress\/ -->\n<title>Nuevo proyecto fotovoltaico en T\u00fanez - Enerland Energ\u00eda Renovable<\/title>\n<meta name=\"description\" content=\"El nuevo proyecto fotovoltaico, Sidi\u00a0Bouzid, en T\u00fanez generar\u00e1 una potencia de 10MWp y contar\u00e1 con una instalaci\u00f3n de 22.680 m\u00f3dulos fotovoltaicos.\" \/>\n<meta name=\"robots\" content=\"index, follow, max-snippet:-1, max-image-preview:large, max-video-preview:-1\" \/>\n<link rel=\"canonical\" href=\"https:\/\/www.enerlandgroup.com\/es\/nuevo-proyecto-fotovoltaico-en-tunez\/\" \/>\n<meta property=\"og:locale\" content=\"es_ES\" \/>\n<meta property=\"og:type\" content=\"article\" \/>\n<meta property=\"og:title\" content=\"Nuevo proyecto fotovoltaico en T\u00fanez - Enerland Energ\u00eda Renovable\" \/>\n<meta property=\"og:description\" content=\"El nuevo proyecto fotovoltaico, Sidi\u00a0Bouzid, en T\u00fanez generar\u00e1 una potencia de 10MWp y contar\u00e1 con una instalaci\u00f3n de 22.680 m\u00f3dulos fotovoltaicos.\" \/>\n<meta property=\"og:url\" content=\"https:\/\/www.enerlandgroup.com\/es\/nuevo-proyecto-fotovoltaico-en-tunez\/\" \/>\n<meta property=\"og:site_name\" content=\"Enerland Energ\u00eda Renovable\" \/>\n<meta property=\"article:published_time\" content=\"2020-01-08T09:48:18+00:00\" \/>\n<meta property=\"article:modified_time\" content=\"2021-08-09T10:35:07+00:00\" \/>\n<meta property=\"og:image\" content=\"https:\/\/www.enerlandgroup.com\/wp-content\/uploads\/2020\/01\/Proyecto-Tunez-scaled.jpg\" \/>\n\t<meta property=\"og:image:width\" content=\"2560\" \/>\n\t<meta property=\"og:image:height\" content=\"958\" \/>\n\t<meta property=\"og:image:type\" content=\"image\/jpeg\" \/>\n<meta name=\"author\" content=\"Ismael\" \/>\n<meta name=\"twitter:card\" content=\"summary_large_image\" \/>\n<script type=\"application\/ld+json\" class=\"yoast-schema-graph\">{\"@context\":\"https:\\\/\\\/schema.org\",\"@graph\":[{\"@type\":\"Article\",\"@id\":\"https:\\\/\\\/www.enerlandgroup.com\\\/es\\\/nuevo-proyecto-fotovoltaico-en-tunez\\\/#article\",\"isPartOf\":{\"@id\":\"https:\\\/\\\/www.enerlandgroup.com\\\/es\\\/nuevo-proyecto-fotovoltaico-en-tunez\\\/\"},\"author\":{\"name\":\"Ismael\",\"@id\":\"https:\\\/\\\/www.enerlandgroup.com\\\/es\\\/#\\\/schema\\\/person\\\/20441025d4f2af3c77a3d2a4b69f35bf\"},\"headline\":\"Nuevo proyecto fotovoltaico en T\u00fanez\",\"datePublished\":\"2020-01-08T09:48:18+00:00\",\"dateModified\":\"2021-08-09T10:35:07+00:00\",\"mainEntityOfPage\":{\"@id\":\"https:\\\/\\\/www.enerlandgroup.com\\\/es\\\/nuevo-proyecto-fotovoltaico-en-tunez\\\/\"},\"wordCount\":348,\"commentCount\":0,\"publisher\":{\"@id\":\"https:\\\/\\\/www.enerlandgroup.com\\\/es\\\/#organization\"},\"image\":{\"@id\":\"https:\\\/\\\/www.enerlandgroup.com\\\/es\\\/nuevo-proyecto-fotovoltaico-en-tunez\\\/#primaryimage\"},\"thumbnailUrl\":\"https:\\\/\\\/www.enerlandgroup.com\\\/wp-content\\\/uploads\\\/2020\\\/01\\\/Proyecto-Tunez-scaled.jpg\",\"keywords\":[\"proyectos\",\"T\u00fanez\"],\"articleSection\":[\"Proyectos Realizados\"],\"inLanguage\":\"es\",\"potentialAction\":[{\"@type\":\"CommentAction\",\"name\":\"Comment\",\"target\":[\"https:\\\/\\\/www.enerlandgroup.com\\\/es\\\/nuevo-proyecto-fotovoltaico-en-tunez\\\/#respond\"]}]},{\"@type\":[\"WebPage\",\"ItemPage\"],\"@id\":\"https:\\\/\\\/www.enerlandgroup.com\\\/es\\\/nuevo-proyecto-fotovoltaico-en-tunez\\\/\",\"url\":\"https:\\\/\\\/www.enerlandgroup.com\\\/es\\\/nuevo-proyecto-fotovoltaico-en-tunez\\\/\",\"name\":\"Nuevo proyecto fotovoltaico en T\u00fanez - Enerland Energ\u00eda Renovable\",\"isPartOf\":{\"@id\":\"https:\\\/\\\/www.enerlandgroup.com\\\/es\\\/#website\"},\"primaryImageOfPage\":{\"@id\":\"https:\\\/\\\/www.enerlandgroup.com\\\/es\\\/nuevo-proyecto-fotovoltaico-en-tunez\\\/#primaryimage\"},\"image\":{\"@id\":\"https:\\\/\\\/www.enerlandgroup.com\\\/es\\\/nuevo-proyecto-fotovoltaico-en-tunez\\\/#primaryimage\"},\"thumbnailUrl\":\"https:\\\/\\\/www.enerlandgroup.com\\\/wp-content\\\/uploads\\\/2020\\\/01\\\/Proyecto-Tunez-scaled.jpg\",\"datePublished\":\"2020-01-08T09:48:18+00:00\",\"dateModified\":\"2021-08-09T10:35:07+00:00\",\"description\":\"El nuevo proyecto fotovoltaico, Sidi\u00a0Bouzid, en T\u00fanez generar\u00e1 una potencia de 10MWp y contar\u00e1 con una instalaci\u00f3n de 22.680 m\u00f3dulos fotovoltaicos.\",\"breadcrumb\":{\"@id\":\"https:\\\/\\\/www.enerlandgroup.com\\\/es\\\/nuevo-proyecto-fotovoltaico-en-tunez\\\/#breadcrumb\"},\"inLanguage\":\"es\",\"potentialAction\":[{\"@type\":\"ReadAction\",\"target\":[\"https:\\\/\\\/www.enerlandgroup.com\\\/es\\\/nuevo-proyecto-fotovoltaico-en-tunez\\\/\"]}]},{\"@type\":\"ImageObject\",\"inLanguage\":\"es\",\"@id\":\"https:\\\/\\\/www.enerlandgroup.com\\\/es\\\/nuevo-proyecto-fotovoltaico-en-tunez\\\/#primaryimage\",\"url\":\"https:\\\/\\\/www.enerlandgroup.com\\\/wp-content\\\/uploads\\\/2020\\\/01\\\/Proyecto-Tunez-scaled.jpg\",\"contentUrl\":\"https:\\\/\\\/www.enerlandgroup.com\\\/wp-content\\\/uploads\\\/2020\\\/01\\\/Proyecto-Tunez-scaled.jpg\",\"width\":2560,\"height\":958},{\"@type\":\"BreadcrumbList\",\"@id\":\"https:\\\/\\\/www.enerlandgroup.com\\\/es\\\/nuevo-proyecto-fotovoltaico-en-tunez\\\/#breadcrumb\",\"itemListElement\":[{\"@type\":\"ListItem\",\"position\":1,\"name\":\"Inicio\",\"item\":\"https:\\\/\\\/www.enerlandgroup.com\\\/es\\\/\"},{\"@type\":\"ListItem\",\"position\":2,\"name\":\"Nuevo proyecto fotovoltaico en T\u00fanez\"}]},{\"@type\":\"WebSite\",\"@id\":\"https:\\\/\\\/www.enerlandgroup.com\\\/es\\\/#website\",\"url\":\"https:\\\/\\\/www.enerlandgroup.com\\\/es\\\/\",\"name\":\"Enerland Energ\u00eda Renovable\",\"description\":\"\",\"publisher\":{\"@id\":\"https:\\\/\\\/www.enerlandgroup.com\\\/es\\\/#organization\"},\"potentialAction\":[{\"@type\":\"SearchAction\",\"target\":{\"@type\":\"EntryPoint\",\"urlTemplate\":\"https:\\\/\\\/www.enerlandgroup.com\\\/es\\\/?s={search_term_string}\"},\"query-input\":{\"@type\":\"PropertyValueSpecification\",\"valueRequired\":true,\"valueName\":\"search_term_string\"}}],\"inLanguage\":\"es\"},{\"@type\":\"Organization\",\"@id\":\"https:\\\/\\\/www.enerlandgroup.com\\\/es\\\/#organization\",\"name\":\"Enerland Group\",\"url\":\"https:\\\/\\\/www.enerlandgroup.com\\\/es\\\/\",\"logo\":{\"@type\":\"ImageObject\",\"inLanguage\":\"es\",\"@id\":\"https:\\\/\\\/www.enerlandgroup.com\\\/es\\\/#\\\/schema\\\/logo\\\/image\\\/\",\"url\":\"https:\\\/\\\/www.enerlandgroup.com\\\/wp-content\\\/uploads\\\/2021\\\/05\\\/Logo_Enerland.png\",\"contentUrl\":\"https:\\\/\\\/www.enerlandgroup.com\\\/wp-content\\\/uploads\\\/2021\\\/05\\\/Logo_Enerland.png\",\"width\":184,\"height\":43,\"caption\":\"Enerland Group\"},\"image\":{\"@id\":\"https:\\\/\\\/www.enerlandgroup.com\\\/es\\\/#\\\/schema\\\/logo\\\/image\\\/\"},\"sameAs\":[\"https:\\\/\\\/www.linkedin.com\\\/company\\\/enerland-group\\\/\",\"https:\\\/\\\/www.youtube.com\\\/channel\\\/UCjdInbThgaPa2_D34vRChmA\"]},{\"@type\":\"Person\",\"@id\":\"https:\\\/\\\/www.enerlandgroup.com\\\/es\\\/#\\\/schema\\\/person\\\/20441025d4f2af3c77a3d2a4b69f35bf\",\"name\":\"Ismael\",\"image\":{\"@type\":\"ImageObject\",\"inLanguage\":\"es\",\"@id\":\"https:\\\/\\\/secure.gravatar.com\\\/avatar\\\/a3de8138268bab3c88b5aad189d1925778223716817315540684a3f504a7a223?s=96&d=mm&r=g\",\"url\":\"https:\\\/\\\/secure.gravatar.com\\\/avatar\\\/a3de8138268bab3c88b5aad189d1925778223716817315540684a3f504a7a223?s=96&d=mm&r=g\",\"contentUrl\":\"https:\\\/\\\/secure.gravatar.com\\\/avatar\\\/a3de8138268bab3c88b5aad189d1925778223716817315540684a3f504a7a223?s=96&d=mm&r=g\",\"caption\":\"Ismael\"},\"url\":\"https:\\\/\\\/www.enerlandgroup.com\\\/es\\\/author\\\/it\\\/\"}]}<\/script>\n<!-- \/ Yoast SEO plugin. -->","yoast_head_json":{"title":"Nuevo proyecto fotovoltaico en T\u00fanez - Enerland Energ\u00eda Renovable","description":"El nuevo proyecto fotovoltaico, Sidi\u00a0Bouzid, en T\u00fanez generar\u00e1 una potencia de 10MWp y contar\u00e1 con una instalaci\u00f3n de 22.680 m\u00f3dulos fotovoltaicos.","robots":{"index":"index","follow":"follow","max-snippet":"max-snippet:-1","max-image-preview":"max-image-preview:large","max-video-preview":"max-video-preview:-1"},"canonical":"https:\/\/www.enerlandgroup.com\/es\/nuevo-proyecto-fotovoltaico-en-tunez\/","og_locale":"es_ES","og_type":"article","og_title":"Nuevo proyecto fotovoltaico en T\u00fanez - Enerland Energ\u00eda Renovable","og_description":"El nuevo proyecto fotovoltaico, Sidi\u00a0Bouzid, en T\u00fanez generar\u00e1 una potencia de 10MWp y contar\u00e1 con una instalaci\u00f3n de 22.680 m\u00f3dulos fotovoltaicos.","og_url":"https:\/\/www.enerlandgroup.com\/es\/nuevo-proyecto-fotovoltaico-en-tunez\/","og_site_name":"Enerland Energ\u00eda Renovable","article_published_time":"2020-01-08T09:48:18+00:00","article_modified_time":"2021-08-09T10:35:07+00:00","og_image":[{"width":2560,"height":958,"url":"https:\/\/www.enerlandgroup.com\/wp-content\/uploads\/2020\/01\/Proyecto-Tunez-scaled.jpg","type":"image\/jpeg"}],"author":"Ismael","twitter_card":"summary_large_image","schema":{"@context":"https:\/\/schema.org","@graph":[{"@type":"Article","@id":"https:\/\/www.enerlandgroup.com\/es\/nuevo-proyecto-fotovoltaico-en-tunez\/#article","isPartOf":{"@id":"https:\/\/www.enerlandgroup.com\/es\/nuevo-proyecto-fotovoltaico-en-tunez\/"},"author":{"name":"Ismael","@id":"https:\/\/www.enerlandgroup.com\/es\/#\/schema\/person\/20441025d4f2af3c77a3d2a4b69f35bf"},"headline":"Nuevo proyecto fotovoltaico en T\u00fanez","datePublished":"2020-01-08T09:48:18+00:00","dateModified":"2021-08-09T10:35:07+00:00","mainEntityOfPage":{"@id":"https:\/\/www.enerlandgroup.com\/es\/nuevo-proyecto-fotovoltaico-en-tunez\/"},"wordCount":348,"commentCount":0,"publisher":{"@id":"https:\/\/www.enerlandgroup.com\/es\/#organization"},"image":{"@id":"https:\/\/www.enerlandgroup.com\/es\/nuevo-proyecto-fotovoltaico-en-tunez\/#primaryimage"},"thumbnailUrl":"https:\/\/www.enerlandgroup.com\/wp-content\/uploads\/2020\/01\/Proyecto-Tunez-scaled.jpg","keywords":["proyectos","T\u00fanez"],"articleSection":["Proyectos Realizados"],"inLanguage":"es","potentialAction":[{"@type":"CommentAction","name":"Comment","target":["https:\/\/www.enerlandgroup.com\/es\/nuevo-proyecto-fotovoltaico-en-tunez\/#respond"]}]},{"@type":["WebPage","ItemPage"],"@id":"https:\/\/www.enerlandgroup.com\/es\/nuevo-proyecto-fotovoltaico-en-tunez\/","url":"https:\/\/www.enerlandgroup.com\/es\/nuevo-proyecto-fotovoltaico-en-tunez\/","name":"Nuevo proyecto fotovoltaico en T\u00fanez - Enerland Energ\u00eda Renovable","isPartOf":{"@id":"https:\/\/www.enerlandgroup.com\/es\/#website"},"primaryImageOfPage":{"@id":"https:\/\/www.enerlandgroup.com\/es\/nuevo-proyecto-fotovoltaico-en-tunez\/#primaryimage"},"image":{"@id":"https:\/\/www.enerlandgroup.com\/es\/nuevo-proyecto-fotovoltaico-en-tunez\/#primaryimage"},"thumbnailUrl":"https:\/\/www.enerlandgroup.com\/wp-content\/uploads\/2020\/01\/Proyecto-Tunez-scaled.jpg","datePublished":"2020-01-08T09:48:18+00:00","dateModified":"2021-08-09T10:35:07+00:00","description":"El nuevo proyecto fotovoltaico, Sidi\u00a0Bouzid, en T\u00fanez generar\u00e1 una potencia de 10MWp y contar\u00e1 con una instalaci\u00f3n de 22.680 m\u00f3dulos fotovoltaicos.","breadcrumb":{"@id":"https:\/\/www.enerlandgroup.com\/es\/nuevo-proyecto-fotovoltaico-en-tunez\/#breadcrumb"},"inLanguage":"es","potentialAction":[{"@type":"ReadAction","target":["https:\/\/www.enerlandgroup.com\/es\/nuevo-proyecto-fotovoltaico-en-tunez\/"]}]},{"@type":"ImageObject","inLanguage":"es","@id":"https:\/\/www.enerlandgroup.com\/es\/nuevo-proyecto-fotovoltaico-en-tunez\/#primaryimage","url":"https:\/\/www.enerlandgroup.com\/wp-content\/uploads\/2020\/01\/Proyecto-Tunez-scaled.jpg","contentUrl":"https:\/\/www.enerlandgroup.com\/wp-content\/uploads\/2020\/01\/Proyecto-Tunez-scaled.jpg","width":2560,"height":958},{"@type":"BreadcrumbList","@id":"https:\/\/www.enerlandgroup.com\/es\/nuevo-proyecto-fotovoltaico-en-tunez\/#breadcrumb","itemListElement":[{"@type":"ListItem","position":1,"name":"Inicio","item":"https:\/\/www.enerlandgroup.com\/es\/"},{"@type":"ListItem","position":2,"name":"Nuevo proyecto fotovoltaico en T\u00fanez"}]},{"@type":"WebSite","@id":"https:\/\/www.enerlandgroup.com\/es\/#website","url":"https:\/\/www.enerlandgroup.com\/es\/","name":"Enerland Energ\u00eda Renovable","description":"","publisher":{"@id":"https:\/\/www.enerlandgroup.com\/es\/#organization"},"potentialAction":[{"@type":"SearchAction","target":{"@type":"EntryPoint","urlTemplate":"https:\/\/www.enerlandgroup.com\/es\/?s={search_term_string}"},"query-input":{"@type":"PropertyValueSpecification","valueRequired":true,"valueName":"search_term_string"}}],"inLanguage":"es"},{"@type":"Organization","@id":"https:\/\/www.enerlandgroup.com\/es\/#organization","name":"Enerland Group","url":"https:\/\/www.enerlandgroup.com\/es\/","logo":{"@type":"ImageObject","inLanguage":"es","@id":"https:\/\/www.enerlandgroup.com\/es\/#\/schema\/logo\/image\/","url":"https:\/\/www.enerlandgroup.com\/wp-content\/uploads\/2021\/05\/Logo_Enerland.png","contentUrl":"https:\/\/www.enerlandgroup.com\/wp-content\/uploads\/2021\/05\/Logo_Enerland.png","width":184,"height":43,"caption":"Enerland Group"},"image":{"@id":"https:\/\/www.enerlandgroup.com\/es\/#\/schema\/logo\/image\/"},"sameAs":["https:\/\/www.linkedin.com\/company\/enerland-group\/","https:\/\/www.youtube.com\/channel\/UCjdInbThgaPa2_D34vRChmA"]},{"@type":"Person","@id":"https:\/\/www.enerlandgroup.com\/es\/#\/schema\/person\/20441025d4f2af3c77a3d2a4b69f35bf","name":"Ismael","image":{"@type":"ImageObject","inLanguage":"es","@id":"https:\/\/secure.gravatar.com\/avatar\/a3de8138268bab3c88b5aad189d1925778223716817315540684a3f504a7a223?s=96&d=mm&r=g","url":"https:\/\/secure.gravatar.com\/avatar\/a3de8138268bab3c88b5aad189d1925778223716817315540684a3f504a7a223?s=96&d=mm&r=g","contentUrl":"https:\/\/secure.gravatar.com\/avatar\/a3de8138268bab3c88b5aad189d1925778223716817315540684a3f504a7a223?s=96&d=mm&r=g","caption":"Ismael"},"url":"https:\/\/www.enerlandgroup.com\/es\/author\/it\/"}]}},"jetpack_featured_media_url":"https:\/\/www.enerlandgroup.com\/wp-content\/uploads\/2020\/01\/Proyecto-Tunez-scaled.jpg","_links":{"self":[{"href":"https:\/\/www.enerlandgroup.com\/es\/wp-json\/wp\/v2\/posts\/5879","targetHints":{"allow":["GET"]}}],"collection":[{"href":"https:\/\/www.enerlandgroup.com\/es\/wp-json\/wp\/v2\/posts"}],"about":[{"href":"https:\/\/www.enerlandgroup.com\/es\/wp-json\/wp\/v2\/types\/post"}],"author":[{"embeddable":true,"href":"https:\/\/www.enerlandgroup.com\/es\/wp-json\/wp\/v2\/users\/10"}],"replies":[{"embeddable":true,"href":"https:\/\/www.enerlandgroup.com\/es\/wp-json\/wp\/v2\/comments?post=5879"}],"version-history":[{"count":6,"href":"https:\/\/www.enerlandgroup.com\/es\/wp-json\/wp\/v2\/posts\/5879\/revisions"}],"predecessor-version":[{"id":6016,"href":"https:\/\/www.enerlandgroup.com\/es\/wp-json\/wp\/v2\/posts\/5879\/revisions\/6016"}],"wp:featuredmedia":[{"embeddable":true,"href":"https:\/\/www.enerlandgroup.com\/es\/wp-json\/wp\/v2\/media\/6105"}],"wp:attachment":[{"href":"https:\/\/www.enerlandgroup.com\/es\/wp-json\/wp\/v2\/media?parent=5879"}],"wp:term":[{"taxonomy":"category","embeddable":true,"href":"https:\/\/www.enerlandgroup.com\/es\/wp-json\/wp\/v2\/categories?post=5879"},{"taxonomy":"post_tag","embeddable":true,"href":"https:\/\/www.enerlandgroup.com\/es\/wp-json\/wp\/v2\/tags?post=5879"}],"curies":[{"name":"wp","href":"https:\/\/api.w.org\/{rel}","templated":true}]}}