{"id":5865,"date":"2020-01-24T17:45:27","date_gmt":"2020-01-24T16:45:27","guid":{"rendered":"http:\/\/www.enerlandgroup.com\/?p=5865"},"modified":"2021-08-06T08:50:06","modified_gmt":"2021-08-06T06:50:06","slug":"nueva-expansion-en-argentina","status":"publish","type":"post","link":"https:\/\/www.enerlandgroup.com\/es\/nueva-expansion-en-argentina\/","title":{"rendered":"Nueva expansi\u00f3n en Argentina"},"content":{"rendered":"<h2>Continuamos creciendo. Anunciamos nuestra nueva expansi\u00f3n en Argentina gracias a la adjudicaci\u00f3n del proyecto San Mart\u00edn.<\/h2>\n<p>&nbsp;<\/p>\n<p>Hace m\u00e1s de una d\u00e9cada, comenzamos con ilusi\u00f3n nuestro camino por Am\u00e9rica. El potencial solar del continente, nos ha llevado a trabajar en M\u00e9xico, El Salvador, Costa Rica y Colombia. Hoy, a trav\u00e9s del Programa Renovar Mini\/Ronda 3, hemos recibido la adjudicaci\u00f3n de un nuevo proyecto solar. De esta forma, \u00a1nos hace especial ilusi\u00f3n anunciar nuestra nueva expansi\u00f3n en Argentina!<\/p>\n<p>El Proyecto San Mart\u00edn, ubicado en la provincia de Mendoza, Argentina, se convertir\u00e1 en nuestra primera ejecuci\u00f3n solar de Sur de Am\u00e9rica. Junto con \u00e9l, ser\u00e1n 15 nuestros parques solares en el continente. San Mart\u00edn, generar\u00e1 una potencia de 13,6 MWp y se espera que su puesta en marcha comience a finales del 2022.<\/p>\n<p>&nbsp;<\/p>\n<h3>Argentina apuesta por las renovables<\/h3>\n<p>Desde hace tiempo, Argentina est\u00e1 concienciada con la necesidad de un nuevo modelo energ\u00e9tico. Su objetivo: que las\u00a0<a href=\"https:\/\/www.pwc.com.ar\/es\/publicaciones\/assets\/energias-renovables-en-Argentina.pdf\">energ\u00edas renovables representen<\/a><a href=\"https:\/\/www.pwc.com.ar\/es\/publicaciones\/assets\/energias-renovables-en-Argentina.pdf\"> el 20% de la energ\u00eda el\u00e9ctrica para el 2025<\/a>. Para alcanzar su meta, el Gobierno Argentino se comprometi\u00f3 y aprob\u00f3 leyes especificas enfocadas a agilizar los procesos. Sin embargo, la propia orograf\u00eda del territorio ha dificultado el desarrollo de estas energ\u00edas en los \u00faltimos a\u00f1os.<\/p>\n<p>En la actualidad, se espera que, durante 2020 y 2021, las cifras de generaci\u00f3n de energ\u00eda el\u00e9ctrica a trav\u00e9s de fuentes renovables como es el sol, aumenten notablemente.<\/p>\n<p>Adem\u00e1s, atendiendo a las previsiones para el 2030, Argentina pretende triplicar su capacidad de renovables. Con un crecimiento tan estable y continuo, se espera que se llegue a <a href=\"https:\/\/www.energiaestrategica.com\/argentina-inicio-el-ano-2020-cubriendo-el-8-de-la-energia-electrica-demandada-con-energias-renovables\/\">alcanzar el 16% del total del consumo propio de energ\u00eda el\u00e9ctrica<\/a>. Cifra que se ha marcado para conseguir antes del 31 de diciembre de 2021.<\/p>\n<p>Junto con <a href=\"https:\/\/www.enerlandgroup.com\/proyectos\/\">el resto de nuestros proyectos en Am\u00e9rica<\/a>, ya est\u00e9n acabados o est\u00e9n en desarrollo, la nueva expansi\u00f3n en Argentina contribuir\u00e1 al cumplimiento de los <a href=\"https:\/\/www.un.org\/sustainabledevelopment\/es\/objetivos-de-desarrollo-sostenible\/\">ODS establecidos por la ONU<\/a>. Estas iniciativas no solo favorecer\u00e1n la econom\u00eda de sus ciudadanos, sino tambi\u00e9n el medioambiente.<\/p>\n<p>\u00a1Estamos deseando ver nuestro primer proyecto en Argentina!<\/p>\n","protected":false},"excerpt":{"rendered":"<p>Continuamos creciendo. Anunciamos nuestra nueva expansi\u00f3n en Argentina gracias a la adjudicaci\u00f3n del proyecto<\/p>\n","protected":false},"author":10,"featured_media":6001,"comment_status":"open","ping_status":"open","sticky":false,"template":"","format":"standard","meta":{"_et_pb_use_builder":"","_et_pb_old_content":"","_et_gb_content_width":"","footnotes":""},"categories":[23],"tags":[65,82],"class_list":["post-5865","post","type-post","status-publish","format-standard","has-post-thumbnail","hentry","category-corporativo","tag-argentina","tag-proyectos"],"yoast_head":"<!-- This site is optimized with the Yoast SEO plugin v27.4 - https:\/\/yoast.com\/product\/yoast-seo-wordpress\/ -->\n<title>Nueva expansi\u00f3n en Argentina - Enerland Energ\u00eda Renovable<\/title>\n<meta name=\"description\" content=\"Enerland continua su nueva expansi\u00f3n en Argentina con la adjudicaci\u00f3n del proyecto fotovoltaico San Mart\u00edn que albergar\u00e1 una potencia pico de 13.6 MWp.\" \/>\n<meta name=\"robots\" content=\"index, follow, max-snippet:-1, max-image-preview:large, max-video-preview:-1\" \/>\n<link rel=\"canonical\" href=\"https:\/\/www.enerlandgroup.com\/es\/nueva-expansion-en-argentina\/\" \/>\n<meta property=\"og:locale\" content=\"es_ES\" \/>\n<meta property=\"og:type\" content=\"article\" \/>\n<meta property=\"og:title\" content=\"Nueva expansi\u00f3n en Argentina - Enerland Energ\u00eda Renovable\" \/>\n<meta property=\"og:description\" content=\"Enerland continua su nueva expansi\u00f3n en Argentina con la adjudicaci\u00f3n del proyecto fotovoltaico San Mart\u00edn que albergar\u00e1 una potencia pico de 13.6 MWp.\" \/>\n<meta property=\"og:url\" content=\"https:\/\/www.enerlandgroup.com\/es\/nueva-expansion-en-argentina\/\" \/>\n<meta property=\"og:site_name\" content=\"Enerland Energ\u00eda Renovable\" \/>\n<meta property=\"article:published_time\" content=\"2020-01-24T16:45:27+00:00\" \/>\n<meta property=\"article:modified_time\" content=\"2021-08-06T06:50:06+00:00\" \/>\n<meta property=\"og:image\" content=\"https:\/\/www.enerlandgroup.com\/wp-content\/uploads\/2020\/01\/Imagen_noticia_Nuevo_proyecto_mexico_Mesa-de-trabajo-1-01-scaled.jpg\" \/>\n\t<meta property=\"og:image:width\" content=\"2560\" \/>\n\t<meta property=\"og:image:height\" content=\"958\" \/>\n\t<meta property=\"og:image:type\" content=\"image\/jpeg\" \/>\n<meta name=\"author\" content=\"Ismael\" \/>\n<meta name=\"twitter:card\" content=\"summary_large_image\" \/>\n<script type=\"application\/ld+json\" class=\"yoast-schema-graph\">{\"@context\":\"https:\\\/\\\/schema.org\",\"@graph\":[{\"@type\":\"Article\",\"@id\":\"https:\\\/\\\/www.enerlandgroup.com\\\/es\\\/nueva-expansion-en-argentina\\\/#article\",\"isPartOf\":{\"@id\":\"https:\\\/\\\/www.enerlandgroup.com\\\/es\\\/nueva-expansion-en-argentina\\\/\"},\"author\":{\"name\":\"Ismael\",\"@id\":\"https:\\\/\\\/www.enerlandgroup.com\\\/es\\\/#\\\/schema\\\/person\\\/20441025d4f2af3c77a3d2a4b69f35bf\"},\"headline\":\"Nueva expansi\u00f3n en Argentina\",\"datePublished\":\"2020-01-24T16:45:27+00:00\",\"dateModified\":\"2021-08-06T06:50:06+00:00\",\"mainEntityOfPage\":{\"@id\":\"https:\\\/\\\/www.enerlandgroup.com\\\/es\\\/nueva-expansion-en-argentina\\\/\"},\"wordCount\":369,\"commentCount\":0,\"publisher\":{\"@id\":\"https:\\\/\\\/www.enerlandgroup.com\\\/es\\\/#organization\"},\"image\":{\"@id\":\"https:\\\/\\\/www.enerlandgroup.com\\\/es\\\/nueva-expansion-en-argentina\\\/#primaryimage\"},\"thumbnailUrl\":\"https:\\\/\\\/www.enerlandgroup.com\\\/wp-content\\\/uploads\\\/2020\\\/01\\\/Imagen_noticia_Nuevo_proyecto_mexico_Mesa-de-trabajo-1-01-scaled.jpg\",\"keywords\":[\"Argentina\",\"proyectos\"],\"articleSection\":[\"Corporativo\"],\"inLanguage\":\"es\",\"potentialAction\":[{\"@type\":\"CommentAction\",\"name\":\"Comment\",\"target\":[\"https:\\\/\\\/www.enerlandgroup.com\\\/es\\\/nueva-expansion-en-argentina\\\/#respond\"]}]},{\"@type\":[\"WebPage\",\"ItemPage\"],\"@id\":\"https:\\\/\\\/www.enerlandgroup.com\\\/es\\\/nueva-expansion-en-argentina\\\/\",\"url\":\"https:\\\/\\\/www.enerlandgroup.com\\\/es\\\/nueva-expansion-en-argentina\\\/\",\"name\":\"Nueva expansi\u00f3n en Argentina - Enerland Energ\u00eda Renovable\",\"isPartOf\":{\"@id\":\"https:\\\/\\\/www.enerlandgroup.com\\\/es\\\/#website\"},\"primaryImageOfPage\":{\"@id\":\"https:\\\/\\\/www.enerlandgroup.com\\\/es\\\/nueva-expansion-en-argentina\\\/#primaryimage\"},\"image\":{\"@id\":\"https:\\\/\\\/www.enerlandgroup.com\\\/es\\\/nueva-expansion-en-argentina\\\/#primaryimage\"},\"thumbnailUrl\":\"https:\\\/\\\/www.enerlandgroup.com\\\/wp-content\\\/uploads\\\/2020\\\/01\\\/Imagen_noticia_Nuevo_proyecto_mexico_Mesa-de-trabajo-1-01-scaled.jpg\",\"datePublished\":\"2020-01-24T16:45:27+00:00\",\"dateModified\":\"2021-08-06T06:50:06+00:00\",\"description\":\"Enerland continua su nueva expansi\u00f3n en Argentina con la adjudicaci\u00f3n del proyecto fotovoltaico San Mart\u00edn que albergar\u00e1 una potencia pico de 13.6 MWp.\",\"breadcrumb\":{\"@id\":\"https:\\\/\\\/www.enerlandgroup.com\\\/es\\\/nueva-expansion-en-argentina\\\/#breadcrumb\"},\"inLanguage\":\"es\",\"potentialAction\":[{\"@type\":\"ReadAction\",\"target\":[\"https:\\\/\\\/www.enerlandgroup.com\\\/es\\\/nueva-expansion-en-argentina\\\/\"]}]},{\"@type\":\"ImageObject\",\"inLanguage\":\"es\",\"@id\":\"https:\\\/\\\/www.enerlandgroup.com\\\/es\\\/nueva-expansion-en-argentina\\\/#primaryimage\",\"url\":\"https:\\\/\\\/www.enerlandgroup.com\\\/wp-content\\\/uploads\\\/2020\\\/01\\\/Imagen_noticia_Nuevo_proyecto_mexico_Mesa-de-trabajo-1-01-scaled.jpg\",\"contentUrl\":\"https:\\\/\\\/www.enerlandgroup.com\\\/wp-content\\\/uploads\\\/2020\\\/01\\\/Imagen_noticia_Nuevo_proyecto_mexico_Mesa-de-trabajo-1-01-scaled.jpg\",\"width\":2560,\"height\":958},{\"@type\":\"BreadcrumbList\",\"@id\":\"https:\\\/\\\/www.enerlandgroup.com\\\/es\\\/nueva-expansion-en-argentina\\\/#breadcrumb\",\"itemListElement\":[{\"@type\":\"ListItem\",\"position\":1,\"name\":\"Inicio\",\"item\":\"https:\\\/\\\/www.enerlandgroup.com\\\/es\\\/\"},{\"@type\":\"ListItem\",\"position\":2,\"name\":\"Nueva expansi\u00f3n en Argentina\"}]},{\"@type\":\"WebSite\",\"@id\":\"https:\\\/\\\/www.enerlandgroup.com\\\/es\\\/#website\",\"url\":\"https:\\\/\\\/www.enerlandgroup.com\\\/es\\\/\",\"name\":\"Enerland Energ\u00eda Renovable\",\"description\":\"\",\"publisher\":{\"@id\":\"https:\\\/\\\/www.enerlandgroup.com\\\/es\\\/#organization\"},\"potentialAction\":[{\"@type\":\"SearchAction\",\"target\":{\"@type\":\"EntryPoint\",\"urlTemplate\":\"https:\\\/\\\/www.enerlandgroup.com\\\/es\\\/?s={search_term_string}\"},\"query-input\":{\"@type\":\"PropertyValueSpecification\",\"valueRequired\":true,\"valueName\":\"search_term_string\"}}],\"inLanguage\":\"es\"},{\"@type\":\"Organization\",\"@id\":\"https:\\\/\\\/www.enerlandgroup.com\\\/es\\\/#organization\",\"name\":\"Enerland Group\",\"url\":\"https:\\\/\\\/www.enerlandgroup.com\\\/es\\\/\",\"logo\":{\"@type\":\"ImageObject\",\"inLanguage\":\"es\",\"@id\":\"https:\\\/\\\/www.enerlandgroup.com\\\/es\\\/#\\\/schema\\\/logo\\\/image\\\/\",\"url\":\"https:\\\/\\\/www.enerlandgroup.com\\\/wp-content\\\/uploads\\\/2021\\\/05\\\/Logo_Enerland.png\",\"contentUrl\":\"https:\\\/\\\/www.enerlandgroup.com\\\/wp-content\\\/uploads\\\/2021\\\/05\\\/Logo_Enerland.png\",\"width\":184,\"height\":43,\"caption\":\"Enerland Group\"},\"image\":{\"@id\":\"https:\\\/\\\/www.enerlandgroup.com\\\/es\\\/#\\\/schema\\\/logo\\\/image\\\/\"},\"sameAs\":[\"https:\\\/\\\/www.linkedin.com\\\/company\\\/enerland-group\\\/\",\"https:\\\/\\\/www.youtube.com\\\/channel\\\/UCjdInbThgaPa2_D34vRChmA\"]},{\"@type\":\"Person\",\"@id\":\"https:\\\/\\\/www.enerlandgroup.com\\\/es\\\/#\\\/schema\\\/person\\\/20441025d4f2af3c77a3d2a4b69f35bf\",\"name\":\"Ismael\",\"image\":{\"@type\":\"ImageObject\",\"inLanguage\":\"es\",\"@id\":\"https:\\\/\\\/secure.gravatar.com\\\/avatar\\\/a3de8138268bab3c88b5aad189d1925778223716817315540684a3f504a7a223?s=96&d=mm&r=g\",\"url\":\"https:\\\/\\\/secure.gravatar.com\\\/avatar\\\/a3de8138268bab3c88b5aad189d1925778223716817315540684a3f504a7a223?s=96&d=mm&r=g\",\"contentUrl\":\"https:\\\/\\\/secure.gravatar.com\\\/avatar\\\/a3de8138268bab3c88b5aad189d1925778223716817315540684a3f504a7a223?s=96&d=mm&r=g\",\"caption\":\"Ismael\"},\"url\":\"https:\\\/\\\/www.enerlandgroup.com\\\/es\\\/author\\\/it\\\/\"}]}<\/script>\n<!-- \/ Yoast SEO plugin. -->","yoast_head_json":{"title":"Nueva expansi\u00f3n en Argentina - Enerland Energ\u00eda Renovable","description":"Enerland continua su nueva expansi\u00f3n en Argentina con la adjudicaci\u00f3n del proyecto fotovoltaico San Mart\u00edn que albergar\u00e1 una potencia pico de 13.6 MWp.","robots":{"index":"index","follow":"follow","max-snippet":"max-snippet:-1","max-image-preview":"max-image-preview:large","max-video-preview":"max-video-preview:-1"},"canonical":"https:\/\/www.enerlandgroup.com\/es\/nueva-expansion-en-argentina\/","og_locale":"es_ES","og_type":"article","og_title":"Nueva expansi\u00f3n en Argentina - Enerland Energ\u00eda Renovable","og_description":"Enerland continua su nueva expansi\u00f3n en Argentina con la adjudicaci\u00f3n del proyecto fotovoltaico San Mart\u00edn que albergar\u00e1 una potencia pico de 13.6 MWp.","og_url":"https:\/\/www.enerlandgroup.com\/es\/nueva-expansion-en-argentina\/","og_site_name":"Enerland Energ\u00eda Renovable","article_published_time":"2020-01-24T16:45:27+00:00","article_modified_time":"2021-08-06T06:50:06+00:00","og_image":[{"width":2560,"height":958,"url":"https:\/\/www.enerlandgroup.com\/wp-content\/uploads\/2020\/01\/Imagen_noticia_Nuevo_proyecto_mexico_Mesa-de-trabajo-1-01-scaled.jpg","type":"image\/jpeg"}],"author":"Ismael","twitter_card":"summary_large_image","schema":{"@context":"https:\/\/schema.org","@graph":[{"@type":"Article","@id":"https:\/\/www.enerlandgroup.com\/es\/nueva-expansion-en-argentina\/#article","isPartOf":{"@id":"https:\/\/www.enerlandgroup.com\/es\/nueva-expansion-en-argentina\/"},"author":{"name":"Ismael","@id":"https:\/\/www.enerlandgroup.com\/es\/#\/schema\/person\/20441025d4f2af3c77a3d2a4b69f35bf"},"headline":"Nueva expansi\u00f3n en Argentina","datePublished":"2020-01-24T16:45:27+00:00","dateModified":"2021-08-06T06:50:06+00:00","mainEntityOfPage":{"@id":"https:\/\/www.enerlandgroup.com\/es\/nueva-expansion-en-argentina\/"},"wordCount":369,"commentCount":0,"publisher":{"@id":"https:\/\/www.enerlandgroup.com\/es\/#organization"},"image":{"@id":"https:\/\/www.enerlandgroup.com\/es\/nueva-expansion-en-argentina\/#primaryimage"},"thumbnailUrl":"https:\/\/www.enerlandgroup.com\/wp-content\/uploads\/2020\/01\/Imagen_noticia_Nuevo_proyecto_mexico_Mesa-de-trabajo-1-01-scaled.jpg","keywords":["Argentina","proyectos"],"articleSection":["Corporativo"],"inLanguage":"es","potentialAction":[{"@type":"CommentAction","name":"Comment","target":["https:\/\/www.enerlandgroup.com\/es\/nueva-expansion-en-argentina\/#respond"]}]},{"@type":["WebPage","ItemPage"],"@id":"https:\/\/www.enerlandgroup.com\/es\/nueva-expansion-en-argentina\/","url":"https:\/\/www.enerlandgroup.com\/es\/nueva-expansion-en-argentina\/","name":"Nueva expansi\u00f3n en Argentina - Enerland Energ\u00eda Renovable","isPartOf":{"@id":"https:\/\/www.enerlandgroup.com\/es\/#website"},"primaryImageOfPage":{"@id":"https:\/\/www.enerlandgroup.com\/es\/nueva-expansion-en-argentina\/#primaryimage"},"image":{"@id":"https:\/\/www.enerlandgroup.com\/es\/nueva-expansion-en-argentina\/#primaryimage"},"thumbnailUrl":"https:\/\/www.enerlandgroup.com\/wp-content\/uploads\/2020\/01\/Imagen_noticia_Nuevo_proyecto_mexico_Mesa-de-trabajo-1-01-scaled.jpg","datePublished":"2020-01-24T16:45:27+00:00","dateModified":"2021-08-06T06:50:06+00:00","description":"Enerland continua su nueva expansi\u00f3n en Argentina con la adjudicaci\u00f3n del proyecto fotovoltaico San Mart\u00edn que albergar\u00e1 una potencia pico de 13.6 MWp.","breadcrumb":{"@id":"https:\/\/www.enerlandgroup.com\/es\/nueva-expansion-en-argentina\/#breadcrumb"},"inLanguage":"es","potentialAction":[{"@type":"ReadAction","target":["https:\/\/www.enerlandgroup.com\/es\/nueva-expansion-en-argentina\/"]}]},{"@type":"ImageObject","inLanguage":"es","@id":"https:\/\/www.enerlandgroup.com\/es\/nueva-expansion-en-argentina\/#primaryimage","url":"https:\/\/www.enerlandgroup.com\/wp-content\/uploads\/2020\/01\/Imagen_noticia_Nuevo_proyecto_mexico_Mesa-de-trabajo-1-01-scaled.jpg","contentUrl":"https:\/\/www.enerlandgroup.com\/wp-content\/uploads\/2020\/01\/Imagen_noticia_Nuevo_proyecto_mexico_Mesa-de-trabajo-1-01-scaled.jpg","width":2560,"height":958},{"@type":"BreadcrumbList","@id":"https:\/\/www.enerlandgroup.com\/es\/nueva-expansion-en-argentina\/#breadcrumb","itemListElement":[{"@type":"ListItem","position":1,"name":"Inicio","item":"https:\/\/www.enerlandgroup.com\/es\/"},{"@type":"ListItem","position":2,"name":"Nueva expansi\u00f3n en Argentina"}]},{"@type":"WebSite","@id":"https:\/\/www.enerlandgroup.com\/es\/#website","url":"https:\/\/www.enerlandgroup.com\/es\/","name":"Enerland Energ\u00eda Renovable","description":"","publisher":{"@id":"https:\/\/www.enerlandgroup.com\/es\/#organization"},"potentialAction":[{"@type":"SearchAction","target":{"@type":"EntryPoint","urlTemplate":"https:\/\/www.enerlandgroup.com\/es\/?s={search_term_string}"},"query-input":{"@type":"PropertyValueSpecification","valueRequired":true,"valueName":"search_term_string"}}],"inLanguage":"es"},{"@type":"Organization","@id":"https:\/\/www.enerlandgroup.com\/es\/#organization","name":"Enerland Group","url":"https:\/\/www.enerlandgroup.com\/es\/","logo":{"@type":"ImageObject","inLanguage":"es","@id":"https:\/\/www.enerlandgroup.com\/es\/#\/schema\/logo\/image\/","url":"https:\/\/www.enerlandgroup.com\/wp-content\/uploads\/2021\/05\/Logo_Enerland.png","contentUrl":"https:\/\/www.enerlandgroup.com\/wp-content\/uploads\/2021\/05\/Logo_Enerland.png","width":184,"height":43,"caption":"Enerland Group"},"image":{"@id":"https:\/\/www.enerlandgroup.com\/es\/#\/schema\/logo\/image\/"},"sameAs":["https:\/\/www.linkedin.com\/company\/enerland-group\/","https:\/\/www.youtube.com\/channel\/UCjdInbThgaPa2_D34vRChmA"]},{"@type":"Person","@id":"https:\/\/www.enerlandgroup.com\/es\/#\/schema\/person\/20441025d4f2af3c77a3d2a4b69f35bf","name":"Ismael","image":{"@type":"ImageObject","inLanguage":"es","@id":"https:\/\/secure.gravatar.com\/avatar\/a3de8138268bab3c88b5aad189d1925778223716817315540684a3f504a7a223?s=96&d=mm&r=g","url":"https:\/\/secure.gravatar.com\/avatar\/a3de8138268bab3c88b5aad189d1925778223716817315540684a3f504a7a223?s=96&d=mm&r=g","contentUrl":"https:\/\/secure.gravatar.com\/avatar\/a3de8138268bab3c88b5aad189d1925778223716817315540684a3f504a7a223?s=96&d=mm&r=g","caption":"Ismael"},"url":"https:\/\/www.enerlandgroup.com\/es\/author\/it\/"}]}},"jetpack_featured_media_url":"https:\/\/www.enerlandgroup.com\/wp-content\/uploads\/2020\/01\/Imagen_noticia_Nuevo_proyecto_mexico_Mesa-de-trabajo-1-01-scaled.jpg","_links":{"self":[{"href":"https:\/\/www.enerlandgroup.com\/es\/wp-json\/wp\/v2\/posts\/5865","targetHints":{"allow":["GET"]}}],"collection":[{"href":"https:\/\/www.enerlandgroup.com\/es\/wp-json\/wp\/v2\/posts"}],"about":[{"href":"https:\/\/www.enerlandgroup.com\/es\/wp-json\/wp\/v2\/types\/post"}],"author":[{"embeddable":true,"href":"https:\/\/www.enerlandgroup.com\/es\/wp-json\/wp\/v2\/users\/10"}],"replies":[{"embeddable":true,"href":"https:\/\/www.enerlandgroup.com\/es\/wp-json\/wp\/v2\/comments?post=5865"}],"version-history":[{"count":14,"href":"https:\/\/www.enerlandgroup.com\/es\/wp-json\/wp\/v2\/posts\/5865\/revisions"}],"predecessor-version":[{"id":6018,"href":"https:\/\/www.enerlandgroup.com\/es\/wp-json\/wp\/v2\/posts\/5865\/revisions\/6018"}],"wp:featuredmedia":[{"embeddable":true,"href":"https:\/\/www.enerlandgroup.com\/es\/wp-json\/wp\/v2\/media\/6001"}],"wp:attachment":[{"href":"https:\/\/www.enerlandgroup.com\/es\/wp-json\/wp\/v2\/media?parent=5865"}],"wp:term":[{"taxonomy":"category","embeddable":true,"href":"https:\/\/www.enerlandgroup.com\/es\/wp-json\/wp\/v2\/categories?post=5865"},{"taxonomy":"post_tag","embeddable":true,"href":"https:\/\/www.enerlandgroup.com\/es\/wp-json\/wp\/v2\/tags?post=5865"}],"curies":[{"name":"wp","href":"https:\/\/api.w.org\/{rel}","templated":true}]}}