{"id":5862,"date":"2020-05-25T17:34:57","date_gmt":"2020-05-25T15:34:57","guid":{"rendered":"http:\/\/www.enerlandgroup.com\/?p=5862"},"modified":"2021-08-09T11:25:32","modified_gmt":"2021-08-09T09:25:32","slug":"entramos-en-el-mercado-italiano","status":"publish","type":"post","link":"https:\/\/www.enerlandgroup.com\/es\/entramos-en-el-mercado-italiano\/","title":{"rendered":"Entramos en el mercado italiano"},"content":{"rendered":"<h2>Entramos en el mercado italiano. Seguimos nuestro objetivo de expansi\u00f3n por el continente europeo. Nuestra cartera de proyectos en Italia ya tiene m\u00e1s de 700MW en desarrollo.<\/h2>\n<p>&nbsp;<\/p>\n<p>Seguimos apostando por la aceleraci\u00f3n de la transici\u00f3n energ\u00e9tica. A trav\u00e9s del desarrollo de la energ\u00eda fotovoltaica continuamos nuestra expansi\u00f3n por el continente europeo. Entramos en el mercado italiano y presentamos nuestra tercera sede en Europa.<\/p>\n<p>Italia, junto a Espa\u00f1a y Portugal, gracias a su localizaci\u00f3n geogr\u00e1fica, se posiciona a nivel mundial como uno de los pa\u00edses que mayor radiaci\u00f3n solar recibe a lo largo del a\u00f1o. Su potencial fotovoltaico y la preocupaci\u00f3n de sus instituciones por el medioambiente, posicionan a Italia como un pa\u00eds clave en la transici\u00f3n energ\u00e9tica hacia un modelo renovable.\u00a0 De acuerdo con los objetivos marcados en la <a href=\"https:\/\/ec.europa.eu\/energy\/sites\/ener\/files\/documents\/es_final_necp_main_es.pdf\">agenda PNIEC<\/a>, Italia pretende aumentar su producci\u00f3n de energ\u00eda solar. Por un lado, su objetivo para 2030 es alcanzar los 65 GW. Por otro, la cifra es todav\u00eda m\u00e1s ambiciosa si atendemos al objetivo marcado para 2050: producir 150GW en fotovoltaica.<\/p>\n<p>&nbsp;<\/p>\n<h3>Enerland Italia<\/h3>\n<p>Hoy, entramos en el mercado italiano celebrando la apertura de nuestra nueva sede. El objetivo: apoyar a las instituciones en sus objetivos y promover el crecimiento de un nuevo modelo energ\u00e9tico. Gracias a nuestra experiencia en el sector, pretendemos aportar valor adelant\u00e1ndonos a las necesidades de nuestros clientes, del medioambiente y de la sociedad.<\/p>\n<p>Enerland Italia ya cuenta con un ambicioso plan de expansi\u00f3n. La experiencia del grupo, nos ha permitido disponer r\u00e1pidamente de una amplia cartera de desarrollo de parques fotovoltaicos ubicados en diferentes zonas geogr\u00e1ficas del pa\u00eds. Si bien la orograf\u00eda del pa\u00eds es compleja, en total, nuestro equipo ya se encuentra trabajando en el <a href=\"https:\/\/www.enerlandgroup.com\/proyectos\/\">desarrollo de 700GW<\/a>.<\/p>\n<p>Se espera que a mediados de 2022, comiencen las ejecuciones de nuestros primeros parques en Italia y en 2024 todos se encuentren en estado RTB o <em>Ready to Build<\/em>.<\/p>\n<p>Con esta nueva sede, Enerland ya tiene presencia en 14 pa\u00edses de todo el mundo. En la actualidad, contamos con m\u00e1s de 1400GW en desarrollo dentro del continente europeo y esperamos seguir creciendo. Trabajamos para un futuro sostenible. \u00a1Juntos por el cambio!<\/p>\n","protected":false},"excerpt":{"rendered":"<p>Entramos en el mercado italiano. Seguimos nuestro objetivo de expansi\u00f3n por el continente europeo.<\/p>\n","protected":false},"author":10,"featured_media":5976,"comment_status":"open","ping_status":"open","sticky":false,"template":"","format":"standard","meta":{"_et_pb_use_builder":"","_et_pb_old_content":"","_et_gb_content_width":"","footnotes":""},"categories":[23],"tags":[58,64],"class_list":["post-5862","post","type-post","status-publish","format-standard","has-post-thumbnail","hentry","category-corporativo","tag-enerland","tag-italia"],"yoast_head":"<!-- This site is optimized with the Yoast SEO plugin v27.4 - https:\/\/yoast.com\/product\/yoast-seo-wordpress\/ -->\n<title>Entramos en el mercado italiano - Enerland Energ\u00eda Renovable<\/title>\n<meta name=\"description\" content=\"Entramos en el mercado italiano. Siguiendo nuestro objetivo de expansi\u00f3n, nuestra cartera de proyectos ya tiene m\u00e1s de 700MW en desarrollo.\" \/>\n<meta name=\"robots\" content=\"index, follow, max-snippet:-1, max-image-preview:large, max-video-preview:-1\" \/>\n<link rel=\"canonical\" href=\"https:\/\/www.enerlandgroup.com\/es\/entramos-en-el-mercado-italiano\/\" \/>\n<meta property=\"og:locale\" content=\"es_ES\" \/>\n<meta property=\"og:type\" content=\"article\" \/>\n<meta property=\"og:title\" content=\"Entramos en el mercado italiano - Enerland Energ\u00eda Renovable\" \/>\n<meta property=\"og:description\" content=\"Entramos en el mercado italiano. Siguiendo nuestro objetivo de expansi\u00f3n, nuestra cartera de proyectos ya tiene m\u00e1s de 700MW en desarrollo.\" \/>\n<meta property=\"og:url\" content=\"https:\/\/www.enerlandgroup.com\/es\/entramos-en-el-mercado-italiano\/\" \/>\n<meta property=\"og:site_name\" content=\"Enerland Energ\u00eda Renovable\" \/>\n<meta property=\"article:published_time\" content=\"2020-05-25T15:34:57+00:00\" \/>\n<meta property=\"article:modified_time\" content=\"2021-08-09T09:25:32+00:00\" \/>\n<meta property=\"og:image\" content=\"https:\/\/www.enerlandgroup.com\/wp-content\/uploads\/2020\/05\/Imagen_noticia_Nuevo_proyecto_colombiav2-min-1024x383.png\" \/>\n\t<meta property=\"og:image:width\" content=\"1024\" \/>\n\t<meta property=\"og:image:height\" content=\"383\" \/>\n\t<meta property=\"og:image:type\" content=\"image\/png\" \/>\n<meta name=\"author\" content=\"Ismael\" \/>\n<meta name=\"twitter:card\" content=\"summary_large_image\" \/>\n<script type=\"application\/ld+json\" class=\"yoast-schema-graph\">{\"@context\":\"https:\\\/\\\/schema.org\",\"@graph\":[{\"@type\":\"Article\",\"@id\":\"https:\\\/\\\/www.enerlandgroup.com\\\/es\\\/entramos-en-el-mercado-italiano\\\/#article\",\"isPartOf\":{\"@id\":\"https:\\\/\\\/www.enerlandgroup.com\\\/es\\\/entramos-en-el-mercado-italiano\\\/\"},\"author\":{\"name\":\"Ismael\",\"@id\":\"https:\\\/\\\/www.enerlandgroup.com\\\/es\\\/#\\\/schema\\\/person\\\/20441025d4f2af3c77a3d2a4b69f35bf\"},\"headline\":\"Entramos en el mercado italiano\",\"datePublished\":\"2020-05-25T15:34:57+00:00\",\"dateModified\":\"2021-08-09T09:25:32+00:00\",\"mainEntityOfPage\":{\"@id\":\"https:\\\/\\\/www.enerlandgroup.com\\\/es\\\/entramos-en-el-mercado-italiano\\\/\"},\"wordCount\":386,\"commentCount\":0,\"publisher\":{\"@id\":\"https:\\\/\\\/www.enerlandgroup.com\\\/es\\\/#organization\"},\"image\":{\"@id\":\"https:\\\/\\\/www.enerlandgroup.com\\\/es\\\/entramos-en-el-mercado-italiano\\\/#primaryimage\"},\"thumbnailUrl\":\"https:\\\/\\\/www.enerlandgroup.com\\\/wp-content\\\/uploads\\\/2020\\\/05\\\/Imagen_noticia_Nuevo_proyecto_colombiav2-min.png\",\"keywords\":[\"Enerland\",\"Italia\"],\"articleSection\":[\"Corporativo\"],\"inLanguage\":\"es\",\"potentialAction\":[{\"@type\":\"CommentAction\",\"name\":\"Comment\",\"target\":[\"https:\\\/\\\/www.enerlandgroup.com\\\/es\\\/entramos-en-el-mercado-italiano\\\/#respond\"]}]},{\"@type\":[\"WebPage\",\"ItemPage\"],\"@id\":\"https:\\\/\\\/www.enerlandgroup.com\\\/es\\\/entramos-en-el-mercado-italiano\\\/\",\"url\":\"https:\\\/\\\/www.enerlandgroup.com\\\/es\\\/entramos-en-el-mercado-italiano\\\/\",\"name\":\"Entramos en el mercado italiano - Enerland Energ\u00eda Renovable\",\"isPartOf\":{\"@id\":\"https:\\\/\\\/www.enerlandgroup.com\\\/es\\\/#website\"},\"primaryImageOfPage\":{\"@id\":\"https:\\\/\\\/www.enerlandgroup.com\\\/es\\\/entramos-en-el-mercado-italiano\\\/#primaryimage\"},\"image\":{\"@id\":\"https:\\\/\\\/www.enerlandgroup.com\\\/es\\\/entramos-en-el-mercado-italiano\\\/#primaryimage\"},\"thumbnailUrl\":\"https:\\\/\\\/www.enerlandgroup.com\\\/wp-content\\\/uploads\\\/2020\\\/05\\\/Imagen_noticia_Nuevo_proyecto_colombiav2-min.png\",\"datePublished\":\"2020-05-25T15:34:57+00:00\",\"dateModified\":\"2021-08-09T09:25:32+00:00\",\"description\":\"Entramos en el mercado italiano. Siguiendo nuestro objetivo de expansi\u00f3n, nuestra cartera de proyectos ya tiene m\u00e1s de 700MW en desarrollo.\",\"breadcrumb\":{\"@id\":\"https:\\\/\\\/www.enerlandgroup.com\\\/es\\\/entramos-en-el-mercado-italiano\\\/#breadcrumb\"},\"inLanguage\":\"es\",\"potentialAction\":[{\"@type\":\"ReadAction\",\"target\":[\"https:\\\/\\\/www.enerlandgroup.com\\\/es\\\/entramos-en-el-mercado-italiano\\\/\"]}]},{\"@type\":\"ImageObject\",\"inLanguage\":\"es\",\"@id\":\"https:\\\/\\\/www.enerlandgroup.com\\\/es\\\/entramos-en-el-mercado-italiano\\\/#primaryimage\",\"url\":\"https:\\\/\\\/www.enerlandgroup.com\\\/wp-content\\\/uploads\\\/2020\\\/05\\\/Imagen_noticia_Nuevo_proyecto_colombiav2-min.png\",\"contentUrl\":\"https:\\\/\\\/www.enerlandgroup.com\\\/wp-content\\\/uploads\\\/2020\\\/05\\\/Imagen_noticia_Nuevo_proyecto_colombiav2-min.png\",\"width\":7792,\"height\":2917},{\"@type\":\"BreadcrumbList\",\"@id\":\"https:\\\/\\\/www.enerlandgroup.com\\\/es\\\/entramos-en-el-mercado-italiano\\\/#breadcrumb\",\"itemListElement\":[{\"@type\":\"ListItem\",\"position\":1,\"name\":\"Inicio\",\"item\":\"https:\\\/\\\/www.enerlandgroup.com\\\/es\\\/\"},{\"@type\":\"ListItem\",\"position\":2,\"name\":\"Entramos en el mercado italiano\"}]},{\"@type\":\"WebSite\",\"@id\":\"https:\\\/\\\/www.enerlandgroup.com\\\/es\\\/#website\",\"url\":\"https:\\\/\\\/www.enerlandgroup.com\\\/es\\\/\",\"name\":\"Enerland Energ\u00eda Renovable\",\"description\":\"\",\"publisher\":{\"@id\":\"https:\\\/\\\/www.enerlandgroup.com\\\/es\\\/#organization\"},\"potentialAction\":[{\"@type\":\"SearchAction\",\"target\":{\"@type\":\"EntryPoint\",\"urlTemplate\":\"https:\\\/\\\/www.enerlandgroup.com\\\/es\\\/?s={search_term_string}\"},\"query-input\":{\"@type\":\"PropertyValueSpecification\",\"valueRequired\":true,\"valueName\":\"search_term_string\"}}],\"inLanguage\":\"es\"},{\"@type\":\"Organization\",\"@id\":\"https:\\\/\\\/www.enerlandgroup.com\\\/es\\\/#organization\",\"name\":\"Enerland Group\",\"url\":\"https:\\\/\\\/www.enerlandgroup.com\\\/es\\\/\",\"logo\":{\"@type\":\"ImageObject\",\"inLanguage\":\"es\",\"@id\":\"https:\\\/\\\/www.enerlandgroup.com\\\/es\\\/#\\\/schema\\\/logo\\\/image\\\/\",\"url\":\"https:\\\/\\\/www.enerlandgroup.com\\\/wp-content\\\/uploads\\\/2021\\\/05\\\/Logo_Enerland.png\",\"contentUrl\":\"https:\\\/\\\/www.enerlandgroup.com\\\/wp-content\\\/uploads\\\/2021\\\/05\\\/Logo_Enerland.png\",\"width\":184,\"height\":43,\"caption\":\"Enerland Group\"},\"image\":{\"@id\":\"https:\\\/\\\/www.enerlandgroup.com\\\/es\\\/#\\\/schema\\\/logo\\\/image\\\/\"},\"sameAs\":[\"https:\\\/\\\/www.linkedin.com\\\/company\\\/enerland-group\\\/\",\"https:\\\/\\\/www.youtube.com\\\/channel\\\/UCjdInbThgaPa2_D34vRChmA\"]},{\"@type\":\"Person\",\"@id\":\"https:\\\/\\\/www.enerlandgroup.com\\\/es\\\/#\\\/schema\\\/person\\\/20441025d4f2af3c77a3d2a4b69f35bf\",\"name\":\"Ismael\",\"image\":{\"@type\":\"ImageObject\",\"inLanguage\":\"es\",\"@id\":\"https:\\\/\\\/secure.gravatar.com\\\/avatar\\\/a3de8138268bab3c88b5aad189d1925778223716817315540684a3f504a7a223?s=96&d=mm&r=g\",\"url\":\"https:\\\/\\\/secure.gravatar.com\\\/avatar\\\/a3de8138268bab3c88b5aad189d1925778223716817315540684a3f504a7a223?s=96&d=mm&r=g\",\"contentUrl\":\"https:\\\/\\\/secure.gravatar.com\\\/avatar\\\/a3de8138268bab3c88b5aad189d1925778223716817315540684a3f504a7a223?s=96&d=mm&r=g\",\"caption\":\"Ismael\"},\"url\":\"https:\\\/\\\/www.enerlandgroup.com\\\/es\\\/author\\\/it\\\/\"}]}<\/script>\n<!-- \/ Yoast SEO plugin. -->","yoast_head_json":{"title":"Entramos en el mercado italiano - Enerland Energ\u00eda Renovable","description":"Entramos en el mercado italiano. Siguiendo nuestro objetivo de expansi\u00f3n, nuestra cartera de proyectos ya tiene m\u00e1s de 700MW en desarrollo.","robots":{"index":"index","follow":"follow","max-snippet":"max-snippet:-1","max-image-preview":"max-image-preview:large","max-video-preview":"max-video-preview:-1"},"canonical":"https:\/\/www.enerlandgroup.com\/es\/entramos-en-el-mercado-italiano\/","og_locale":"es_ES","og_type":"article","og_title":"Entramos en el mercado italiano - Enerland Energ\u00eda Renovable","og_description":"Entramos en el mercado italiano. Siguiendo nuestro objetivo de expansi\u00f3n, nuestra cartera de proyectos ya tiene m\u00e1s de 700MW en desarrollo.","og_url":"https:\/\/www.enerlandgroup.com\/es\/entramos-en-el-mercado-italiano\/","og_site_name":"Enerland Energ\u00eda Renovable","article_published_time":"2020-05-25T15:34:57+00:00","article_modified_time":"2021-08-09T09:25:32+00:00","og_image":[{"width":1024,"height":383,"url":"https:\/\/www.enerlandgroup.com\/wp-content\/uploads\/2020\/05\/Imagen_noticia_Nuevo_proyecto_colombiav2-min-1024x383.png","type":"image\/png"}],"author":"Ismael","twitter_card":"summary_large_image","schema":{"@context":"https:\/\/schema.org","@graph":[{"@type":"Article","@id":"https:\/\/www.enerlandgroup.com\/es\/entramos-en-el-mercado-italiano\/#article","isPartOf":{"@id":"https:\/\/www.enerlandgroup.com\/es\/entramos-en-el-mercado-italiano\/"},"author":{"name":"Ismael","@id":"https:\/\/www.enerlandgroup.com\/es\/#\/schema\/person\/20441025d4f2af3c77a3d2a4b69f35bf"},"headline":"Entramos en el mercado italiano","datePublished":"2020-05-25T15:34:57+00:00","dateModified":"2021-08-09T09:25:32+00:00","mainEntityOfPage":{"@id":"https:\/\/www.enerlandgroup.com\/es\/entramos-en-el-mercado-italiano\/"},"wordCount":386,"commentCount":0,"publisher":{"@id":"https:\/\/www.enerlandgroup.com\/es\/#organization"},"image":{"@id":"https:\/\/www.enerlandgroup.com\/es\/entramos-en-el-mercado-italiano\/#primaryimage"},"thumbnailUrl":"https:\/\/www.enerlandgroup.com\/wp-content\/uploads\/2020\/05\/Imagen_noticia_Nuevo_proyecto_colombiav2-min.png","keywords":["Enerland","Italia"],"articleSection":["Corporativo"],"inLanguage":"es","potentialAction":[{"@type":"CommentAction","name":"Comment","target":["https:\/\/www.enerlandgroup.com\/es\/entramos-en-el-mercado-italiano\/#respond"]}]},{"@type":["WebPage","ItemPage"],"@id":"https:\/\/www.enerlandgroup.com\/es\/entramos-en-el-mercado-italiano\/","url":"https:\/\/www.enerlandgroup.com\/es\/entramos-en-el-mercado-italiano\/","name":"Entramos en el mercado italiano - Enerland Energ\u00eda Renovable","isPartOf":{"@id":"https:\/\/www.enerlandgroup.com\/es\/#website"},"primaryImageOfPage":{"@id":"https:\/\/www.enerlandgroup.com\/es\/entramos-en-el-mercado-italiano\/#primaryimage"},"image":{"@id":"https:\/\/www.enerlandgroup.com\/es\/entramos-en-el-mercado-italiano\/#primaryimage"},"thumbnailUrl":"https:\/\/www.enerlandgroup.com\/wp-content\/uploads\/2020\/05\/Imagen_noticia_Nuevo_proyecto_colombiav2-min.png","datePublished":"2020-05-25T15:34:57+00:00","dateModified":"2021-08-09T09:25:32+00:00","description":"Entramos en el mercado italiano. Siguiendo nuestro objetivo de expansi\u00f3n, nuestra cartera de proyectos ya tiene m\u00e1s de 700MW en desarrollo.","breadcrumb":{"@id":"https:\/\/www.enerlandgroup.com\/es\/entramos-en-el-mercado-italiano\/#breadcrumb"},"inLanguage":"es","potentialAction":[{"@type":"ReadAction","target":["https:\/\/www.enerlandgroup.com\/es\/entramos-en-el-mercado-italiano\/"]}]},{"@type":"ImageObject","inLanguage":"es","@id":"https:\/\/www.enerlandgroup.com\/es\/entramos-en-el-mercado-italiano\/#primaryimage","url":"https:\/\/www.enerlandgroup.com\/wp-content\/uploads\/2020\/05\/Imagen_noticia_Nuevo_proyecto_colombiav2-min.png","contentUrl":"https:\/\/www.enerlandgroup.com\/wp-content\/uploads\/2020\/05\/Imagen_noticia_Nuevo_proyecto_colombiav2-min.png","width":7792,"height":2917},{"@type":"BreadcrumbList","@id":"https:\/\/www.enerlandgroup.com\/es\/entramos-en-el-mercado-italiano\/#breadcrumb","itemListElement":[{"@type":"ListItem","position":1,"name":"Inicio","item":"https:\/\/www.enerlandgroup.com\/es\/"},{"@type":"ListItem","position":2,"name":"Entramos en el mercado italiano"}]},{"@type":"WebSite","@id":"https:\/\/www.enerlandgroup.com\/es\/#website","url":"https:\/\/www.enerlandgroup.com\/es\/","name":"Enerland Energ\u00eda Renovable","description":"","publisher":{"@id":"https:\/\/www.enerlandgroup.com\/es\/#organization"},"potentialAction":[{"@type":"SearchAction","target":{"@type":"EntryPoint","urlTemplate":"https:\/\/www.enerlandgroup.com\/es\/?s={search_term_string}"},"query-input":{"@type":"PropertyValueSpecification","valueRequired":true,"valueName":"search_term_string"}}],"inLanguage":"es"},{"@type":"Organization","@id":"https:\/\/www.enerlandgroup.com\/es\/#organization","name":"Enerland Group","url":"https:\/\/www.enerlandgroup.com\/es\/","logo":{"@type":"ImageObject","inLanguage":"es","@id":"https:\/\/www.enerlandgroup.com\/es\/#\/schema\/logo\/image\/","url":"https:\/\/www.enerlandgroup.com\/wp-content\/uploads\/2021\/05\/Logo_Enerland.png","contentUrl":"https:\/\/www.enerlandgroup.com\/wp-content\/uploads\/2021\/05\/Logo_Enerland.png","width":184,"height":43,"caption":"Enerland Group"},"image":{"@id":"https:\/\/www.enerlandgroup.com\/es\/#\/schema\/logo\/image\/"},"sameAs":["https:\/\/www.linkedin.com\/company\/enerland-group\/","https:\/\/www.youtube.com\/channel\/UCjdInbThgaPa2_D34vRChmA"]},{"@type":"Person","@id":"https:\/\/www.enerlandgroup.com\/es\/#\/schema\/person\/20441025d4f2af3c77a3d2a4b69f35bf","name":"Ismael","image":{"@type":"ImageObject","inLanguage":"es","@id":"https:\/\/secure.gravatar.com\/avatar\/a3de8138268bab3c88b5aad189d1925778223716817315540684a3f504a7a223?s=96&d=mm&r=g","url":"https:\/\/secure.gravatar.com\/avatar\/a3de8138268bab3c88b5aad189d1925778223716817315540684a3f504a7a223?s=96&d=mm&r=g","contentUrl":"https:\/\/secure.gravatar.com\/avatar\/a3de8138268bab3c88b5aad189d1925778223716817315540684a3f504a7a223?s=96&d=mm&r=g","caption":"Ismael"},"url":"https:\/\/www.enerlandgroup.com\/es\/author\/it\/"}]}},"jetpack_featured_media_url":"https:\/\/www.enerlandgroup.com\/wp-content\/uploads\/2020\/05\/Imagen_noticia_Nuevo_proyecto_colombiav2-min.png","_links":{"self":[{"href":"https:\/\/www.enerlandgroup.com\/es\/wp-json\/wp\/v2\/posts\/5862","targetHints":{"allow":["GET"]}}],"collection":[{"href":"https:\/\/www.enerlandgroup.com\/es\/wp-json\/wp\/v2\/posts"}],"about":[{"href":"https:\/\/www.enerlandgroup.com\/es\/wp-json\/wp\/v2\/types\/post"}],"author":[{"embeddable":true,"href":"https:\/\/www.enerlandgroup.com\/es\/wp-json\/wp\/v2\/users\/10"}],"replies":[{"embeddable":true,"href":"https:\/\/www.enerlandgroup.com\/es\/wp-json\/wp\/v2\/comments?post=5862"}],"version-history":[{"count":9,"href":"https:\/\/www.enerlandgroup.com\/es\/wp-json\/wp\/v2\/posts\/5862\/revisions"}],"predecessor-version":[{"id":6088,"href":"https:\/\/www.enerlandgroup.com\/es\/wp-json\/wp\/v2\/posts\/5862\/revisions\/6088"}],"wp:featuredmedia":[{"embeddable":true,"href":"https:\/\/www.enerlandgroup.com\/es\/wp-json\/wp\/v2\/media\/5976"}],"wp:attachment":[{"href":"https:\/\/www.enerlandgroup.com\/es\/wp-json\/wp\/v2\/media?parent=5862"}],"wp:term":[{"taxonomy":"category","embeddable":true,"href":"https:\/\/www.enerlandgroup.com\/es\/wp-json\/wp\/v2\/categories?post=5862"},{"taxonomy":"post_tag","embeddable":true,"href":"https:\/\/www.enerlandgroup.com\/es\/wp-json\/wp\/v2\/tags?post=5862"}],"curies":[{"name":"wp","href":"https:\/\/api.w.org\/{rel}","templated":true}]}}