{"id":5855,"date":"2020-10-05T12:48:46","date_gmt":"2020-10-05T10:48:46","guid":{"rendered":"http:\/\/www.enerlandgroup.com\/?p=5855"},"modified":"2022-03-30T11:50:23","modified_gmt":"2022-03-30T09:50:23","slug":"nuevos-proyectos-fotovoltaicos-portugal","status":"publish","type":"post","link":"https:\/\/www.enerlandgroup.com\/es\/nuevos-proyectos-fotovoltaicos-portugal\/","title":{"rendered":"Nuevos proyectos fotovoltaicos en Portugal"},"content":{"rendered":"<h2>A trav\u00e9s de nuestra sede en el pa\u00eds luso, anunciamos que los nuevos proyectos fotovoltaicos en Portugal ya est\u00e1n en fase de desarrollo.<\/h2>\n<p>&nbsp;<\/p>\n<p>Hace unos d\u00edas habl\u00e1bamos de nuestros nuevos proyectos fotovoltaicos en Portugal. A trav\u00e9s de la participaci\u00f3n en una <a href=\"https:\/\/www.enerlandgroup.com\/enerland-bate-el-record-mundial-en-la-industria-fotovoltaica\/\">licitaci\u00f3n p\u00fablica<\/a>, conseguimos el r\u00e9cord mundial en t\u00e9rminos de \u20ac\/MWh ofertados. Esto nos llev\u00f3 a ganar la ejecuci\u00f3n de nuevos proyectos fotovoltaicos en Portugal. Anteriormente, nuestra sede Enerland Portugal ya hab\u00eda ganado otra licitaci\u00f3n. En este caso para la ejecuci\u00f3n de un proyecto en 2019. As\u00ed que estamos encantados de llevar a cabo nuevos proyectos fotovoltaicos en el pa\u00eds.<\/p>\n<p>Los contratos de ambos parques fotovoltaicos, fueron firmados bajo la modalidad CfD* o Contrato por diferencia.<\/p>\n<p>El primer proyecto desarrollado conectar\u00e1 a la red el\u00e9ctrica una potencia de 19MWp. Del mismo modo, producir\u00e1 una energ\u00eda media anual de 35.150 MWh. Esto equivale a la energ\u00eda necesaria para el abastecimiento el\u00e9ctrico de aproximadamente 11.700 hogares. Para finales del 2022 se espera finalizar la ejecuci\u00f3n de este primer parque fotovoltaico.<\/p>\n<p>Atendiendo al segundo proyecto, es ligeramente m\u00e1s peque\u00f1o. En este caso, generar\u00e1 una potencia de 13MWp.<\/p>\n<p>&nbsp;<\/p>\n<h3>Por qu\u00e9 Portugal<\/h3>\n<p>Portugal es uno de los pa\u00edses europeos con mayor potencial en cuanto a generaci\u00f3n de energ\u00eda renovable. En concreto, por su posici\u00f3n geogr\u00e1fica, destaca en cuanto a generaci\u00f3n de energ\u00eda fotovoltaica. Al igual que otros pa\u00edses del sur de Europa, recibe gran radiaci\u00f3n solar a lo largo del a\u00f1o. Esto permite que el desarrollo de este tipo de energ\u00edas no solo favorezca la conservaci\u00f3n del planeta. Tambi\u00e9n facilita el acceso a la electricidad y permite afrontar el aumento en la demanda energ\u00e9tica.<\/p>\n<p>Por otra parte, la generaci\u00f3n de energ\u00eda de este proyecto, evitar\u00e1 la emisi\u00f3n de m\u00e1s de 12.000 toneladas de CO2 a la atm\u00f3sfera. De esta forma, por un lado, se reducir\u00e1 el impacto negativo sobre el planeta mientras que por otro, promover\u00e1 la consecuci\u00f3n de objetivos establecidos para <a href=\"https:\/\/www.ods.pt\/\">2030 por la ONU<\/a>.<\/p>\n<p>*CFD hace referencia a Contratos por Diferencia. En este tipo de contratos comprador y vendedor estipulan un precio para la energ\u00eda renovable. Posteriormente, se ajustan las diferencias con el precio real en el mercado mayorista.<\/p>\n","protected":false},"excerpt":{"rendered":"<p>A trav\u00e9s de nuestra sede en el pa\u00eds luso, anunciamos que los nuevos proyectos<\/p>\n","protected":false},"author":10,"featured_media":5987,"comment_status":"open","ping_status":"open","sticky":false,"template":"","format":"standard","meta":{"_et_pb_use_builder":"","_et_pb_old_content":"","_et_gb_content_width":"","footnotes":""},"categories":[22],"tags":[62,78],"class_list":["post-5855","post","type-post","status-publish","format-standard","has-post-thumbnail","hentry","category-proyectos-realizados","tag-portugal","tag-proyecto"],"yoast_head":"<!-- This site is optimized with the Yoast SEO plugin v27.4 - https:\/\/yoast.com\/product\/yoast-seo-wordpress\/ -->\n<title>Nuevos proyectos fotovoltaicos en Portugal - Enerland Energ\u00eda Renovable<\/title>\n<meta name=\"description\" content=\"A trav\u00e9s de nuestra sede, contamos con dos nuevos proyectos fotovoltaicos en Portugal adjudicados a trav\u00e9s de una licitaci\u00f3n p\u00fablica.\" \/>\n<meta name=\"robots\" content=\"index, follow, max-snippet:-1, max-image-preview:large, max-video-preview:-1\" \/>\n<link rel=\"canonical\" href=\"https:\/\/www.enerlandgroup.com\/es\/nuevos-proyectos-fotovoltaicos-portugal\/\" \/>\n<meta property=\"og:locale\" content=\"es_ES\" \/>\n<meta property=\"og:type\" content=\"article\" \/>\n<meta property=\"og:title\" content=\"Nuevos proyectos fotovoltaicos en Portugal - Enerland Energ\u00eda Renovable\" \/>\n<meta property=\"og:description\" content=\"A trav\u00e9s de nuestra sede, contamos con dos nuevos proyectos fotovoltaicos en Portugal adjudicados a trav\u00e9s de una licitaci\u00f3n p\u00fablica.\" \/>\n<meta property=\"og:url\" content=\"https:\/\/www.enerlandgroup.com\/es\/nuevos-proyectos-fotovoltaicos-portugal\/\" \/>\n<meta property=\"og:site_name\" content=\"Enerland Energ\u00eda Renovable\" \/>\n<meta property=\"article:published_time\" content=\"2020-10-05T10:48:46+00:00\" \/>\n<meta property=\"article:modified_time\" content=\"2022-03-30T09:50:23+00:00\" \/>\n<meta property=\"og:image\" content=\"https:\/\/www.enerlandgroup.com\/wp-content\/uploads\/2020\/10\/Imagen_noticia_Nuevo_proyecto_colombiav2-min.png\" \/>\n\t<meta property=\"og:image:width\" content=\"7792\" \/>\n\t<meta property=\"og:image:height\" content=\"2917\" \/>\n\t<meta property=\"og:image:type\" content=\"image\/png\" \/>\n<meta name=\"author\" content=\"Ismael\" \/>\n<meta name=\"twitter:card\" content=\"summary_large_image\" \/>\n<script type=\"application\/ld+json\" class=\"yoast-schema-graph\">{\"@context\":\"https:\\\/\\\/schema.org\",\"@graph\":[{\"@type\":\"Article\",\"@id\":\"https:\\\/\\\/www.enerlandgroup.com\\\/es\\\/nuevos-proyectos-fotovoltaicos-portugal\\\/#article\",\"isPartOf\":{\"@id\":\"https:\\\/\\\/www.enerlandgroup.com\\\/es\\\/nuevos-proyectos-fotovoltaicos-portugal\\\/\"},\"author\":{\"name\":\"Ismael\",\"@id\":\"https:\\\/\\\/www.enerlandgroup.com\\\/es\\\/#\\\/schema\\\/person\\\/20441025d4f2af3c77a3d2a4b69f35bf\"},\"headline\":\"Nuevos proyectos fotovoltaicos en Portugal\",\"datePublished\":\"2020-10-05T10:48:46+00:00\",\"dateModified\":\"2022-03-30T09:50:23+00:00\",\"mainEntityOfPage\":{\"@id\":\"https:\\\/\\\/www.enerlandgroup.com\\\/es\\\/nuevos-proyectos-fotovoltaicos-portugal\\\/\"},\"wordCount\":401,\"commentCount\":0,\"publisher\":{\"@id\":\"https:\\\/\\\/www.enerlandgroup.com\\\/es\\\/#organization\"},\"image\":{\"@id\":\"https:\\\/\\\/www.enerlandgroup.com\\\/es\\\/nuevos-proyectos-fotovoltaicos-portugal\\\/#primaryimage\"},\"thumbnailUrl\":\"https:\\\/\\\/www.enerlandgroup.com\\\/wp-content\\\/uploads\\\/2020\\\/10\\\/Imagen_noticia_Nuevo_proyecto_colombiav2-min.png\",\"keywords\":[\"Portugal\",\"proyecto\"],\"articleSection\":[\"Proyectos Realizados\"],\"inLanguage\":\"es\",\"potentialAction\":[{\"@type\":\"CommentAction\",\"name\":\"Comment\",\"target\":[\"https:\\\/\\\/www.enerlandgroup.com\\\/es\\\/nuevos-proyectos-fotovoltaicos-portugal\\\/#respond\"]}]},{\"@type\":[\"WebPage\",\"ItemPage\"],\"@id\":\"https:\\\/\\\/www.enerlandgroup.com\\\/es\\\/nuevos-proyectos-fotovoltaicos-portugal\\\/\",\"url\":\"https:\\\/\\\/www.enerlandgroup.com\\\/es\\\/nuevos-proyectos-fotovoltaicos-portugal\\\/\",\"name\":\"Nuevos proyectos fotovoltaicos en Portugal - Enerland Energ\u00eda Renovable\",\"isPartOf\":{\"@id\":\"https:\\\/\\\/www.enerlandgroup.com\\\/es\\\/#website\"},\"primaryImageOfPage\":{\"@id\":\"https:\\\/\\\/www.enerlandgroup.com\\\/es\\\/nuevos-proyectos-fotovoltaicos-portugal\\\/#primaryimage\"},\"image\":{\"@id\":\"https:\\\/\\\/www.enerlandgroup.com\\\/es\\\/nuevos-proyectos-fotovoltaicos-portugal\\\/#primaryimage\"},\"thumbnailUrl\":\"https:\\\/\\\/www.enerlandgroup.com\\\/wp-content\\\/uploads\\\/2020\\\/10\\\/Imagen_noticia_Nuevo_proyecto_colombiav2-min.png\",\"datePublished\":\"2020-10-05T10:48:46+00:00\",\"dateModified\":\"2022-03-30T09:50:23+00:00\",\"description\":\"A trav\u00e9s de nuestra sede, contamos con dos nuevos proyectos fotovoltaicos en Portugal adjudicados a trav\u00e9s de una licitaci\u00f3n p\u00fablica.\",\"breadcrumb\":{\"@id\":\"https:\\\/\\\/www.enerlandgroup.com\\\/es\\\/nuevos-proyectos-fotovoltaicos-portugal\\\/#breadcrumb\"},\"inLanguage\":\"es\",\"potentialAction\":[{\"@type\":\"ReadAction\",\"target\":[\"https:\\\/\\\/www.enerlandgroup.com\\\/es\\\/nuevos-proyectos-fotovoltaicos-portugal\\\/\"]}]},{\"@type\":\"ImageObject\",\"inLanguage\":\"es\",\"@id\":\"https:\\\/\\\/www.enerlandgroup.com\\\/es\\\/nuevos-proyectos-fotovoltaicos-portugal\\\/#primaryimage\",\"url\":\"https:\\\/\\\/www.enerlandgroup.com\\\/wp-content\\\/uploads\\\/2020\\\/10\\\/Imagen_noticia_Nuevo_proyecto_colombiav2-min.png\",\"contentUrl\":\"https:\\\/\\\/www.enerlandgroup.com\\\/wp-content\\\/uploads\\\/2020\\\/10\\\/Imagen_noticia_Nuevo_proyecto_colombiav2-min.png\",\"width\":7792,\"height\":2917},{\"@type\":\"BreadcrumbList\",\"@id\":\"https:\\\/\\\/www.enerlandgroup.com\\\/es\\\/nuevos-proyectos-fotovoltaicos-portugal\\\/#breadcrumb\",\"itemListElement\":[{\"@type\":\"ListItem\",\"position\":1,\"name\":\"Inicio\",\"item\":\"https:\\\/\\\/www.enerlandgroup.com\\\/es\\\/\"},{\"@type\":\"ListItem\",\"position\":2,\"name\":\"Nuevos proyectos fotovoltaicos en Portugal\"}]},{\"@type\":\"WebSite\",\"@id\":\"https:\\\/\\\/www.enerlandgroup.com\\\/es\\\/#website\",\"url\":\"https:\\\/\\\/www.enerlandgroup.com\\\/es\\\/\",\"name\":\"Enerland Energ\u00eda Renovable\",\"description\":\"\",\"publisher\":{\"@id\":\"https:\\\/\\\/www.enerlandgroup.com\\\/es\\\/#organization\"},\"potentialAction\":[{\"@type\":\"SearchAction\",\"target\":{\"@type\":\"EntryPoint\",\"urlTemplate\":\"https:\\\/\\\/www.enerlandgroup.com\\\/es\\\/?s={search_term_string}\"},\"query-input\":{\"@type\":\"PropertyValueSpecification\",\"valueRequired\":true,\"valueName\":\"search_term_string\"}}],\"inLanguage\":\"es\"},{\"@type\":\"Organization\",\"@id\":\"https:\\\/\\\/www.enerlandgroup.com\\\/es\\\/#organization\",\"name\":\"Enerland Group\",\"url\":\"https:\\\/\\\/www.enerlandgroup.com\\\/es\\\/\",\"logo\":{\"@type\":\"ImageObject\",\"inLanguage\":\"es\",\"@id\":\"https:\\\/\\\/www.enerlandgroup.com\\\/es\\\/#\\\/schema\\\/logo\\\/image\\\/\",\"url\":\"https:\\\/\\\/www.enerlandgroup.com\\\/wp-content\\\/uploads\\\/2021\\\/05\\\/Logo_Enerland.png\",\"contentUrl\":\"https:\\\/\\\/www.enerlandgroup.com\\\/wp-content\\\/uploads\\\/2021\\\/05\\\/Logo_Enerland.png\",\"width\":184,\"height\":43,\"caption\":\"Enerland Group\"},\"image\":{\"@id\":\"https:\\\/\\\/www.enerlandgroup.com\\\/es\\\/#\\\/schema\\\/logo\\\/image\\\/\"},\"sameAs\":[\"https:\\\/\\\/www.linkedin.com\\\/company\\\/enerland-group\\\/\",\"https:\\\/\\\/www.youtube.com\\\/channel\\\/UCjdInbThgaPa2_D34vRChmA\"]},{\"@type\":\"Person\",\"@id\":\"https:\\\/\\\/www.enerlandgroup.com\\\/es\\\/#\\\/schema\\\/person\\\/20441025d4f2af3c77a3d2a4b69f35bf\",\"name\":\"Ismael\",\"image\":{\"@type\":\"ImageObject\",\"inLanguage\":\"es\",\"@id\":\"https:\\\/\\\/secure.gravatar.com\\\/avatar\\\/a3de8138268bab3c88b5aad189d1925778223716817315540684a3f504a7a223?s=96&d=mm&r=g\",\"url\":\"https:\\\/\\\/secure.gravatar.com\\\/avatar\\\/a3de8138268bab3c88b5aad189d1925778223716817315540684a3f504a7a223?s=96&d=mm&r=g\",\"contentUrl\":\"https:\\\/\\\/secure.gravatar.com\\\/avatar\\\/a3de8138268bab3c88b5aad189d1925778223716817315540684a3f504a7a223?s=96&d=mm&r=g\",\"caption\":\"Ismael\"},\"url\":\"https:\\\/\\\/www.enerlandgroup.com\\\/es\\\/author\\\/it\\\/\"}]}<\/script>\n<!-- \/ Yoast SEO plugin. -->","yoast_head_json":{"title":"Nuevos proyectos fotovoltaicos en Portugal - Enerland Energ\u00eda Renovable","description":"A trav\u00e9s de nuestra sede, contamos con dos nuevos proyectos fotovoltaicos en Portugal adjudicados a trav\u00e9s de una licitaci\u00f3n p\u00fablica.","robots":{"index":"index","follow":"follow","max-snippet":"max-snippet:-1","max-image-preview":"max-image-preview:large","max-video-preview":"max-video-preview:-1"},"canonical":"https:\/\/www.enerlandgroup.com\/es\/nuevos-proyectos-fotovoltaicos-portugal\/","og_locale":"es_ES","og_type":"article","og_title":"Nuevos proyectos fotovoltaicos en Portugal - Enerland Energ\u00eda Renovable","og_description":"A trav\u00e9s de nuestra sede, contamos con dos nuevos proyectos fotovoltaicos en Portugal adjudicados a trav\u00e9s de una licitaci\u00f3n p\u00fablica.","og_url":"https:\/\/www.enerlandgroup.com\/es\/nuevos-proyectos-fotovoltaicos-portugal\/","og_site_name":"Enerland Energ\u00eda Renovable","article_published_time":"2020-10-05T10:48:46+00:00","article_modified_time":"2022-03-30T09:50:23+00:00","og_image":[{"width":7792,"height":2917,"url":"https:\/\/www.enerlandgroup.com\/wp-content\/uploads\/2020\/10\/Imagen_noticia_Nuevo_proyecto_colombiav2-min.png","type":"image\/png"}],"author":"Ismael","twitter_card":"summary_large_image","schema":{"@context":"https:\/\/schema.org","@graph":[{"@type":"Article","@id":"https:\/\/www.enerlandgroup.com\/es\/nuevos-proyectos-fotovoltaicos-portugal\/#article","isPartOf":{"@id":"https:\/\/www.enerlandgroup.com\/es\/nuevos-proyectos-fotovoltaicos-portugal\/"},"author":{"name":"Ismael","@id":"https:\/\/www.enerlandgroup.com\/es\/#\/schema\/person\/20441025d4f2af3c77a3d2a4b69f35bf"},"headline":"Nuevos proyectos fotovoltaicos en Portugal","datePublished":"2020-10-05T10:48:46+00:00","dateModified":"2022-03-30T09:50:23+00:00","mainEntityOfPage":{"@id":"https:\/\/www.enerlandgroup.com\/es\/nuevos-proyectos-fotovoltaicos-portugal\/"},"wordCount":401,"commentCount":0,"publisher":{"@id":"https:\/\/www.enerlandgroup.com\/es\/#organization"},"image":{"@id":"https:\/\/www.enerlandgroup.com\/es\/nuevos-proyectos-fotovoltaicos-portugal\/#primaryimage"},"thumbnailUrl":"https:\/\/www.enerlandgroup.com\/wp-content\/uploads\/2020\/10\/Imagen_noticia_Nuevo_proyecto_colombiav2-min.png","keywords":["Portugal","proyecto"],"articleSection":["Proyectos Realizados"],"inLanguage":"es","potentialAction":[{"@type":"CommentAction","name":"Comment","target":["https:\/\/www.enerlandgroup.com\/es\/nuevos-proyectos-fotovoltaicos-portugal\/#respond"]}]},{"@type":["WebPage","ItemPage"],"@id":"https:\/\/www.enerlandgroup.com\/es\/nuevos-proyectos-fotovoltaicos-portugal\/","url":"https:\/\/www.enerlandgroup.com\/es\/nuevos-proyectos-fotovoltaicos-portugal\/","name":"Nuevos proyectos fotovoltaicos en Portugal - Enerland Energ\u00eda Renovable","isPartOf":{"@id":"https:\/\/www.enerlandgroup.com\/es\/#website"},"primaryImageOfPage":{"@id":"https:\/\/www.enerlandgroup.com\/es\/nuevos-proyectos-fotovoltaicos-portugal\/#primaryimage"},"image":{"@id":"https:\/\/www.enerlandgroup.com\/es\/nuevos-proyectos-fotovoltaicos-portugal\/#primaryimage"},"thumbnailUrl":"https:\/\/www.enerlandgroup.com\/wp-content\/uploads\/2020\/10\/Imagen_noticia_Nuevo_proyecto_colombiav2-min.png","datePublished":"2020-10-05T10:48:46+00:00","dateModified":"2022-03-30T09:50:23+00:00","description":"A trav\u00e9s de nuestra sede, contamos con dos nuevos proyectos fotovoltaicos en Portugal adjudicados a trav\u00e9s de una licitaci\u00f3n p\u00fablica.","breadcrumb":{"@id":"https:\/\/www.enerlandgroup.com\/es\/nuevos-proyectos-fotovoltaicos-portugal\/#breadcrumb"},"inLanguage":"es","potentialAction":[{"@type":"ReadAction","target":["https:\/\/www.enerlandgroup.com\/es\/nuevos-proyectos-fotovoltaicos-portugal\/"]}]},{"@type":"ImageObject","inLanguage":"es","@id":"https:\/\/www.enerlandgroup.com\/es\/nuevos-proyectos-fotovoltaicos-portugal\/#primaryimage","url":"https:\/\/www.enerlandgroup.com\/wp-content\/uploads\/2020\/10\/Imagen_noticia_Nuevo_proyecto_colombiav2-min.png","contentUrl":"https:\/\/www.enerlandgroup.com\/wp-content\/uploads\/2020\/10\/Imagen_noticia_Nuevo_proyecto_colombiav2-min.png","width":7792,"height":2917},{"@type":"BreadcrumbList","@id":"https:\/\/www.enerlandgroup.com\/es\/nuevos-proyectos-fotovoltaicos-portugal\/#breadcrumb","itemListElement":[{"@type":"ListItem","position":1,"name":"Inicio","item":"https:\/\/www.enerlandgroup.com\/es\/"},{"@type":"ListItem","position":2,"name":"Nuevos proyectos fotovoltaicos en Portugal"}]},{"@type":"WebSite","@id":"https:\/\/www.enerlandgroup.com\/es\/#website","url":"https:\/\/www.enerlandgroup.com\/es\/","name":"Enerland Energ\u00eda Renovable","description":"","publisher":{"@id":"https:\/\/www.enerlandgroup.com\/es\/#organization"},"potentialAction":[{"@type":"SearchAction","target":{"@type":"EntryPoint","urlTemplate":"https:\/\/www.enerlandgroup.com\/es\/?s={search_term_string}"},"query-input":{"@type":"PropertyValueSpecification","valueRequired":true,"valueName":"search_term_string"}}],"inLanguage":"es"},{"@type":"Organization","@id":"https:\/\/www.enerlandgroup.com\/es\/#organization","name":"Enerland Group","url":"https:\/\/www.enerlandgroup.com\/es\/","logo":{"@type":"ImageObject","inLanguage":"es","@id":"https:\/\/www.enerlandgroup.com\/es\/#\/schema\/logo\/image\/","url":"https:\/\/www.enerlandgroup.com\/wp-content\/uploads\/2021\/05\/Logo_Enerland.png","contentUrl":"https:\/\/www.enerlandgroup.com\/wp-content\/uploads\/2021\/05\/Logo_Enerland.png","width":184,"height":43,"caption":"Enerland Group"},"image":{"@id":"https:\/\/www.enerlandgroup.com\/es\/#\/schema\/logo\/image\/"},"sameAs":["https:\/\/www.linkedin.com\/company\/enerland-group\/","https:\/\/www.youtube.com\/channel\/UCjdInbThgaPa2_D34vRChmA"]},{"@type":"Person","@id":"https:\/\/www.enerlandgroup.com\/es\/#\/schema\/person\/20441025d4f2af3c77a3d2a4b69f35bf","name":"Ismael","image":{"@type":"ImageObject","inLanguage":"es","@id":"https:\/\/secure.gravatar.com\/avatar\/a3de8138268bab3c88b5aad189d1925778223716817315540684a3f504a7a223?s=96&d=mm&r=g","url":"https:\/\/secure.gravatar.com\/avatar\/a3de8138268bab3c88b5aad189d1925778223716817315540684a3f504a7a223?s=96&d=mm&r=g","contentUrl":"https:\/\/secure.gravatar.com\/avatar\/a3de8138268bab3c88b5aad189d1925778223716817315540684a3f504a7a223?s=96&d=mm&r=g","caption":"Ismael"},"url":"https:\/\/www.enerlandgroup.com\/es\/author\/it\/"}]}},"jetpack_featured_media_url":"https:\/\/www.enerlandgroup.com\/wp-content\/uploads\/2020\/10\/Imagen_noticia_Nuevo_proyecto_colombiav2-min.png","_links":{"self":[{"href":"https:\/\/www.enerlandgroup.com\/es\/wp-json\/wp\/v2\/posts\/5855","targetHints":{"allow":["GET"]}}],"collection":[{"href":"https:\/\/www.enerlandgroup.com\/es\/wp-json\/wp\/v2\/posts"}],"about":[{"href":"https:\/\/www.enerlandgroup.com\/es\/wp-json\/wp\/v2\/types\/post"}],"author":[{"embeddable":true,"href":"https:\/\/www.enerlandgroup.com\/es\/wp-json\/wp\/v2\/users\/10"}],"replies":[{"embeddable":true,"href":"https:\/\/www.enerlandgroup.com\/es\/wp-json\/wp\/v2\/comments?post=5855"}],"version-history":[{"count":11,"href":"https:\/\/www.enerlandgroup.com\/es\/wp-json\/wp\/v2\/posts\/5855\/revisions"}],"predecessor-version":[{"id":9290,"href":"https:\/\/www.enerlandgroup.com\/es\/wp-json\/wp\/v2\/posts\/5855\/revisions\/9290"}],"wp:featuredmedia":[{"embeddable":true,"href":"https:\/\/www.enerlandgroup.com\/es\/wp-json\/wp\/v2\/media\/5987"}],"wp:attachment":[{"href":"https:\/\/www.enerlandgroup.com\/es\/wp-json\/wp\/v2\/media?parent=5855"}],"wp:term":[{"taxonomy":"category","embeddable":true,"href":"https:\/\/www.enerlandgroup.com\/es\/wp-json\/wp\/v2\/categories?post=5855"},{"taxonomy":"post_tag","embeddable":true,"href":"https:\/\/www.enerlandgroup.com\/es\/wp-json\/wp\/v2\/tags?post=5855"}],"curies":[{"name":"wp","href":"https:\/\/api.w.org\/{rel}","templated":true}]}}