{"id":5837,"date":"2021-04-13T09:32:47","date_gmt":"2021-04-13T07:32:47","guid":{"rendered":"http:\/\/www.enerlandgroup.com\/?p=5837"},"modified":"2021-08-06T08:54:01","modified_gmt":"2021-08-06T06:54:01","slug":"nuevo-parque-fotovoltaico-en-colombia","status":"publish","type":"post","link":"https:\/\/www.enerlandgroup.com\/es\/nuevo-parque-fotovoltaico-en-colombia\/","title":{"rendered":"Nuevo parque fotovoltaico en Colombia"},"content":{"rendered":"<h2>En el d\u00eda de hoy estamos orgullosos de presentar nuestro nuevo parque fotovoltaico en Arjona, Bol\u00edvar. A trav\u00e9s del desarrollo realizado por nuestra sede Enerland Colombia, comienzan las obras de nuestra nueva instalaci\u00f3n solar en el pa\u00eds.<\/h2>\n<p>&nbsp;<\/p>\n<p>Este nuevo parque fotovoltaico en Colombia est\u00e1 destinado a verter la energ\u00eda en modalidad de autoconsumo. Ocupar\u00e1 una extensi\u00f3n de terreno de aproximadamente 13 hect\u00e1reas. Ubicado en la ciudad de Arjona, Bol\u00edvar, Colombia, esta instalaci\u00f3n realizada en suelo, generar\u00e1 una potencia de 5.5 MWp-4.5 MWac. Adem\u00e1s, producir\u00e1 una energ\u00eda media anual de 11.3 GWh. La instalaci\u00f3n cuenta con m\u00f3dulos Longi 450Wp, inversores Huawei y estructura de seguidores 2V Gonvarri.<\/p>\n<p>Este tipo de instalaciones permiten a nuestros clientes generar un considerable ahorro en su factura de la luz. Adem\u00e1s, contribuyen al desarrollo de las energ\u00edas renovables fomentando un futuro m\u00e1s sostenible. La energ\u00eda solar fotovoltaica evita la emisi\u00f3n de toneladas de CO2 a la atm\u00f3sfera en comparaci\u00f3n con la generaci\u00f3n de otros tipos de energ\u00eda as\u00ed como la emisi\u00f3n de contaminaci\u00f3n sonora. Concretamente, este nuevo parque fotovoltaico en Colombia contribuye a los objetivos establecidos por la <a href=\"https:\/\/www.un.org\/sustainabledevelopment\/es\/objetivos-de-desarrollo-sostenible\/\">ONU en su Agenda 2030.<\/a> Gracias a \u00e9l, se evita tanto la emisi\u00f3n de m\u00e1s de 38.600 toneladas de CO2 a la atm\u00f3sfera, como la <b>reducci\u00f3n en los costes de la luz<\/b>, que hacen que sea m\u00e1s asequible.<\/p>\n<p>Nuestra filial Enerland Colombia lleva operativa desde 2017. Durante este periodo de tiempo, se <a href=\"https:\/\/www.enerlandgroup.com\/proyectos\/\">han realizado numerosos proyectos fotovoltaicos<\/a> de desarrollo, construcci\u00f3n, operaci\u00f3n y mantenimiento en el pa\u00eds. Del mismo modo, se ha trabajado tanto en proyectos destinados al autoconsumo como en instalaciones solares destinadas a la venta de energ\u00eda a la red.<\/p>\n<p>Colombia, a nivel energ\u00e9tico, siempre hab\u00eda sido un <a href=\"http:\/\/www.laguiasolar.com\/energia-solar-en-colombia\/\">pa\u00eds cuya principal fuente de electricidad proven\u00eda de no renovables<\/a>. Con <a href=\"https:\/\/datosmacro.expansion.com\/paises\/colombia\">m\u00e1s de 50 millones de habitantes<\/a>, los <b>cambios clim\u00e1ticos y ambientales<\/b>, hacen que esta situaci\u00f3n no durase para siempre. A mediados del siglo pasado se empezaron a aplicar una <b>transici\u00f3n energ\u00e9tica<\/b> a <b>alternativas renovables<\/b> y limpias para el planeta para equilibrar esa balanza.<\/p>\n","protected":false},"excerpt":{"rendered":"<p>En el d\u00eda de hoy estamos orgullosos de presentar nuestro nuevo parque fotovoltaico en<\/p>\n","protected":false},"author":10,"featured_media":6004,"comment_status":"open","ping_status":"open","sticky":false,"template":"","format":"standard","meta":{"_et_pb_use_builder":"","_et_pb_old_content":"","_et_gb_content_width":"","footnotes":""},"categories":[22],"tags":[42,78],"class_list":["post-5837","post","type-post","status-publish","format-standard","has-post-thumbnail","hentry","category-proyectos-realizados","tag-colombia","tag-proyecto"],"yoast_head":"<!-- This site is optimized with the Yoast SEO plugin v27.4 - https:\/\/yoast.com\/product\/yoast-seo-wordpress\/ -->\n<title>Nuevo parque fotovoltaico en Colombia - Enerland Energ\u00eda Renovable<\/title>\n<meta name=\"description\" content=\"Este nuevo parque fotovoltaico en Colombia producir\u00e1 energ\u00eda destinada al autoconsumo y ocupar\u00e1 una extensi\u00f3n de 13 hect\u00e1reas ubicada en Arjona.\" \/>\n<meta name=\"robots\" content=\"index, follow, max-snippet:-1, max-image-preview:large, max-video-preview:-1\" \/>\n<link rel=\"canonical\" href=\"https:\/\/www.enerlandgroup.com\/es\/nuevo-parque-fotovoltaico-en-colombia\/\" \/>\n<meta property=\"og:locale\" content=\"es_ES\" \/>\n<meta property=\"og:type\" content=\"article\" \/>\n<meta property=\"og:title\" content=\"Nuevo parque fotovoltaico en Colombia - Enerland Energ\u00eda Renovable\" \/>\n<meta property=\"og:description\" content=\"Este nuevo parque fotovoltaico en Colombia producir\u00e1 energ\u00eda destinada al autoconsumo y ocupar\u00e1 una extensi\u00f3n de 13 hect\u00e1reas ubicada en Arjona.\" \/>\n<meta property=\"og:url\" content=\"https:\/\/www.enerlandgroup.com\/es\/nuevo-parque-fotovoltaico-en-colombia\/\" \/>\n<meta property=\"og:site_name\" content=\"Enerland Energ\u00eda Renovable\" \/>\n<meta property=\"article:published_time\" content=\"2021-04-13T07:32:47+00:00\" \/>\n<meta property=\"article:modified_time\" content=\"2021-08-06T06:54:01+00:00\" \/>\n<meta property=\"og:image\" content=\"https:\/\/www.enerlandgroup.com\/wp-content\/uploads\/2021\/04\/Imagen_noticia_Nuevo_proyecto_mexico_Mesa-de-trabajo-1-01-scaled.jpg\" \/>\n\t<meta property=\"og:image:width\" content=\"2560\" \/>\n\t<meta property=\"og:image:height\" content=\"958\" \/>\n\t<meta property=\"og:image:type\" content=\"image\/jpeg\" \/>\n<meta name=\"author\" content=\"Ismael\" \/>\n<meta name=\"twitter:card\" content=\"summary_large_image\" \/>\n<script type=\"application\/ld+json\" class=\"yoast-schema-graph\">{\"@context\":\"https:\\\/\\\/schema.org\",\"@graph\":[{\"@type\":\"Article\",\"@id\":\"https:\\\/\\\/www.enerlandgroup.com\\\/es\\\/nuevo-parque-fotovoltaico-en-colombia\\\/#article\",\"isPartOf\":{\"@id\":\"https:\\\/\\\/www.enerlandgroup.com\\\/es\\\/nuevo-parque-fotovoltaico-en-colombia\\\/\"},\"author\":{\"name\":\"Ismael\",\"@id\":\"https:\\\/\\\/www.enerlandgroup.com\\\/es\\\/#\\\/schema\\\/person\\\/20441025d4f2af3c77a3d2a4b69f35bf\"},\"headline\":\"Nuevo parque fotovoltaico en Colombia\",\"datePublished\":\"2021-04-13T07:32:47+00:00\",\"dateModified\":\"2021-08-06T06:54:01+00:00\",\"mainEntityOfPage\":{\"@id\":\"https:\\\/\\\/www.enerlandgroup.com\\\/es\\\/nuevo-parque-fotovoltaico-en-colombia\\\/\"},\"wordCount\":377,\"commentCount\":0,\"publisher\":{\"@id\":\"https:\\\/\\\/www.enerlandgroup.com\\\/es\\\/#organization\"},\"image\":{\"@id\":\"https:\\\/\\\/www.enerlandgroup.com\\\/es\\\/nuevo-parque-fotovoltaico-en-colombia\\\/#primaryimage\"},\"thumbnailUrl\":\"https:\\\/\\\/www.enerlandgroup.com\\\/wp-content\\\/uploads\\\/2021\\\/04\\\/Imagen_noticia_Nuevo_proyecto_mexico_Mesa-de-trabajo-1-01-scaled.jpg\",\"keywords\":[\"Colombia\",\"proyecto\"],\"articleSection\":[\"Proyectos Realizados\"],\"inLanguage\":\"es\",\"potentialAction\":[{\"@type\":\"CommentAction\",\"name\":\"Comment\",\"target\":[\"https:\\\/\\\/www.enerlandgroup.com\\\/es\\\/nuevo-parque-fotovoltaico-en-colombia\\\/#respond\"]}]},{\"@type\":[\"WebPage\",\"ItemPage\"],\"@id\":\"https:\\\/\\\/www.enerlandgroup.com\\\/es\\\/nuevo-parque-fotovoltaico-en-colombia\\\/\",\"url\":\"https:\\\/\\\/www.enerlandgroup.com\\\/es\\\/nuevo-parque-fotovoltaico-en-colombia\\\/\",\"name\":\"Nuevo parque fotovoltaico en Colombia - Enerland Energ\u00eda Renovable\",\"isPartOf\":{\"@id\":\"https:\\\/\\\/www.enerlandgroup.com\\\/es\\\/#website\"},\"primaryImageOfPage\":{\"@id\":\"https:\\\/\\\/www.enerlandgroup.com\\\/es\\\/nuevo-parque-fotovoltaico-en-colombia\\\/#primaryimage\"},\"image\":{\"@id\":\"https:\\\/\\\/www.enerlandgroup.com\\\/es\\\/nuevo-parque-fotovoltaico-en-colombia\\\/#primaryimage\"},\"thumbnailUrl\":\"https:\\\/\\\/www.enerlandgroup.com\\\/wp-content\\\/uploads\\\/2021\\\/04\\\/Imagen_noticia_Nuevo_proyecto_mexico_Mesa-de-trabajo-1-01-scaled.jpg\",\"datePublished\":\"2021-04-13T07:32:47+00:00\",\"dateModified\":\"2021-08-06T06:54:01+00:00\",\"description\":\"Este nuevo parque fotovoltaico en Colombia producir\u00e1 energ\u00eda destinada al autoconsumo y ocupar\u00e1 una extensi\u00f3n de 13 hect\u00e1reas ubicada en Arjona.\",\"breadcrumb\":{\"@id\":\"https:\\\/\\\/www.enerlandgroup.com\\\/es\\\/nuevo-parque-fotovoltaico-en-colombia\\\/#breadcrumb\"},\"inLanguage\":\"es\",\"potentialAction\":[{\"@type\":\"ReadAction\",\"target\":[\"https:\\\/\\\/www.enerlandgroup.com\\\/es\\\/nuevo-parque-fotovoltaico-en-colombia\\\/\"]}]},{\"@type\":\"ImageObject\",\"inLanguage\":\"es\",\"@id\":\"https:\\\/\\\/www.enerlandgroup.com\\\/es\\\/nuevo-parque-fotovoltaico-en-colombia\\\/#primaryimage\",\"url\":\"https:\\\/\\\/www.enerlandgroup.com\\\/wp-content\\\/uploads\\\/2021\\\/04\\\/Imagen_noticia_Nuevo_proyecto_mexico_Mesa-de-trabajo-1-01-scaled.jpg\",\"contentUrl\":\"https:\\\/\\\/www.enerlandgroup.com\\\/wp-content\\\/uploads\\\/2021\\\/04\\\/Imagen_noticia_Nuevo_proyecto_mexico_Mesa-de-trabajo-1-01-scaled.jpg\",\"width\":2560,\"height\":958},{\"@type\":\"BreadcrumbList\",\"@id\":\"https:\\\/\\\/www.enerlandgroup.com\\\/es\\\/nuevo-parque-fotovoltaico-en-colombia\\\/#breadcrumb\",\"itemListElement\":[{\"@type\":\"ListItem\",\"position\":1,\"name\":\"Inicio\",\"item\":\"https:\\\/\\\/www.enerlandgroup.com\\\/es\\\/\"},{\"@type\":\"ListItem\",\"position\":2,\"name\":\"Nuevo parque fotovoltaico en Colombia\"}]},{\"@type\":\"WebSite\",\"@id\":\"https:\\\/\\\/www.enerlandgroup.com\\\/es\\\/#website\",\"url\":\"https:\\\/\\\/www.enerlandgroup.com\\\/es\\\/\",\"name\":\"Enerland Energ\u00eda Renovable\",\"description\":\"\",\"publisher\":{\"@id\":\"https:\\\/\\\/www.enerlandgroup.com\\\/es\\\/#organization\"},\"potentialAction\":[{\"@type\":\"SearchAction\",\"target\":{\"@type\":\"EntryPoint\",\"urlTemplate\":\"https:\\\/\\\/www.enerlandgroup.com\\\/es\\\/?s={search_term_string}\"},\"query-input\":{\"@type\":\"PropertyValueSpecification\",\"valueRequired\":true,\"valueName\":\"search_term_string\"}}],\"inLanguage\":\"es\"},{\"@type\":\"Organization\",\"@id\":\"https:\\\/\\\/www.enerlandgroup.com\\\/es\\\/#organization\",\"name\":\"Enerland Group\",\"url\":\"https:\\\/\\\/www.enerlandgroup.com\\\/es\\\/\",\"logo\":{\"@type\":\"ImageObject\",\"inLanguage\":\"es\",\"@id\":\"https:\\\/\\\/www.enerlandgroup.com\\\/es\\\/#\\\/schema\\\/logo\\\/image\\\/\",\"url\":\"https:\\\/\\\/www.enerlandgroup.com\\\/wp-content\\\/uploads\\\/2021\\\/05\\\/Logo_Enerland.png\",\"contentUrl\":\"https:\\\/\\\/www.enerlandgroup.com\\\/wp-content\\\/uploads\\\/2021\\\/05\\\/Logo_Enerland.png\",\"width\":184,\"height\":43,\"caption\":\"Enerland Group\"},\"image\":{\"@id\":\"https:\\\/\\\/www.enerlandgroup.com\\\/es\\\/#\\\/schema\\\/logo\\\/image\\\/\"},\"sameAs\":[\"https:\\\/\\\/www.linkedin.com\\\/company\\\/enerland-group\\\/\",\"https:\\\/\\\/www.youtube.com\\\/channel\\\/UCjdInbThgaPa2_D34vRChmA\"]},{\"@type\":\"Person\",\"@id\":\"https:\\\/\\\/www.enerlandgroup.com\\\/es\\\/#\\\/schema\\\/person\\\/20441025d4f2af3c77a3d2a4b69f35bf\",\"name\":\"Ismael\",\"image\":{\"@type\":\"ImageObject\",\"inLanguage\":\"es\",\"@id\":\"https:\\\/\\\/secure.gravatar.com\\\/avatar\\\/a3de8138268bab3c88b5aad189d1925778223716817315540684a3f504a7a223?s=96&d=mm&r=g\",\"url\":\"https:\\\/\\\/secure.gravatar.com\\\/avatar\\\/a3de8138268bab3c88b5aad189d1925778223716817315540684a3f504a7a223?s=96&d=mm&r=g\",\"contentUrl\":\"https:\\\/\\\/secure.gravatar.com\\\/avatar\\\/a3de8138268bab3c88b5aad189d1925778223716817315540684a3f504a7a223?s=96&d=mm&r=g\",\"caption\":\"Ismael\"},\"url\":\"https:\\\/\\\/www.enerlandgroup.com\\\/es\\\/author\\\/it\\\/\"}]}<\/script>\n<!-- \/ Yoast SEO plugin. -->","yoast_head_json":{"title":"Nuevo parque fotovoltaico en Colombia - Enerland Energ\u00eda Renovable","description":"Este nuevo parque fotovoltaico en Colombia producir\u00e1 energ\u00eda destinada al autoconsumo y ocupar\u00e1 una extensi\u00f3n de 13 hect\u00e1reas ubicada en Arjona.","robots":{"index":"index","follow":"follow","max-snippet":"max-snippet:-1","max-image-preview":"max-image-preview:large","max-video-preview":"max-video-preview:-1"},"canonical":"https:\/\/www.enerlandgroup.com\/es\/nuevo-parque-fotovoltaico-en-colombia\/","og_locale":"es_ES","og_type":"article","og_title":"Nuevo parque fotovoltaico en Colombia - Enerland Energ\u00eda Renovable","og_description":"Este nuevo parque fotovoltaico en Colombia producir\u00e1 energ\u00eda destinada al autoconsumo y ocupar\u00e1 una extensi\u00f3n de 13 hect\u00e1reas ubicada en Arjona.","og_url":"https:\/\/www.enerlandgroup.com\/es\/nuevo-parque-fotovoltaico-en-colombia\/","og_site_name":"Enerland Energ\u00eda Renovable","article_published_time":"2021-04-13T07:32:47+00:00","article_modified_time":"2021-08-06T06:54:01+00:00","og_image":[{"width":2560,"height":958,"url":"https:\/\/www.enerlandgroup.com\/wp-content\/uploads\/2021\/04\/Imagen_noticia_Nuevo_proyecto_mexico_Mesa-de-trabajo-1-01-scaled.jpg","type":"image\/jpeg"}],"author":"Ismael","twitter_card":"summary_large_image","schema":{"@context":"https:\/\/schema.org","@graph":[{"@type":"Article","@id":"https:\/\/www.enerlandgroup.com\/es\/nuevo-parque-fotovoltaico-en-colombia\/#article","isPartOf":{"@id":"https:\/\/www.enerlandgroup.com\/es\/nuevo-parque-fotovoltaico-en-colombia\/"},"author":{"name":"Ismael","@id":"https:\/\/www.enerlandgroup.com\/es\/#\/schema\/person\/20441025d4f2af3c77a3d2a4b69f35bf"},"headline":"Nuevo parque fotovoltaico en Colombia","datePublished":"2021-04-13T07:32:47+00:00","dateModified":"2021-08-06T06:54:01+00:00","mainEntityOfPage":{"@id":"https:\/\/www.enerlandgroup.com\/es\/nuevo-parque-fotovoltaico-en-colombia\/"},"wordCount":377,"commentCount":0,"publisher":{"@id":"https:\/\/www.enerlandgroup.com\/es\/#organization"},"image":{"@id":"https:\/\/www.enerlandgroup.com\/es\/nuevo-parque-fotovoltaico-en-colombia\/#primaryimage"},"thumbnailUrl":"https:\/\/www.enerlandgroup.com\/wp-content\/uploads\/2021\/04\/Imagen_noticia_Nuevo_proyecto_mexico_Mesa-de-trabajo-1-01-scaled.jpg","keywords":["Colombia","proyecto"],"articleSection":["Proyectos Realizados"],"inLanguage":"es","potentialAction":[{"@type":"CommentAction","name":"Comment","target":["https:\/\/www.enerlandgroup.com\/es\/nuevo-parque-fotovoltaico-en-colombia\/#respond"]}]},{"@type":["WebPage","ItemPage"],"@id":"https:\/\/www.enerlandgroup.com\/es\/nuevo-parque-fotovoltaico-en-colombia\/","url":"https:\/\/www.enerlandgroup.com\/es\/nuevo-parque-fotovoltaico-en-colombia\/","name":"Nuevo parque fotovoltaico en Colombia - Enerland Energ\u00eda Renovable","isPartOf":{"@id":"https:\/\/www.enerlandgroup.com\/es\/#website"},"primaryImageOfPage":{"@id":"https:\/\/www.enerlandgroup.com\/es\/nuevo-parque-fotovoltaico-en-colombia\/#primaryimage"},"image":{"@id":"https:\/\/www.enerlandgroup.com\/es\/nuevo-parque-fotovoltaico-en-colombia\/#primaryimage"},"thumbnailUrl":"https:\/\/www.enerlandgroup.com\/wp-content\/uploads\/2021\/04\/Imagen_noticia_Nuevo_proyecto_mexico_Mesa-de-trabajo-1-01-scaled.jpg","datePublished":"2021-04-13T07:32:47+00:00","dateModified":"2021-08-06T06:54:01+00:00","description":"Este nuevo parque fotovoltaico en Colombia producir\u00e1 energ\u00eda destinada al autoconsumo y ocupar\u00e1 una extensi\u00f3n de 13 hect\u00e1reas ubicada en Arjona.","breadcrumb":{"@id":"https:\/\/www.enerlandgroup.com\/es\/nuevo-parque-fotovoltaico-en-colombia\/#breadcrumb"},"inLanguage":"es","potentialAction":[{"@type":"ReadAction","target":["https:\/\/www.enerlandgroup.com\/es\/nuevo-parque-fotovoltaico-en-colombia\/"]}]},{"@type":"ImageObject","inLanguage":"es","@id":"https:\/\/www.enerlandgroup.com\/es\/nuevo-parque-fotovoltaico-en-colombia\/#primaryimage","url":"https:\/\/www.enerlandgroup.com\/wp-content\/uploads\/2021\/04\/Imagen_noticia_Nuevo_proyecto_mexico_Mesa-de-trabajo-1-01-scaled.jpg","contentUrl":"https:\/\/www.enerlandgroup.com\/wp-content\/uploads\/2021\/04\/Imagen_noticia_Nuevo_proyecto_mexico_Mesa-de-trabajo-1-01-scaled.jpg","width":2560,"height":958},{"@type":"BreadcrumbList","@id":"https:\/\/www.enerlandgroup.com\/es\/nuevo-parque-fotovoltaico-en-colombia\/#breadcrumb","itemListElement":[{"@type":"ListItem","position":1,"name":"Inicio","item":"https:\/\/www.enerlandgroup.com\/es\/"},{"@type":"ListItem","position":2,"name":"Nuevo parque fotovoltaico en Colombia"}]},{"@type":"WebSite","@id":"https:\/\/www.enerlandgroup.com\/es\/#website","url":"https:\/\/www.enerlandgroup.com\/es\/","name":"Enerland Energ\u00eda Renovable","description":"","publisher":{"@id":"https:\/\/www.enerlandgroup.com\/es\/#organization"},"potentialAction":[{"@type":"SearchAction","target":{"@type":"EntryPoint","urlTemplate":"https:\/\/www.enerlandgroup.com\/es\/?s={search_term_string}"},"query-input":{"@type":"PropertyValueSpecification","valueRequired":true,"valueName":"search_term_string"}}],"inLanguage":"es"},{"@type":"Organization","@id":"https:\/\/www.enerlandgroup.com\/es\/#organization","name":"Enerland Group","url":"https:\/\/www.enerlandgroup.com\/es\/","logo":{"@type":"ImageObject","inLanguage":"es","@id":"https:\/\/www.enerlandgroup.com\/es\/#\/schema\/logo\/image\/","url":"https:\/\/www.enerlandgroup.com\/wp-content\/uploads\/2021\/05\/Logo_Enerland.png","contentUrl":"https:\/\/www.enerlandgroup.com\/wp-content\/uploads\/2021\/05\/Logo_Enerland.png","width":184,"height":43,"caption":"Enerland Group"},"image":{"@id":"https:\/\/www.enerlandgroup.com\/es\/#\/schema\/logo\/image\/"},"sameAs":["https:\/\/www.linkedin.com\/company\/enerland-group\/","https:\/\/www.youtube.com\/channel\/UCjdInbThgaPa2_D34vRChmA"]},{"@type":"Person","@id":"https:\/\/www.enerlandgroup.com\/es\/#\/schema\/person\/20441025d4f2af3c77a3d2a4b69f35bf","name":"Ismael","image":{"@type":"ImageObject","inLanguage":"es","@id":"https:\/\/secure.gravatar.com\/avatar\/a3de8138268bab3c88b5aad189d1925778223716817315540684a3f504a7a223?s=96&d=mm&r=g","url":"https:\/\/secure.gravatar.com\/avatar\/a3de8138268bab3c88b5aad189d1925778223716817315540684a3f504a7a223?s=96&d=mm&r=g","contentUrl":"https:\/\/secure.gravatar.com\/avatar\/a3de8138268bab3c88b5aad189d1925778223716817315540684a3f504a7a223?s=96&d=mm&r=g","caption":"Ismael"},"url":"https:\/\/www.enerlandgroup.com\/es\/author\/it\/"}]}},"jetpack_featured_media_url":"https:\/\/www.enerlandgroup.com\/wp-content\/uploads\/2021\/04\/Imagen_noticia_Nuevo_proyecto_mexico_Mesa-de-trabajo-1-01-scaled.jpg","_links":{"self":[{"href":"https:\/\/www.enerlandgroup.com\/es\/wp-json\/wp\/v2\/posts\/5837","targetHints":{"allow":["GET"]}}],"collection":[{"href":"https:\/\/www.enerlandgroup.com\/es\/wp-json\/wp\/v2\/posts"}],"about":[{"href":"https:\/\/www.enerlandgroup.com\/es\/wp-json\/wp\/v2\/types\/post"}],"author":[{"embeddable":true,"href":"https:\/\/www.enerlandgroup.com\/es\/wp-json\/wp\/v2\/users\/10"}],"replies":[{"embeddable":true,"href":"https:\/\/www.enerlandgroup.com\/es\/wp-json\/wp\/v2\/comments?post=5837"}],"version-history":[{"count":5,"href":"https:\/\/www.enerlandgroup.com\/es\/wp-json\/wp\/v2\/posts\/5837\/revisions"}],"predecessor-version":[{"id":6026,"href":"https:\/\/www.enerlandgroup.com\/es\/wp-json\/wp\/v2\/posts\/5837\/revisions\/6026"}],"wp:featuredmedia":[{"embeddable":true,"href":"https:\/\/www.enerlandgroup.com\/es\/wp-json\/wp\/v2\/media\/6004"}],"wp:attachment":[{"href":"https:\/\/www.enerlandgroup.com\/es\/wp-json\/wp\/v2\/media?parent=5837"}],"wp:term":[{"taxonomy":"category","embeddable":true,"href":"https:\/\/www.enerlandgroup.com\/es\/wp-json\/wp\/v2\/categories?post=5837"},{"taxonomy":"post_tag","embeddable":true,"href":"https:\/\/www.enerlandgroup.com\/es\/wp-json\/wp\/v2\/tags?post=5837"}],"curies":[{"name":"wp","href":"https:\/\/api.w.org\/{rel}","templated":true}]}}