{"id":27085,"date":"2026-01-22T08:05:26","date_gmt":"2026-01-22T07:05:26","guid":{"rendered":"https:\/\/www.enerlandgroup.com\/?p=27085"},"modified":"2026-01-22T08:05:26","modified_gmt":"2026-01-22T07:05:26","slug":"planta-solar-lamitech-impulsando-la-transicion-energetica-en-colombia","status":"publish","type":"post","link":"https:\/\/www.enerlandgroup.com\/es\/planta-solar-lamitech-impulsando-la-transicion-energetica-en-colombia\/","title":{"rendered":"Planta Solar Lamitech: impulsando la transici\u00f3n energ\u00e9tica en Cartagena de Indias"},"content":{"rendered":"<h2>Desde Enerland Group tenemos el placer de presentar la Planta Solar Lamitech, un proyecto de autoconsumo fotovoltaico que hemos realizado para la empresa Lamitech, fabricante y comercializador de laminados de alta presi\u00f3n, en alianza con Promigas y Surtigas, dos empresas clave en el sector energ\u00e9tico colombiano de gas natural.<\/h2>\n<p data-start=\"508\" data-end=\"1052\">La Planta Solar Lamitech cuenta con una potencia instalada de 2,3 MWp, dise\u00f1ada para contribuir de forma significativa a la reducci\u00f3n del consumo energ\u00e9tico convencional de la compa\u00f1\u00eda colombiana y a la disminuci\u00f3n de su huella de carbono. El proyecto, ejecutado en un plazo de seis meses por nuestro equipo de Colombia, durante los cuales han participado 115 empleados directos e indirectos, reflejan no solo la envergadura t\u00e9cnica de la instalaci\u00f3n, sino tambi\u00e9n su impacto positivo en la generaci\u00f3n de empleo y en la dinamizaci\u00f3n de la econom\u00eda local.<\/p>\n<p data-start=\"1054\" data-end=\"1530\">La planta ocupa una superficie total de 22.000 metros cuadrados y est\u00e1 compuesta por 3.711 m\u00f3dulos fotovoltaicos, cuidadosamente distribuidos para maximizar la captaci\u00f3n de energ\u00eda solar y garantizar un rendimiento \u00f3ptimo en las condiciones clim\u00e1ticas de la zona. Gracias a esta infraestructura, Enerland ha apoyado a Lamitech,\u00a0en alianza con Promigas y <a href=\"https:\/\/www.enerlandgroup.com\/es\/finaliza-la-construccion-de-los-parques-fotovoltaicos-la-tolua-y-tierra-linda\/\">Surtigas<\/a>,\u00a0en su paso firme hacia un modelo energ\u00e9tico m\u00e1s sostenible, alineado con las tendencias globales de eficiencia y responsabilidad ambiental en el sector industrial.<\/p>\n<h3 data-start=\"1054\" data-end=\"1530\">Enerland Group y el autoconsumo<\/h3>\n<p data-start=\"1532\" data-end=\"1988\">En Enerland Group llevamos m\u00e1s de 15 a\u00f1os ejecutando instalaciones fotovoltaicas sobre cubiertas y superficies industriales y comerciales (parques sobre suelo de autoconsumo) a nivel nacional e internacional, adaptando cada proyecto a las necesidades espec\u00edficas de nuestros clientes.<\/p>\n<p data-start=\"1990\" data-end=\"2492\">En este contexto naci\u00f3 Monticell, nuestra marca especializada en este tipo de soluciones. Lanzada por la compa\u00f1\u00eda matriz en Espa\u00f1a en 2021, <a href=\"https:\/\/www.monticell.es\/\">Monticell<\/a> opera desde entonces \u00fanicamente en el mercado espa\u00f1ol con proyectos energ\u00e9ticos eficientes, fiables y orientadas a la descarbonizaci\u00f3n del tejido empresarial del pa\u00eds.<\/p>\n<p data-start=\"2494\" data-end=\"2810\" data-is-last-node=\"\" data-is-only-node=\"\">\u00abCon esta nueva instalaci\u00f3n en Colombia, reafirmamos nuestro compromiso con la transici\u00f3n energ\u00e9tica global y con el acompa\u00f1amiento a empresas que apuestan por un futuro m\u00e1s sostenible. Seguimos avanzando, convencidos de que la energ\u00eda solar es una pieza clave para el desarrollo industrial responsable y competitivo\u00bb, a\u00f1ade Brayan Bernal \u2013 Project Manager de Enerland Group Colombia.<\/p>\n","protected":false},"excerpt":{"rendered":"<p>Desde Enerland Group tenemos el placer de presentar la Planta Solar Lamitech, un proyecto<\/p>\n","protected":false},"author":11,"featured_media":27137,"comment_status":"open","ping_status":"open","sticky":false,"template":"","format":"standard","meta":{"_et_pb_use_builder":"","_et_pb_old_content":"","_et_gb_content_width":"","footnotes":""},"categories":[1,161,22],"tags":[],"class_list":["post-27085","post","type-post","status-publish","format-standard","has-post-thumbnail","hentry","category-actualidad","category-noticias","category-proyectos-realizados"],"yoast_head":"<!-- This site is optimized with the Yoast SEO plugin v27.4 - https:\/\/yoast.com\/product\/yoast-seo-wordpress\/ -->\n<title>Planta Solar Lamitech: impulsando la transici\u00f3n energ\u00e9tica en Cartagena de Indias - Enerland Energ\u00eda Renovable<\/title>\n<meta name=\"description\" content=\"Desde Enerland Group tenemos el placer de presentar la Planta Solar Lamitech, un proyecto de autoconsumo fotovoltaico de 2,3 MWp.\" \/>\n<meta name=\"robots\" content=\"index, follow, max-snippet:-1, max-image-preview:large, max-video-preview:-1\" \/>\n<link rel=\"canonical\" href=\"https:\/\/www.enerlandgroup.com\/es\/planta-solar-lamitech-impulsando-la-transicion-energetica-en-colombia\/\" \/>\n<meta property=\"og:locale\" content=\"es_ES\" \/>\n<meta property=\"og:type\" content=\"article\" \/>\n<meta property=\"og:title\" content=\"Planta Solar Lamitech: impulsando la transici\u00f3n energ\u00e9tica en Cartagena de Indias - Enerland Energ\u00eda Renovable\" \/>\n<meta property=\"og:description\" content=\"Desde Enerland Group tenemos el placer de presentar la Planta Solar Lamitech, un proyecto de autoconsumo fotovoltaico de 2,3 MWp.\" \/>\n<meta property=\"og:url\" content=\"https:\/\/www.enerlandgroup.com\/es\/planta-solar-lamitech-impulsando-la-transicion-energetica-en-colombia\/\" \/>\n<meta property=\"og:site_name\" content=\"Enerland Energ\u00eda Renovable\" \/>\n<meta property=\"article:published_time\" content=\"2026-01-22T07:05:26+00:00\" \/>\n<meta property=\"og:image\" content=\"https:\/\/www.enerlandgroup.com\/wp-content\/uploads\/2026\/01\/Planta-Solar-Lamitech.jpg\" \/>\n\t<meta property=\"og:image:width\" content=\"1870\" \/>\n\t<meta property=\"og:image:height\" content=\"700\" \/>\n\t<meta property=\"og:image:type\" content=\"image\/jpeg\" \/>\n<meta name=\"author\" content=\"Ana\" \/>\n<meta name=\"twitter:card\" content=\"summary_large_image\" \/>\n<script type=\"application\/ld+json\" class=\"yoast-schema-graph\">{\"@context\":\"https:\\\/\\\/schema.org\",\"@graph\":[{\"@type\":\"Article\",\"@id\":\"https:\\\/\\\/www.enerlandgroup.com\\\/es\\\/planta-solar-lamitech-impulsando-la-transicion-energetica-en-colombia\\\/#article\",\"isPartOf\":{\"@id\":\"https:\\\/\\\/www.enerlandgroup.com\\\/es\\\/planta-solar-lamitech-impulsando-la-transicion-energetica-en-colombia\\\/\"},\"author\":{\"name\":\"Ana\",\"@id\":\"https:\\\/\\\/www.enerlandgroup.com\\\/es\\\/#\\\/schema\\\/person\\\/ff4846e816b3f94eb665e1da0854e1b8\"},\"headline\":\"Planta Solar Lamitech: impulsando la transici\u00f3n energ\u00e9tica en Cartagena de Indias\",\"datePublished\":\"2026-01-22T07:05:26+00:00\",\"mainEntityOfPage\":{\"@id\":\"https:\\\/\\\/www.enerlandgroup.com\\\/es\\\/planta-solar-lamitech-impulsando-la-transicion-energetica-en-colombia\\\/\"},\"wordCount\":401,\"commentCount\":0,\"publisher\":{\"@id\":\"https:\\\/\\\/www.enerlandgroup.com\\\/es\\\/#organization\"},\"image\":{\"@id\":\"https:\\\/\\\/www.enerlandgroup.com\\\/es\\\/planta-solar-lamitech-impulsando-la-transicion-energetica-en-colombia\\\/#primaryimage\"},\"thumbnailUrl\":\"https:\\\/\\\/www.enerlandgroup.com\\\/wp-content\\\/uploads\\\/2026\\\/01\\\/Planta-Solar-Lamitech.jpg\",\"articleSection\":[\"Actualidad\",\"Noticias\",\"Proyectos Realizados\"],\"inLanguage\":\"es\",\"potentialAction\":[{\"@type\":\"CommentAction\",\"name\":\"Comment\",\"target\":[\"https:\\\/\\\/www.enerlandgroup.com\\\/es\\\/planta-solar-lamitech-impulsando-la-transicion-energetica-en-colombia\\\/#respond\"]}]},{\"@type\":[\"WebPage\",\"ItemPage\"],\"@id\":\"https:\\\/\\\/www.enerlandgroup.com\\\/es\\\/planta-solar-lamitech-impulsando-la-transicion-energetica-en-colombia\\\/\",\"url\":\"https:\\\/\\\/www.enerlandgroup.com\\\/es\\\/planta-solar-lamitech-impulsando-la-transicion-energetica-en-colombia\\\/\",\"name\":\"Planta Solar Lamitech: impulsando la transici\u00f3n energ\u00e9tica en Cartagena de Indias - Enerland Energ\u00eda Renovable\",\"isPartOf\":{\"@id\":\"https:\\\/\\\/www.enerlandgroup.com\\\/es\\\/#website\"},\"primaryImageOfPage\":{\"@id\":\"https:\\\/\\\/www.enerlandgroup.com\\\/es\\\/planta-solar-lamitech-impulsando-la-transicion-energetica-en-colombia\\\/#primaryimage\"},\"image\":{\"@id\":\"https:\\\/\\\/www.enerlandgroup.com\\\/es\\\/planta-solar-lamitech-impulsando-la-transicion-energetica-en-colombia\\\/#primaryimage\"},\"thumbnailUrl\":\"https:\\\/\\\/www.enerlandgroup.com\\\/wp-content\\\/uploads\\\/2026\\\/01\\\/Planta-Solar-Lamitech.jpg\",\"datePublished\":\"2026-01-22T07:05:26+00:00\",\"description\":\"Desde Enerland Group tenemos el placer de presentar la Planta Solar Lamitech, un proyecto de autoconsumo fotovoltaico de 2,3 MWp.\",\"breadcrumb\":{\"@id\":\"https:\\\/\\\/www.enerlandgroup.com\\\/es\\\/planta-solar-lamitech-impulsando-la-transicion-energetica-en-colombia\\\/#breadcrumb\"},\"inLanguage\":\"es\",\"potentialAction\":[{\"@type\":\"ReadAction\",\"target\":[\"https:\\\/\\\/www.enerlandgroup.com\\\/es\\\/planta-solar-lamitech-impulsando-la-transicion-energetica-en-colombia\\\/\"]}]},{\"@type\":\"ImageObject\",\"inLanguage\":\"es\",\"@id\":\"https:\\\/\\\/www.enerlandgroup.com\\\/es\\\/planta-solar-lamitech-impulsando-la-transicion-energetica-en-colombia\\\/#primaryimage\",\"url\":\"https:\\\/\\\/www.enerlandgroup.com\\\/wp-content\\\/uploads\\\/2026\\\/01\\\/Planta-Solar-Lamitech.jpg\",\"contentUrl\":\"https:\\\/\\\/www.enerlandgroup.com\\\/wp-content\\\/uploads\\\/2026\\\/01\\\/Planta-Solar-Lamitech.jpg\",\"width\":1870,\"height\":700,\"caption\":\"Planta Solar Lamitech\"},{\"@type\":\"BreadcrumbList\",\"@id\":\"https:\\\/\\\/www.enerlandgroup.com\\\/es\\\/planta-solar-lamitech-impulsando-la-transicion-energetica-en-colombia\\\/#breadcrumb\",\"itemListElement\":[{\"@type\":\"ListItem\",\"position\":1,\"name\":\"Inicio\",\"item\":\"https:\\\/\\\/www.enerlandgroup.com\\\/es\\\/\"},{\"@type\":\"ListItem\",\"position\":2,\"name\":\"Planta Solar Lamitech: impulsando la transici\u00f3n energ\u00e9tica en Cartagena de Indias\"}]},{\"@type\":\"WebSite\",\"@id\":\"https:\\\/\\\/www.enerlandgroup.com\\\/es\\\/#website\",\"url\":\"https:\\\/\\\/www.enerlandgroup.com\\\/es\\\/\",\"name\":\"Enerland Energ\u00eda Renovable\",\"description\":\"\",\"publisher\":{\"@id\":\"https:\\\/\\\/www.enerlandgroup.com\\\/es\\\/#organization\"},\"potentialAction\":[{\"@type\":\"SearchAction\",\"target\":{\"@type\":\"EntryPoint\",\"urlTemplate\":\"https:\\\/\\\/www.enerlandgroup.com\\\/es\\\/?s={search_term_string}\"},\"query-input\":{\"@type\":\"PropertyValueSpecification\",\"valueRequired\":true,\"valueName\":\"search_term_string\"}}],\"inLanguage\":\"es\"},{\"@type\":\"Organization\",\"@id\":\"https:\\\/\\\/www.enerlandgroup.com\\\/es\\\/#organization\",\"name\":\"Enerland Group\",\"url\":\"https:\\\/\\\/www.enerlandgroup.com\\\/es\\\/\",\"logo\":{\"@type\":\"ImageObject\",\"inLanguage\":\"es\",\"@id\":\"https:\\\/\\\/www.enerlandgroup.com\\\/es\\\/#\\\/schema\\\/logo\\\/image\\\/\",\"url\":\"https:\\\/\\\/www.enerlandgroup.com\\\/wp-content\\\/uploads\\\/2021\\\/05\\\/Logo_Enerland.png\",\"contentUrl\":\"https:\\\/\\\/www.enerlandgroup.com\\\/wp-content\\\/uploads\\\/2021\\\/05\\\/Logo_Enerland.png\",\"width\":184,\"height\":43,\"caption\":\"Enerland Group\"},\"image\":{\"@id\":\"https:\\\/\\\/www.enerlandgroup.com\\\/es\\\/#\\\/schema\\\/logo\\\/image\\\/\"},\"sameAs\":[\"https:\\\/\\\/www.linkedin.com\\\/company\\\/enerland-group\\\/\",\"https:\\\/\\\/www.youtube.com\\\/channel\\\/UCjdInbThgaPa2_D34vRChmA\"]},{\"@type\":\"Person\",\"@id\":\"https:\\\/\\\/www.enerlandgroup.com\\\/es\\\/#\\\/schema\\\/person\\\/ff4846e816b3f94eb665e1da0854e1b8\",\"name\":\"Ana\",\"image\":{\"@type\":\"ImageObject\",\"inLanguage\":\"es\",\"@id\":\"https:\\\/\\\/secure.gravatar.com\\\/avatar\\\/495e8a53709541de9036eb34e07c65eacd114aba52461487df6099dee02e64f1?s=96&d=mm&r=g\",\"url\":\"https:\\\/\\\/secure.gravatar.com\\\/avatar\\\/495e8a53709541de9036eb34e07c65eacd114aba52461487df6099dee02e64f1?s=96&d=mm&r=g\",\"contentUrl\":\"https:\\\/\\\/secure.gravatar.com\\\/avatar\\\/495e8a53709541de9036eb34e07c65eacd114aba52461487df6099dee02e64f1?s=96&d=mm&r=g\",\"caption\":\"Ana\"},\"url\":\"https:\\\/\\\/www.enerlandgroup.com\\\/es\\\/author\\\/ana-valdizanenerlandgroup-com\\\/\"}]}<\/script>\n<!-- \/ Yoast SEO plugin. -->","yoast_head_json":{"title":"Planta Solar Lamitech: impulsando la transici\u00f3n energ\u00e9tica en Cartagena de Indias - Enerland Energ\u00eda Renovable","description":"Desde Enerland Group tenemos el placer de presentar la Planta Solar Lamitech, un proyecto de autoconsumo fotovoltaico de 2,3 MWp.","robots":{"index":"index","follow":"follow","max-snippet":"max-snippet:-1","max-image-preview":"max-image-preview:large","max-video-preview":"max-video-preview:-1"},"canonical":"https:\/\/www.enerlandgroup.com\/es\/planta-solar-lamitech-impulsando-la-transicion-energetica-en-colombia\/","og_locale":"es_ES","og_type":"article","og_title":"Planta Solar Lamitech: impulsando la transici\u00f3n energ\u00e9tica en Cartagena de Indias - Enerland Energ\u00eda Renovable","og_description":"Desde Enerland Group tenemos el placer de presentar la Planta Solar Lamitech, un proyecto de autoconsumo fotovoltaico de 2,3 MWp.","og_url":"https:\/\/www.enerlandgroup.com\/es\/planta-solar-lamitech-impulsando-la-transicion-energetica-en-colombia\/","og_site_name":"Enerland Energ\u00eda Renovable","article_published_time":"2026-01-22T07:05:26+00:00","og_image":[{"width":1870,"height":700,"url":"https:\/\/www.enerlandgroup.com\/wp-content\/uploads\/2026\/01\/Planta-Solar-Lamitech.jpg","type":"image\/jpeg"}],"author":"Ana","twitter_card":"summary_large_image","schema":{"@context":"https:\/\/schema.org","@graph":[{"@type":"Article","@id":"https:\/\/www.enerlandgroup.com\/es\/planta-solar-lamitech-impulsando-la-transicion-energetica-en-colombia\/#article","isPartOf":{"@id":"https:\/\/www.enerlandgroup.com\/es\/planta-solar-lamitech-impulsando-la-transicion-energetica-en-colombia\/"},"author":{"name":"Ana","@id":"https:\/\/www.enerlandgroup.com\/es\/#\/schema\/person\/ff4846e816b3f94eb665e1da0854e1b8"},"headline":"Planta Solar Lamitech: impulsando la transici\u00f3n energ\u00e9tica en Cartagena de Indias","datePublished":"2026-01-22T07:05:26+00:00","mainEntityOfPage":{"@id":"https:\/\/www.enerlandgroup.com\/es\/planta-solar-lamitech-impulsando-la-transicion-energetica-en-colombia\/"},"wordCount":401,"commentCount":0,"publisher":{"@id":"https:\/\/www.enerlandgroup.com\/es\/#organization"},"image":{"@id":"https:\/\/www.enerlandgroup.com\/es\/planta-solar-lamitech-impulsando-la-transicion-energetica-en-colombia\/#primaryimage"},"thumbnailUrl":"https:\/\/www.enerlandgroup.com\/wp-content\/uploads\/2026\/01\/Planta-Solar-Lamitech.jpg","articleSection":["Actualidad","Noticias","Proyectos Realizados"],"inLanguage":"es","potentialAction":[{"@type":"CommentAction","name":"Comment","target":["https:\/\/www.enerlandgroup.com\/es\/planta-solar-lamitech-impulsando-la-transicion-energetica-en-colombia\/#respond"]}]},{"@type":["WebPage","ItemPage"],"@id":"https:\/\/www.enerlandgroup.com\/es\/planta-solar-lamitech-impulsando-la-transicion-energetica-en-colombia\/","url":"https:\/\/www.enerlandgroup.com\/es\/planta-solar-lamitech-impulsando-la-transicion-energetica-en-colombia\/","name":"Planta Solar Lamitech: impulsando la transici\u00f3n energ\u00e9tica en Cartagena de Indias - Enerland Energ\u00eda Renovable","isPartOf":{"@id":"https:\/\/www.enerlandgroup.com\/es\/#website"},"primaryImageOfPage":{"@id":"https:\/\/www.enerlandgroup.com\/es\/planta-solar-lamitech-impulsando-la-transicion-energetica-en-colombia\/#primaryimage"},"image":{"@id":"https:\/\/www.enerlandgroup.com\/es\/planta-solar-lamitech-impulsando-la-transicion-energetica-en-colombia\/#primaryimage"},"thumbnailUrl":"https:\/\/www.enerlandgroup.com\/wp-content\/uploads\/2026\/01\/Planta-Solar-Lamitech.jpg","datePublished":"2026-01-22T07:05:26+00:00","description":"Desde Enerland Group tenemos el placer de presentar la Planta Solar Lamitech, un proyecto de autoconsumo fotovoltaico de 2,3 MWp.","breadcrumb":{"@id":"https:\/\/www.enerlandgroup.com\/es\/planta-solar-lamitech-impulsando-la-transicion-energetica-en-colombia\/#breadcrumb"},"inLanguage":"es","potentialAction":[{"@type":"ReadAction","target":["https:\/\/www.enerlandgroup.com\/es\/planta-solar-lamitech-impulsando-la-transicion-energetica-en-colombia\/"]}]},{"@type":"ImageObject","inLanguage":"es","@id":"https:\/\/www.enerlandgroup.com\/es\/planta-solar-lamitech-impulsando-la-transicion-energetica-en-colombia\/#primaryimage","url":"https:\/\/www.enerlandgroup.com\/wp-content\/uploads\/2026\/01\/Planta-Solar-Lamitech.jpg","contentUrl":"https:\/\/www.enerlandgroup.com\/wp-content\/uploads\/2026\/01\/Planta-Solar-Lamitech.jpg","width":1870,"height":700,"caption":"Planta Solar Lamitech"},{"@type":"BreadcrumbList","@id":"https:\/\/www.enerlandgroup.com\/es\/planta-solar-lamitech-impulsando-la-transicion-energetica-en-colombia\/#breadcrumb","itemListElement":[{"@type":"ListItem","position":1,"name":"Inicio","item":"https:\/\/www.enerlandgroup.com\/es\/"},{"@type":"ListItem","position":2,"name":"Planta Solar Lamitech: impulsando la transici\u00f3n energ\u00e9tica en Cartagena de Indias"}]},{"@type":"WebSite","@id":"https:\/\/www.enerlandgroup.com\/es\/#website","url":"https:\/\/www.enerlandgroup.com\/es\/","name":"Enerland Energ\u00eda Renovable","description":"","publisher":{"@id":"https:\/\/www.enerlandgroup.com\/es\/#organization"},"potentialAction":[{"@type":"SearchAction","target":{"@type":"EntryPoint","urlTemplate":"https:\/\/www.enerlandgroup.com\/es\/?s={search_term_string}"},"query-input":{"@type":"PropertyValueSpecification","valueRequired":true,"valueName":"search_term_string"}}],"inLanguage":"es"},{"@type":"Organization","@id":"https:\/\/www.enerlandgroup.com\/es\/#organization","name":"Enerland Group","url":"https:\/\/www.enerlandgroup.com\/es\/","logo":{"@type":"ImageObject","inLanguage":"es","@id":"https:\/\/www.enerlandgroup.com\/es\/#\/schema\/logo\/image\/","url":"https:\/\/www.enerlandgroup.com\/wp-content\/uploads\/2021\/05\/Logo_Enerland.png","contentUrl":"https:\/\/www.enerlandgroup.com\/wp-content\/uploads\/2021\/05\/Logo_Enerland.png","width":184,"height":43,"caption":"Enerland Group"},"image":{"@id":"https:\/\/www.enerlandgroup.com\/es\/#\/schema\/logo\/image\/"},"sameAs":["https:\/\/www.linkedin.com\/company\/enerland-group\/","https:\/\/www.youtube.com\/channel\/UCjdInbThgaPa2_D34vRChmA"]},{"@type":"Person","@id":"https:\/\/www.enerlandgroup.com\/es\/#\/schema\/person\/ff4846e816b3f94eb665e1da0854e1b8","name":"Ana","image":{"@type":"ImageObject","inLanguage":"es","@id":"https:\/\/secure.gravatar.com\/avatar\/495e8a53709541de9036eb34e07c65eacd114aba52461487df6099dee02e64f1?s=96&d=mm&r=g","url":"https:\/\/secure.gravatar.com\/avatar\/495e8a53709541de9036eb34e07c65eacd114aba52461487df6099dee02e64f1?s=96&d=mm&r=g","contentUrl":"https:\/\/secure.gravatar.com\/avatar\/495e8a53709541de9036eb34e07c65eacd114aba52461487df6099dee02e64f1?s=96&d=mm&r=g","caption":"Ana"},"url":"https:\/\/www.enerlandgroup.com\/es\/author\/ana-valdizanenerlandgroup-com\/"}]}},"jetpack_featured_media_url":"https:\/\/www.enerlandgroup.com\/wp-content\/uploads\/2026\/01\/Planta-Solar-Lamitech.jpg","_links":{"self":[{"href":"https:\/\/www.enerlandgroup.com\/es\/wp-json\/wp\/v2\/posts\/27085","targetHints":{"allow":["GET"]}}],"collection":[{"href":"https:\/\/www.enerlandgroup.com\/es\/wp-json\/wp\/v2\/posts"}],"about":[{"href":"https:\/\/www.enerlandgroup.com\/es\/wp-json\/wp\/v2\/types\/post"}],"author":[{"embeddable":true,"href":"https:\/\/www.enerlandgroup.com\/es\/wp-json\/wp\/v2\/users\/11"}],"replies":[{"embeddable":true,"href":"https:\/\/www.enerlandgroup.com\/es\/wp-json\/wp\/v2\/comments?post=27085"}],"version-history":[{"count":8,"href":"https:\/\/www.enerlandgroup.com\/es\/wp-json\/wp\/v2\/posts\/27085\/revisions"}],"predecessor-version":[{"id":27143,"href":"https:\/\/www.enerlandgroup.com\/es\/wp-json\/wp\/v2\/posts\/27085\/revisions\/27143"}],"wp:featuredmedia":[{"embeddable":true,"href":"https:\/\/www.enerlandgroup.com\/es\/wp-json\/wp\/v2\/media\/27137"}],"wp:attachment":[{"href":"https:\/\/www.enerlandgroup.com\/es\/wp-json\/wp\/v2\/media?parent=27085"}],"wp:term":[{"taxonomy":"category","embeddable":true,"href":"https:\/\/www.enerlandgroup.com\/es\/wp-json\/wp\/v2\/categories?post=27085"},{"taxonomy":"post_tag","embeddable":true,"href":"https:\/\/www.enerlandgroup.com\/es\/wp-json\/wp\/v2\/tags?post=27085"}],"curies":[{"name":"wp","href":"https:\/\/api.w.org\/{rel}","templated":true}]}}