{"id":26183,"date":"2025-10-20T08:14:38","date_gmt":"2025-10-20T06:14:38","guid":{"rendered":"https:\/\/www.enerlandgroup.com\/?p=26183"},"modified":"2025-10-20T08:16:02","modified_gmt":"2025-10-20T06:16:02","slug":"enerland-group-galp-y-dema-impulsan-la-conservacion-del-cernicalo-primilla","status":"publish","type":"post","link":"https:\/\/www.enerlandgroup.com\/es\/enerland-group-galp-y-dema-impulsan-la-conservacion-del-cernicalo-primilla\/","title":{"rendered":"Enerland Group, Galp y DEMA impulsan la conservaci\u00f3n del cern\u00edcalo primilla"},"content":{"rendered":"<h2>Enerland Group, Galp y DEMA se unen para colaborar en la instalaci\u00f3n del primer edificio-primillar en uno de los parques fotovoltaicos construidos por Enerland en Espa\u00f1a.<\/h2>\n<p>&nbsp;<\/p>\n<p>Con el objetivo de reforzar la convivencia entre la generaci\u00f3n de energ\u00eda renovable y la conservaci\u00f3n del entorno natural, Enerland Group ha puesto en marcha su primer edificio-primillar en uno de los parques fotovoltaicos construidos por la compa\u00f1\u00eda en Espa\u00f1a. Se trata del parque fotovoltaico Pitarco, ubicado en Muel, Arag\u00f3n y propiedad de Galp. Esta actuaci\u00f3n se ha desarrollado en colaboraci\u00f3n con <a href=\"https:\/\/dema.org.es\/\">DEMA (Defensa y Estudio del Medio Ambiente)<\/a>, organizaci\u00f3n con una amplia trayectoria en la protecci\u00f3n de aves esteparias y la restauraci\u00f3n de h\u00e1bitats naturales.<\/p>\n<p>El nuevo edificio-primillar, dise\u00f1ado y construido por el equipo t\u00e9cnico de DEMA, tiene como objetivo propiciar el establecimiento de una colonia de cern\u00edcalo primilla, una peque\u00f1a rapaz migratoria que desempe\u00f1a un papel clave en el equilibrio ecol\u00f3gico de los ecosistemas agr\u00edcolas. Gracias a este espacio seguro y adaptado a sus necesidades, se espera contribuir al mantenimiento y recuperaci\u00f3n de sus poblaciones en la zona.<\/p>\n<p data-start=\"1295\" data-end=\"1721\">Esta iniciativa se encuentra dentro de la <a href=\"https:\/\/www.enerlandgroup.com\/es\/sostenibilidad\/\">estrategia ambiental de Enerland Group. <\/a>Esta est\u00e1\u00a0orientada a integrar la protecci\u00f3n de la biodiversidad en todas las fases del desarrollo de sus proyectos fotovoltaicos. Para la compa\u00f1\u00eda, la generaci\u00f3n de energ\u00eda limpia va m\u00e1s all\u00e1 de la instalaci\u00f3n de paneles solares: implica tambi\u00e9n una gesti\u00f3n responsable del territorio y la aplicaci\u00f3n de medidas que favorezcan la flora y la fauna locales.<\/p>\n<p>\u201cEn Enerland Group entendemos que la transici\u00f3n energ\u00e9tica debe avanzar de forma respetuosa con el medio natural. Cada proyecto es una oportunidad para dejar una huella positiva en el entorno. Este edificio-primillar simboliza ese compromiso y demuestra que la energ\u00eda solar puede y debe convivir plenamente con la conservaci\u00f3n de la biodiversidad\u201d,\u00a0destaca Javier Franco, responsable de Medio Ambiente de Enerland Group.<\/p>\n<p>Con la instalaci\u00f3n de este primer edificio<strong>&#8211;<\/strong>primillar, Enerland Group, Galp y DEMA consolidan una colaboraci\u00f3n que combina conocimiento t\u00e9cnico y sensibilidad ambiental. Todo con el objetivo de reafirmar el compromiso com\u00fan de impulsar un modelo energ\u00e9tico sostenible y respetuoso con la biodiversidad para las generaciones futuras.<\/p>\n","protected":false},"excerpt":{"rendered":"<p>Enerland Group, Galp y DEMA se unen para colaborar en la instalaci\u00f3n del primer<\/p>\n","protected":false},"author":11,"featured_media":26272,"comment_status":"open","ping_status":"open","sticky":false,"template":"","format":"standard","meta":{"_et_pb_use_builder":"","_et_pb_old_content":"","_et_gb_content_width":"","footnotes":""},"categories":[1,161,25],"tags":[],"class_list":["post-26183","post","type-post","status-publish","format-standard","has-post-thumbnail","hentry","category-actualidad","category-noticias","category-sostenibilidad-y-medio-ambiente"],"yoast_head":"<!-- This site is optimized with the Yoast SEO plugin v27.4 - https:\/\/yoast.com\/product\/yoast-seo-wordpress\/ -->\n<title>Enerland Group, Galp y DEMA impulsan la conservaci\u00f3n del cern\u00edcalo primilla - Enerland Energ\u00eda Renovable<\/title>\n<meta name=\"description\" content=\"Enerland Group y DEMA se unen para instalar el primer primillar en uno de los parques fotovoltaicos construidos por la multinacional.\" \/>\n<meta name=\"robots\" content=\"index, follow, max-snippet:-1, max-image-preview:large, max-video-preview:-1\" \/>\n<link rel=\"canonical\" href=\"https:\/\/www.enerlandgroup.com\/es\/enerland-group-galp-y-dema-impulsan-la-conservacion-del-cernicalo-primilla\/\" \/>\n<meta property=\"og:locale\" content=\"es_ES\" \/>\n<meta property=\"og:type\" content=\"article\" \/>\n<meta property=\"og:title\" content=\"Enerland Group, Galp y DEMA impulsan la conservaci\u00f3n del cern\u00edcalo primilla - Enerland Energ\u00eda Renovable\" \/>\n<meta property=\"og:description\" content=\"Enerland Group y DEMA se unen para instalar el primer primillar en uno de los parques fotovoltaicos construidos por la multinacional.\" \/>\n<meta property=\"og:url\" content=\"https:\/\/www.enerlandgroup.com\/es\/enerland-group-galp-y-dema-impulsan-la-conservacion-del-cernicalo-primilla\/\" \/>\n<meta property=\"og:site_name\" content=\"Enerland Energ\u00eda Renovable\" \/>\n<meta property=\"article:published_time\" content=\"2025-10-20T06:14:38+00:00\" \/>\n<meta property=\"article:modified_time\" content=\"2025-10-20T06:16:02+00:00\" \/>\n<meta property=\"og:image\" content=\"https:\/\/www.enerlandgroup.com\/wp-content\/uploads\/2025\/10\/Enerland-Group-y-DEMA.jpg\" \/>\n\t<meta property=\"og:image:width\" content=\"1870\" \/>\n\t<meta property=\"og:image:height\" content=\"700\" \/>\n\t<meta property=\"og:image:type\" content=\"image\/jpeg\" \/>\n<meta name=\"author\" content=\"Ana\" \/>\n<meta name=\"twitter:card\" content=\"summary_large_image\" \/>\n<script type=\"application\/ld+json\" class=\"yoast-schema-graph\">{\"@context\":\"https:\\\/\\\/schema.org\",\"@graph\":[{\"@type\":\"Article\",\"@id\":\"https:\\\/\\\/www.enerlandgroup.com\\\/es\\\/enerland-group-galp-y-dema-impulsan-la-conservacion-del-cernicalo-primilla\\\/#article\",\"isPartOf\":{\"@id\":\"https:\\\/\\\/www.enerlandgroup.com\\\/es\\\/enerland-group-galp-y-dema-impulsan-la-conservacion-del-cernicalo-primilla\\\/\"},\"author\":{\"name\":\"Ana\",\"@id\":\"https:\\\/\\\/www.enerlandgroup.com\\\/es\\\/#\\\/schema\\\/person\\\/ff4846e816b3f94eb665e1da0854e1b8\"},\"headline\":\"Enerland Group, Galp y DEMA impulsan la conservaci\u00f3n del cern\u00edcalo primilla\",\"datePublished\":\"2025-10-20T06:14:38+00:00\",\"dateModified\":\"2025-10-20T06:16:02+00:00\",\"mainEntityOfPage\":{\"@id\":\"https:\\\/\\\/www.enerlandgroup.com\\\/es\\\/enerland-group-galp-y-dema-impulsan-la-conservacion-del-cernicalo-primilla\\\/\"},\"wordCount\":407,\"commentCount\":0,\"publisher\":{\"@id\":\"https:\\\/\\\/www.enerlandgroup.com\\\/es\\\/#organization\"},\"image\":{\"@id\":\"https:\\\/\\\/www.enerlandgroup.com\\\/es\\\/enerland-group-galp-y-dema-impulsan-la-conservacion-del-cernicalo-primilla\\\/#primaryimage\"},\"thumbnailUrl\":\"https:\\\/\\\/www.enerlandgroup.com\\\/wp-content\\\/uploads\\\/2025\\\/10\\\/Enerland-Group-y-DEMA.jpg\",\"articleSection\":[\"Actualidad\",\"Noticias\",\"Sostenibilidad y Medio Ambiente\"],\"inLanguage\":\"es\",\"potentialAction\":[{\"@type\":\"CommentAction\",\"name\":\"Comment\",\"target\":[\"https:\\\/\\\/www.enerlandgroup.com\\\/es\\\/enerland-group-galp-y-dema-impulsan-la-conservacion-del-cernicalo-primilla\\\/#respond\"]}]},{\"@type\":[\"WebPage\",\"ItemPage\"],\"@id\":\"https:\\\/\\\/www.enerlandgroup.com\\\/es\\\/enerland-group-galp-y-dema-impulsan-la-conservacion-del-cernicalo-primilla\\\/\",\"url\":\"https:\\\/\\\/www.enerlandgroup.com\\\/es\\\/enerland-group-galp-y-dema-impulsan-la-conservacion-del-cernicalo-primilla\\\/\",\"name\":\"Enerland Group, Galp y DEMA impulsan la conservaci\u00f3n del cern\u00edcalo primilla - Enerland Energ\u00eda Renovable\",\"isPartOf\":{\"@id\":\"https:\\\/\\\/www.enerlandgroup.com\\\/es\\\/#website\"},\"primaryImageOfPage\":{\"@id\":\"https:\\\/\\\/www.enerlandgroup.com\\\/es\\\/enerland-group-galp-y-dema-impulsan-la-conservacion-del-cernicalo-primilla\\\/#primaryimage\"},\"image\":{\"@id\":\"https:\\\/\\\/www.enerlandgroup.com\\\/es\\\/enerland-group-galp-y-dema-impulsan-la-conservacion-del-cernicalo-primilla\\\/#primaryimage\"},\"thumbnailUrl\":\"https:\\\/\\\/www.enerlandgroup.com\\\/wp-content\\\/uploads\\\/2025\\\/10\\\/Enerland-Group-y-DEMA.jpg\",\"datePublished\":\"2025-10-20T06:14:38+00:00\",\"dateModified\":\"2025-10-20T06:16:02+00:00\",\"description\":\"Enerland Group y DEMA se unen para instalar el primer primillar en uno de los parques fotovoltaicos construidos por la multinacional.\",\"breadcrumb\":{\"@id\":\"https:\\\/\\\/www.enerlandgroup.com\\\/es\\\/enerland-group-galp-y-dema-impulsan-la-conservacion-del-cernicalo-primilla\\\/#breadcrumb\"},\"inLanguage\":\"es\",\"potentialAction\":[{\"@type\":\"ReadAction\",\"target\":[\"https:\\\/\\\/www.enerlandgroup.com\\\/es\\\/enerland-group-galp-y-dema-impulsan-la-conservacion-del-cernicalo-primilla\\\/\"]}]},{\"@type\":\"ImageObject\",\"inLanguage\":\"es\",\"@id\":\"https:\\\/\\\/www.enerlandgroup.com\\\/es\\\/enerland-group-galp-y-dema-impulsan-la-conservacion-del-cernicalo-primilla\\\/#primaryimage\",\"url\":\"https:\\\/\\\/www.enerlandgroup.com\\\/wp-content\\\/uploads\\\/2025\\\/10\\\/Enerland-Group-y-DEMA.jpg\",\"contentUrl\":\"https:\\\/\\\/www.enerlandgroup.com\\\/wp-content\\\/uploads\\\/2025\\\/10\\\/Enerland-Group-y-DEMA.jpg\",\"width\":1870,\"height\":700,\"caption\":\"Enerland Group y DEMA\"},{\"@type\":\"BreadcrumbList\",\"@id\":\"https:\\\/\\\/www.enerlandgroup.com\\\/es\\\/enerland-group-galp-y-dema-impulsan-la-conservacion-del-cernicalo-primilla\\\/#breadcrumb\",\"itemListElement\":[{\"@type\":\"ListItem\",\"position\":1,\"name\":\"Inicio\",\"item\":\"https:\\\/\\\/www.enerlandgroup.com\\\/es\\\/\"},{\"@type\":\"ListItem\",\"position\":2,\"name\":\"Enerland Group, Galp y DEMA impulsan la conservaci\u00f3n del cern\u00edcalo primilla\"}]},{\"@type\":\"WebSite\",\"@id\":\"https:\\\/\\\/www.enerlandgroup.com\\\/es\\\/#website\",\"url\":\"https:\\\/\\\/www.enerlandgroup.com\\\/es\\\/\",\"name\":\"Enerland Energ\u00eda Renovable\",\"description\":\"\",\"publisher\":{\"@id\":\"https:\\\/\\\/www.enerlandgroup.com\\\/es\\\/#organization\"},\"potentialAction\":[{\"@type\":\"SearchAction\",\"target\":{\"@type\":\"EntryPoint\",\"urlTemplate\":\"https:\\\/\\\/www.enerlandgroup.com\\\/es\\\/?s={search_term_string}\"},\"query-input\":{\"@type\":\"PropertyValueSpecification\",\"valueRequired\":true,\"valueName\":\"search_term_string\"}}],\"inLanguage\":\"es\"},{\"@type\":\"Organization\",\"@id\":\"https:\\\/\\\/www.enerlandgroup.com\\\/es\\\/#organization\",\"name\":\"Enerland Group\",\"url\":\"https:\\\/\\\/www.enerlandgroup.com\\\/es\\\/\",\"logo\":{\"@type\":\"ImageObject\",\"inLanguage\":\"es\",\"@id\":\"https:\\\/\\\/www.enerlandgroup.com\\\/es\\\/#\\\/schema\\\/logo\\\/image\\\/\",\"url\":\"https:\\\/\\\/www.enerlandgroup.com\\\/wp-content\\\/uploads\\\/2021\\\/05\\\/Logo_Enerland.png\",\"contentUrl\":\"https:\\\/\\\/www.enerlandgroup.com\\\/wp-content\\\/uploads\\\/2021\\\/05\\\/Logo_Enerland.png\",\"width\":184,\"height\":43,\"caption\":\"Enerland Group\"},\"image\":{\"@id\":\"https:\\\/\\\/www.enerlandgroup.com\\\/es\\\/#\\\/schema\\\/logo\\\/image\\\/\"},\"sameAs\":[\"https:\\\/\\\/www.linkedin.com\\\/company\\\/enerland-group\\\/\",\"https:\\\/\\\/www.youtube.com\\\/channel\\\/UCjdInbThgaPa2_D34vRChmA\"]},{\"@type\":\"Person\",\"@id\":\"https:\\\/\\\/www.enerlandgroup.com\\\/es\\\/#\\\/schema\\\/person\\\/ff4846e816b3f94eb665e1da0854e1b8\",\"name\":\"Ana\",\"image\":{\"@type\":\"ImageObject\",\"inLanguage\":\"es\",\"@id\":\"https:\\\/\\\/secure.gravatar.com\\\/avatar\\\/495e8a53709541de9036eb34e07c65eacd114aba52461487df6099dee02e64f1?s=96&d=mm&r=g\",\"url\":\"https:\\\/\\\/secure.gravatar.com\\\/avatar\\\/495e8a53709541de9036eb34e07c65eacd114aba52461487df6099dee02e64f1?s=96&d=mm&r=g\",\"contentUrl\":\"https:\\\/\\\/secure.gravatar.com\\\/avatar\\\/495e8a53709541de9036eb34e07c65eacd114aba52461487df6099dee02e64f1?s=96&d=mm&r=g\",\"caption\":\"Ana\"},\"url\":\"https:\\\/\\\/www.enerlandgroup.com\\\/es\\\/author\\\/ana-valdizanenerlandgroup-com\\\/\"}]}<\/script>\n<!-- \/ Yoast SEO plugin. -->","yoast_head_json":{"title":"Enerland Group, Galp y DEMA impulsan la conservaci\u00f3n del cern\u00edcalo primilla - Enerland Energ\u00eda Renovable","description":"Enerland Group y DEMA se unen para instalar el primer primillar en uno de los parques fotovoltaicos construidos por la multinacional.","robots":{"index":"index","follow":"follow","max-snippet":"max-snippet:-1","max-image-preview":"max-image-preview:large","max-video-preview":"max-video-preview:-1"},"canonical":"https:\/\/www.enerlandgroup.com\/es\/enerland-group-galp-y-dema-impulsan-la-conservacion-del-cernicalo-primilla\/","og_locale":"es_ES","og_type":"article","og_title":"Enerland Group, Galp y DEMA impulsan la conservaci\u00f3n del cern\u00edcalo primilla - Enerland Energ\u00eda Renovable","og_description":"Enerland Group y DEMA se unen para instalar el primer primillar en uno de los parques fotovoltaicos construidos por la multinacional.","og_url":"https:\/\/www.enerlandgroup.com\/es\/enerland-group-galp-y-dema-impulsan-la-conservacion-del-cernicalo-primilla\/","og_site_name":"Enerland Energ\u00eda Renovable","article_published_time":"2025-10-20T06:14:38+00:00","article_modified_time":"2025-10-20T06:16:02+00:00","og_image":[{"width":1870,"height":700,"url":"https:\/\/www.enerlandgroup.com\/wp-content\/uploads\/2025\/10\/Enerland-Group-y-DEMA.jpg","type":"image\/jpeg"}],"author":"Ana","twitter_card":"summary_large_image","schema":{"@context":"https:\/\/schema.org","@graph":[{"@type":"Article","@id":"https:\/\/www.enerlandgroup.com\/es\/enerland-group-galp-y-dema-impulsan-la-conservacion-del-cernicalo-primilla\/#article","isPartOf":{"@id":"https:\/\/www.enerlandgroup.com\/es\/enerland-group-galp-y-dema-impulsan-la-conservacion-del-cernicalo-primilla\/"},"author":{"name":"Ana","@id":"https:\/\/www.enerlandgroup.com\/es\/#\/schema\/person\/ff4846e816b3f94eb665e1da0854e1b8"},"headline":"Enerland Group, Galp y DEMA impulsan la conservaci\u00f3n del cern\u00edcalo primilla","datePublished":"2025-10-20T06:14:38+00:00","dateModified":"2025-10-20T06:16:02+00:00","mainEntityOfPage":{"@id":"https:\/\/www.enerlandgroup.com\/es\/enerland-group-galp-y-dema-impulsan-la-conservacion-del-cernicalo-primilla\/"},"wordCount":407,"commentCount":0,"publisher":{"@id":"https:\/\/www.enerlandgroup.com\/es\/#organization"},"image":{"@id":"https:\/\/www.enerlandgroup.com\/es\/enerland-group-galp-y-dema-impulsan-la-conservacion-del-cernicalo-primilla\/#primaryimage"},"thumbnailUrl":"https:\/\/www.enerlandgroup.com\/wp-content\/uploads\/2025\/10\/Enerland-Group-y-DEMA.jpg","articleSection":["Actualidad","Noticias","Sostenibilidad y Medio Ambiente"],"inLanguage":"es","potentialAction":[{"@type":"CommentAction","name":"Comment","target":["https:\/\/www.enerlandgroup.com\/es\/enerland-group-galp-y-dema-impulsan-la-conservacion-del-cernicalo-primilla\/#respond"]}]},{"@type":["WebPage","ItemPage"],"@id":"https:\/\/www.enerlandgroup.com\/es\/enerland-group-galp-y-dema-impulsan-la-conservacion-del-cernicalo-primilla\/","url":"https:\/\/www.enerlandgroup.com\/es\/enerland-group-galp-y-dema-impulsan-la-conservacion-del-cernicalo-primilla\/","name":"Enerland Group, Galp y DEMA impulsan la conservaci\u00f3n del cern\u00edcalo primilla - Enerland Energ\u00eda Renovable","isPartOf":{"@id":"https:\/\/www.enerlandgroup.com\/es\/#website"},"primaryImageOfPage":{"@id":"https:\/\/www.enerlandgroup.com\/es\/enerland-group-galp-y-dema-impulsan-la-conservacion-del-cernicalo-primilla\/#primaryimage"},"image":{"@id":"https:\/\/www.enerlandgroup.com\/es\/enerland-group-galp-y-dema-impulsan-la-conservacion-del-cernicalo-primilla\/#primaryimage"},"thumbnailUrl":"https:\/\/www.enerlandgroup.com\/wp-content\/uploads\/2025\/10\/Enerland-Group-y-DEMA.jpg","datePublished":"2025-10-20T06:14:38+00:00","dateModified":"2025-10-20T06:16:02+00:00","description":"Enerland Group y DEMA se unen para instalar el primer primillar en uno de los parques fotovoltaicos construidos por la multinacional.","breadcrumb":{"@id":"https:\/\/www.enerlandgroup.com\/es\/enerland-group-galp-y-dema-impulsan-la-conservacion-del-cernicalo-primilla\/#breadcrumb"},"inLanguage":"es","potentialAction":[{"@type":"ReadAction","target":["https:\/\/www.enerlandgroup.com\/es\/enerland-group-galp-y-dema-impulsan-la-conservacion-del-cernicalo-primilla\/"]}]},{"@type":"ImageObject","inLanguage":"es","@id":"https:\/\/www.enerlandgroup.com\/es\/enerland-group-galp-y-dema-impulsan-la-conservacion-del-cernicalo-primilla\/#primaryimage","url":"https:\/\/www.enerlandgroup.com\/wp-content\/uploads\/2025\/10\/Enerland-Group-y-DEMA.jpg","contentUrl":"https:\/\/www.enerlandgroup.com\/wp-content\/uploads\/2025\/10\/Enerland-Group-y-DEMA.jpg","width":1870,"height":700,"caption":"Enerland Group y DEMA"},{"@type":"BreadcrumbList","@id":"https:\/\/www.enerlandgroup.com\/es\/enerland-group-galp-y-dema-impulsan-la-conservacion-del-cernicalo-primilla\/#breadcrumb","itemListElement":[{"@type":"ListItem","position":1,"name":"Inicio","item":"https:\/\/www.enerlandgroup.com\/es\/"},{"@type":"ListItem","position":2,"name":"Enerland Group, Galp y DEMA impulsan la conservaci\u00f3n del cern\u00edcalo primilla"}]},{"@type":"WebSite","@id":"https:\/\/www.enerlandgroup.com\/es\/#website","url":"https:\/\/www.enerlandgroup.com\/es\/","name":"Enerland Energ\u00eda Renovable","description":"","publisher":{"@id":"https:\/\/www.enerlandgroup.com\/es\/#organization"},"potentialAction":[{"@type":"SearchAction","target":{"@type":"EntryPoint","urlTemplate":"https:\/\/www.enerlandgroup.com\/es\/?s={search_term_string}"},"query-input":{"@type":"PropertyValueSpecification","valueRequired":true,"valueName":"search_term_string"}}],"inLanguage":"es"},{"@type":"Organization","@id":"https:\/\/www.enerlandgroup.com\/es\/#organization","name":"Enerland Group","url":"https:\/\/www.enerlandgroup.com\/es\/","logo":{"@type":"ImageObject","inLanguage":"es","@id":"https:\/\/www.enerlandgroup.com\/es\/#\/schema\/logo\/image\/","url":"https:\/\/www.enerlandgroup.com\/wp-content\/uploads\/2021\/05\/Logo_Enerland.png","contentUrl":"https:\/\/www.enerlandgroup.com\/wp-content\/uploads\/2021\/05\/Logo_Enerland.png","width":184,"height":43,"caption":"Enerland Group"},"image":{"@id":"https:\/\/www.enerlandgroup.com\/es\/#\/schema\/logo\/image\/"},"sameAs":["https:\/\/www.linkedin.com\/company\/enerland-group\/","https:\/\/www.youtube.com\/channel\/UCjdInbThgaPa2_D34vRChmA"]},{"@type":"Person","@id":"https:\/\/www.enerlandgroup.com\/es\/#\/schema\/person\/ff4846e816b3f94eb665e1da0854e1b8","name":"Ana","image":{"@type":"ImageObject","inLanguage":"es","@id":"https:\/\/secure.gravatar.com\/avatar\/495e8a53709541de9036eb34e07c65eacd114aba52461487df6099dee02e64f1?s=96&d=mm&r=g","url":"https:\/\/secure.gravatar.com\/avatar\/495e8a53709541de9036eb34e07c65eacd114aba52461487df6099dee02e64f1?s=96&d=mm&r=g","contentUrl":"https:\/\/secure.gravatar.com\/avatar\/495e8a53709541de9036eb34e07c65eacd114aba52461487df6099dee02e64f1?s=96&d=mm&r=g","caption":"Ana"},"url":"https:\/\/www.enerlandgroup.com\/es\/author\/ana-valdizanenerlandgroup-com\/"}]}},"jetpack_featured_media_url":"https:\/\/www.enerlandgroup.com\/wp-content\/uploads\/2025\/10\/Enerland-Group-y-DEMA.jpg","_links":{"self":[{"href":"https:\/\/www.enerlandgroup.com\/es\/wp-json\/wp\/v2\/posts\/26183","targetHints":{"allow":["GET"]}}],"collection":[{"href":"https:\/\/www.enerlandgroup.com\/es\/wp-json\/wp\/v2\/posts"}],"about":[{"href":"https:\/\/www.enerlandgroup.com\/es\/wp-json\/wp\/v2\/types\/post"}],"author":[{"embeddable":true,"href":"https:\/\/www.enerlandgroup.com\/es\/wp-json\/wp\/v2\/users\/11"}],"replies":[{"embeddable":true,"href":"https:\/\/www.enerlandgroup.com\/es\/wp-json\/wp\/v2\/comments?post=26183"}],"version-history":[{"count":4,"href":"https:\/\/www.enerlandgroup.com\/es\/wp-json\/wp\/v2\/posts\/26183\/revisions"}],"predecessor-version":[{"id":26277,"href":"https:\/\/www.enerlandgroup.com\/es\/wp-json\/wp\/v2\/posts\/26183\/revisions\/26277"}],"wp:featuredmedia":[{"embeddable":true,"href":"https:\/\/www.enerlandgroup.com\/es\/wp-json\/wp\/v2\/media\/26272"}],"wp:attachment":[{"href":"https:\/\/www.enerlandgroup.com\/es\/wp-json\/wp\/v2\/media?parent=26183"}],"wp:term":[{"taxonomy":"category","embeddable":true,"href":"https:\/\/www.enerlandgroup.com\/es\/wp-json\/wp\/v2\/categories?post=26183"},{"taxonomy":"post_tag","embeddable":true,"href":"https:\/\/www.enerlandgroup.com\/es\/wp-json\/wp\/v2\/tags?post=26183"}],"curies":[{"name":"wp","href":"https:\/\/api.w.org\/{rel}","templated":true}]}}