{"id":26084,"date":"2025-10-09T09:12:32","date_gmt":"2025-10-09T07:12:32","guid":{"rendered":"https:\/\/www.enerlandgroup.com\/?p=26084"},"modified":"2026-02-05T12:14:32","modified_gmt":"2026-02-05T11:14:32","slug":"enerland-group-participa-en-energyear-panama-y-caribe-2025","status":"publish","type":"post","link":"https:\/\/www.enerlandgroup.com\/es\/enerland-group-participa-en-energyear-panama-y-caribe-2025\/","title":{"rendered":"Enerland Group participa en Energyear Panam\u00e1 y Caribe 2025"},"content":{"rendered":"<h2>Enerland Group ha participado activamente en las ediciones de Energyear Panam\u00e1 y Energyear Caribe 2025, consolidando su papel como actor clave en la promoci\u00f3n de energ\u00edas renovables en Latinoam\u00e9rica y el Caribe.<\/h2>\n<p>&nbsp;<\/p>\n<p>En Panam\u00e1, la compa\u00f1\u00eda estuvo presente como partner bronce, destacando en el panel \u201cNueva Era Renovable en Centroam\u00e9rica. Desarrollo, construcci\u00f3n y puesta en marcha de los proyectos clave para la matriz energ\u00e9tica\u201d, celebrado el 25 de septiembre. En este espacio, el Country Manager de Enerland Group El Salvador y Centroam\u00e9rica, Rafael Sanchez, comparti\u00f3 la visi\u00f3n de la compa\u00f1\u00eda sobre el potencial de la regi\u00f3n y la importancia de acelerar el desarrollo de proyectos que fortalezcan la matriz energ\u00e9tica hacia un modelo m\u00e1s limpio y sostenible.<\/p>\n<p>Posteriormente, en la edici\u00f3n del Caribe, la compa\u00f1\u00eda particip\u00f3 como associated partner y se la invit\u00f3 a formar parte como espectadores del panel \u201cProyectos solares sin fricci\u00f3n: estrategias para agilizar el desarrollo, construcci\u00f3n y puesta en marcha\u201d, que tuvo lugar el 1 de octubre. Durante el debate, se analizaron las claves para eliminar barreras y facilitar la implementaci\u00f3n de proyectos solares que respondan a las crecientes demandas energ\u00e9ticas de la regi\u00f3n.<\/p>\n<p>\u201cNuestra participaci\u00f3n en esta edici\u00f3n de Energyear Panam\u00e1 y Caribe 2025 reafirma nuestro compromiso con la transici\u00f3n energ\u00e9tica en mercados estrat\u00e9gicos. Estamos convencidos de que el intercambio de experiencias y la cooperaci\u00f3n entre actores del sector son fundamentales para impulsar proyectos renovables que aporten valor real a la sociedad\u201d, afirm\u00f3 Jos\u00e9 Alfambra, <span class=\"a_GcMg font-feature-liga-off font-feature-clig-off font-feature-calt-off text-decoration-none text-strikethrough-none\">Area Manager LATAM <\/span>de Enerland Group.<\/p>\n<p>&nbsp;<\/p>\n<p><img loading=\"lazy\" decoding=\"async\" class=\"aligncenter size-full wp-image-26168\" src=\"https:\/\/www.enerlandgroup.com\/wp-content\/uploads\/2025\/10\/Energyear-Panama-y-Caribe-2025-3.jpg\" alt=\"Energyear Panam\u00e1 y Caribe 2025\" width=\"2142\" height=\"2856\" srcset=\"https:\/\/www.enerlandgroup.com\/wp-content\/uploads\/2025\/10\/Energyear-Panama-y-Caribe-2025-3.jpg 2142w, https:\/\/www.enerlandgroup.com\/wp-content\/uploads\/2025\/10\/Energyear-Panama-y-Caribe-2025-3-1280x1707.jpg 1280w, https:\/\/www.enerlandgroup.com\/wp-content\/uploads\/2025\/10\/Energyear-Panama-y-Caribe-2025-3-980x1307.jpg 980w, https:\/\/www.enerlandgroup.com\/wp-content\/uploads\/2025\/10\/Energyear-Panama-y-Caribe-2025-3-480x640.jpg 480w\" sizes=\"auto, (min-width: 0px) and (max-width: 480px) 480px, (min-width: 481px) and (max-width: 980px) 980px, (min-width: 981px) and (max-width: 1280px) 1280px, (min-width: 1281px) 2142px, 100vw\" \/><\/p>\n<p>&nbsp;<\/p>\n<h3>Mirando al futuro: Energyear Colombia 2026<\/h3>\n<p>De cara al a\u00f1o que viene, Enerland Group ha confirmado su rol como associated partner en la edici\u00f3n de <a href=\"https:\/\/energyear.com\/es\/colombia\/\">Energyear Colombia 2026<\/a>, un encuentro que reunir\u00e1 a los principales l\u00edderes de la industria en la regi\u00f3n andina. Esta participaci\u00f3n permitir\u00e1 a la compa\u00f1\u00eda continuar fortaleciendo alianzas estrat\u00e9gicas y contribuir con soluciones innovadoras al desarrollo del sector energ\u00e9tico.<\/p>\n","protected":false},"excerpt":{"rendered":"<p>Enerland Group ha participado activamente en las ediciones de Energyear Panam\u00e1 y Energyear Caribe<\/p>\n","protected":false},"author":11,"featured_media":26165,"comment_status":"open","ping_status":"open","sticky":false,"template":"","format":"standard","meta":{"_et_pb_use_builder":"","_et_pb_old_content":"","_et_gb_content_width":"","footnotes":""},"categories":[23,161],"tags":[],"class_list":["post-26084","post","type-post","status-publish","format-standard","has-post-thumbnail","hentry","category-corporativo","category-noticias"],"yoast_head":"<!-- This site is optimized with the Yoast SEO plugin v27.4 - https:\/\/yoast.com\/product\/yoast-seo-wordpress\/ -->\n<title>Enerland Group participa en Energyear Panam\u00e1 y Caribe 2025 - Enerland Energ\u00eda Renovable<\/title>\n<meta name=\"description\" content=\"Enerland Group ha participado activamente en las ediciones de Energyear Panam\u00e1 y Energyear Caribe 2025, como uno de los associated partner.\" \/>\n<meta name=\"robots\" content=\"index, follow, max-snippet:-1, max-image-preview:large, max-video-preview:-1\" \/>\n<link rel=\"canonical\" href=\"https:\/\/www.enerlandgroup.com\/es\/enerland-group-participa-en-energyear-panama-y-caribe-2025\/\" \/>\n<meta property=\"og:locale\" content=\"es_ES\" \/>\n<meta property=\"og:type\" content=\"article\" \/>\n<meta property=\"og:title\" content=\"Enerland Group participa en Energyear Panam\u00e1 y Caribe 2025 - Enerland Energ\u00eda Renovable\" \/>\n<meta property=\"og:description\" content=\"Enerland Group ha participado activamente en las ediciones de Energyear Panam\u00e1 y Energyear Caribe 2025, como uno de los associated partner.\" \/>\n<meta property=\"og:url\" content=\"https:\/\/www.enerlandgroup.com\/es\/enerland-group-participa-en-energyear-panama-y-caribe-2025\/\" \/>\n<meta property=\"og:site_name\" content=\"Enerland Energ\u00eda Renovable\" \/>\n<meta property=\"article:published_time\" content=\"2025-10-09T07:12:32+00:00\" \/>\n<meta property=\"article:modified_time\" content=\"2026-02-05T11:14:32+00:00\" \/>\n<meta property=\"og:image\" content=\"https:\/\/www.enerlandgroup.com\/wp-content\/uploads\/2025\/10\/Energyear-Colombia-2025.jpg\" \/>\n\t<meta property=\"og:image:width\" content=\"1870\" \/>\n\t<meta property=\"og:image:height\" content=\"700\" \/>\n\t<meta property=\"og:image:type\" content=\"image\/jpeg\" \/>\n<meta name=\"author\" content=\"Ana\" \/>\n<meta name=\"twitter:card\" content=\"summary_large_image\" \/>\n<script type=\"application\/ld+json\" class=\"yoast-schema-graph\">{\"@context\":\"https:\\\/\\\/schema.org\",\"@graph\":[{\"@type\":\"Article\",\"@id\":\"https:\\\/\\\/www.enerlandgroup.com\\\/es\\\/enerland-group-participa-en-energyear-panama-y-caribe-2025\\\/#article\",\"isPartOf\":{\"@id\":\"https:\\\/\\\/www.enerlandgroup.com\\\/es\\\/enerland-group-participa-en-energyear-panama-y-caribe-2025\\\/\"},\"author\":{\"name\":\"Ana\",\"@id\":\"https:\\\/\\\/www.enerlandgroup.com\\\/es\\\/#\\\/schema\\\/person\\\/ff4846e816b3f94eb665e1da0854e1b8\"},\"headline\":\"Enerland Group participa en Energyear Panam\u00e1 y Caribe 2025\",\"datePublished\":\"2025-10-09T07:12:32+00:00\",\"dateModified\":\"2026-02-05T11:14:32+00:00\",\"mainEntityOfPage\":{\"@id\":\"https:\\\/\\\/www.enerlandgroup.com\\\/es\\\/enerland-group-participa-en-energyear-panama-y-caribe-2025\\\/\"},\"wordCount\":348,\"commentCount\":0,\"publisher\":{\"@id\":\"https:\\\/\\\/www.enerlandgroup.com\\\/es\\\/#organization\"},\"image\":{\"@id\":\"https:\\\/\\\/www.enerlandgroup.com\\\/es\\\/enerland-group-participa-en-energyear-panama-y-caribe-2025\\\/#primaryimage\"},\"thumbnailUrl\":\"https:\\\/\\\/www.enerlandgroup.com\\\/wp-content\\\/uploads\\\/2025\\\/10\\\/Energyear-Colombia-2025.jpg\",\"articleSection\":[\"Corporativo\",\"Noticias\"],\"inLanguage\":\"es\",\"potentialAction\":[{\"@type\":\"CommentAction\",\"name\":\"Comment\",\"target\":[\"https:\\\/\\\/www.enerlandgroup.com\\\/es\\\/enerland-group-participa-en-energyear-panama-y-caribe-2025\\\/#respond\"]}]},{\"@type\":[\"WebPage\",\"ItemPage\"],\"@id\":\"https:\\\/\\\/www.enerlandgroup.com\\\/es\\\/enerland-group-participa-en-energyear-panama-y-caribe-2025\\\/\",\"url\":\"https:\\\/\\\/www.enerlandgroup.com\\\/es\\\/enerland-group-participa-en-energyear-panama-y-caribe-2025\\\/\",\"name\":\"Enerland Group participa en Energyear Panam\u00e1 y Caribe 2025 - Enerland Energ\u00eda Renovable\",\"isPartOf\":{\"@id\":\"https:\\\/\\\/www.enerlandgroup.com\\\/es\\\/#website\"},\"primaryImageOfPage\":{\"@id\":\"https:\\\/\\\/www.enerlandgroup.com\\\/es\\\/enerland-group-participa-en-energyear-panama-y-caribe-2025\\\/#primaryimage\"},\"image\":{\"@id\":\"https:\\\/\\\/www.enerlandgroup.com\\\/es\\\/enerland-group-participa-en-energyear-panama-y-caribe-2025\\\/#primaryimage\"},\"thumbnailUrl\":\"https:\\\/\\\/www.enerlandgroup.com\\\/wp-content\\\/uploads\\\/2025\\\/10\\\/Energyear-Colombia-2025.jpg\",\"datePublished\":\"2025-10-09T07:12:32+00:00\",\"dateModified\":\"2026-02-05T11:14:32+00:00\",\"description\":\"Enerland Group ha participado activamente en las ediciones de Energyear Panam\u00e1 y Energyear Caribe 2025, como uno de los associated partner.\",\"breadcrumb\":{\"@id\":\"https:\\\/\\\/www.enerlandgroup.com\\\/es\\\/enerland-group-participa-en-energyear-panama-y-caribe-2025\\\/#breadcrumb\"},\"inLanguage\":\"es\",\"potentialAction\":[{\"@type\":\"ReadAction\",\"target\":[\"https:\\\/\\\/www.enerlandgroup.com\\\/es\\\/enerland-group-participa-en-energyear-panama-y-caribe-2025\\\/\"]}]},{\"@type\":\"ImageObject\",\"inLanguage\":\"es\",\"@id\":\"https:\\\/\\\/www.enerlandgroup.com\\\/es\\\/enerland-group-participa-en-energyear-panama-y-caribe-2025\\\/#primaryimage\",\"url\":\"https:\\\/\\\/www.enerlandgroup.com\\\/wp-content\\\/uploads\\\/2025\\\/10\\\/Energyear-Colombia-2025.jpg\",\"contentUrl\":\"https:\\\/\\\/www.enerlandgroup.com\\\/wp-content\\\/uploads\\\/2025\\\/10\\\/Energyear-Colombia-2025.jpg\",\"width\":1870,\"height\":700,\"caption\":\"Energyear Panam\u00e1 y Caribe 2025\"},{\"@type\":\"BreadcrumbList\",\"@id\":\"https:\\\/\\\/www.enerlandgroup.com\\\/es\\\/enerland-group-participa-en-energyear-panama-y-caribe-2025\\\/#breadcrumb\",\"itemListElement\":[{\"@type\":\"ListItem\",\"position\":1,\"name\":\"Inicio\",\"item\":\"https:\\\/\\\/www.enerlandgroup.com\\\/es\\\/\"},{\"@type\":\"ListItem\",\"position\":2,\"name\":\"Enerland Group participa en Energyear Panam\u00e1 y Caribe 2025\"}]},{\"@type\":\"WebSite\",\"@id\":\"https:\\\/\\\/www.enerlandgroup.com\\\/es\\\/#website\",\"url\":\"https:\\\/\\\/www.enerlandgroup.com\\\/es\\\/\",\"name\":\"Enerland Energ\u00eda Renovable\",\"description\":\"\",\"publisher\":{\"@id\":\"https:\\\/\\\/www.enerlandgroup.com\\\/es\\\/#organization\"},\"potentialAction\":[{\"@type\":\"SearchAction\",\"target\":{\"@type\":\"EntryPoint\",\"urlTemplate\":\"https:\\\/\\\/www.enerlandgroup.com\\\/es\\\/?s={search_term_string}\"},\"query-input\":{\"@type\":\"PropertyValueSpecification\",\"valueRequired\":true,\"valueName\":\"search_term_string\"}}],\"inLanguage\":\"es\"},{\"@type\":\"Organization\",\"@id\":\"https:\\\/\\\/www.enerlandgroup.com\\\/es\\\/#organization\",\"name\":\"Enerland Group\",\"url\":\"https:\\\/\\\/www.enerlandgroup.com\\\/es\\\/\",\"logo\":{\"@type\":\"ImageObject\",\"inLanguage\":\"es\",\"@id\":\"https:\\\/\\\/www.enerlandgroup.com\\\/es\\\/#\\\/schema\\\/logo\\\/image\\\/\",\"url\":\"https:\\\/\\\/www.enerlandgroup.com\\\/wp-content\\\/uploads\\\/2021\\\/05\\\/Logo_Enerland.png\",\"contentUrl\":\"https:\\\/\\\/www.enerlandgroup.com\\\/wp-content\\\/uploads\\\/2021\\\/05\\\/Logo_Enerland.png\",\"width\":184,\"height\":43,\"caption\":\"Enerland Group\"},\"image\":{\"@id\":\"https:\\\/\\\/www.enerlandgroup.com\\\/es\\\/#\\\/schema\\\/logo\\\/image\\\/\"},\"sameAs\":[\"https:\\\/\\\/www.linkedin.com\\\/company\\\/enerland-group\\\/\",\"https:\\\/\\\/www.youtube.com\\\/channel\\\/UCjdInbThgaPa2_D34vRChmA\"]},{\"@type\":\"Person\",\"@id\":\"https:\\\/\\\/www.enerlandgroup.com\\\/es\\\/#\\\/schema\\\/person\\\/ff4846e816b3f94eb665e1da0854e1b8\",\"name\":\"Ana\",\"image\":{\"@type\":\"ImageObject\",\"inLanguage\":\"es\",\"@id\":\"https:\\\/\\\/secure.gravatar.com\\\/avatar\\\/495e8a53709541de9036eb34e07c65eacd114aba52461487df6099dee02e64f1?s=96&d=mm&r=g\",\"url\":\"https:\\\/\\\/secure.gravatar.com\\\/avatar\\\/495e8a53709541de9036eb34e07c65eacd114aba52461487df6099dee02e64f1?s=96&d=mm&r=g\",\"contentUrl\":\"https:\\\/\\\/secure.gravatar.com\\\/avatar\\\/495e8a53709541de9036eb34e07c65eacd114aba52461487df6099dee02e64f1?s=96&d=mm&r=g\",\"caption\":\"Ana\"},\"url\":\"https:\\\/\\\/www.enerlandgroup.com\\\/es\\\/author\\\/ana-valdizanenerlandgroup-com\\\/\"}]}<\/script>\n<!-- \/ Yoast SEO plugin. -->","yoast_head_json":{"title":"Enerland Group participa en Energyear Panam\u00e1 y Caribe 2025 - Enerland Energ\u00eda Renovable","description":"Enerland Group ha participado activamente en las ediciones de Energyear Panam\u00e1 y Energyear Caribe 2025, como uno de los associated partner.","robots":{"index":"index","follow":"follow","max-snippet":"max-snippet:-1","max-image-preview":"max-image-preview:large","max-video-preview":"max-video-preview:-1"},"canonical":"https:\/\/www.enerlandgroup.com\/es\/enerland-group-participa-en-energyear-panama-y-caribe-2025\/","og_locale":"es_ES","og_type":"article","og_title":"Enerland Group participa en Energyear Panam\u00e1 y Caribe 2025 - Enerland Energ\u00eda Renovable","og_description":"Enerland Group ha participado activamente en las ediciones de Energyear Panam\u00e1 y Energyear Caribe 2025, como uno de los associated partner.","og_url":"https:\/\/www.enerlandgroup.com\/es\/enerland-group-participa-en-energyear-panama-y-caribe-2025\/","og_site_name":"Enerland Energ\u00eda Renovable","article_published_time":"2025-10-09T07:12:32+00:00","article_modified_time":"2026-02-05T11:14:32+00:00","og_image":[{"width":1870,"height":700,"url":"https:\/\/www.enerlandgroup.com\/wp-content\/uploads\/2025\/10\/Energyear-Colombia-2025.jpg","type":"image\/jpeg"}],"author":"Ana","twitter_card":"summary_large_image","schema":{"@context":"https:\/\/schema.org","@graph":[{"@type":"Article","@id":"https:\/\/www.enerlandgroup.com\/es\/enerland-group-participa-en-energyear-panama-y-caribe-2025\/#article","isPartOf":{"@id":"https:\/\/www.enerlandgroup.com\/es\/enerland-group-participa-en-energyear-panama-y-caribe-2025\/"},"author":{"name":"Ana","@id":"https:\/\/www.enerlandgroup.com\/es\/#\/schema\/person\/ff4846e816b3f94eb665e1da0854e1b8"},"headline":"Enerland Group participa en Energyear Panam\u00e1 y Caribe 2025","datePublished":"2025-10-09T07:12:32+00:00","dateModified":"2026-02-05T11:14:32+00:00","mainEntityOfPage":{"@id":"https:\/\/www.enerlandgroup.com\/es\/enerland-group-participa-en-energyear-panama-y-caribe-2025\/"},"wordCount":348,"commentCount":0,"publisher":{"@id":"https:\/\/www.enerlandgroup.com\/es\/#organization"},"image":{"@id":"https:\/\/www.enerlandgroup.com\/es\/enerland-group-participa-en-energyear-panama-y-caribe-2025\/#primaryimage"},"thumbnailUrl":"https:\/\/www.enerlandgroup.com\/wp-content\/uploads\/2025\/10\/Energyear-Colombia-2025.jpg","articleSection":["Corporativo","Noticias"],"inLanguage":"es","potentialAction":[{"@type":"CommentAction","name":"Comment","target":["https:\/\/www.enerlandgroup.com\/es\/enerland-group-participa-en-energyear-panama-y-caribe-2025\/#respond"]}]},{"@type":["WebPage","ItemPage"],"@id":"https:\/\/www.enerlandgroup.com\/es\/enerland-group-participa-en-energyear-panama-y-caribe-2025\/","url":"https:\/\/www.enerlandgroup.com\/es\/enerland-group-participa-en-energyear-panama-y-caribe-2025\/","name":"Enerland Group participa en Energyear Panam\u00e1 y Caribe 2025 - Enerland Energ\u00eda Renovable","isPartOf":{"@id":"https:\/\/www.enerlandgroup.com\/es\/#website"},"primaryImageOfPage":{"@id":"https:\/\/www.enerlandgroup.com\/es\/enerland-group-participa-en-energyear-panama-y-caribe-2025\/#primaryimage"},"image":{"@id":"https:\/\/www.enerlandgroup.com\/es\/enerland-group-participa-en-energyear-panama-y-caribe-2025\/#primaryimage"},"thumbnailUrl":"https:\/\/www.enerlandgroup.com\/wp-content\/uploads\/2025\/10\/Energyear-Colombia-2025.jpg","datePublished":"2025-10-09T07:12:32+00:00","dateModified":"2026-02-05T11:14:32+00:00","description":"Enerland Group ha participado activamente en las ediciones de Energyear Panam\u00e1 y Energyear Caribe 2025, como uno de los associated partner.","breadcrumb":{"@id":"https:\/\/www.enerlandgroup.com\/es\/enerland-group-participa-en-energyear-panama-y-caribe-2025\/#breadcrumb"},"inLanguage":"es","potentialAction":[{"@type":"ReadAction","target":["https:\/\/www.enerlandgroup.com\/es\/enerland-group-participa-en-energyear-panama-y-caribe-2025\/"]}]},{"@type":"ImageObject","inLanguage":"es","@id":"https:\/\/www.enerlandgroup.com\/es\/enerland-group-participa-en-energyear-panama-y-caribe-2025\/#primaryimage","url":"https:\/\/www.enerlandgroup.com\/wp-content\/uploads\/2025\/10\/Energyear-Colombia-2025.jpg","contentUrl":"https:\/\/www.enerlandgroup.com\/wp-content\/uploads\/2025\/10\/Energyear-Colombia-2025.jpg","width":1870,"height":700,"caption":"Energyear Panam\u00e1 y Caribe 2025"},{"@type":"BreadcrumbList","@id":"https:\/\/www.enerlandgroup.com\/es\/enerland-group-participa-en-energyear-panama-y-caribe-2025\/#breadcrumb","itemListElement":[{"@type":"ListItem","position":1,"name":"Inicio","item":"https:\/\/www.enerlandgroup.com\/es\/"},{"@type":"ListItem","position":2,"name":"Enerland Group participa en Energyear Panam\u00e1 y Caribe 2025"}]},{"@type":"WebSite","@id":"https:\/\/www.enerlandgroup.com\/es\/#website","url":"https:\/\/www.enerlandgroup.com\/es\/","name":"Enerland Energ\u00eda Renovable","description":"","publisher":{"@id":"https:\/\/www.enerlandgroup.com\/es\/#organization"},"potentialAction":[{"@type":"SearchAction","target":{"@type":"EntryPoint","urlTemplate":"https:\/\/www.enerlandgroup.com\/es\/?s={search_term_string}"},"query-input":{"@type":"PropertyValueSpecification","valueRequired":true,"valueName":"search_term_string"}}],"inLanguage":"es"},{"@type":"Organization","@id":"https:\/\/www.enerlandgroup.com\/es\/#organization","name":"Enerland Group","url":"https:\/\/www.enerlandgroup.com\/es\/","logo":{"@type":"ImageObject","inLanguage":"es","@id":"https:\/\/www.enerlandgroup.com\/es\/#\/schema\/logo\/image\/","url":"https:\/\/www.enerlandgroup.com\/wp-content\/uploads\/2021\/05\/Logo_Enerland.png","contentUrl":"https:\/\/www.enerlandgroup.com\/wp-content\/uploads\/2021\/05\/Logo_Enerland.png","width":184,"height":43,"caption":"Enerland Group"},"image":{"@id":"https:\/\/www.enerlandgroup.com\/es\/#\/schema\/logo\/image\/"},"sameAs":["https:\/\/www.linkedin.com\/company\/enerland-group\/","https:\/\/www.youtube.com\/channel\/UCjdInbThgaPa2_D34vRChmA"]},{"@type":"Person","@id":"https:\/\/www.enerlandgroup.com\/es\/#\/schema\/person\/ff4846e816b3f94eb665e1da0854e1b8","name":"Ana","image":{"@type":"ImageObject","inLanguage":"es","@id":"https:\/\/secure.gravatar.com\/avatar\/495e8a53709541de9036eb34e07c65eacd114aba52461487df6099dee02e64f1?s=96&d=mm&r=g","url":"https:\/\/secure.gravatar.com\/avatar\/495e8a53709541de9036eb34e07c65eacd114aba52461487df6099dee02e64f1?s=96&d=mm&r=g","contentUrl":"https:\/\/secure.gravatar.com\/avatar\/495e8a53709541de9036eb34e07c65eacd114aba52461487df6099dee02e64f1?s=96&d=mm&r=g","caption":"Ana"},"url":"https:\/\/www.enerlandgroup.com\/es\/author\/ana-valdizanenerlandgroup-com\/"}]}},"jetpack_featured_media_url":"https:\/\/www.enerlandgroup.com\/wp-content\/uploads\/2025\/10\/Energyear-Colombia-2025.jpg","_links":{"self":[{"href":"https:\/\/www.enerlandgroup.com\/es\/wp-json\/wp\/v2\/posts\/26084","targetHints":{"allow":["GET"]}}],"collection":[{"href":"https:\/\/www.enerlandgroup.com\/es\/wp-json\/wp\/v2\/posts"}],"about":[{"href":"https:\/\/www.enerlandgroup.com\/es\/wp-json\/wp\/v2\/types\/post"}],"author":[{"embeddable":true,"href":"https:\/\/www.enerlandgroup.com\/es\/wp-json\/wp\/v2\/users\/11"}],"replies":[{"embeddable":true,"href":"https:\/\/www.enerlandgroup.com\/es\/wp-json\/wp\/v2\/comments?post=26084"}],"version-history":[{"count":5,"href":"https:\/\/www.enerlandgroup.com\/es\/wp-json\/wp\/v2\/posts\/26084\/revisions"}],"predecessor-version":[{"id":26171,"href":"https:\/\/www.enerlandgroup.com\/es\/wp-json\/wp\/v2\/posts\/26084\/revisions\/26171"}],"wp:featuredmedia":[{"embeddable":true,"href":"https:\/\/www.enerlandgroup.com\/es\/wp-json\/wp\/v2\/media\/26165"}],"wp:attachment":[{"href":"https:\/\/www.enerlandgroup.com\/es\/wp-json\/wp\/v2\/media?parent=26084"}],"wp:term":[{"taxonomy":"category","embeddable":true,"href":"https:\/\/www.enerlandgroup.com\/es\/wp-json\/wp\/v2\/categories?post=26084"},{"taxonomy":"post_tag","embeddable":true,"href":"https:\/\/www.enerlandgroup.com\/es\/wp-json\/wp\/v2\/tags?post=26084"}],"curies":[{"name":"wp","href":"https:\/\/api.w.org\/{rel}","templated":true}]}}