{"id":24126,"date":"2025-05-13T10:21:46","date_gmt":"2025-05-13T08:21:46","guid":{"rendered":"https:\/\/www.enerlandgroup.com\/?p=24126"},"modified":"2026-01-22T08:07:48","modified_gmt":"2026-01-22T07:07:48","slug":"xi-carrera-solidaria-atades","status":"publish","type":"post","link":"https:\/\/www.enerlandgroup.com\/es\/xi-carrera-solidaria-atades\/","title":{"rendered":"XI Carrera Solidaria Atades"},"content":{"rendered":"<h2>Un a\u00f1o m\u00e1s, los compa\u00f1eros de Enerland Group en Zaragoza han participado en la Carrera Solidaria Atades, en beneficio de la atenci\u00f3n temprana.<\/h2>\n<p>&nbsp;<\/p>\n<p>La entidad sin \u00e1nimo de lucro <a href=\"https:\/\/www.atades.org\/3758-corredores-xi-carrera-solidaria-atades\/\">ha organizado por und\u00e9cimo a\u00f1o<\/a> esta competici\u00f3n popular, en la que varios trabajadores de Enerland Group han corrido las distintas modalidades de 1K, 5K, 5+1K y dorsal cero. Como en ediciones anteriores de la carrera Atades, el evento ha tenido lugar en el Parque Grande Jos\u00e9 Antonio Labordeta, en Zaragoza. M\u00e1s de 3.700 corredores han formado parte en esta ocasi\u00f3n, estableciendo un nuevo r\u00e9cord de participaci\u00f3n.<\/p>\n<p>Para esta edici\u00f3n, en la compa\u00f1\u00eda abrimos la posibilidad de participaci\u00f3n a los trabajadores que no pudieran acudir a la carrera mediante los denominados \u00abdorsales cero\u00bb. Esta iniciativa de Atades permite la compra, en este caso gestionada por Enerland, de dorsales simb\u00f3licos como donativo para la organizaci\u00f3n. Una buena causa y un peque\u00f1o esfuerzo que marcan la diferencia, tanto para la atenci\u00f3n temprana como para nuestros compa\u00f1eros, que pudieron disfrutar de una jornada de deporte y un gran ambiente.<\/p>\n<p>&nbsp;<\/p>\n<h3>Enerland Group, comprometido con el deporte<\/h3>\n<p>&nbsp;<\/p>\n<p>La carrera Atades es solo una de las citas recurrentes de la compa\u00f1\u00eda en relaci\u00f3n a la actividad f\u00edsica. De forma anual, Enerland Espa\u00f1a celebra su tradicional <a href=\"https:\/\/www.enerlandgroup.com\/es\/iv-torneo-de-padel-enerland\/\">Torneo de P\u00e1del<\/a>, as\u00ed como el Partido de F\u00fatbol, en oto\u00f1o. Adem\u00e1s, a lo largo del curso, promovemos y subvencionamos diversas carreras y torneos de inter\u00e9s de los empleados, como la Liga MLA, la Carrera de Empresas ESIC, o la 10K de Bomberos de Zaragoza. El cuidado de la salud y la energ\u00eda positiva son siempre motivo de celebraci\u00f3n, y nos ayudan a fortalecernos, como personas y como equipo.<\/p>\n<p>&nbsp;<\/p>\n<p>&nbsp;<\/p>\n<p>&nbsp;<\/p>\n<p>&nbsp;<\/p>\n","protected":false},"excerpt":{"rendered":"<p>Un a\u00f1o m\u00e1s, los compa\u00f1eros de Enerland Group en Zaragoza han participado en la<\/p>\n","protected":false},"author":11,"featured_media":24130,"comment_status":"open","ping_status":"open","sticky":false,"template":"","format":"standard","meta":{"_et_pb_use_builder":"","_et_pb_old_content":"","_et_gb_content_width":"","footnotes":""},"categories":[23,161],"tags":[],"class_list":["post-24126","post","type-post","status-publish","format-standard","has-post-thumbnail","hentry","category-corporativo","category-noticias"],"yoast_head":"<!-- This site is optimized with the Yoast SEO plugin v27.4 - https:\/\/yoast.com\/product\/yoast-seo-wordpress\/ -->\n<title>XI Carrera Solidaria Atades - Enerland Energ\u00eda Renovable<\/title>\n<meta name=\"description\" content=\"Enerland Group ha participado en la Carrera Solidaria Atades, en Zaragoza, celebrada en beneficio de la atenci\u00f3n temprana.\" \/>\n<meta name=\"robots\" content=\"index, follow, max-snippet:-1, max-image-preview:large, max-video-preview:-1\" \/>\n<link rel=\"canonical\" href=\"https:\/\/www.enerlandgroup.com\/es\/xi-carrera-solidaria-atades\/\" \/>\n<meta property=\"og:locale\" content=\"es_ES\" \/>\n<meta property=\"og:type\" content=\"article\" \/>\n<meta property=\"og:title\" content=\"XI Carrera Solidaria Atades - Enerland Energ\u00eda Renovable\" \/>\n<meta property=\"og:description\" content=\"Enerland Group ha participado en la Carrera Solidaria Atades, en Zaragoza, celebrada en beneficio de la atenci\u00f3n temprana.\" \/>\n<meta property=\"og:url\" content=\"https:\/\/www.enerlandgroup.com\/es\/xi-carrera-solidaria-atades\/\" \/>\n<meta property=\"og:site_name\" content=\"Enerland Energ\u00eda Renovable\" \/>\n<meta property=\"article:published_time\" content=\"2025-05-13T08:21:46+00:00\" \/>\n<meta property=\"article:modified_time\" content=\"2026-01-22T07:07:48+00:00\" \/>\n<meta property=\"og:image\" content=\"https:\/\/www.enerlandgroup.com\/wp-content\/uploads\/2025\/05\/XI-Carrera-Atades.jpg\" \/>\n\t<meta property=\"og:image:width\" content=\"1870\" \/>\n\t<meta property=\"og:image:height\" content=\"700\" \/>\n\t<meta property=\"og:image:type\" content=\"image\/jpeg\" \/>\n<meta name=\"author\" content=\"Ana\" \/>\n<meta name=\"twitter:card\" content=\"summary_large_image\" \/>\n<script type=\"application\/ld+json\" class=\"yoast-schema-graph\">{\"@context\":\"https:\\\/\\\/schema.org\",\"@graph\":[{\"@type\":\"Article\",\"@id\":\"https:\\\/\\\/www.enerlandgroup.com\\\/es\\\/xi-carrera-solidaria-atades\\\/#article\",\"isPartOf\":{\"@id\":\"https:\\\/\\\/www.enerlandgroup.com\\\/es\\\/xi-carrera-solidaria-atades\\\/\"},\"author\":{\"name\":\"Ana\",\"@id\":\"https:\\\/\\\/www.enerlandgroup.com\\\/es\\\/#\\\/schema\\\/person\\\/ff4846e816b3f94eb665e1da0854e1b8\"},\"headline\":\"XI Carrera Solidaria Atades\",\"datePublished\":\"2025-05-13T08:21:46+00:00\",\"dateModified\":\"2026-01-22T07:07:48+00:00\",\"mainEntityOfPage\":{\"@id\":\"https:\\\/\\\/www.enerlandgroup.com\\\/es\\\/xi-carrera-solidaria-atades\\\/\"},\"wordCount\":316,\"commentCount\":0,\"publisher\":{\"@id\":\"https:\\\/\\\/www.enerlandgroup.com\\\/es\\\/#organization\"},\"image\":{\"@id\":\"https:\\\/\\\/www.enerlandgroup.com\\\/es\\\/xi-carrera-solidaria-atades\\\/#primaryimage\"},\"thumbnailUrl\":\"https:\\\/\\\/www.enerlandgroup.com\\\/wp-content\\\/uploads\\\/2025\\\/05\\\/XI-Carrera-Atades.jpg\",\"articleSection\":[\"Corporativo\",\"Noticias\"],\"inLanguage\":\"es\",\"potentialAction\":[{\"@type\":\"CommentAction\",\"name\":\"Comment\",\"target\":[\"https:\\\/\\\/www.enerlandgroup.com\\\/es\\\/xi-carrera-solidaria-atades\\\/#respond\"]}]},{\"@type\":[\"WebPage\",\"ItemPage\"],\"@id\":\"https:\\\/\\\/www.enerlandgroup.com\\\/es\\\/xi-carrera-solidaria-atades\\\/\",\"url\":\"https:\\\/\\\/www.enerlandgroup.com\\\/es\\\/xi-carrera-solidaria-atades\\\/\",\"name\":\"XI Carrera Solidaria Atades - Enerland Energ\u00eda Renovable\",\"isPartOf\":{\"@id\":\"https:\\\/\\\/www.enerlandgroup.com\\\/es\\\/#website\"},\"primaryImageOfPage\":{\"@id\":\"https:\\\/\\\/www.enerlandgroup.com\\\/es\\\/xi-carrera-solidaria-atades\\\/#primaryimage\"},\"image\":{\"@id\":\"https:\\\/\\\/www.enerlandgroup.com\\\/es\\\/xi-carrera-solidaria-atades\\\/#primaryimage\"},\"thumbnailUrl\":\"https:\\\/\\\/www.enerlandgroup.com\\\/wp-content\\\/uploads\\\/2025\\\/05\\\/XI-Carrera-Atades.jpg\",\"datePublished\":\"2025-05-13T08:21:46+00:00\",\"dateModified\":\"2026-01-22T07:07:48+00:00\",\"description\":\"Enerland Group ha participado en la Carrera Solidaria Atades, en Zaragoza, celebrada en beneficio de la atenci\u00f3n temprana.\",\"breadcrumb\":{\"@id\":\"https:\\\/\\\/www.enerlandgroup.com\\\/es\\\/xi-carrera-solidaria-atades\\\/#breadcrumb\"},\"inLanguage\":\"es\",\"potentialAction\":[{\"@type\":\"ReadAction\",\"target\":[\"https:\\\/\\\/www.enerlandgroup.com\\\/es\\\/xi-carrera-solidaria-atades\\\/\"]}]},{\"@type\":\"ImageObject\",\"inLanguage\":\"es\",\"@id\":\"https:\\\/\\\/www.enerlandgroup.com\\\/es\\\/xi-carrera-solidaria-atades\\\/#primaryimage\",\"url\":\"https:\\\/\\\/www.enerlandgroup.com\\\/wp-content\\\/uploads\\\/2025\\\/05\\\/XI-Carrera-Atades.jpg\",\"contentUrl\":\"https:\\\/\\\/www.enerlandgroup.com\\\/wp-content\\\/uploads\\\/2025\\\/05\\\/XI-Carrera-Atades.jpg\",\"width\":1870,\"height\":700},{\"@type\":\"BreadcrumbList\",\"@id\":\"https:\\\/\\\/www.enerlandgroup.com\\\/es\\\/xi-carrera-solidaria-atades\\\/#breadcrumb\",\"itemListElement\":[{\"@type\":\"ListItem\",\"position\":1,\"name\":\"Inicio\",\"item\":\"https:\\\/\\\/www.enerlandgroup.com\\\/es\\\/\"},{\"@type\":\"ListItem\",\"position\":2,\"name\":\"XI Carrera Solidaria Atades\"}]},{\"@type\":\"WebSite\",\"@id\":\"https:\\\/\\\/www.enerlandgroup.com\\\/es\\\/#website\",\"url\":\"https:\\\/\\\/www.enerlandgroup.com\\\/es\\\/\",\"name\":\"Enerland Energ\u00eda Renovable\",\"description\":\"\",\"publisher\":{\"@id\":\"https:\\\/\\\/www.enerlandgroup.com\\\/es\\\/#organization\"},\"potentialAction\":[{\"@type\":\"SearchAction\",\"target\":{\"@type\":\"EntryPoint\",\"urlTemplate\":\"https:\\\/\\\/www.enerlandgroup.com\\\/es\\\/?s={search_term_string}\"},\"query-input\":{\"@type\":\"PropertyValueSpecification\",\"valueRequired\":true,\"valueName\":\"search_term_string\"}}],\"inLanguage\":\"es\"},{\"@type\":\"Organization\",\"@id\":\"https:\\\/\\\/www.enerlandgroup.com\\\/es\\\/#organization\",\"name\":\"Enerland Group\",\"url\":\"https:\\\/\\\/www.enerlandgroup.com\\\/es\\\/\",\"logo\":{\"@type\":\"ImageObject\",\"inLanguage\":\"es\",\"@id\":\"https:\\\/\\\/www.enerlandgroup.com\\\/es\\\/#\\\/schema\\\/logo\\\/image\\\/\",\"url\":\"https:\\\/\\\/www.enerlandgroup.com\\\/wp-content\\\/uploads\\\/2021\\\/05\\\/Logo_Enerland.png\",\"contentUrl\":\"https:\\\/\\\/www.enerlandgroup.com\\\/wp-content\\\/uploads\\\/2021\\\/05\\\/Logo_Enerland.png\",\"width\":184,\"height\":43,\"caption\":\"Enerland Group\"},\"image\":{\"@id\":\"https:\\\/\\\/www.enerlandgroup.com\\\/es\\\/#\\\/schema\\\/logo\\\/image\\\/\"},\"sameAs\":[\"https:\\\/\\\/www.linkedin.com\\\/company\\\/enerland-group\\\/\",\"https:\\\/\\\/www.youtube.com\\\/channel\\\/UCjdInbThgaPa2_D34vRChmA\"]},{\"@type\":\"Person\",\"@id\":\"https:\\\/\\\/www.enerlandgroup.com\\\/es\\\/#\\\/schema\\\/person\\\/ff4846e816b3f94eb665e1da0854e1b8\",\"name\":\"Ana\",\"image\":{\"@type\":\"ImageObject\",\"inLanguage\":\"es\",\"@id\":\"https:\\\/\\\/secure.gravatar.com\\\/avatar\\\/495e8a53709541de9036eb34e07c65eacd114aba52461487df6099dee02e64f1?s=96&d=mm&r=g\",\"url\":\"https:\\\/\\\/secure.gravatar.com\\\/avatar\\\/495e8a53709541de9036eb34e07c65eacd114aba52461487df6099dee02e64f1?s=96&d=mm&r=g\",\"contentUrl\":\"https:\\\/\\\/secure.gravatar.com\\\/avatar\\\/495e8a53709541de9036eb34e07c65eacd114aba52461487df6099dee02e64f1?s=96&d=mm&r=g\",\"caption\":\"Ana\"},\"url\":\"https:\\\/\\\/www.enerlandgroup.com\\\/es\\\/author\\\/ana-valdizanenerlandgroup-com\\\/\"}]}<\/script>\n<!-- \/ Yoast SEO plugin. -->","yoast_head_json":{"title":"XI Carrera Solidaria Atades - Enerland Energ\u00eda Renovable","description":"Enerland Group ha participado en la Carrera Solidaria Atades, en Zaragoza, celebrada en beneficio de la atenci\u00f3n temprana.","robots":{"index":"index","follow":"follow","max-snippet":"max-snippet:-1","max-image-preview":"max-image-preview:large","max-video-preview":"max-video-preview:-1"},"canonical":"https:\/\/www.enerlandgroup.com\/es\/xi-carrera-solidaria-atades\/","og_locale":"es_ES","og_type":"article","og_title":"XI Carrera Solidaria Atades - Enerland Energ\u00eda Renovable","og_description":"Enerland Group ha participado en la Carrera Solidaria Atades, en Zaragoza, celebrada en beneficio de la atenci\u00f3n temprana.","og_url":"https:\/\/www.enerlandgroup.com\/es\/xi-carrera-solidaria-atades\/","og_site_name":"Enerland Energ\u00eda Renovable","article_published_time":"2025-05-13T08:21:46+00:00","article_modified_time":"2026-01-22T07:07:48+00:00","og_image":[{"width":1870,"height":700,"url":"https:\/\/www.enerlandgroup.com\/wp-content\/uploads\/2025\/05\/XI-Carrera-Atades.jpg","type":"image\/jpeg"}],"author":"Ana","twitter_card":"summary_large_image","schema":{"@context":"https:\/\/schema.org","@graph":[{"@type":"Article","@id":"https:\/\/www.enerlandgroup.com\/es\/xi-carrera-solidaria-atades\/#article","isPartOf":{"@id":"https:\/\/www.enerlandgroup.com\/es\/xi-carrera-solidaria-atades\/"},"author":{"name":"Ana","@id":"https:\/\/www.enerlandgroup.com\/es\/#\/schema\/person\/ff4846e816b3f94eb665e1da0854e1b8"},"headline":"XI Carrera Solidaria Atades","datePublished":"2025-05-13T08:21:46+00:00","dateModified":"2026-01-22T07:07:48+00:00","mainEntityOfPage":{"@id":"https:\/\/www.enerlandgroup.com\/es\/xi-carrera-solidaria-atades\/"},"wordCount":316,"commentCount":0,"publisher":{"@id":"https:\/\/www.enerlandgroup.com\/es\/#organization"},"image":{"@id":"https:\/\/www.enerlandgroup.com\/es\/xi-carrera-solidaria-atades\/#primaryimage"},"thumbnailUrl":"https:\/\/www.enerlandgroup.com\/wp-content\/uploads\/2025\/05\/XI-Carrera-Atades.jpg","articleSection":["Corporativo","Noticias"],"inLanguage":"es","potentialAction":[{"@type":"CommentAction","name":"Comment","target":["https:\/\/www.enerlandgroup.com\/es\/xi-carrera-solidaria-atades\/#respond"]}]},{"@type":["WebPage","ItemPage"],"@id":"https:\/\/www.enerlandgroup.com\/es\/xi-carrera-solidaria-atades\/","url":"https:\/\/www.enerlandgroup.com\/es\/xi-carrera-solidaria-atades\/","name":"XI Carrera Solidaria Atades - Enerland Energ\u00eda Renovable","isPartOf":{"@id":"https:\/\/www.enerlandgroup.com\/es\/#website"},"primaryImageOfPage":{"@id":"https:\/\/www.enerlandgroup.com\/es\/xi-carrera-solidaria-atades\/#primaryimage"},"image":{"@id":"https:\/\/www.enerlandgroup.com\/es\/xi-carrera-solidaria-atades\/#primaryimage"},"thumbnailUrl":"https:\/\/www.enerlandgroup.com\/wp-content\/uploads\/2025\/05\/XI-Carrera-Atades.jpg","datePublished":"2025-05-13T08:21:46+00:00","dateModified":"2026-01-22T07:07:48+00:00","description":"Enerland Group ha participado en la Carrera Solidaria Atades, en Zaragoza, celebrada en beneficio de la atenci\u00f3n temprana.","breadcrumb":{"@id":"https:\/\/www.enerlandgroup.com\/es\/xi-carrera-solidaria-atades\/#breadcrumb"},"inLanguage":"es","potentialAction":[{"@type":"ReadAction","target":["https:\/\/www.enerlandgroup.com\/es\/xi-carrera-solidaria-atades\/"]}]},{"@type":"ImageObject","inLanguage":"es","@id":"https:\/\/www.enerlandgroup.com\/es\/xi-carrera-solidaria-atades\/#primaryimage","url":"https:\/\/www.enerlandgroup.com\/wp-content\/uploads\/2025\/05\/XI-Carrera-Atades.jpg","contentUrl":"https:\/\/www.enerlandgroup.com\/wp-content\/uploads\/2025\/05\/XI-Carrera-Atades.jpg","width":1870,"height":700},{"@type":"BreadcrumbList","@id":"https:\/\/www.enerlandgroup.com\/es\/xi-carrera-solidaria-atades\/#breadcrumb","itemListElement":[{"@type":"ListItem","position":1,"name":"Inicio","item":"https:\/\/www.enerlandgroup.com\/es\/"},{"@type":"ListItem","position":2,"name":"XI Carrera Solidaria Atades"}]},{"@type":"WebSite","@id":"https:\/\/www.enerlandgroup.com\/es\/#website","url":"https:\/\/www.enerlandgroup.com\/es\/","name":"Enerland Energ\u00eda Renovable","description":"","publisher":{"@id":"https:\/\/www.enerlandgroup.com\/es\/#organization"},"potentialAction":[{"@type":"SearchAction","target":{"@type":"EntryPoint","urlTemplate":"https:\/\/www.enerlandgroup.com\/es\/?s={search_term_string}"},"query-input":{"@type":"PropertyValueSpecification","valueRequired":true,"valueName":"search_term_string"}}],"inLanguage":"es"},{"@type":"Organization","@id":"https:\/\/www.enerlandgroup.com\/es\/#organization","name":"Enerland Group","url":"https:\/\/www.enerlandgroup.com\/es\/","logo":{"@type":"ImageObject","inLanguage":"es","@id":"https:\/\/www.enerlandgroup.com\/es\/#\/schema\/logo\/image\/","url":"https:\/\/www.enerlandgroup.com\/wp-content\/uploads\/2021\/05\/Logo_Enerland.png","contentUrl":"https:\/\/www.enerlandgroup.com\/wp-content\/uploads\/2021\/05\/Logo_Enerland.png","width":184,"height":43,"caption":"Enerland Group"},"image":{"@id":"https:\/\/www.enerlandgroup.com\/es\/#\/schema\/logo\/image\/"},"sameAs":["https:\/\/www.linkedin.com\/company\/enerland-group\/","https:\/\/www.youtube.com\/channel\/UCjdInbThgaPa2_D34vRChmA"]},{"@type":"Person","@id":"https:\/\/www.enerlandgroup.com\/es\/#\/schema\/person\/ff4846e816b3f94eb665e1da0854e1b8","name":"Ana","image":{"@type":"ImageObject","inLanguage":"es","@id":"https:\/\/secure.gravatar.com\/avatar\/495e8a53709541de9036eb34e07c65eacd114aba52461487df6099dee02e64f1?s=96&d=mm&r=g","url":"https:\/\/secure.gravatar.com\/avatar\/495e8a53709541de9036eb34e07c65eacd114aba52461487df6099dee02e64f1?s=96&d=mm&r=g","contentUrl":"https:\/\/secure.gravatar.com\/avatar\/495e8a53709541de9036eb34e07c65eacd114aba52461487df6099dee02e64f1?s=96&d=mm&r=g","caption":"Ana"},"url":"https:\/\/www.enerlandgroup.com\/es\/author\/ana-valdizanenerlandgroup-com\/"}]}},"jetpack_featured_media_url":"https:\/\/www.enerlandgroup.com\/wp-content\/uploads\/2025\/05\/XI-Carrera-Atades.jpg","_links":{"self":[{"href":"https:\/\/www.enerlandgroup.com\/es\/wp-json\/wp\/v2\/posts\/24126","targetHints":{"allow":["GET"]}}],"collection":[{"href":"https:\/\/www.enerlandgroup.com\/es\/wp-json\/wp\/v2\/posts"}],"about":[{"href":"https:\/\/www.enerlandgroup.com\/es\/wp-json\/wp\/v2\/types\/post"}],"author":[{"embeddable":true,"href":"https:\/\/www.enerlandgroup.com\/es\/wp-json\/wp\/v2\/users\/11"}],"replies":[{"embeddable":true,"href":"https:\/\/www.enerlandgroup.com\/es\/wp-json\/wp\/v2\/comments?post=24126"}],"version-history":[{"count":4,"href":"https:\/\/www.enerlandgroup.com\/es\/wp-json\/wp\/v2\/posts\/24126\/revisions"}],"predecessor-version":[{"id":24143,"href":"https:\/\/www.enerlandgroup.com\/es\/wp-json\/wp\/v2\/posts\/24126\/revisions\/24143"}],"wp:featuredmedia":[{"embeddable":true,"href":"https:\/\/www.enerlandgroup.com\/es\/wp-json\/wp\/v2\/media\/24130"}],"wp:attachment":[{"href":"https:\/\/www.enerlandgroup.com\/es\/wp-json\/wp\/v2\/media?parent=24126"}],"wp:term":[{"taxonomy":"category","embeddable":true,"href":"https:\/\/www.enerlandgroup.com\/es\/wp-json\/wp\/v2\/categories?post=24126"},{"taxonomy":"post_tag","embeddable":true,"href":"https:\/\/www.enerlandgroup.com\/es\/wp-json\/wp\/v2\/tags?post=24126"}],"curies":[{"name":"wp","href":"https:\/\/api.w.org\/{rel}","templated":true}]}}