{"id":20622,"date":"2024-08-06T08:50:21","date_gmt":"2024-08-06T06:50:21","guid":{"rendered":"https:\/\/www.enerlandgroup.com\/?p=20622"},"modified":"2025-06-06T14:46:11","modified_gmt":"2025-06-06T12:46:11","slug":"pastoreo-solar-una-alianza-entre-campo-y-energia","status":"publish","type":"post","link":"https:\/\/www.enerlandgroup.com\/es\/pastoreo-solar-una-alianza-entre-campo-y-energia\/","title":{"rendered":"Pastoreo solar: una alianza entre campo y energ\u00eda"},"content":{"rendered":"<h2>Equilibrio entre el respeto por el campo, la comunidad local y las renovables: en Enerland apostamos por estos tres grandes pilares en nuestros proyectos, impulsando en todos ellos actividades como el denominado \u00abpastoreo solar\u00bb.<\/h2>\n<p>&nbsp;<\/p>\n<p>Nuestro equipo de <a href=\"https:\/\/www.enerlandgroup.com\/es\/sostenibilidad\/\">Medioambiente<\/a> trabaja coordinado con los distintos departamentos de Enerland Group, ofreciendo medidas e iniciativas durante el desarrollo, construcci\u00f3n y mantenimiento de los proyectos fotovoltaicos. La labor de nuestros ambient\u00f3logos incluye propuestas y medidas de lo m\u00e1s variado, siempre velando por la biodiversidad y sostenibilidad en todos los procesos. Una de esas medidas, que a\u00fana conservaci\u00f3n del entorno natural y colaboraci\u00f3n con la comunidad local, es el pastoreo solar.<\/p>\n<p>&nbsp;<\/p>\n<h3>Beneficios del pastoreo solar<\/h3>\n<p>&nbsp;<\/p>\n<p>Esta actividad, como su mismo nombre indica, consiste en el pastoreo del ganado ovino en el terreno de la planta fotovoltaica. El pastoreo solar se lleva a cabo tanto antes del inicio de construcci\u00f3n del proyecto como tras la finalizaci\u00f3n de esta, durante la fase de operaci\u00f3n. As\u00ed, se realiza a demanda, aproximadamente entre 2 y 3 veces al a\u00f1o, y de manera habitual en oto\u00f1o y primavera. La intervenci\u00f3n de las ovejas permite desbrozar el terreno de forma natural, evitando herbicidas y productos qu\u00edmicos, y protegiendo de esta forma el suelo.<\/p>\n<p>En Enerland Group ya hemos impulsado con gran acogida el pastoreo solar en varias de nuestras plantas en Espa\u00f1a, como el <a href=\"https:\/\/www.youtube.com\/watch?v=zaExPWD_8Ac\">PFV Pitarco<\/a> o PFV S\u00e1daba. Para cada uno de ellos, hemos contado con pastores locales, que han completado previamente los debidos protocolos de acceso a la planta, presentando tambi\u00e9n certificados sanitarios del ganado. Los medios tradicionales como este son siempre nuestra preferencia a la hora de realizar tareas de cuidado del suelo, optando por alternativas manuales cuando no se da la oportunidad.<\/p>\n<p>En todo caso, este resulta el m\u00e9todo m\u00e1s beneficioso. Adem\u00e1s de para las ovejas, al convertirse el terreno en pasto, lo que a su vez evita el uso de qu\u00edmicos, tambi\u00e9n aporta ventajas de cara al propio mantenimiento de la planta fotovoltaica. Al no intervenir maquinaria en el proceso de desbroce, se evita cualquier tipo de da\u00f1o, por m\u00ednimo que sea, a los m\u00f3dulos del parque. Aparte de esto, la labor del reba\u00f1o, de manera continuada, permite regular el tipo de vegetaci\u00f3n de la planta de manera natural, reduciendo la presencia de especies invasoras y de mayor altura.<\/p>\n<p>\u00a1Una estrategia sostenible para el entorno y la producci\u00f3n de energ\u00eda verde!<\/p>\n","protected":false},"excerpt":{"rendered":"<p>Equilibrio entre el respeto por el campo, la comunidad local y las renovables: en<\/p>\n","protected":false},"author":11,"featured_media":20631,"comment_status":"open","ping_status":"open","sticky":false,"template":"","format":"standard","meta":{"_et_pb_use_builder":"","_et_pb_old_content":"","_et_gb_content_width":"","footnotes":""},"categories":[161,25],"tags":[],"class_list":["post-20622","post","type-post","status-publish","format-standard","has-post-thumbnail","hentry","category-noticias","category-sostenibilidad-y-medio-ambiente"],"yoast_head":"<!-- This site is optimized with the Yoast SEO plugin v27.4 - https:\/\/yoast.com\/product\/yoast-seo-wordpress\/ -->\n<title>Pastoreo solar: una alianza entre campo y energ\u00eda - Enerland Energ\u00eda Renovable<\/title>\n<meta name=\"description\" content=\"Equilibrio entre el respeto por el campo, la comunidad local y las renovables: en Enerland apostamos por el &quot;pastoreo solar&quot;.\" \/>\n<meta name=\"robots\" content=\"index, follow, max-snippet:-1, max-image-preview:large, max-video-preview:-1\" \/>\n<link rel=\"canonical\" href=\"https:\/\/www.enerlandgroup.com\/es\/pastoreo-solar-una-alianza-entre-campo-y-energia\/\" \/>\n<meta property=\"og:locale\" content=\"es_ES\" \/>\n<meta property=\"og:type\" content=\"article\" \/>\n<meta property=\"og:title\" content=\"Pastoreo solar: una alianza entre campo y energ\u00eda - Enerland Energ\u00eda Renovable\" \/>\n<meta property=\"og:description\" content=\"Equilibrio entre el respeto por el campo, la comunidad local y las renovables: en Enerland apostamos por el &quot;pastoreo solar&quot;.\" \/>\n<meta property=\"og:url\" content=\"https:\/\/www.enerlandgroup.com\/es\/pastoreo-solar-una-alianza-entre-campo-y-energia\/\" \/>\n<meta property=\"og:site_name\" content=\"Enerland Energ\u00eda Renovable\" \/>\n<meta property=\"article:published_time\" content=\"2024-08-06T06:50:21+00:00\" \/>\n<meta property=\"article:modified_time\" content=\"2025-06-06T12:46:11+00:00\" \/>\n<meta property=\"og:image\" content=\"https:\/\/www.enerlandgroup.com\/wp-content\/uploads\/2024\/08\/OVEJAS-PASTOREO-SOLAR.jpg\" \/>\n\t<meta property=\"og:image:width\" content=\"1870\" \/>\n\t<meta property=\"og:image:height\" content=\"700\" \/>\n\t<meta property=\"og:image:type\" content=\"image\/jpeg\" \/>\n<meta name=\"author\" content=\"Ana\" \/>\n<meta name=\"twitter:card\" content=\"summary_large_image\" \/>\n<script type=\"application\/ld+json\" class=\"yoast-schema-graph\">{\"@context\":\"https:\\\/\\\/schema.org\",\"@graph\":[{\"@type\":\"Article\",\"@id\":\"https:\\\/\\\/www.enerlandgroup.com\\\/es\\\/pastoreo-solar-una-alianza-entre-campo-y-energia\\\/#article\",\"isPartOf\":{\"@id\":\"https:\\\/\\\/www.enerlandgroup.com\\\/es\\\/pastoreo-solar-una-alianza-entre-campo-y-energia\\\/\"},\"author\":{\"name\":\"Ana\",\"@id\":\"https:\\\/\\\/www.enerlandgroup.com\\\/es\\\/#\\\/schema\\\/person\\\/ff4846e816b3f94eb665e1da0854e1b8\"},\"headline\":\"Pastoreo solar: una alianza entre campo y energ\u00eda\",\"datePublished\":\"2024-08-06T06:50:21+00:00\",\"dateModified\":\"2025-06-06T12:46:11+00:00\",\"mainEntityOfPage\":{\"@id\":\"https:\\\/\\\/www.enerlandgroup.com\\\/es\\\/pastoreo-solar-una-alianza-entre-campo-y-energia\\\/\"},\"wordCount\":432,\"commentCount\":0,\"publisher\":{\"@id\":\"https:\\\/\\\/www.enerlandgroup.com\\\/es\\\/#organization\"},\"image\":{\"@id\":\"https:\\\/\\\/www.enerlandgroup.com\\\/es\\\/pastoreo-solar-una-alianza-entre-campo-y-energia\\\/#primaryimage\"},\"thumbnailUrl\":\"https:\\\/\\\/www.enerlandgroup.com\\\/wp-content\\\/uploads\\\/2024\\\/08\\\/OVEJAS-PASTOREO-SOLAR.jpg\",\"articleSection\":[\"Noticias\",\"Sostenibilidad y Medio Ambiente\"],\"inLanguage\":\"es\",\"potentialAction\":[{\"@type\":\"CommentAction\",\"name\":\"Comment\",\"target\":[\"https:\\\/\\\/www.enerlandgroup.com\\\/es\\\/pastoreo-solar-una-alianza-entre-campo-y-energia\\\/#respond\"]}]},{\"@type\":[\"WebPage\",\"ItemPage\"],\"@id\":\"https:\\\/\\\/www.enerlandgroup.com\\\/es\\\/pastoreo-solar-una-alianza-entre-campo-y-energia\\\/\",\"url\":\"https:\\\/\\\/www.enerlandgroup.com\\\/es\\\/pastoreo-solar-una-alianza-entre-campo-y-energia\\\/\",\"name\":\"Pastoreo solar: una alianza entre campo y energ\u00eda - Enerland Energ\u00eda Renovable\",\"isPartOf\":{\"@id\":\"https:\\\/\\\/www.enerlandgroup.com\\\/es\\\/#website\"},\"primaryImageOfPage\":{\"@id\":\"https:\\\/\\\/www.enerlandgroup.com\\\/es\\\/pastoreo-solar-una-alianza-entre-campo-y-energia\\\/#primaryimage\"},\"image\":{\"@id\":\"https:\\\/\\\/www.enerlandgroup.com\\\/es\\\/pastoreo-solar-una-alianza-entre-campo-y-energia\\\/#primaryimage\"},\"thumbnailUrl\":\"https:\\\/\\\/www.enerlandgroup.com\\\/wp-content\\\/uploads\\\/2024\\\/08\\\/OVEJAS-PASTOREO-SOLAR.jpg\",\"datePublished\":\"2024-08-06T06:50:21+00:00\",\"dateModified\":\"2025-06-06T12:46:11+00:00\",\"description\":\"Equilibrio entre el respeto por el campo, la comunidad local y las renovables: en Enerland apostamos por el \\\"pastoreo solar\\\".\",\"breadcrumb\":{\"@id\":\"https:\\\/\\\/www.enerlandgroup.com\\\/es\\\/pastoreo-solar-una-alianza-entre-campo-y-energia\\\/#breadcrumb\"},\"inLanguage\":\"es\",\"potentialAction\":[{\"@type\":\"ReadAction\",\"target\":[\"https:\\\/\\\/www.enerlandgroup.com\\\/es\\\/pastoreo-solar-una-alianza-entre-campo-y-energia\\\/\"]}]},{\"@type\":\"ImageObject\",\"inLanguage\":\"es\",\"@id\":\"https:\\\/\\\/www.enerlandgroup.com\\\/es\\\/pastoreo-solar-una-alianza-entre-campo-y-energia\\\/#primaryimage\",\"url\":\"https:\\\/\\\/www.enerlandgroup.com\\\/wp-content\\\/uploads\\\/2024\\\/08\\\/OVEJAS-PASTOREO-SOLAR.jpg\",\"contentUrl\":\"https:\\\/\\\/www.enerlandgroup.com\\\/wp-content\\\/uploads\\\/2024\\\/08\\\/OVEJAS-PASTOREO-SOLAR.jpg\",\"width\":1870,\"height\":700},{\"@type\":\"BreadcrumbList\",\"@id\":\"https:\\\/\\\/www.enerlandgroup.com\\\/es\\\/pastoreo-solar-una-alianza-entre-campo-y-energia\\\/#breadcrumb\",\"itemListElement\":[{\"@type\":\"ListItem\",\"position\":1,\"name\":\"Inicio\",\"item\":\"https:\\\/\\\/www.enerlandgroup.com\\\/es\\\/\"},{\"@type\":\"ListItem\",\"position\":2,\"name\":\"Pastoreo solar: una alianza entre campo y energ\u00eda\"}]},{\"@type\":\"WebSite\",\"@id\":\"https:\\\/\\\/www.enerlandgroup.com\\\/es\\\/#website\",\"url\":\"https:\\\/\\\/www.enerlandgroup.com\\\/es\\\/\",\"name\":\"Enerland Energ\u00eda Renovable\",\"description\":\"\",\"publisher\":{\"@id\":\"https:\\\/\\\/www.enerlandgroup.com\\\/es\\\/#organization\"},\"potentialAction\":[{\"@type\":\"SearchAction\",\"target\":{\"@type\":\"EntryPoint\",\"urlTemplate\":\"https:\\\/\\\/www.enerlandgroup.com\\\/es\\\/?s={search_term_string}\"},\"query-input\":{\"@type\":\"PropertyValueSpecification\",\"valueRequired\":true,\"valueName\":\"search_term_string\"}}],\"inLanguage\":\"es\"},{\"@type\":\"Organization\",\"@id\":\"https:\\\/\\\/www.enerlandgroup.com\\\/es\\\/#organization\",\"name\":\"Enerland Group\",\"url\":\"https:\\\/\\\/www.enerlandgroup.com\\\/es\\\/\",\"logo\":{\"@type\":\"ImageObject\",\"inLanguage\":\"es\",\"@id\":\"https:\\\/\\\/www.enerlandgroup.com\\\/es\\\/#\\\/schema\\\/logo\\\/image\\\/\",\"url\":\"https:\\\/\\\/www.enerlandgroup.com\\\/wp-content\\\/uploads\\\/2021\\\/05\\\/Logo_Enerland.png\",\"contentUrl\":\"https:\\\/\\\/www.enerlandgroup.com\\\/wp-content\\\/uploads\\\/2021\\\/05\\\/Logo_Enerland.png\",\"width\":184,\"height\":43,\"caption\":\"Enerland Group\"},\"image\":{\"@id\":\"https:\\\/\\\/www.enerlandgroup.com\\\/es\\\/#\\\/schema\\\/logo\\\/image\\\/\"},\"sameAs\":[\"https:\\\/\\\/www.linkedin.com\\\/company\\\/enerland-group\\\/\",\"https:\\\/\\\/www.youtube.com\\\/channel\\\/UCjdInbThgaPa2_D34vRChmA\"]},{\"@type\":\"Person\",\"@id\":\"https:\\\/\\\/www.enerlandgroup.com\\\/es\\\/#\\\/schema\\\/person\\\/ff4846e816b3f94eb665e1da0854e1b8\",\"name\":\"Ana\",\"image\":{\"@type\":\"ImageObject\",\"inLanguage\":\"es\",\"@id\":\"https:\\\/\\\/secure.gravatar.com\\\/avatar\\\/495e8a53709541de9036eb34e07c65eacd114aba52461487df6099dee02e64f1?s=96&d=mm&r=g\",\"url\":\"https:\\\/\\\/secure.gravatar.com\\\/avatar\\\/495e8a53709541de9036eb34e07c65eacd114aba52461487df6099dee02e64f1?s=96&d=mm&r=g\",\"contentUrl\":\"https:\\\/\\\/secure.gravatar.com\\\/avatar\\\/495e8a53709541de9036eb34e07c65eacd114aba52461487df6099dee02e64f1?s=96&d=mm&r=g\",\"caption\":\"Ana\"},\"url\":\"https:\\\/\\\/www.enerlandgroup.com\\\/es\\\/author\\\/ana-valdizanenerlandgroup-com\\\/\"}]}<\/script>\n<!-- \/ Yoast SEO plugin. -->","yoast_head_json":{"title":"Pastoreo solar: una alianza entre campo y energ\u00eda - Enerland Energ\u00eda Renovable","description":"Equilibrio entre el respeto por el campo, la comunidad local y las renovables: en Enerland apostamos por el \"pastoreo solar\".","robots":{"index":"index","follow":"follow","max-snippet":"max-snippet:-1","max-image-preview":"max-image-preview:large","max-video-preview":"max-video-preview:-1"},"canonical":"https:\/\/www.enerlandgroup.com\/es\/pastoreo-solar-una-alianza-entre-campo-y-energia\/","og_locale":"es_ES","og_type":"article","og_title":"Pastoreo solar: una alianza entre campo y energ\u00eda - Enerland Energ\u00eda Renovable","og_description":"Equilibrio entre el respeto por el campo, la comunidad local y las renovables: en Enerland apostamos por el \"pastoreo solar\".","og_url":"https:\/\/www.enerlandgroup.com\/es\/pastoreo-solar-una-alianza-entre-campo-y-energia\/","og_site_name":"Enerland Energ\u00eda Renovable","article_published_time":"2024-08-06T06:50:21+00:00","article_modified_time":"2025-06-06T12:46:11+00:00","og_image":[{"width":1870,"height":700,"url":"https:\/\/www.enerlandgroup.com\/wp-content\/uploads\/2024\/08\/OVEJAS-PASTOREO-SOLAR.jpg","type":"image\/jpeg"}],"author":"Ana","twitter_card":"summary_large_image","schema":{"@context":"https:\/\/schema.org","@graph":[{"@type":"Article","@id":"https:\/\/www.enerlandgroup.com\/es\/pastoreo-solar-una-alianza-entre-campo-y-energia\/#article","isPartOf":{"@id":"https:\/\/www.enerlandgroup.com\/es\/pastoreo-solar-una-alianza-entre-campo-y-energia\/"},"author":{"name":"Ana","@id":"https:\/\/www.enerlandgroup.com\/es\/#\/schema\/person\/ff4846e816b3f94eb665e1da0854e1b8"},"headline":"Pastoreo solar: una alianza entre campo y energ\u00eda","datePublished":"2024-08-06T06:50:21+00:00","dateModified":"2025-06-06T12:46:11+00:00","mainEntityOfPage":{"@id":"https:\/\/www.enerlandgroup.com\/es\/pastoreo-solar-una-alianza-entre-campo-y-energia\/"},"wordCount":432,"commentCount":0,"publisher":{"@id":"https:\/\/www.enerlandgroup.com\/es\/#organization"},"image":{"@id":"https:\/\/www.enerlandgroup.com\/es\/pastoreo-solar-una-alianza-entre-campo-y-energia\/#primaryimage"},"thumbnailUrl":"https:\/\/www.enerlandgroup.com\/wp-content\/uploads\/2024\/08\/OVEJAS-PASTOREO-SOLAR.jpg","articleSection":["Noticias","Sostenibilidad y Medio Ambiente"],"inLanguage":"es","potentialAction":[{"@type":"CommentAction","name":"Comment","target":["https:\/\/www.enerlandgroup.com\/es\/pastoreo-solar-una-alianza-entre-campo-y-energia\/#respond"]}]},{"@type":["WebPage","ItemPage"],"@id":"https:\/\/www.enerlandgroup.com\/es\/pastoreo-solar-una-alianza-entre-campo-y-energia\/","url":"https:\/\/www.enerlandgroup.com\/es\/pastoreo-solar-una-alianza-entre-campo-y-energia\/","name":"Pastoreo solar: una alianza entre campo y energ\u00eda - Enerland Energ\u00eda Renovable","isPartOf":{"@id":"https:\/\/www.enerlandgroup.com\/es\/#website"},"primaryImageOfPage":{"@id":"https:\/\/www.enerlandgroup.com\/es\/pastoreo-solar-una-alianza-entre-campo-y-energia\/#primaryimage"},"image":{"@id":"https:\/\/www.enerlandgroup.com\/es\/pastoreo-solar-una-alianza-entre-campo-y-energia\/#primaryimage"},"thumbnailUrl":"https:\/\/www.enerlandgroup.com\/wp-content\/uploads\/2024\/08\/OVEJAS-PASTOREO-SOLAR.jpg","datePublished":"2024-08-06T06:50:21+00:00","dateModified":"2025-06-06T12:46:11+00:00","description":"Equilibrio entre el respeto por el campo, la comunidad local y las renovables: en Enerland apostamos por el \"pastoreo solar\".","breadcrumb":{"@id":"https:\/\/www.enerlandgroup.com\/es\/pastoreo-solar-una-alianza-entre-campo-y-energia\/#breadcrumb"},"inLanguage":"es","potentialAction":[{"@type":"ReadAction","target":["https:\/\/www.enerlandgroup.com\/es\/pastoreo-solar-una-alianza-entre-campo-y-energia\/"]}]},{"@type":"ImageObject","inLanguage":"es","@id":"https:\/\/www.enerlandgroup.com\/es\/pastoreo-solar-una-alianza-entre-campo-y-energia\/#primaryimage","url":"https:\/\/www.enerlandgroup.com\/wp-content\/uploads\/2024\/08\/OVEJAS-PASTOREO-SOLAR.jpg","contentUrl":"https:\/\/www.enerlandgroup.com\/wp-content\/uploads\/2024\/08\/OVEJAS-PASTOREO-SOLAR.jpg","width":1870,"height":700},{"@type":"BreadcrumbList","@id":"https:\/\/www.enerlandgroup.com\/es\/pastoreo-solar-una-alianza-entre-campo-y-energia\/#breadcrumb","itemListElement":[{"@type":"ListItem","position":1,"name":"Inicio","item":"https:\/\/www.enerlandgroup.com\/es\/"},{"@type":"ListItem","position":2,"name":"Pastoreo solar: una alianza entre campo y energ\u00eda"}]},{"@type":"WebSite","@id":"https:\/\/www.enerlandgroup.com\/es\/#website","url":"https:\/\/www.enerlandgroup.com\/es\/","name":"Enerland Energ\u00eda Renovable","description":"","publisher":{"@id":"https:\/\/www.enerlandgroup.com\/es\/#organization"},"potentialAction":[{"@type":"SearchAction","target":{"@type":"EntryPoint","urlTemplate":"https:\/\/www.enerlandgroup.com\/es\/?s={search_term_string}"},"query-input":{"@type":"PropertyValueSpecification","valueRequired":true,"valueName":"search_term_string"}}],"inLanguage":"es"},{"@type":"Organization","@id":"https:\/\/www.enerlandgroup.com\/es\/#organization","name":"Enerland Group","url":"https:\/\/www.enerlandgroup.com\/es\/","logo":{"@type":"ImageObject","inLanguage":"es","@id":"https:\/\/www.enerlandgroup.com\/es\/#\/schema\/logo\/image\/","url":"https:\/\/www.enerlandgroup.com\/wp-content\/uploads\/2021\/05\/Logo_Enerland.png","contentUrl":"https:\/\/www.enerlandgroup.com\/wp-content\/uploads\/2021\/05\/Logo_Enerland.png","width":184,"height":43,"caption":"Enerland Group"},"image":{"@id":"https:\/\/www.enerlandgroup.com\/es\/#\/schema\/logo\/image\/"},"sameAs":["https:\/\/www.linkedin.com\/company\/enerland-group\/","https:\/\/www.youtube.com\/channel\/UCjdInbThgaPa2_D34vRChmA"]},{"@type":"Person","@id":"https:\/\/www.enerlandgroup.com\/es\/#\/schema\/person\/ff4846e816b3f94eb665e1da0854e1b8","name":"Ana","image":{"@type":"ImageObject","inLanguage":"es","@id":"https:\/\/secure.gravatar.com\/avatar\/495e8a53709541de9036eb34e07c65eacd114aba52461487df6099dee02e64f1?s=96&d=mm&r=g","url":"https:\/\/secure.gravatar.com\/avatar\/495e8a53709541de9036eb34e07c65eacd114aba52461487df6099dee02e64f1?s=96&d=mm&r=g","contentUrl":"https:\/\/secure.gravatar.com\/avatar\/495e8a53709541de9036eb34e07c65eacd114aba52461487df6099dee02e64f1?s=96&d=mm&r=g","caption":"Ana"},"url":"https:\/\/www.enerlandgroup.com\/es\/author\/ana-valdizanenerlandgroup-com\/"}]}},"jetpack_featured_media_url":"https:\/\/www.enerlandgroup.com\/wp-content\/uploads\/2024\/08\/OVEJAS-PASTOREO-SOLAR.jpg","_links":{"self":[{"href":"https:\/\/www.enerlandgroup.com\/es\/wp-json\/wp\/v2\/posts\/20622","targetHints":{"allow":["GET"]}}],"collection":[{"href":"https:\/\/www.enerlandgroup.com\/es\/wp-json\/wp\/v2\/posts"}],"about":[{"href":"https:\/\/www.enerlandgroup.com\/es\/wp-json\/wp\/v2\/types\/post"}],"author":[{"embeddable":true,"href":"https:\/\/www.enerlandgroup.com\/es\/wp-json\/wp\/v2\/users\/11"}],"replies":[{"embeddable":true,"href":"https:\/\/www.enerlandgroup.com\/es\/wp-json\/wp\/v2\/comments?post=20622"}],"version-history":[{"count":7,"href":"https:\/\/www.enerlandgroup.com\/es\/wp-json\/wp\/v2\/posts\/20622\/revisions"}],"predecessor-version":[{"id":20638,"href":"https:\/\/www.enerlandgroup.com\/es\/wp-json\/wp\/v2\/posts\/20622\/revisions\/20638"}],"wp:featuredmedia":[{"embeddable":true,"href":"https:\/\/www.enerlandgroup.com\/es\/wp-json\/wp\/v2\/media\/20631"}],"wp:attachment":[{"href":"https:\/\/www.enerlandgroup.com\/es\/wp-json\/wp\/v2\/media?parent=20622"}],"wp:term":[{"taxonomy":"category","embeddable":true,"href":"https:\/\/www.enerlandgroup.com\/es\/wp-json\/wp\/v2\/categories?post=20622"},{"taxonomy":"post_tag","embeddable":true,"href":"https:\/\/www.enerlandgroup.com\/es\/wp-json\/wp\/v2\/tags?post=20622"}],"curies":[{"name":"wp","href":"https:\/\/api.w.org\/{rel}","templated":true}]}}