{"id":20201,"date":"2024-06-11T09:24:07","date_gmt":"2024-06-11T07:24:07","guid":{"rendered":"https:\/\/www.enerlandgroup.com\/?p=20201"},"modified":"2025-06-06T14:45:52","modified_gmt":"2025-06-06T12:45:52","slug":"enerland-participa-en-energyear-colombia-2024","status":"publish","type":"post","link":"https:\/\/www.enerlandgroup.com\/es\/enerland-participa-en-energyear-colombia-2024\/","title":{"rendered":"Enerland participa en Energyear Colombia 2024"},"content":{"rendered":"<h2>El 29 y 30 de mayo los compa\u00f1eros de Colombia asistieron a Energyear Colombia 2024, en Medell\u00edn, donde Erika Rueda, Ingeniera de Oferta de Enerland en el pa\u00eds, particip\u00f3 como moderadora.<\/h2>\n<p>&nbsp;<\/p>\n<p>El\u00a029 y 30 de mayo\u00a0se celebr\u00f3 el evento Energyear Colombia 2024, en Medell\u00edn. Un a\u00f1o m\u00e1s, <a href=\"https:\/\/www.enerlandgroup.com\/es\/energyear-22-colombia\/\">Enerland volvi\u00f3 a participar en el congreso m\u00e1s relevante de la industria renovable en el pa\u00eds<\/a>. Esta vez, nuestra Ingeniera de Oferta, Erika Rueda, particip\u00f3 como ponente en el panel de debate h\u00edbrido: \u00abOferta y novedades en estructuras y m\u00f3dulos para aprovechar el potencial solar de Colombia\u00bb. Adem\u00e1s, tambi\u00e9n estuvieron presentes nuestros compa\u00f1eros: \u00d3scar Berr\u00edo, Country Manager, Carolina Sandoval, Directora Comercial, Hugo Mart\u00ednez, Head of Business Development\u00a0 y Daniel Ruiz, Coordinador el\u00e9ctrica \u00e1rea de ingenier\u00eda.<\/p>\n<p>\u00abAlgunos de los aspectos que trat\u00e9 como moderadora en el panel h\u00edbrido abarcaron tanto aspectos t\u00e9cnicos, como econ\u00f3micos, de innovaci\u00f3n y tendencias, implementaci\u00f3n e impactos sociales y ambientales que definen lo asociado al desarrollo tecnol\u00f3gico para dos de los elementos principales de un sistema fotovoltaico: estructuras y m\u00f3dulos\u00bb, a\u00f1adi\u00f3 Erika Rueda.<\/p>\n<p>Estar presentes en <a href=\"https:\/\/energyear.com\/es\/colombia\/\">este tipo de eventos nos ayuda a estar al tanto de las \u00faltimas novedades tecnol\u00f3gicas, comerciales y legales del sector<\/a>. De esta forma, podemos ofrecer a nuestros clientes las \u00faltimas y m\u00e1s avanzadas novedades en soluciones de energ\u00eda sostenible. Esperamos volver a la pr\u00f3xima edici\u00f3n.<\/p>\n<p><img loading=\"lazy\" decoding=\"async\" class=\"aligncenter wp-image-20215 \" src=\"https:\/\/www.enerlandgroup.com\/wp-content\/uploads\/2024\/06\/WhatsApp-Image-2024-06-04-at-09.44.04-1024x676.jpeg\" alt=\"\" width=\"633\" height=\"418\" \/><\/p>\n<p>&nbsp;<\/p>\n<h3>Enerland en el continente americano<\/h3>\n<p>Enerland Group, presente en m\u00e1s de una decena de pa\u00edses de todo el mundo, <a href=\"https:\/\/www.enerlandgroup.com\/es\/proyectos\/latinoamerica\/?proyectos=construidos#anclasfiltros\">lleva impulsando desde 2012 su actividad en Centroam\u00e9rica<\/a>, en territorios como El Salvador, M\u00e9xico, Costa Rica y, Colombia. Actualmente tiene una cartera de m\u00e1s de 500 MW de proyectos fotovoltaicos construidos, gran parte de los cuales mantiene bajo su servicio de operaci\u00f3n y mantenimiento. Adem\u00e1s, en los \u00faltimos a\u00f1os, la compa\u00f1\u00eda ha ido expandiendo su presencia por todo el continente americano, donde ya tiene actividad en Guatemala, Rep\u00fablica Dominicana, y Ecuador.<\/p>\n","protected":false},"excerpt":{"rendered":"<p>El 29 y 30 de mayo los compa\u00f1eros de Colombia asistieron a Energyear Colombia<\/p>\n","protected":false},"author":11,"featured_media":20211,"comment_status":"open","ping_status":"open","sticky":false,"template":"","format":"standard","meta":{"_et_pb_use_builder":"","_et_pb_old_content":"","_et_gb_content_width":"","footnotes":""},"categories":[23,161],"tags":[],"class_list":["post-20201","post","type-post","status-publish","format-standard","has-post-thumbnail","hentry","category-corporativo","category-noticias"],"yoast_head":"<!-- This site is optimized with the Yoast SEO plugin v27.4 - https:\/\/yoast.com\/product\/yoast-seo-wordpress\/ -->\n<title>Enerland participa en Energyear Colombia 2024 - Enerland Energ\u00eda Renovable<\/title>\n<meta name=\"description\" content=\"El 29 y 30 de mayo los compa\u00f1eros de Colombia asistieron a Energyear Colombia 2024, en Medell\u00edn, donde Enerland particip\u00f3 como ponentes.\" \/>\n<meta name=\"robots\" content=\"index, follow, max-snippet:-1, max-image-preview:large, max-video-preview:-1\" \/>\n<link rel=\"canonical\" href=\"https:\/\/www.enerlandgroup.com\/es\/enerland-participa-en-energyear-colombia-2024\/\" \/>\n<meta property=\"og:locale\" content=\"es_ES\" \/>\n<meta property=\"og:type\" content=\"article\" \/>\n<meta property=\"og:title\" content=\"Enerland participa en Energyear Colombia 2024 - Enerland Energ\u00eda Renovable\" \/>\n<meta property=\"og:description\" content=\"El 29 y 30 de mayo los compa\u00f1eros de Colombia asistieron a Energyear Colombia 2024, en Medell\u00edn, donde Enerland particip\u00f3 como ponentes.\" \/>\n<meta property=\"og:url\" content=\"https:\/\/www.enerlandgroup.com\/es\/enerland-participa-en-energyear-colombia-2024\/\" \/>\n<meta property=\"og:site_name\" content=\"Enerland Energ\u00eda Renovable\" \/>\n<meta property=\"article:published_time\" content=\"2024-06-11T07:24:07+00:00\" \/>\n<meta property=\"article:modified_time\" content=\"2025-06-06T12:45:52+00:00\" \/>\n<meta property=\"og:image\" content=\"https:\/\/www.enerlandgroup.com\/wp-content\/uploads\/2024\/06\/ENERGYEAR-COLOMBIA-2024.jpg\" \/>\n\t<meta property=\"og:image:width\" content=\"1870\" \/>\n\t<meta property=\"og:image:height\" content=\"700\" \/>\n\t<meta property=\"og:image:type\" content=\"image\/jpeg\" \/>\n<meta name=\"author\" content=\"Ana\" \/>\n<meta name=\"twitter:card\" content=\"summary_large_image\" \/>\n<script type=\"application\/ld+json\" class=\"yoast-schema-graph\">{\"@context\":\"https:\\\/\\\/schema.org\",\"@graph\":[{\"@type\":\"Article\",\"@id\":\"https:\\\/\\\/www.enerlandgroup.com\\\/es\\\/enerland-participa-en-energyear-colombia-2024\\\/#article\",\"isPartOf\":{\"@id\":\"https:\\\/\\\/www.enerlandgroup.com\\\/es\\\/enerland-participa-en-energyear-colombia-2024\\\/\"},\"author\":{\"name\":\"Ana\",\"@id\":\"https:\\\/\\\/www.enerlandgroup.com\\\/es\\\/#\\\/schema\\\/person\\\/ff4846e816b3f94eb665e1da0854e1b8\"},\"headline\":\"Enerland participa en Energyear Colombia 2024\",\"datePublished\":\"2024-06-11T07:24:07+00:00\",\"dateModified\":\"2025-06-06T12:45:52+00:00\",\"mainEntityOfPage\":{\"@id\":\"https:\\\/\\\/www.enerlandgroup.com\\\/es\\\/enerland-participa-en-energyear-colombia-2024\\\/\"},\"wordCount\":352,\"commentCount\":0,\"publisher\":{\"@id\":\"https:\\\/\\\/www.enerlandgroup.com\\\/es\\\/#organization\"},\"image\":{\"@id\":\"https:\\\/\\\/www.enerlandgroup.com\\\/es\\\/enerland-participa-en-energyear-colombia-2024\\\/#primaryimage\"},\"thumbnailUrl\":\"https:\\\/\\\/www.enerlandgroup.com\\\/wp-content\\\/uploads\\\/2024\\\/06\\\/ENERGYEAR-COLOMBIA-2024.jpg\",\"articleSection\":[\"Corporativo\",\"Noticias\"],\"inLanguage\":\"es\",\"potentialAction\":[{\"@type\":\"CommentAction\",\"name\":\"Comment\",\"target\":[\"https:\\\/\\\/www.enerlandgroup.com\\\/es\\\/enerland-participa-en-energyear-colombia-2024\\\/#respond\"]}]},{\"@type\":[\"WebPage\",\"ItemPage\"],\"@id\":\"https:\\\/\\\/www.enerlandgroup.com\\\/es\\\/enerland-participa-en-energyear-colombia-2024\\\/\",\"url\":\"https:\\\/\\\/www.enerlandgroup.com\\\/es\\\/enerland-participa-en-energyear-colombia-2024\\\/\",\"name\":\"Enerland participa en Energyear Colombia 2024 - Enerland Energ\u00eda Renovable\",\"isPartOf\":{\"@id\":\"https:\\\/\\\/www.enerlandgroup.com\\\/es\\\/#website\"},\"primaryImageOfPage\":{\"@id\":\"https:\\\/\\\/www.enerlandgroup.com\\\/es\\\/enerland-participa-en-energyear-colombia-2024\\\/#primaryimage\"},\"image\":{\"@id\":\"https:\\\/\\\/www.enerlandgroup.com\\\/es\\\/enerland-participa-en-energyear-colombia-2024\\\/#primaryimage\"},\"thumbnailUrl\":\"https:\\\/\\\/www.enerlandgroup.com\\\/wp-content\\\/uploads\\\/2024\\\/06\\\/ENERGYEAR-COLOMBIA-2024.jpg\",\"datePublished\":\"2024-06-11T07:24:07+00:00\",\"dateModified\":\"2025-06-06T12:45:52+00:00\",\"description\":\"El 29 y 30 de mayo los compa\u00f1eros de Colombia asistieron a Energyear Colombia 2024, en Medell\u00edn, donde Enerland particip\u00f3 como ponentes.\",\"breadcrumb\":{\"@id\":\"https:\\\/\\\/www.enerlandgroup.com\\\/es\\\/enerland-participa-en-energyear-colombia-2024\\\/#breadcrumb\"},\"inLanguage\":\"es\",\"potentialAction\":[{\"@type\":\"ReadAction\",\"target\":[\"https:\\\/\\\/www.enerlandgroup.com\\\/es\\\/enerland-participa-en-energyear-colombia-2024\\\/\"]}]},{\"@type\":\"ImageObject\",\"inLanguage\":\"es\",\"@id\":\"https:\\\/\\\/www.enerlandgroup.com\\\/es\\\/enerland-participa-en-energyear-colombia-2024\\\/#primaryimage\",\"url\":\"https:\\\/\\\/www.enerlandgroup.com\\\/wp-content\\\/uploads\\\/2024\\\/06\\\/ENERGYEAR-COLOMBIA-2024.jpg\",\"contentUrl\":\"https:\\\/\\\/www.enerlandgroup.com\\\/wp-content\\\/uploads\\\/2024\\\/06\\\/ENERGYEAR-COLOMBIA-2024.jpg\",\"width\":1870,\"height\":700,\"caption\":\"ENERGYEAR COLOMBIA 2024\"},{\"@type\":\"BreadcrumbList\",\"@id\":\"https:\\\/\\\/www.enerlandgroup.com\\\/es\\\/enerland-participa-en-energyear-colombia-2024\\\/#breadcrumb\",\"itemListElement\":[{\"@type\":\"ListItem\",\"position\":1,\"name\":\"Inicio\",\"item\":\"https:\\\/\\\/www.enerlandgroup.com\\\/es\\\/\"},{\"@type\":\"ListItem\",\"position\":2,\"name\":\"Enerland participa en Energyear Colombia 2024\"}]},{\"@type\":\"WebSite\",\"@id\":\"https:\\\/\\\/www.enerlandgroup.com\\\/es\\\/#website\",\"url\":\"https:\\\/\\\/www.enerlandgroup.com\\\/es\\\/\",\"name\":\"Enerland Energ\u00eda Renovable\",\"description\":\"\",\"publisher\":{\"@id\":\"https:\\\/\\\/www.enerlandgroup.com\\\/es\\\/#organization\"},\"potentialAction\":[{\"@type\":\"SearchAction\",\"target\":{\"@type\":\"EntryPoint\",\"urlTemplate\":\"https:\\\/\\\/www.enerlandgroup.com\\\/es\\\/?s={search_term_string}\"},\"query-input\":{\"@type\":\"PropertyValueSpecification\",\"valueRequired\":true,\"valueName\":\"search_term_string\"}}],\"inLanguage\":\"es\"},{\"@type\":\"Organization\",\"@id\":\"https:\\\/\\\/www.enerlandgroup.com\\\/es\\\/#organization\",\"name\":\"Enerland Group\",\"url\":\"https:\\\/\\\/www.enerlandgroup.com\\\/es\\\/\",\"logo\":{\"@type\":\"ImageObject\",\"inLanguage\":\"es\",\"@id\":\"https:\\\/\\\/www.enerlandgroup.com\\\/es\\\/#\\\/schema\\\/logo\\\/image\\\/\",\"url\":\"https:\\\/\\\/www.enerlandgroup.com\\\/wp-content\\\/uploads\\\/2021\\\/05\\\/Logo_Enerland.png\",\"contentUrl\":\"https:\\\/\\\/www.enerlandgroup.com\\\/wp-content\\\/uploads\\\/2021\\\/05\\\/Logo_Enerland.png\",\"width\":184,\"height\":43,\"caption\":\"Enerland Group\"},\"image\":{\"@id\":\"https:\\\/\\\/www.enerlandgroup.com\\\/es\\\/#\\\/schema\\\/logo\\\/image\\\/\"},\"sameAs\":[\"https:\\\/\\\/www.linkedin.com\\\/company\\\/enerland-group\\\/\",\"https:\\\/\\\/www.youtube.com\\\/channel\\\/UCjdInbThgaPa2_D34vRChmA\"]},{\"@type\":\"Person\",\"@id\":\"https:\\\/\\\/www.enerlandgroup.com\\\/es\\\/#\\\/schema\\\/person\\\/ff4846e816b3f94eb665e1da0854e1b8\",\"name\":\"Ana\",\"image\":{\"@type\":\"ImageObject\",\"inLanguage\":\"es\",\"@id\":\"https:\\\/\\\/secure.gravatar.com\\\/avatar\\\/495e8a53709541de9036eb34e07c65eacd114aba52461487df6099dee02e64f1?s=96&d=mm&r=g\",\"url\":\"https:\\\/\\\/secure.gravatar.com\\\/avatar\\\/495e8a53709541de9036eb34e07c65eacd114aba52461487df6099dee02e64f1?s=96&d=mm&r=g\",\"contentUrl\":\"https:\\\/\\\/secure.gravatar.com\\\/avatar\\\/495e8a53709541de9036eb34e07c65eacd114aba52461487df6099dee02e64f1?s=96&d=mm&r=g\",\"caption\":\"Ana\"},\"url\":\"https:\\\/\\\/www.enerlandgroup.com\\\/es\\\/author\\\/ana-valdizanenerlandgroup-com\\\/\"}]}<\/script>\n<!-- \/ Yoast SEO plugin. -->","yoast_head_json":{"title":"Enerland participa en Energyear Colombia 2024 - Enerland Energ\u00eda Renovable","description":"El 29 y 30 de mayo los compa\u00f1eros de Colombia asistieron a Energyear Colombia 2024, en Medell\u00edn, donde Enerland particip\u00f3 como ponentes.","robots":{"index":"index","follow":"follow","max-snippet":"max-snippet:-1","max-image-preview":"max-image-preview:large","max-video-preview":"max-video-preview:-1"},"canonical":"https:\/\/www.enerlandgroup.com\/es\/enerland-participa-en-energyear-colombia-2024\/","og_locale":"es_ES","og_type":"article","og_title":"Enerland participa en Energyear Colombia 2024 - Enerland Energ\u00eda Renovable","og_description":"El 29 y 30 de mayo los compa\u00f1eros de Colombia asistieron a Energyear Colombia 2024, en Medell\u00edn, donde Enerland particip\u00f3 como ponentes.","og_url":"https:\/\/www.enerlandgroup.com\/es\/enerland-participa-en-energyear-colombia-2024\/","og_site_name":"Enerland Energ\u00eda Renovable","article_published_time":"2024-06-11T07:24:07+00:00","article_modified_time":"2025-06-06T12:45:52+00:00","og_image":[{"width":1870,"height":700,"url":"https:\/\/www.enerlandgroup.com\/wp-content\/uploads\/2024\/06\/ENERGYEAR-COLOMBIA-2024.jpg","type":"image\/jpeg"}],"author":"Ana","twitter_card":"summary_large_image","schema":{"@context":"https:\/\/schema.org","@graph":[{"@type":"Article","@id":"https:\/\/www.enerlandgroup.com\/es\/enerland-participa-en-energyear-colombia-2024\/#article","isPartOf":{"@id":"https:\/\/www.enerlandgroup.com\/es\/enerland-participa-en-energyear-colombia-2024\/"},"author":{"name":"Ana","@id":"https:\/\/www.enerlandgroup.com\/es\/#\/schema\/person\/ff4846e816b3f94eb665e1da0854e1b8"},"headline":"Enerland participa en Energyear Colombia 2024","datePublished":"2024-06-11T07:24:07+00:00","dateModified":"2025-06-06T12:45:52+00:00","mainEntityOfPage":{"@id":"https:\/\/www.enerlandgroup.com\/es\/enerland-participa-en-energyear-colombia-2024\/"},"wordCount":352,"commentCount":0,"publisher":{"@id":"https:\/\/www.enerlandgroup.com\/es\/#organization"},"image":{"@id":"https:\/\/www.enerlandgroup.com\/es\/enerland-participa-en-energyear-colombia-2024\/#primaryimage"},"thumbnailUrl":"https:\/\/www.enerlandgroup.com\/wp-content\/uploads\/2024\/06\/ENERGYEAR-COLOMBIA-2024.jpg","articleSection":["Corporativo","Noticias"],"inLanguage":"es","potentialAction":[{"@type":"CommentAction","name":"Comment","target":["https:\/\/www.enerlandgroup.com\/es\/enerland-participa-en-energyear-colombia-2024\/#respond"]}]},{"@type":["WebPage","ItemPage"],"@id":"https:\/\/www.enerlandgroup.com\/es\/enerland-participa-en-energyear-colombia-2024\/","url":"https:\/\/www.enerlandgroup.com\/es\/enerland-participa-en-energyear-colombia-2024\/","name":"Enerland participa en Energyear Colombia 2024 - Enerland Energ\u00eda Renovable","isPartOf":{"@id":"https:\/\/www.enerlandgroup.com\/es\/#website"},"primaryImageOfPage":{"@id":"https:\/\/www.enerlandgroup.com\/es\/enerland-participa-en-energyear-colombia-2024\/#primaryimage"},"image":{"@id":"https:\/\/www.enerlandgroup.com\/es\/enerland-participa-en-energyear-colombia-2024\/#primaryimage"},"thumbnailUrl":"https:\/\/www.enerlandgroup.com\/wp-content\/uploads\/2024\/06\/ENERGYEAR-COLOMBIA-2024.jpg","datePublished":"2024-06-11T07:24:07+00:00","dateModified":"2025-06-06T12:45:52+00:00","description":"El 29 y 30 de mayo los compa\u00f1eros de Colombia asistieron a Energyear Colombia 2024, en Medell\u00edn, donde Enerland particip\u00f3 como ponentes.","breadcrumb":{"@id":"https:\/\/www.enerlandgroup.com\/es\/enerland-participa-en-energyear-colombia-2024\/#breadcrumb"},"inLanguage":"es","potentialAction":[{"@type":"ReadAction","target":["https:\/\/www.enerlandgroup.com\/es\/enerland-participa-en-energyear-colombia-2024\/"]}]},{"@type":"ImageObject","inLanguage":"es","@id":"https:\/\/www.enerlandgroup.com\/es\/enerland-participa-en-energyear-colombia-2024\/#primaryimage","url":"https:\/\/www.enerlandgroup.com\/wp-content\/uploads\/2024\/06\/ENERGYEAR-COLOMBIA-2024.jpg","contentUrl":"https:\/\/www.enerlandgroup.com\/wp-content\/uploads\/2024\/06\/ENERGYEAR-COLOMBIA-2024.jpg","width":1870,"height":700,"caption":"ENERGYEAR COLOMBIA 2024"},{"@type":"BreadcrumbList","@id":"https:\/\/www.enerlandgroup.com\/es\/enerland-participa-en-energyear-colombia-2024\/#breadcrumb","itemListElement":[{"@type":"ListItem","position":1,"name":"Inicio","item":"https:\/\/www.enerlandgroup.com\/es\/"},{"@type":"ListItem","position":2,"name":"Enerland participa en Energyear Colombia 2024"}]},{"@type":"WebSite","@id":"https:\/\/www.enerlandgroup.com\/es\/#website","url":"https:\/\/www.enerlandgroup.com\/es\/","name":"Enerland Energ\u00eda Renovable","description":"","publisher":{"@id":"https:\/\/www.enerlandgroup.com\/es\/#organization"},"potentialAction":[{"@type":"SearchAction","target":{"@type":"EntryPoint","urlTemplate":"https:\/\/www.enerlandgroup.com\/es\/?s={search_term_string}"},"query-input":{"@type":"PropertyValueSpecification","valueRequired":true,"valueName":"search_term_string"}}],"inLanguage":"es"},{"@type":"Organization","@id":"https:\/\/www.enerlandgroup.com\/es\/#organization","name":"Enerland Group","url":"https:\/\/www.enerlandgroup.com\/es\/","logo":{"@type":"ImageObject","inLanguage":"es","@id":"https:\/\/www.enerlandgroup.com\/es\/#\/schema\/logo\/image\/","url":"https:\/\/www.enerlandgroup.com\/wp-content\/uploads\/2021\/05\/Logo_Enerland.png","contentUrl":"https:\/\/www.enerlandgroup.com\/wp-content\/uploads\/2021\/05\/Logo_Enerland.png","width":184,"height":43,"caption":"Enerland Group"},"image":{"@id":"https:\/\/www.enerlandgroup.com\/es\/#\/schema\/logo\/image\/"},"sameAs":["https:\/\/www.linkedin.com\/company\/enerland-group\/","https:\/\/www.youtube.com\/channel\/UCjdInbThgaPa2_D34vRChmA"]},{"@type":"Person","@id":"https:\/\/www.enerlandgroup.com\/es\/#\/schema\/person\/ff4846e816b3f94eb665e1da0854e1b8","name":"Ana","image":{"@type":"ImageObject","inLanguage":"es","@id":"https:\/\/secure.gravatar.com\/avatar\/495e8a53709541de9036eb34e07c65eacd114aba52461487df6099dee02e64f1?s=96&d=mm&r=g","url":"https:\/\/secure.gravatar.com\/avatar\/495e8a53709541de9036eb34e07c65eacd114aba52461487df6099dee02e64f1?s=96&d=mm&r=g","contentUrl":"https:\/\/secure.gravatar.com\/avatar\/495e8a53709541de9036eb34e07c65eacd114aba52461487df6099dee02e64f1?s=96&d=mm&r=g","caption":"Ana"},"url":"https:\/\/www.enerlandgroup.com\/es\/author\/ana-valdizanenerlandgroup-com\/"}]}},"jetpack_featured_media_url":"https:\/\/www.enerlandgroup.com\/wp-content\/uploads\/2024\/06\/ENERGYEAR-COLOMBIA-2024.jpg","_links":{"self":[{"href":"https:\/\/www.enerlandgroup.com\/es\/wp-json\/wp\/v2\/posts\/20201","targetHints":{"allow":["GET"]}}],"collection":[{"href":"https:\/\/www.enerlandgroup.com\/es\/wp-json\/wp\/v2\/posts"}],"about":[{"href":"https:\/\/www.enerlandgroup.com\/es\/wp-json\/wp\/v2\/types\/post"}],"author":[{"embeddable":true,"href":"https:\/\/www.enerlandgroup.com\/es\/wp-json\/wp\/v2\/users\/11"}],"replies":[{"embeddable":true,"href":"https:\/\/www.enerlandgroup.com\/es\/wp-json\/wp\/v2\/comments?post=20201"}],"version-history":[{"count":8,"href":"https:\/\/www.enerlandgroup.com\/es\/wp-json\/wp\/v2\/posts\/20201\/revisions"}],"predecessor-version":[{"id":21990,"href":"https:\/\/www.enerlandgroup.com\/es\/wp-json\/wp\/v2\/posts\/20201\/revisions\/21990"}],"wp:featuredmedia":[{"embeddable":true,"href":"https:\/\/www.enerlandgroup.com\/es\/wp-json\/wp\/v2\/media\/20211"}],"wp:attachment":[{"href":"https:\/\/www.enerlandgroup.com\/es\/wp-json\/wp\/v2\/media?parent=20201"}],"wp:term":[{"taxonomy":"category","embeddable":true,"href":"https:\/\/www.enerlandgroup.com\/es\/wp-json\/wp\/v2\/categories?post=20201"},{"taxonomy":"post_tag","embeddable":true,"href":"https:\/\/www.enerlandgroup.com\/es\/wp-json\/wp\/v2\/tags?post=20201"}],"curies":[{"name":"wp","href":"https:\/\/api.w.org\/{rel}","templated":true}]}}