{"id":20173,"date":"2024-06-14T09:58:44","date_gmt":"2024-06-14T07:58:44","guid":{"rendered":"https:\/\/www.enerlandgroup.com\/?p=20173"},"modified":"2025-06-06T14:46:01","modified_gmt":"2025-06-06T12:46:01","slug":"enerland-group-finaliza-la-construccion-del-pfv-lawica","status":"publish","type":"post","link":"https:\/\/www.enerlandgroup.com\/es\/enerland-group-finaliza-la-construccion-del-pfv-lawica\/","title":{"rendered":"Enerland Group finaliza la construcci\u00f3n del PFV Lawica"},"content":{"rendered":"<h2>Hace unos meses finalizamos la construcci\u00f3n del PFV Lawica, en Polonia, para el Aeropuerto de Pozna\u0144-\u0141awica.<\/h2>\n<p>&nbsp;<\/p>\n<p>El mes pasado anunciamos que el parque destinado a autoconsumo fotovoltaico, <a href=\"https:\/\/www.enerlandgroup.com\/es\/project\/2024-lawica\/\">Lawica<\/a>, de 4 MW, hab\u00eda sido puesto en marcha tras dos meses de construcci\u00f3n. Su objetivo: abastecer al Aeropuerto de Pozna\u0144-\u0141awica con energ\u00eda 100% verde. La planta cuenta con una extensi\u00f3n de 6 hect\u00e1reas, sobre la que se instalaron casi 7.000 m\u00f3dulos. Para completar este trabajo se requirieron m\u00e1s de 100 empleados directos e indirectos. Ahora que est\u00e1 en funcionamiento, se espera que su producci\u00f3n anual sea de 22.000 MWh, cifra que equivaldr\u00eda al consumo energ\u00e9tico de 1.372 hogares polacos. Adem\u00e1s, la planta evitar\u00e1 la emisi\u00f3n de m\u00e1s de 4.000 toneladas anuales de CO2 a la atm\u00f3sfera.<\/p>\n<p><span class=\"ui-provider a b c d e f g h i j k l m n o p q r s t u v w x y z ab ac ae af ag ah ai aj ak\" dir=\"ltr\">\u00abMe gustar\u00eda anunciar que el parque de 4MWp, PFV Lawica, realizado por Enerland, ha sido oficialmente completado y conectado a la red el\u00e9ctrica. Este es un proyecto inusual, ya que est\u00e1 ubicado dentro de la zona de operaci\u00f3n del aeropuerto. La energ\u00eda generada a trav\u00e9s de esta inversi\u00f3n mejorar\u00e1 la eficiencia del Aeropuerto de Poznan, y en el futuro servir\u00e1 como fuente para la producci\u00f3n de hidr\u00f3geno verde para los autobuses. Me gustar\u00eda dar las gracias a todo el equipo que ha participado en el proceso. En particular, a K&amp;P por darnos la base, a <\/span><span class=\"ui-provider a b c d e f g h i j k l m n o p q r s t u v w x y z ab ac ae af ag ah ai aj ak\" dir=\"ltr\"><a class=\"fui-Link ___1rxvrpe f2hkw1w f3rmtva f1ewtqcl fyind8e f1k6fduh f1w7gpdv fk6fouc fjoy568 figsok6 f1hu3pq6 f11qmguv f19f4twv f1tyq0we f1g0x7ka fhxju0i f1qch9an f1cnd47f fqv5qza f1vmzxwi f1o700av f13mvf36 f1cmlufx f9n3di6 f1ids18y f1tx3yz7 f1deo86v f1eh06m1 f1iescvh fhgqx19 f1olyrje f1p93eir f1nev41a f1h8hb77 f1lqvz6u f10aw75t fsle3fq f17ae5zn\" title=\"https:\/\/www.linkedin.com\/in\/marcin-marczyd%c5%82o-14b343122\/\" href=\"https:\/\/www.linkedin.com\/in\/marcin-marczyd%C5%82o-14b343122\/\" target=\"_blank\" rel=\"noreferrer noopener\" aria-label=\"V\u00ednculo Marcin Marczyd\u0142o\">Marcin Marczyd\u0142o<\/a> por su liderazgo, <a class=\"fui-Link ___1rxvrpe f2hkw1w f3rmtva f1ewtqcl fyind8e f1k6fduh f1w7gpdv fk6fouc fjoy568 figsok6 f1hu3pq6 f11qmguv f19f4twv f1tyq0we f1g0x7ka fhxju0i f1qch9an f1cnd47f fqv5qza f1vmzxwi f1o700av f13mvf36 f1cmlufx f9n3di6 f1ids18y f1tx3yz7 f1deo86v f1eh06m1 f1iescvh fhgqx19 f1olyrje f1p93eir f1nev41a f1h8hb77 f1lqvz6u f10aw75t fsle3fq f17ae5zn\" title=\"https:\/\/www.linkedin.com\/in\/andrzej-jozwiak-\/\" href=\"https:\/\/www.linkedin.com\/in\/andrzej-jozwiak-\/\" target=\"_blank\" rel=\"noreferrer noopener\" aria-label=\"V\u00ednculo Andrzej J\u00f3\u017awiak\">Andrzej J\u00f3\u017awiak<\/a> por dirigir el proyecto, y a <a class=\"fui-Link ___1rxvrpe f2hkw1w f3rmtva f1ewtqcl fyind8e f1k6fduh f1w7gpdv fk6fouc fjoy568 figsok6 f1hu3pq6 f11qmguv f19f4twv f1tyq0we f1g0x7ka fhxju0i f1qch9an f1cnd47f fqv5qza f1vmzxwi f1o700av f13mvf36 f1cmlufx f9n3di6 f1ids18y f1tx3yz7 f1deo86v f1eh06m1 f1iescvh fhgqx19 f1olyrje f1p93eir f1nev41a f1h8hb77 f1lqvz6u f10aw75t fsle3fq f17ae5zn\" title=\"https:\/\/www.linkedin.com\/in\/karolina-granda-214673205\/\" href=\"https:\/\/www.linkedin.com\/in\/karolina-granda-214673205\/\" target=\"_blank\" rel=\"noreferrer noopener\" aria-label=\"V\u00ednculo Karolina Granda\">Karolina Granda<\/a> por la coordinaci\u00f3n. \u00a1Gran trabajo!\u00bb &#8211; <a href=\"https:\/\/www.linkedin.com\/in\/maciejstypinski\/\">Maciej Stypinski<\/a>, Country Manager de Enerland Polonia.<\/span><\/p>\n<p>&nbsp;<\/p>\n<h3>Enerland en Polonia<\/h3>\n<p>&nbsp;<\/p>\n<p>Adem\u00e1s del PFV Lawica, Enerland Group ha completado otro parque en el pa\u00eds, la planta fotovoltaica <a href=\"https:\/\/www.enerlandgroup.com\/es\/project\/2023-konary\/\">Konary<\/a>, puesta en marcha en 2023. El parque, situado en Konary, al oeste de Polonia, cuenta con una potencia de 45MWp, y fue la primera obra de la compa\u00f1\u00eda en territorio polaco. Desde Enerland, seguimos trabajando para impulsar la energ\u00eda limpia a Europa, donde ya contamos con sede y proyectos en Espa\u00f1a, Portugal, Italia y Polonia.<\/p>\n","protected":false},"excerpt":{"rendered":"<p>Hace unos meses finalizamos la construcci\u00f3n del PFV Lawica, en Polonia, para el Aeropuerto<\/p>\n","protected":false},"author":11,"featured_media":20248,"comment_status":"open","ping_status":"open","sticky":false,"template":"","format":"standard","meta":{"_et_pb_use_builder":"","_et_pb_old_content":"","_et_gb_content_width":"","footnotes":""},"categories":[161,22],"tags":[],"class_list":["post-20173","post","type-post","status-publish","format-standard","has-post-thumbnail","hentry","category-noticias","category-proyectos-realizados"],"yoast_head":"<!-- This site is optimized with the Yoast SEO plugin v27.4 - https:\/\/yoast.com\/product\/yoast-seo-wordpress\/ -->\n<title>Enerland Group finaliza la construcci\u00f3n del PFV Lawica - Enerland Energ\u00eda Renovable<\/title>\n<meta name=\"description\" content=\"Hace unos meses finalizamos la construcci\u00f3n del PFV Lawica, en Polonia, para el Aeropuerto de Pozna\u0144-\u0141awica.\" \/>\n<meta name=\"robots\" content=\"index, follow, max-snippet:-1, max-image-preview:large, max-video-preview:-1\" \/>\n<link rel=\"canonical\" href=\"https:\/\/www.enerlandgroup.com\/es\/enerland-group-finaliza-la-construccion-del-pfv-lawica\/\" \/>\n<meta property=\"og:locale\" content=\"es_ES\" \/>\n<meta property=\"og:type\" content=\"article\" \/>\n<meta property=\"og:title\" content=\"Enerland Group finaliza la construcci\u00f3n del PFV Lawica - Enerland Energ\u00eda Renovable\" \/>\n<meta property=\"og:description\" content=\"Hace unos meses finalizamos la construcci\u00f3n del PFV Lawica, en Polonia, para el Aeropuerto de Pozna\u0144-\u0141awica.\" \/>\n<meta property=\"og:url\" content=\"https:\/\/www.enerlandgroup.com\/es\/enerland-group-finaliza-la-construccion-del-pfv-lawica\/\" \/>\n<meta property=\"og:site_name\" content=\"Enerland Energ\u00eda Renovable\" \/>\n<meta property=\"article:published_time\" content=\"2024-06-14T07:58:44+00:00\" \/>\n<meta property=\"article:modified_time\" content=\"2025-06-06T12:46:01+00:00\" \/>\n<meta property=\"og:image\" content=\"https:\/\/www.enerlandgroup.com\/wp-content\/uploads\/2024\/06\/LAWICA.jpg\" \/>\n\t<meta property=\"og:image:width\" content=\"1870\" \/>\n\t<meta property=\"og:image:height\" content=\"700\" \/>\n\t<meta property=\"og:image:type\" content=\"image\/jpeg\" \/>\n<meta name=\"author\" content=\"Ana\" \/>\n<meta name=\"twitter:card\" content=\"summary_large_image\" \/>\n<script type=\"application\/ld+json\" class=\"yoast-schema-graph\">{\"@context\":\"https:\\\/\\\/schema.org\",\"@graph\":[{\"@type\":\"Article\",\"@id\":\"https:\\\/\\\/www.enerlandgroup.com\\\/es\\\/enerland-group-finaliza-la-construccion-del-pfv-lawica\\\/#article\",\"isPartOf\":{\"@id\":\"https:\\\/\\\/www.enerlandgroup.com\\\/es\\\/enerland-group-finaliza-la-construccion-del-pfv-lawica\\\/\"},\"author\":{\"name\":\"Ana\",\"@id\":\"https:\\\/\\\/www.enerlandgroup.com\\\/es\\\/#\\\/schema\\\/person\\\/ff4846e816b3f94eb665e1da0854e1b8\"},\"headline\":\"Enerland Group finaliza la construcci\u00f3n del PFV Lawica\",\"datePublished\":\"2024-06-14T07:58:44+00:00\",\"dateModified\":\"2025-06-06T12:46:01+00:00\",\"mainEntityOfPage\":{\"@id\":\"https:\\\/\\\/www.enerlandgroup.com\\\/es\\\/enerland-group-finaliza-la-construccion-del-pfv-lawica\\\/\"},\"wordCount\":363,\"commentCount\":0,\"publisher\":{\"@id\":\"https:\\\/\\\/www.enerlandgroup.com\\\/es\\\/#organization\"},\"image\":{\"@id\":\"https:\\\/\\\/www.enerlandgroup.com\\\/es\\\/enerland-group-finaliza-la-construccion-del-pfv-lawica\\\/#primaryimage\"},\"thumbnailUrl\":\"https:\\\/\\\/www.enerlandgroup.com\\\/wp-content\\\/uploads\\\/2024\\\/06\\\/LAWICA.jpg\",\"articleSection\":[\"Noticias\",\"Proyectos Realizados\"],\"inLanguage\":\"es\",\"potentialAction\":[{\"@type\":\"CommentAction\",\"name\":\"Comment\",\"target\":[\"https:\\\/\\\/www.enerlandgroup.com\\\/es\\\/enerland-group-finaliza-la-construccion-del-pfv-lawica\\\/#respond\"]}]},{\"@type\":[\"WebPage\",\"ItemPage\"],\"@id\":\"https:\\\/\\\/www.enerlandgroup.com\\\/es\\\/enerland-group-finaliza-la-construccion-del-pfv-lawica\\\/\",\"url\":\"https:\\\/\\\/www.enerlandgroup.com\\\/es\\\/enerland-group-finaliza-la-construccion-del-pfv-lawica\\\/\",\"name\":\"Enerland Group finaliza la construcci\u00f3n del PFV Lawica - Enerland Energ\u00eda Renovable\",\"isPartOf\":{\"@id\":\"https:\\\/\\\/www.enerlandgroup.com\\\/es\\\/#website\"},\"primaryImageOfPage\":{\"@id\":\"https:\\\/\\\/www.enerlandgroup.com\\\/es\\\/enerland-group-finaliza-la-construccion-del-pfv-lawica\\\/#primaryimage\"},\"image\":{\"@id\":\"https:\\\/\\\/www.enerlandgroup.com\\\/es\\\/enerland-group-finaliza-la-construccion-del-pfv-lawica\\\/#primaryimage\"},\"thumbnailUrl\":\"https:\\\/\\\/www.enerlandgroup.com\\\/wp-content\\\/uploads\\\/2024\\\/06\\\/LAWICA.jpg\",\"datePublished\":\"2024-06-14T07:58:44+00:00\",\"dateModified\":\"2025-06-06T12:46:01+00:00\",\"description\":\"Hace unos meses finalizamos la construcci\u00f3n del PFV Lawica, en Polonia, para el Aeropuerto de Pozna\u0144-\u0141awica.\",\"breadcrumb\":{\"@id\":\"https:\\\/\\\/www.enerlandgroup.com\\\/es\\\/enerland-group-finaliza-la-construccion-del-pfv-lawica\\\/#breadcrumb\"},\"inLanguage\":\"es\",\"potentialAction\":[{\"@type\":\"ReadAction\",\"target\":[\"https:\\\/\\\/www.enerlandgroup.com\\\/es\\\/enerland-group-finaliza-la-construccion-del-pfv-lawica\\\/\"]}]},{\"@type\":\"ImageObject\",\"inLanguage\":\"es\",\"@id\":\"https:\\\/\\\/www.enerlandgroup.com\\\/es\\\/enerland-group-finaliza-la-construccion-del-pfv-lawica\\\/#primaryimage\",\"url\":\"https:\\\/\\\/www.enerlandgroup.com\\\/wp-content\\\/uploads\\\/2024\\\/06\\\/LAWICA.jpg\",\"contentUrl\":\"https:\\\/\\\/www.enerlandgroup.com\\\/wp-content\\\/uploads\\\/2024\\\/06\\\/LAWICA.jpg\",\"width\":1870,\"height\":700},{\"@type\":\"BreadcrumbList\",\"@id\":\"https:\\\/\\\/www.enerlandgroup.com\\\/es\\\/enerland-group-finaliza-la-construccion-del-pfv-lawica\\\/#breadcrumb\",\"itemListElement\":[{\"@type\":\"ListItem\",\"position\":1,\"name\":\"Inicio\",\"item\":\"https:\\\/\\\/www.enerlandgroup.com\\\/es\\\/\"},{\"@type\":\"ListItem\",\"position\":2,\"name\":\"Enerland Group finaliza la construcci\u00f3n del PFV Lawica\"}]},{\"@type\":\"WebSite\",\"@id\":\"https:\\\/\\\/www.enerlandgroup.com\\\/es\\\/#website\",\"url\":\"https:\\\/\\\/www.enerlandgroup.com\\\/es\\\/\",\"name\":\"Enerland Energ\u00eda Renovable\",\"description\":\"\",\"publisher\":{\"@id\":\"https:\\\/\\\/www.enerlandgroup.com\\\/es\\\/#organization\"},\"potentialAction\":[{\"@type\":\"SearchAction\",\"target\":{\"@type\":\"EntryPoint\",\"urlTemplate\":\"https:\\\/\\\/www.enerlandgroup.com\\\/es\\\/?s={search_term_string}\"},\"query-input\":{\"@type\":\"PropertyValueSpecification\",\"valueRequired\":true,\"valueName\":\"search_term_string\"}}],\"inLanguage\":\"es\"},{\"@type\":\"Organization\",\"@id\":\"https:\\\/\\\/www.enerlandgroup.com\\\/es\\\/#organization\",\"name\":\"Enerland Group\",\"url\":\"https:\\\/\\\/www.enerlandgroup.com\\\/es\\\/\",\"logo\":{\"@type\":\"ImageObject\",\"inLanguage\":\"es\",\"@id\":\"https:\\\/\\\/www.enerlandgroup.com\\\/es\\\/#\\\/schema\\\/logo\\\/image\\\/\",\"url\":\"https:\\\/\\\/www.enerlandgroup.com\\\/wp-content\\\/uploads\\\/2021\\\/05\\\/Logo_Enerland.png\",\"contentUrl\":\"https:\\\/\\\/www.enerlandgroup.com\\\/wp-content\\\/uploads\\\/2021\\\/05\\\/Logo_Enerland.png\",\"width\":184,\"height\":43,\"caption\":\"Enerland Group\"},\"image\":{\"@id\":\"https:\\\/\\\/www.enerlandgroup.com\\\/es\\\/#\\\/schema\\\/logo\\\/image\\\/\"},\"sameAs\":[\"https:\\\/\\\/www.linkedin.com\\\/company\\\/enerland-group\\\/\",\"https:\\\/\\\/www.youtube.com\\\/channel\\\/UCjdInbThgaPa2_D34vRChmA\"]},{\"@type\":\"Person\",\"@id\":\"https:\\\/\\\/www.enerlandgroup.com\\\/es\\\/#\\\/schema\\\/person\\\/ff4846e816b3f94eb665e1da0854e1b8\",\"name\":\"Ana\",\"image\":{\"@type\":\"ImageObject\",\"inLanguage\":\"es\",\"@id\":\"https:\\\/\\\/secure.gravatar.com\\\/avatar\\\/495e8a53709541de9036eb34e07c65eacd114aba52461487df6099dee02e64f1?s=96&d=mm&r=g\",\"url\":\"https:\\\/\\\/secure.gravatar.com\\\/avatar\\\/495e8a53709541de9036eb34e07c65eacd114aba52461487df6099dee02e64f1?s=96&d=mm&r=g\",\"contentUrl\":\"https:\\\/\\\/secure.gravatar.com\\\/avatar\\\/495e8a53709541de9036eb34e07c65eacd114aba52461487df6099dee02e64f1?s=96&d=mm&r=g\",\"caption\":\"Ana\"},\"url\":\"https:\\\/\\\/www.enerlandgroup.com\\\/es\\\/author\\\/ana-valdizanenerlandgroup-com\\\/\"}]}<\/script>\n<!-- \/ Yoast SEO plugin. -->","yoast_head_json":{"title":"Enerland Group finaliza la construcci\u00f3n del PFV Lawica - Enerland Energ\u00eda Renovable","description":"Hace unos meses finalizamos la construcci\u00f3n del PFV Lawica, en Polonia, para el Aeropuerto de Pozna\u0144-\u0141awica.","robots":{"index":"index","follow":"follow","max-snippet":"max-snippet:-1","max-image-preview":"max-image-preview:large","max-video-preview":"max-video-preview:-1"},"canonical":"https:\/\/www.enerlandgroup.com\/es\/enerland-group-finaliza-la-construccion-del-pfv-lawica\/","og_locale":"es_ES","og_type":"article","og_title":"Enerland Group finaliza la construcci\u00f3n del PFV Lawica - Enerland Energ\u00eda Renovable","og_description":"Hace unos meses finalizamos la construcci\u00f3n del PFV Lawica, en Polonia, para el Aeropuerto de Pozna\u0144-\u0141awica.","og_url":"https:\/\/www.enerlandgroup.com\/es\/enerland-group-finaliza-la-construccion-del-pfv-lawica\/","og_site_name":"Enerland Energ\u00eda Renovable","article_published_time":"2024-06-14T07:58:44+00:00","article_modified_time":"2025-06-06T12:46:01+00:00","og_image":[{"width":1870,"height":700,"url":"https:\/\/www.enerlandgroup.com\/wp-content\/uploads\/2024\/06\/LAWICA.jpg","type":"image\/jpeg"}],"author":"Ana","twitter_card":"summary_large_image","schema":{"@context":"https:\/\/schema.org","@graph":[{"@type":"Article","@id":"https:\/\/www.enerlandgroup.com\/es\/enerland-group-finaliza-la-construccion-del-pfv-lawica\/#article","isPartOf":{"@id":"https:\/\/www.enerlandgroup.com\/es\/enerland-group-finaliza-la-construccion-del-pfv-lawica\/"},"author":{"name":"Ana","@id":"https:\/\/www.enerlandgroup.com\/es\/#\/schema\/person\/ff4846e816b3f94eb665e1da0854e1b8"},"headline":"Enerland Group finaliza la construcci\u00f3n del PFV Lawica","datePublished":"2024-06-14T07:58:44+00:00","dateModified":"2025-06-06T12:46:01+00:00","mainEntityOfPage":{"@id":"https:\/\/www.enerlandgroup.com\/es\/enerland-group-finaliza-la-construccion-del-pfv-lawica\/"},"wordCount":363,"commentCount":0,"publisher":{"@id":"https:\/\/www.enerlandgroup.com\/es\/#organization"},"image":{"@id":"https:\/\/www.enerlandgroup.com\/es\/enerland-group-finaliza-la-construccion-del-pfv-lawica\/#primaryimage"},"thumbnailUrl":"https:\/\/www.enerlandgroup.com\/wp-content\/uploads\/2024\/06\/LAWICA.jpg","articleSection":["Noticias","Proyectos Realizados"],"inLanguage":"es","potentialAction":[{"@type":"CommentAction","name":"Comment","target":["https:\/\/www.enerlandgroup.com\/es\/enerland-group-finaliza-la-construccion-del-pfv-lawica\/#respond"]}]},{"@type":["WebPage","ItemPage"],"@id":"https:\/\/www.enerlandgroup.com\/es\/enerland-group-finaliza-la-construccion-del-pfv-lawica\/","url":"https:\/\/www.enerlandgroup.com\/es\/enerland-group-finaliza-la-construccion-del-pfv-lawica\/","name":"Enerland Group finaliza la construcci\u00f3n del PFV Lawica - Enerland Energ\u00eda Renovable","isPartOf":{"@id":"https:\/\/www.enerlandgroup.com\/es\/#website"},"primaryImageOfPage":{"@id":"https:\/\/www.enerlandgroup.com\/es\/enerland-group-finaliza-la-construccion-del-pfv-lawica\/#primaryimage"},"image":{"@id":"https:\/\/www.enerlandgroup.com\/es\/enerland-group-finaliza-la-construccion-del-pfv-lawica\/#primaryimage"},"thumbnailUrl":"https:\/\/www.enerlandgroup.com\/wp-content\/uploads\/2024\/06\/LAWICA.jpg","datePublished":"2024-06-14T07:58:44+00:00","dateModified":"2025-06-06T12:46:01+00:00","description":"Hace unos meses finalizamos la construcci\u00f3n del PFV Lawica, en Polonia, para el Aeropuerto de Pozna\u0144-\u0141awica.","breadcrumb":{"@id":"https:\/\/www.enerlandgroup.com\/es\/enerland-group-finaliza-la-construccion-del-pfv-lawica\/#breadcrumb"},"inLanguage":"es","potentialAction":[{"@type":"ReadAction","target":["https:\/\/www.enerlandgroup.com\/es\/enerland-group-finaliza-la-construccion-del-pfv-lawica\/"]}]},{"@type":"ImageObject","inLanguage":"es","@id":"https:\/\/www.enerlandgroup.com\/es\/enerland-group-finaliza-la-construccion-del-pfv-lawica\/#primaryimage","url":"https:\/\/www.enerlandgroup.com\/wp-content\/uploads\/2024\/06\/LAWICA.jpg","contentUrl":"https:\/\/www.enerlandgroup.com\/wp-content\/uploads\/2024\/06\/LAWICA.jpg","width":1870,"height":700},{"@type":"BreadcrumbList","@id":"https:\/\/www.enerlandgroup.com\/es\/enerland-group-finaliza-la-construccion-del-pfv-lawica\/#breadcrumb","itemListElement":[{"@type":"ListItem","position":1,"name":"Inicio","item":"https:\/\/www.enerlandgroup.com\/es\/"},{"@type":"ListItem","position":2,"name":"Enerland Group finaliza la construcci\u00f3n del PFV Lawica"}]},{"@type":"WebSite","@id":"https:\/\/www.enerlandgroup.com\/es\/#website","url":"https:\/\/www.enerlandgroup.com\/es\/","name":"Enerland Energ\u00eda Renovable","description":"","publisher":{"@id":"https:\/\/www.enerlandgroup.com\/es\/#organization"},"potentialAction":[{"@type":"SearchAction","target":{"@type":"EntryPoint","urlTemplate":"https:\/\/www.enerlandgroup.com\/es\/?s={search_term_string}"},"query-input":{"@type":"PropertyValueSpecification","valueRequired":true,"valueName":"search_term_string"}}],"inLanguage":"es"},{"@type":"Organization","@id":"https:\/\/www.enerlandgroup.com\/es\/#organization","name":"Enerland Group","url":"https:\/\/www.enerlandgroup.com\/es\/","logo":{"@type":"ImageObject","inLanguage":"es","@id":"https:\/\/www.enerlandgroup.com\/es\/#\/schema\/logo\/image\/","url":"https:\/\/www.enerlandgroup.com\/wp-content\/uploads\/2021\/05\/Logo_Enerland.png","contentUrl":"https:\/\/www.enerlandgroup.com\/wp-content\/uploads\/2021\/05\/Logo_Enerland.png","width":184,"height":43,"caption":"Enerland Group"},"image":{"@id":"https:\/\/www.enerlandgroup.com\/es\/#\/schema\/logo\/image\/"},"sameAs":["https:\/\/www.linkedin.com\/company\/enerland-group\/","https:\/\/www.youtube.com\/channel\/UCjdInbThgaPa2_D34vRChmA"]},{"@type":"Person","@id":"https:\/\/www.enerlandgroup.com\/es\/#\/schema\/person\/ff4846e816b3f94eb665e1da0854e1b8","name":"Ana","image":{"@type":"ImageObject","inLanguage":"es","@id":"https:\/\/secure.gravatar.com\/avatar\/495e8a53709541de9036eb34e07c65eacd114aba52461487df6099dee02e64f1?s=96&d=mm&r=g","url":"https:\/\/secure.gravatar.com\/avatar\/495e8a53709541de9036eb34e07c65eacd114aba52461487df6099dee02e64f1?s=96&d=mm&r=g","contentUrl":"https:\/\/secure.gravatar.com\/avatar\/495e8a53709541de9036eb34e07c65eacd114aba52461487df6099dee02e64f1?s=96&d=mm&r=g","caption":"Ana"},"url":"https:\/\/www.enerlandgroup.com\/es\/author\/ana-valdizanenerlandgroup-com\/"}]}},"jetpack_featured_media_url":"https:\/\/www.enerlandgroup.com\/wp-content\/uploads\/2024\/06\/LAWICA.jpg","_links":{"self":[{"href":"https:\/\/www.enerlandgroup.com\/es\/wp-json\/wp\/v2\/posts\/20173","targetHints":{"allow":["GET"]}}],"collection":[{"href":"https:\/\/www.enerlandgroup.com\/es\/wp-json\/wp\/v2\/posts"}],"about":[{"href":"https:\/\/www.enerlandgroup.com\/es\/wp-json\/wp\/v2\/types\/post"}],"author":[{"embeddable":true,"href":"https:\/\/www.enerlandgroup.com\/es\/wp-json\/wp\/v2\/users\/11"}],"replies":[{"embeddable":true,"href":"https:\/\/www.enerlandgroup.com\/es\/wp-json\/wp\/v2\/comments?post=20173"}],"version-history":[{"count":5,"href":"https:\/\/www.enerlandgroup.com\/es\/wp-json\/wp\/v2\/posts\/20173\/revisions"}],"predecessor-version":[{"id":20253,"href":"https:\/\/www.enerlandgroup.com\/es\/wp-json\/wp\/v2\/posts\/20173\/revisions\/20253"}],"wp:featuredmedia":[{"embeddable":true,"href":"https:\/\/www.enerlandgroup.com\/es\/wp-json\/wp\/v2\/media\/20248"}],"wp:attachment":[{"href":"https:\/\/www.enerlandgroup.com\/es\/wp-json\/wp\/v2\/media?parent=20173"}],"wp:term":[{"taxonomy":"category","embeddable":true,"href":"https:\/\/www.enerlandgroup.com\/es\/wp-json\/wp\/v2\/categories?post=20173"},{"taxonomy":"post_tag","embeddable":true,"href":"https:\/\/www.enerlandgroup.com\/es\/wp-json\/wp\/v2\/tags?post=20173"}],"curies":[{"name":"wp","href":"https:\/\/api.w.org\/{rel}","templated":true}]}}