{"id":20042,"date":"2024-05-27T09:48:00","date_gmt":"2024-05-27T07:48:00","guid":{"rendered":"https:\/\/www.enerlandgroup.com\/?p=20042"},"modified":"2025-06-06T14:45:42","modified_gmt":"2025-06-06T12:45:42","slug":"enerland-patrocina-renpower-centroamerica-2024","status":"publish","type":"post","link":"https:\/\/www.enerlandgroup.com\/es\/enerland-patrocina-renpower-centroamerica-2024\/","title":{"rendered":"Enerland patrocina Renpower Centroam\u00e9rica 2024"},"content":{"rendered":"<h2>La semana pasada, 22 y 23 de mayo, tuvo lugar la conferencia Regional de Energ\u00eda Renovables Renpower Centroam\u00e9rica 2024, en Guatemala, donde Enerland Group asisti\u00f3 como patrocinadores.<\/h2>\n<p>&nbsp;<\/p>\n<p>Con el objetivo de combatir los efectos producidos por el cambio clim\u00e1tico, el Ministerio de Energ\u00eda y Minas (MEM) inaugur\u00f3 la conferencia Regional de Energ\u00eda Renovables \u00abRenpower Centroam\u00e9rica 2024\u00bb, donde Enerland Group, form\u00f3 parte como uno de los patrocinadores. Jos\u00e9 Alfambra, \u00e1rea manager de Espa\u00f1a y Latam, y Dany Reyes, Country Manager de Centroam\u00e9rica,<a href=\"https:\/\/www.enerlandgroup.com\/es\/enerland-group-comienza-sus-primeros-proyectos-en-guatemala\/\"> asistieron en representaci\u00f3n de la empresa durante el encuentro<\/a>.<\/p>\n<p>\u201cEl principal objetivo de nuestra entrada en Guatemala es afianzar nuestro papel en el sector energ\u00e9tico en Latinoam\u00e9rica. Desde Enerland, estamos seguros de que aportaremos enormemente en la consecuci\u00f3n de las metas energ\u00e9ticas de la regi\u00f3n. Esperamos poder seguir participando activamente en las futuras actividades que se celebren del sector\u201d, a\u00f1ade Jos\u00e9 Alfambra.<\/p>\n<p>&nbsp;<\/p>\n<h3>Sobre el encuentro<\/h3>\n<p><a href=\"https:\/\/agn.gt\/ministerio-de-energia-y-minas-promueve-acciones-para-impulsar-transicion-energetica\/\">El evento tuvo una duraci\u00f3n de dos d\u00edas<\/a>, en donde\u00a0Renpower Centroam\u00e9rica 2024\u00a0cont\u00f3 con la participaci\u00f3n de expertos representantes de empresas privadas, organizaciones internacionales, y funcionarios de instituciones gubernamentales que liderar\u00e1n el dialogo para fomentar una econom\u00eda sostenible y responsable en la regi\u00f3n.<\/p>\n<p>Esta 3\u00ba edici\u00f3n, donde particip\u00f3 V\u00edctor Hugo Ventura,\u00a0ministro de Energ\u00eda y Minas, se enfoc\u00f3\u00a0acciones para impulsar la transici\u00f3n energ\u00e9tica del pa\u00eds y este tipo de eventos son una gran oportunidad para discutir c\u00f3mo catalizar la transici\u00f3n y asegurar la seguridad energ\u00e9tica en el Tri\u00e1ngulo Norte.<\/p>\n<p>Nos vemos en la siguiente edici\u00f3n.<\/p>\n","protected":false},"excerpt":{"rendered":"<p>La semana pasada, 22 y 23 de mayo, tuvo lugar la conferencia Regional de<\/p>\n","protected":false},"author":11,"featured_media":20044,"comment_status":"open","ping_status":"open","sticky":false,"template":"","format":"standard","meta":{"_et_pb_use_builder":"","_et_pb_old_content":"","_et_gb_content_width":"","footnotes":""},"categories":[23,161],"tags":[],"class_list":["post-20042","post","type-post","status-publish","format-standard","has-post-thumbnail","hentry","category-corporativo","category-noticias"],"yoast_head":"<!-- This site is optimized with the Yoast SEO plugin v27.4 - https:\/\/yoast.com\/product\/yoast-seo-wordpress\/ -->\n<title>Enerland patrocina Renpower Centroam\u00e9rica 2024 - Enerland Energ\u00eda Renovable<\/title>\n<meta name=\"robots\" content=\"index, follow, max-snippet:-1, max-image-preview:large, max-video-preview:-1\" \/>\n<link rel=\"canonical\" href=\"https:\/\/www.enerlandgroup.com\/es\/enerland-patrocina-renpower-centroamerica-2024\/\" \/>\n<meta property=\"og:locale\" content=\"es_ES\" \/>\n<meta property=\"og:type\" content=\"article\" \/>\n<meta property=\"og:title\" content=\"Enerland patrocina Renpower Centroam\u00e9rica 2024 - Enerland Energ\u00eda Renovable\" \/>\n<meta property=\"og:description\" content=\"La semana pasada, 22 y 23 de mayo, tuvo lugar la conferencia Regional de\" \/>\n<meta property=\"og:url\" content=\"https:\/\/www.enerlandgroup.com\/es\/enerland-patrocina-renpower-centroamerica-2024\/\" \/>\n<meta property=\"og:site_name\" content=\"Enerland Energ\u00eda Renovable\" \/>\n<meta property=\"article:published_time\" content=\"2024-05-27T07:48:00+00:00\" \/>\n<meta property=\"article:modified_time\" content=\"2025-06-06T12:45:42+00:00\" \/>\n<meta property=\"og:image\" content=\"https:\/\/www.enerlandgroup.com\/wp-content\/uploads\/2024\/05\/ENCUENTRO-FERIA-RENOVABLES-LATAM.jpg\" \/>\n\t<meta property=\"og:image:width\" content=\"1870\" \/>\n\t<meta property=\"og:image:height\" content=\"700\" \/>\n\t<meta property=\"og:image:type\" content=\"image\/jpeg\" \/>\n<meta name=\"author\" content=\"Ana\" \/>\n<meta name=\"twitter:card\" content=\"summary_large_image\" \/>\n<script type=\"application\/ld+json\" class=\"yoast-schema-graph\">{\"@context\":\"https:\\\/\\\/schema.org\",\"@graph\":[{\"@type\":\"Article\",\"@id\":\"https:\\\/\\\/www.enerlandgroup.com\\\/es\\\/enerland-patrocina-renpower-centroamerica-2024\\\/#article\",\"isPartOf\":{\"@id\":\"https:\\\/\\\/www.enerlandgroup.com\\\/es\\\/enerland-patrocina-renpower-centroamerica-2024\\\/\"},\"author\":{\"name\":\"Ana\",\"@id\":\"https:\\\/\\\/www.enerlandgroup.com\\\/es\\\/#\\\/schema\\\/person\\\/ff4846e816b3f94eb665e1da0854e1b8\"},\"headline\":\"Enerland patrocina Renpower Centroam\u00e9rica 2024\",\"datePublished\":\"2024-05-27T07:48:00+00:00\",\"dateModified\":\"2025-06-06T12:45:42+00:00\",\"mainEntityOfPage\":{\"@id\":\"https:\\\/\\\/www.enerlandgroup.com\\\/es\\\/enerland-patrocina-renpower-centroamerica-2024\\\/\"},\"wordCount\":277,\"commentCount\":0,\"publisher\":{\"@id\":\"https:\\\/\\\/www.enerlandgroup.com\\\/es\\\/#organization\"},\"image\":{\"@id\":\"https:\\\/\\\/www.enerlandgroup.com\\\/es\\\/enerland-patrocina-renpower-centroamerica-2024\\\/#primaryimage\"},\"thumbnailUrl\":\"https:\\\/\\\/www.enerlandgroup.com\\\/wp-content\\\/uploads\\\/2024\\\/05\\\/ENCUENTRO-FERIA-RENOVABLES-LATAM.jpg\",\"articleSection\":[\"Corporativo\",\"Noticias\"],\"inLanguage\":\"es\",\"potentialAction\":[{\"@type\":\"CommentAction\",\"name\":\"Comment\",\"target\":[\"https:\\\/\\\/www.enerlandgroup.com\\\/es\\\/enerland-patrocina-renpower-centroamerica-2024\\\/#respond\"]}]},{\"@type\":[\"WebPage\",\"ItemPage\"],\"@id\":\"https:\\\/\\\/www.enerlandgroup.com\\\/es\\\/enerland-patrocina-renpower-centroamerica-2024\\\/\",\"url\":\"https:\\\/\\\/www.enerlandgroup.com\\\/es\\\/enerland-patrocina-renpower-centroamerica-2024\\\/\",\"name\":\"Enerland patrocina Renpower Centroam\u00e9rica 2024 - Enerland Energ\u00eda Renovable\",\"isPartOf\":{\"@id\":\"https:\\\/\\\/www.enerlandgroup.com\\\/es\\\/#website\"},\"primaryImageOfPage\":{\"@id\":\"https:\\\/\\\/www.enerlandgroup.com\\\/es\\\/enerland-patrocina-renpower-centroamerica-2024\\\/#primaryimage\"},\"image\":{\"@id\":\"https:\\\/\\\/www.enerlandgroup.com\\\/es\\\/enerland-patrocina-renpower-centroamerica-2024\\\/#primaryimage\"},\"thumbnailUrl\":\"https:\\\/\\\/www.enerlandgroup.com\\\/wp-content\\\/uploads\\\/2024\\\/05\\\/ENCUENTRO-FERIA-RENOVABLES-LATAM.jpg\",\"datePublished\":\"2024-05-27T07:48:00+00:00\",\"dateModified\":\"2025-06-06T12:45:42+00:00\",\"breadcrumb\":{\"@id\":\"https:\\\/\\\/www.enerlandgroup.com\\\/es\\\/enerland-patrocina-renpower-centroamerica-2024\\\/#breadcrumb\"},\"inLanguage\":\"es\",\"potentialAction\":[{\"@type\":\"ReadAction\",\"target\":[\"https:\\\/\\\/www.enerlandgroup.com\\\/es\\\/enerland-patrocina-renpower-centroamerica-2024\\\/\"]}]},{\"@type\":\"ImageObject\",\"inLanguage\":\"es\",\"@id\":\"https:\\\/\\\/www.enerlandgroup.com\\\/es\\\/enerland-patrocina-renpower-centroamerica-2024\\\/#primaryimage\",\"url\":\"https:\\\/\\\/www.enerlandgroup.com\\\/wp-content\\\/uploads\\\/2024\\\/05\\\/ENCUENTRO-FERIA-RENOVABLES-LATAM.jpg\",\"contentUrl\":\"https:\\\/\\\/www.enerlandgroup.com\\\/wp-content\\\/uploads\\\/2024\\\/05\\\/ENCUENTRO-FERIA-RENOVABLES-LATAM.jpg\",\"width\":1870,\"height\":700,\"caption\":\"Renpower Centroam\u00e9rica 2024\"},{\"@type\":\"BreadcrumbList\",\"@id\":\"https:\\\/\\\/www.enerlandgroup.com\\\/es\\\/enerland-patrocina-renpower-centroamerica-2024\\\/#breadcrumb\",\"itemListElement\":[{\"@type\":\"ListItem\",\"position\":1,\"name\":\"Inicio\",\"item\":\"https:\\\/\\\/www.enerlandgroup.com\\\/es\\\/\"},{\"@type\":\"ListItem\",\"position\":2,\"name\":\"Enerland patrocina Renpower Centroam\u00e9rica 2024\"}]},{\"@type\":\"WebSite\",\"@id\":\"https:\\\/\\\/www.enerlandgroup.com\\\/es\\\/#website\",\"url\":\"https:\\\/\\\/www.enerlandgroup.com\\\/es\\\/\",\"name\":\"Enerland Energ\u00eda Renovable\",\"description\":\"\",\"publisher\":{\"@id\":\"https:\\\/\\\/www.enerlandgroup.com\\\/es\\\/#organization\"},\"potentialAction\":[{\"@type\":\"SearchAction\",\"target\":{\"@type\":\"EntryPoint\",\"urlTemplate\":\"https:\\\/\\\/www.enerlandgroup.com\\\/es\\\/?s={search_term_string}\"},\"query-input\":{\"@type\":\"PropertyValueSpecification\",\"valueRequired\":true,\"valueName\":\"search_term_string\"}}],\"inLanguage\":\"es\"},{\"@type\":\"Organization\",\"@id\":\"https:\\\/\\\/www.enerlandgroup.com\\\/es\\\/#organization\",\"name\":\"Enerland Group\",\"url\":\"https:\\\/\\\/www.enerlandgroup.com\\\/es\\\/\",\"logo\":{\"@type\":\"ImageObject\",\"inLanguage\":\"es\",\"@id\":\"https:\\\/\\\/www.enerlandgroup.com\\\/es\\\/#\\\/schema\\\/logo\\\/image\\\/\",\"url\":\"https:\\\/\\\/www.enerlandgroup.com\\\/wp-content\\\/uploads\\\/2021\\\/05\\\/Logo_Enerland.png\",\"contentUrl\":\"https:\\\/\\\/www.enerlandgroup.com\\\/wp-content\\\/uploads\\\/2021\\\/05\\\/Logo_Enerland.png\",\"width\":184,\"height\":43,\"caption\":\"Enerland Group\"},\"image\":{\"@id\":\"https:\\\/\\\/www.enerlandgroup.com\\\/es\\\/#\\\/schema\\\/logo\\\/image\\\/\"},\"sameAs\":[\"https:\\\/\\\/www.linkedin.com\\\/company\\\/enerland-group\\\/\",\"https:\\\/\\\/www.youtube.com\\\/channel\\\/UCjdInbThgaPa2_D34vRChmA\"]},{\"@type\":\"Person\",\"@id\":\"https:\\\/\\\/www.enerlandgroup.com\\\/es\\\/#\\\/schema\\\/person\\\/ff4846e816b3f94eb665e1da0854e1b8\",\"name\":\"Ana\",\"image\":{\"@type\":\"ImageObject\",\"inLanguage\":\"es\",\"@id\":\"https:\\\/\\\/secure.gravatar.com\\\/avatar\\\/495e8a53709541de9036eb34e07c65eacd114aba52461487df6099dee02e64f1?s=96&d=mm&r=g\",\"url\":\"https:\\\/\\\/secure.gravatar.com\\\/avatar\\\/495e8a53709541de9036eb34e07c65eacd114aba52461487df6099dee02e64f1?s=96&d=mm&r=g\",\"contentUrl\":\"https:\\\/\\\/secure.gravatar.com\\\/avatar\\\/495e8a53709541de9036eb34e07c65eacd114aba52461487df6099dee02e64f1?s=96&d=mm&r=g\",\"caption\":\"Ana\"},\"url\":\"https:\\\/\\\/www.enerlandgroup.com\\\/es\\\/author\\\/ana-valdizanenerlandgroup-com\\\/\"}]}<\/script>\n<!-- \/ Yoast SEO plugin. -->","yoast_head_json":{"title":"Enerland patrocina Renpower Centroam\u00e9rica 2024 - Enerland Energ\u00eda Renovable","robots":{"index":"index","follow":"follow","max-snippet":"max-snippet:-1","max-image-preview":"max-image-preview:large","max-video-preview":"max-video-preview:-1"},"canonical":"https:\/\/www.enerlandgroup.com\/es\/enerland-patrocina-renpower-centroamerica-2024\/","og_locale":"es_ES","og_type":"article","og_title":"Enerland patrocina Renpower Centroam\u00e9rica 2024 - Enerland Energ\u00eda Renovable","og_description":"La semana pasada, 22 y 23 de mayo, tuvo lugar la conferencia Regional de","og_url":"https:\/\/www.enerlandgroup.com\/es\/enerland-patrocina-renpower-centroamerica-2024\/","og_site_name":"Enerland Energ\u00eda Renovable","article_published_time":"2024-05-27T07:48:00+00:00","article_modified_time":"2025-06-06T12:45:42+00:00","og_image":[{"width":1870,"height":700,"url":"https:\/\/www.enerlandgroup.com\/wp-content\/uploads\/2024\/05\/ENCUENTRO-FERIA-RENOVABLES-LATAM.jpg","type":"image\/jpeg"}],"author":"Ana","twitter_card":"summary_large_image","schema":{"@context":"https:\/\/schema.org","@graph":[{"@type":"Article","@id":"https:\/\/www.enerlandgroup.com\/es\/enerland-patrocina-renpower-centroamerica-2024\/#article","isPartOf":{"@id":"https:\/\/www.enerlandgroup.com\/es\/enerland-patrocina-renpower-centroamerica-2024\/"},"author":{"name":"Ana","@id":"https:\/\/www.enerlandgroup.com\/es\/#\/schema\/person\/ff4846e816b3f94eb665e1da0854e1b8"},"headline":"Enerland patrocina Renpower Centroam\u00e9rica 2024","datePublished":"2024-05-27T07:48:00+00:00","dateModified":"2025-06-06T12:45:42+00:00","mainEntityOfPage":{"@id":"https:\/\/www.enerlandgroup.com\/es\/enerland-patrocina-renpower-centroamerica-2024\/"},"wordCount":277,"commentCount":0,"publisher":{"@id":"https:\/\/www.enerlandgroup.com\/es\/#organization"},"image":{"@id":"https:\/\/www.enerlandgroup.com\/es\/enerland-patrocina-renpower-centroamerica-2024\/#primaryimage"},"thumbnailUrl":"https:\/\/www.enerlandgroup.com\/wp-content\/uploads\/2024\/05\/ENCUENTRO-FERIA-RENOVABLES-LATAM.jpg","articleSection":["Corporativo","Noticias"],"inLanguage":"es","potentialAction":[{"@type":"CommentAction","name":"Comment","target":["https:\/\/www.enerlandgroup.com\/es\/enerland-patrocina-renpower-centroamerica-2024\/#respond"]}]},{"@type":["WebPage","ItemPage"],"@id":"https:\/\/www.enerlandgroup.com\/es\/enerland-patrocina-renpower-centroamerica-2024\/","url":"https:\/\/www.enerlandgroup.com\/es\/enerland-patrocina-renpower-centroamerica-2024\/","name":"Enerland patrocina Renpower Centroam\u00e9rica 2024 - Enerland Energ\u00eda Renovable","isPartOf":{"@id":"https:\/\/www.enerlandgroup.com\/es\/#website"},"primaryImageOfPage":{"@id":"https:\/\/www.enerlandgroup.com\/es\/enerland-patrocina-renpower-centroamerica-2024\/#primaryimage"},"image":{"@id":"https:\/\/www.enerlandgroup.com\/es\/enerland-patrocina-renpower-centroamerica-2024\/#primaryimage"},"thumbnailUrl":"https:\/\/www.enerlandgroup.com\/wp-content\/uploads\/2024\/05\/ENCUENTRO-FERIA-RENOVABLES-LATAM.jpg","datePublished":"2024-05-27T07:48:00+00:00","dateModified":"2025-06-06T12:45:42+00:00","breadcrumb":{"@id":"https:\/\/www.enerlandgroup.com\/es\/enerland-patrocina-renpower-centroamerica-2024\/#breadcrumb"},"inLanguage":"es","potentialAction":[{"@type":"ReadAction","target":["https:\/\/www.enerlandgroup.com\/es\/enerland-patrocina-renpower-centroamerica-2024\/"]}]},{"@type":"ImageObject","inLanguage":"es","@id":"https:\/\/www.enerlandgroup.com\/es\/enerland-patrocina-renpower-centroamerica-2024\/#primaryimage","url":"https:\/\/www.enerlandgroup.com\/wp-content\/uploads\/2024\/05\/ENCUENTRO-FERIA-RENOVABLES-LATAM.jpg","contentUrl":"https:\/\/www.enerlandgroup.com\/wp-content\/uploads\/2024\/05\/ENCUENTRO-FERIA-RENOVABLES-LATAM.jpg","width":1870,"height":700,"caption":"Renpower Centroam\u00e9rica 2024"},{"@type":"BreadcrumbList","@id":"https:\/\/www.enerlandgroup.com\/es\/enerland-patrocina-renpower-centroamerica-2024\/#breadcrumb","itemListElement":[{"@type":"ListItem","position":1,"name":"Inicio","item":"https:\/\/www.enerlandgroup.com\/es\/"},{"@type":"ListItem","position":2,"name":"Enerland patrocina Renpower Centroam\u00e9rica 2024"}]},{"@type":"WebSite","@id":"https:\/\/www.enerlandgroup.com\/es\/#website","url":"https:\/\/www.enerlandgroup.com\/es\/","name":"Enerland Energ\u00eda Renovable","description":"","publisher":{"@id":"https:\/\/www.enerlandgroup.com\/es\/#organization"},"potentialAction":[{"@type":"SearchAction","target":{"@type":"EntryPoint","urlTemplate":"https:\/\/www.enerlandgroup.com\/es\/?s={search_term_string}"},"query-input":{"@type":"PropertyValueSpecification","valueRequired":true,"valueName":"search_term_string"}}],"inLanguage":"es"},{"@type":"Organization","@id":"https:\/\/www.enerlandgroup.com\/es\/#organization","name":"Enerland Group","url":"https:\/\/www.enerlandgroup.com\/es\/","logo":{"@type":"ImageObject","inLanguage":"es","@id":"https:\/\/www.enerlandgroup.com\/es\/#\/schema\/logo\/image\/","url":"https:\/\/www.enerlandgroup.com\/wp-content\/uploads\/2021\/05\/Logo_Enerland.png","contentUrl":"https:\/\/www.enerlandgroup.com\/wp-content\/uploads\/2021\/05\/Logo_Enerland.png","width":184,"height":43,"caption":"Enerland Group"},"image":{"@id":"https:\/\/www.enerlandgroup.com\/es\/#\/schema\/logo\/image\/"},"sameAs":["https:\/\/www.linkedin.com\/company\/enerland-group\/","https:\/\/www.youtube.com\/channel\/UCjdInbThgaPa2_D34vRChmA"]},{"@type":"Person","@id":"https:\/\/www.enerlandgroup.com\/es\/#\/schema\/person\/ff4846e816b3f94eb665e1da0854e1b8","name":"Ana","image":{"@type":"ImageObject","inLanguage":"es","@id":"https:\/\/secure.gravatar.com\/avatar\/495e8a53709541de9036eb34e07c65eacd114aba52461487df6099dee02e64f1?s=96&d=mm&r=g","url":"https:\/\/secure.gravatar.com\/avatar\/495e8a53709541de9036eb34e07c65eacd114aba52461487df6099dee02e64f1?s=96&d=mm&r=g","contentUrl":"https:\/\/secure.gravatar.com\/avatar\/495e8a53709541de9036eb34e07c65eacd114aba52461487df6099dee02e64f1?s=96&d=mm&r=g","caption":"Ana"},"url":"https:\/\/www.enerlandgroup.com\/es\/author\/ana-valdizanenerlandgroup-com\/"}]}},"jetpack_featured_media_url":"https:\/\/www.enerlandgroup.com\/wp-content\/uploads\/2024\/05\/ENCUENTRO-FERIA-RENOVABLES-LATAM.jpg","_links":{"self":[{"href":"https:\/\/www.enerlandgroup.com\/es\/wp-json\/wp\/v2\/posts\/20042","targetHints":{"allow":["GET"]}}],"collection":[{"href":"https:\/\/www.enerlandgroup.com\/es\/wp-json\/wp\/v2\/posts"}],"about":[{"href":"https:\/\/www.enerlandgroup.com\/es\/wp-json\/wp\/v2\/types\/post"}],"author":[{"embeddable":true,"href":"https:\/\/www.enerlandgroup.com\/es\/wp-json\/wp\/v2\/users\/11"}],"replies":[{"embeddable":true,"href":"https:\/\/www.enerlandgroup.com\/es\/wp-json\/wp\/v2\/comments?post=20042"}],"version-history":[{"count":2,"href":"https:\/\/www.enerlandgroup.com\/es\/wp-json\/wp\/v2\/posts\/20042\/revisions"}],"predecessor-version":[{"id":20064,"href":"https:\/\/www.enerlandgroup.com\/es\/wp-json\/wp\/v2\/posts\/20042\/revisions\/20064"}],"wp:featuredmedia":[{"embeddable":true,"href":"https:\/\/www.enerlandgroup.com\/es\/wp-json\/wp\/v2\/media\/20044"}],"wp:attachment":[{"href":"https:\/\/www.enerlandgroup.com\/es\/wp-json\/wp\/v2\/media?parent=20042"}],"wp:term":[{"taxonomy":"category","embeddable":true,"href":"https:\/\/www.enerlandgroup.com\/es\/wp-json\/wp\/v2\/categories?post=20042"},{"taxonomy":"post_tag","embeddable":true,"href":"https:\/\/www.enerlandgroup.com\/es\/wp-json\/wp\/v2\/tags?post=20042"}],"curies":[{"name":"wp","href":"https:\/\/api.w.org\/{rel}","templated":true}]}}