{"id":19783,"date":"2024-04-26T09:11:08","date_gmt":"2024-04-26T07:11:08","guid":{"rendered":"https:\/\/www.enerlandgroup.com\/?p=19783"},"modified":"2024-09-06T09:17:12","modified_gmt":"2024-09-06T07:17:12","slug":"7o-encuentro-y-feria-renovables-latam","status":"publish","type":"post","link":"https:\/\/www.enerlandgroup.com\/es\/7o-encuentro-y-feria-renovables-latam\/","title":{"rendered":"7\u00ba Encuentro y Feria Renovables Latam"},"content":{"rendered":"<h2>Enerland Group ha participado en el \u00faltimo evento de SER Colombia, la Asociaci\u00f3n de Energ\u00edas Renovables del pa\u00eds. El 7\u00ba Encuentro y Feria Renovables Latam se ha celebrado entre los d\u00edas 17 y 19 de abril en Barranquilla, donde se han reunido numerosos agentes de la industria energ\u00e9tica.<\/h2>\n<p>&nbsp;<\/p>\n<p>El Centro de Eventos del Caribe Barranquilla ha acogido a diversas figuras del sector de las renovables, desde investigadores a empresarios, asociaciones o fabricantes, para la celebraci\u00f3n de <a href=\"https:\/\/soyrenovable.net\/\">este encuentro anual<\/a>, que ya acumula siete ediciones en Colombia.<\/p>\n<p>Durante las jornadas se han ofrecido charlas y exposiciones diversas, as\u00ed como una feria para las empresas, con el fin de fomentar un ambiente que promueva el desarrollo de las energ\u00edas verdes en el pa\u00eds. Junto a SER Colombia, el evento ha sido organizado por el World Energy Council Colombia, con el apoyo de FISE Expo y el Cl\u00faster de Energ\u00eda Sostenible de Medell\u00edn y Antioqu\u00eda.<\/p>\n<p>Carolina Sandoval, directora comercial de Enerland Colombia, ha destacado que \u00abla participaci\u00f3n en este relevante encuentro hace que Enerland se encuentre en la actualidad del sector energ\u00e9tico, lo que nos ayuda a promover el desarrollo de la industria solar fotovoltaica. Del mismo modo, nos permite impulsar el mercado el\u00e9ctrico del pa\u00eds, contribuyendo a la matriz a partir de fuentes no convencionales de energ\u00eda. Por otro lado, es un encuentro donde se logra un acercamiento con los principales actores de las renovables en Colombia. De nuevo, Enerland aporta proyectos en l\u00edneas de desarrollo y construcci\u00f3n para el pa\u00eds y el resto de Latam\u00bb.<\/p>\n<p>&nbsp;<\/p>\n<h3>Enerland Group en Colombia<\/h3>\n<p>&nbsp;<\/p>\n<p>La compa\u00f1\u00eda acumula<a href=\"https:\/\/www.enerlandgroup.com\/es\/enerland-group-finaliza-100-mwp-en-proyectos-fotovoltaicos-en-colombia\/\"> m\u00e1s de 100 MW en proyectos fotovoltaicos en el pa\u00eds<\/a>: solo en 2023 Enerland puso en marcha 5 plantas para distintos clientes en Colombia. Los parques La Mena, Honda 1, Caim\u00e1n Cienaguero, La Tol\u00faa, y Tierra Linda se han construido aplicando adicionalmente medidas de responsabilidad social. Entre ellas han destacado la creaci\u00f3n de empleo local, las plantaciones, o las donaciones de materiales.<\/p>\n<p>Enerland Group contin\u00faa as\u00ed con su consolidaci\u00f3n en el continente americano, donde ha instalado m\u00e1s de 400 MW en total, distribuidos en pa\u00edses como Colombia, El Salvador, M\u00e9xico, o Costa Rica.<\/p>\n","protected":false},"excerpt":{"rendered":"<p>Enerland Group ha participado en el \u00faltimo evento de SER Colombia, la Asociaci\u00f3n de<\/p>\n","protected":false},"author":11,"featured_media":19786,"comment_status":"open","ping_status":"open","sticky":false,"template":"","format":"standard","meta":{"_et_pb_use_builder":"","_et_pb_old_content":"","_et_gb_content_width":"","footnotes":""},"categories":[23,161],"tags":[],"class_list":["post-19783","post","type-post","status-publish","format-standard","has-post-thumbnail","hentry","category-corporativo","category-noticias"],"yoast_head":"<!-- This site is optimized with the Yoast SEO plugin v27.4 - https:\/\/yoast.com\/product\/yoast-seo-wordpress\/ -->\n<title>7\u00ba Encuentro y Feria Renovables Latam - Enerland Energ\u00eda Renovable<\/title>\n<meta name=\"description\" content=\"Enerland Group ha participado en el \u00faltimo evento de SER Colombia, el 7\u00ba Encuentro y Feria Renovables Latam.\" \/>\n<meta name=\"robots\" content=\"index, follow, max-snippet:-1, max-image-preview:large, max-video-preview:-1\" \/>\n<link rel=\"canonical\" href=\"https:\/\/www.enerlandgroup.com\/es\/7o-encuentro-y-feria-renovables-latam\/\" \/>\n<meta property=\"og:locale\" content=\"es_ES\" \/>\n<meta property=\"og:type\" content=\"article\" \/>\n<meta property=\"og:title\" content=\"7\u00ba Encuentro y Feria Renovables Latam - Enerland Energ\u00eda Renovable\" \/>\n<meta property=\"og:description\" content=\"Enerland Group ha participado en el \u00faltimo evento de SER Colombia, el 7\u00ba Encuentro y Feria Renovables Latam.\" \/>\n<meta property=\"og:url\" content=\"https:\/\/www.enerlandgroup.com\/es\/7o-encuentro-y-feria-renovables-latam\/\" \/>\n<meta property=\"og:site_name\" content=\"Enerland Energ\u00eda Renovable\" \/>\n<meta property=\"article:published_time\" content=\"2024-04-26T07:11:08+00:00\" \/>\n<meta property=\"article:modified_time\" content=\"2024-09-06T07:17:12+00:00\" \/>\n<meta property=\"og:image\" content=\"https:\/\/www.enerlandgroup.com\/wp-content\/uploads\/2024\/04\/ENCUENTRO-FERIA-RENOVABLES-LATAM.jpg\" \/>\n\t<meta property=\"og:image:width\" content=\"1870\" \/>\n\t<meta property=\"og:image:height\" content=\"700\" \/>\n\t<meta property=\"og:image:type\" content=\"image\/jpeg\" \/>\n<meta name=\"author\" content=\"Ana\" \/>\n<meta name=\"twitter:card\" content=\"summary_large_image\" \/>\n<script type=\"application\/ld+json\" class=\"yoast-schema-graph\">{\"@context\":\"https:\\\/\\\/schema.org\",\"@graph\":[{\"@type\":\"Article\",\"@id\":\"https:\\\/\\\/www.enerlandgroup.com\\\/es\\\/7o-encuentro-y-feria-renovables-latam\\\/#article\",\"isPartOf\":{\"@id\":\"https:\\\/\\\/www.enerlandgroup.com\\\/es\\\/7o-encuentro-y-feria-renovables-latam\\\/\"},\"author\":{\"name\":\"Ana\",\"@id\":\"https:\\\/\\\/www.enerlandgroup.com\\\/es\\\/#\\\/schema\\\/person\\\/ff4846e816b3f94eb665e1da0854e1b8\"},\"headline\":\"7\u00ba Encuentro y Feria Renovables Latam\",\"datePublished\":\"2024-04-26T07:11:08+00:00\",\"dateModified\":\"2024-09-06T07:17:12+00:00\",\"mainEntityOfPage\":{\"@id\":\"https:\\\/\\\/www.enerlandgroup.com\\\/es\\\/7o-encuentro-y-feria-renovables-latam\\\/\"},\"wordCount\":385,\"commentCount\":0,\"publisher\":{\"@id\":\"https:\\\/\\\/www.enerlandgroup.com\\\/es\\\/#organization\"},\"image\":{\"@id\":\"https:\\\/\\\/www.enerlandgroup.com\\\/es\\\/7o-encuentro-y-feria-renovables-latam\\\/#primaryimage\"},\"thumbnailUrl\":\"https:\\\/\\\/www.enerlandgroup.com\\\/wp-content\\\/uploads\\\/2024\\\/04\\\/ENCUENTRO-FERIA-RENOVABLES-LATAM.jpg\",\"articleSection\":[\"Corporativo\",\"Noticias\"],\"inLanguage\":\"es\",\"potentialAction\":[{\"@type\":\"CommentAction\",\"name\":\"Comment\",\"target\":[\"https:\\\/\\\/www.enerlandgroup.com\\\/es\\\/7o-encuentro-y-feria-renovables-latam\\\/#respond\"]}]},{\"@type\":[\"WebPage\",\"ItemPage\"],\"@id\":\"https:\\\/\\\/www.enerlandgroup.com\\\/es\\\/7o-encuentro-y-feria-renovables-latam\\\/\",\"url\":\"https:\\\/\\\/www.enerlandgroup.com\\\/es\\\/7o-encuentro-y-feria-renovables-latam\\\/\",\"name\":\"7\u00ba Encuentro y Feria Renovables Latam - Enerland Energ\u00eda Renovable\",\"isPartOf\":{\"@id\":\"https:\\\/\\\/www.enerlandgroup.com\\\/es\\\/#website\"},\"primaryImageOfPage\":{\"@id\":\"https:\\\/\\\/www.enerlandgroup.com\\\/es\\\/7o-encuentro-y-feria-renovables-latam\\\/#primaryimage\"},\"image\":{\"@id\":\"https:\\\/\\\/www.enerlandgroup.com\\\/es\\\/7o-encuentro-y-feria-renovables-latam\\\/#primaryimage\"},\"thumbnailUrl\":\"https:\\\/\\\/www.enerlandgroup.com\\\/wp-content\\\/uploads\\\/2024\\\/04\\\/ENCUENTRO-FERIA-RENOVABLES-LATAM.jpg\",\"datePublished\":\"2024-04-26T07:11:08+00:00\",\"dateModified\":\"2024-09-06T07:17:12+00:00\",\"description\":\"Enerland Group ha participado en el \u00faltimo evento de SER Colombia, el 7\u00ba Encuentro y Feria Renovables Latam.\",\"breadcrumb\":{\"@id\":\"https:\\\/\\\/www.enerlandgroup.com\\\/es\\\/7o-encuentro-y-feria-renovables-latam\\\/#breadcrumb\"},\"inLanguage\":\"es\",\"potentialAction\":[{\"@type\":\"ReadAction\",\"target\":[\"https:\\\/\\\/www.enerlandgroup.com\\\/es\\\/7o-encuentro-y-feria-renovables-latam\\\/\"]}]},{\"@type\":\"ImageObject\",\"inLanguage\":\"es\",\"@id\":\"https:\\\/\\\/www.enerlandgroup.com\\\/es\\\/7o-encuentro-y-feria-renovables-latam\\\/#primaryimage\",\"url\":\"https:\\\/\\\/www.enerlandgroup.com\\\/wp-content\\\/uploads\\\/2024\\\/04\\\/ENCUENTRO-FERIA-RENOVABLES-LATAM.jpg\",\"contentUrl\":\"https:\\\/\\\/www.enerlandgroup.com\\\/wp-content\\\/uploads\\\/2024\\\/04\\\/ENCUENTRO-FERIA-RENOVABLES-LATAM.jpg\",\"width\":1870,\"height\":700},{\"@type\":\"BreadcrumbList\",\"@id\":\"https:\\\/\\\/www.enerlandgroup.com\\\/es\\\/7o-encuentro-y-feria-renovables-latam\\\/#breadcrumb\",\"itemListElement\":[{\"@type\":\"ListItem\",\"position\":1,\"name\":\"Inicio\",\"item\":\"https:\\\/\\\/www.enerlandgroup.com\\\/es\\\/\"},{\"@type\":\"ListItem\",\"position\":2,\"name\":\"7\u00ba Encuentro y Feria Renovables Latam\"}]},{\"@type\":\"WebSite\",\"@id\":\"https:\\\/\\\/www.enerlandgroup.com\\\/es\\\/#website\",\"url\":\"https:\\\/\\\/www.enerlandgroup.com\\\/es\\\/\",\"name\":\"Enerland Energ\u00eda Renovable\",\"description\":\"\",\"publisher\":{\"@id\":\"https:\\\/\\\/www.enerlandgroup.com\\\/es\\\/#organization\"},\"potentialAction\":[{\"@type\":\"SearchAction\",\"target\":{\"@type\":\"EntryPoint\",\"urlTemplate\":\"https:\\\/\\\/www.enerlandgroup.com\\\/es\\\/?s={search_term_string}\"},\"query-input\":{\"@type\":\"PropertyValueSpecification\",\"valueRequired\":true,\"valueName\":\"search_term_string\"}}],\"inLanguage\":\"es\"},{\"@type\":\"Organization\",\"@id\":\"https:\\\/\\\/www.enerlandgroup.com\\\/es\\\/#organization\",\"name\":\"Enerland Group\",\"url\":\"https:\\\/\\\/www.enerlandgroup.com\\\/es\\\/\",\"logo\":{\"@type\":\"ImageObject\",\"inLanguage\":\"es\",\"@id\":\"https:\\\/\\\/www.enerlandgroup.com\\\/es\\\/#\\\/schema\\\/logo\\\/image\\\/\",\"url\":\"https:\\\/\\\/www.enerlandgroup.com\\\/wp-content\\\/uploads\\\/2021\\\/05\\\/Logo_Enerland.png\",\"contentUrl\":\"https:\\\/\\\/www.enerlandgroup.com\\\/wp-content\\\/uploads\\\/2021\\\/05\\\/Logo_Enerland.png\",\"width\":184,\"height\":43,\"caption\":\"Enerland Group\"},\"image\":{\"@id\":\"https:\\\/\\\/www.enerlandgroup.com\\\/es\\\/#\\\/schema\\\/logo\\\/image\\\/\"},\"sameAs\":[\"https:\\\/\\\/www.linkedin.com\\\/company\\\/enerland-group\\\/\",\"https:\\\/\\\/www.youtube.com\\\/channel\\\/UCjdInbThgaPa2_D34vRChmA\"]},{\"@type\":\"Person\",\"@id\":\"https:\\\/\\\/www.enerlandgroup.com\\\/es\\\/#\\\/schema\\\/person\\\/ff4846e816b3f94eb665e1da0854e1b8\",\"name\":\"Ana\",\"image\":{\"@type\":\"ImageObject\",\"inLanguage\":\"es\",\"@id\":\"https:\\\/\\\/secure.gravatar.com\\\/avatar\\\/495e8a53709541de9036eb34e07c65eacd114aba52461487df6099dee02e64f1?s=96&d=mm&r=g\",\"url\":\"https:\\\/\\\/secure.gravatar.com\\\/avatar\\\/495e8a53709541de9036eb34e07c65eacd114aba52461487df6099dee02e64f1?s=96&d=mm&r=g\",\"contentUrl\":\"https:\\\/\\\/secure.gravatar.com\\\/avatar\\\/495e8a53709541de9036eb34e07c65eacd114aba52461487df6099dee02e64f1?s=96&d=mm&r=g\",\"caption\":\"Ana\"},\"url\":\"https:\\\/\\\/www.enerlandgroup.com\\\/es\\\/author\\\/ana-valdizanenerlandgroup-com\\\/\"}]}<\/script>\n<!-- \/ Yoast SEO plugin. -->","yoast_head_json":{"title":"7\u00ba Encuentro y Feria Renovables Latam - Enerland Energ\u00eda Renovable","description":"Enerland Group ha participado en el \u00faltimo evento de SER Colombia, el 7\u00ba Encuentro y Feria Renovables Latam.","robots":{"index":"index","follow":"follow","max-snippet":"max-snippet:-1","max-image-preview":"max-image-preview:large","max-video-preview":"max-video-preview:-1"},"canonical":"https:\/\/www.enerlandgroup.com\/es\/7o-encuentro-y-feria-renovables-latam\/","og_locale":"es_ES","og_type":"article","og_title":"7\u00ba Encuentro y Feria Renovables Latam - Enerland Energ\u00eda Renovable","og_description":"Enerland Group ha participado en el \u00faltimo evento de SER Colombia, el 7\u00ba Encuentro y Feria Renovables Latam.","og_url":"https:\/\/www.enerlandgroup.com\/es\/7o-encuentro-y-feria-renovables-latam\/","og_site_name":"Enerland Energ\u00eda Renovable","article_published_time":"2024-04-26T07:11:08+00:00","article_modified_time":"2024-09-06T07:17:12+00:00","og_image":[{"width":1870,"height":700,"url":"https:\/\/www.enerlandgroup.com\/wp-content\/uploads\/2024\/04\/ENCUENTRO-FERIA-RENOVABLES-LATAM.jpg","type":"image\/jpeg"}],"author":"Ana","twitter_card":"summary_large_image","schema":{"@context":"https:\/\/schema.org","@graph":[{"@type":"Article","@id":"https:\/\/www.enerlandgroup.com\/es\/7o-encuentro-y-feria-renovables-latam\/#article","isPartOf":{"@id":"https:\/\/www.enerlandgroup.com\/es\/7o-encuentro-y-feria-renovables-latam\/"},"author":{"name":"Ana","@id":"https:\/\/www.enerlandgroup.com\/es\/#\/schema\/person\/ff4846e816b3f94eb665e1da0854e1b8"},"headline":"7\u00ba Encuentro y Feria Renovables Latam","datePublished":"2024-04-26T07:11:08+00:00","dateModified":"2024-09-06T07:17:12+00:00","mainEntityOfPage":{"@id":"https:\/\/www.enerlandgroup.com\/es\/7o-encuentro-y-feria-renovables-latam\/"},"wordCount":385,"commentCount":0,"publisher":{"@id":"https:\/\/www.enerlandgroup.com\/es\/#organization"},"image":{"@id":"https:\/\/www.enerlandgroup.com\/es\/7o-encuentro-y-feria-renovables-latam\/#primaryimage"},"thumbnailUrl":"https:\/\/www.enerlandgroup.com\/wp-content\/uploads\/2024\/04\/ENCUENTRO-FERIA-RENOVABLES-LATAM.jpg","articleSection":["Corporativo","Noticias"],"inLanguage":"es","potentialAction":[{"@type":"CommentAction","name":"Comment","target":["https:\/\/www.enerlandgroup.com\/es\/7o-encuentro-y-feria-renovables-latam\/#respond"]}]},{"@type":["WebPage","ItemPage"],"@id":"https:\/\/www.enerlandgroup.com\/es\/7o-encuentro-y-feria-renovables-latam\/","url":"https:\/\/www.enerlandgroup.com\/es\/7o-encuentro-y-feria-renovables-latam\/","name":"7\u00ba Encuentro y Feria Renovables Latam - Enerland Energ\u00eda Renovable","isPartOf":{"@id":"https:\/\/www.enerlandgroup.com\/es\/#website"},"primaryImageOfPage":{"@id":"https:\/\/www.enerlandgroup.com\/es\/7o-encuentro-y-feria-renovables-latam\/#primaryimage"},"image":{"@id":"https:\/\/www.enerlandgroup.com\/es\/7o-encuentro-y-feria-renovables-latam\/#primaryimage"},"thumbnailUrl":"https:\/\/www.enerlandgroup.com\/wp-content\/uploads\/2024\/04\/ENCUENTRO-FERIA-RENOVABLES-LATAM.jpg","datePublished":"2024-04-26T07:11:08+00:00","dateModified":"2024-09-06T07:17:12+00:00","description":"Enerland Group ha participado en el \u00faltimo evento de SER Colombia, el 7\u00ba Encuentro y Feria Renovables Latam.","breadcrumb":{"@id":"https:\/\/www.enerlandgroup.com\/es\/7o-encuentro-y-feria-renovables-latam\/#breadcrumb"},"inLanguage":"es","potentialAction":[{"@type":"ReadAction","target":["https:\/\/www.enerlandgroup.com\/es\/7o-encuentro-y-feria-renovables-latam\/"]}]},{"@type":"ImageObject","inLanguage":"es","@id":"https:\/\/www.enerlandgroup.com\/es\/7o-encuentro-y-feria-renovables-latam\/#primaryimage","url":"https:\/\/www.enerlandgroup.com\/wp-content\/uploads\/2024\/04\/ENCUENTRO-FERIA-RENOVABLES-LATAM.jpg","contentUrl":"https:\/\/www.enerlandgroup.com\/wp-content\/uploads\/2024\/04\/ENCUENTRO-FERIA-RENOVABLES-LATAM.jpg","width":1870,"height":700},{"@type":"BreadcrumbList","@id":"https:\/\/www.enerlandgroup.com\/es\/7o-encuentro-y-feria-renovables-latam\/#breadcrumb","itemListElement":[{"@type":"ListItem","position":1,"name":"Inicio","item":"https:\/\/www.enerlandgroup.com\/es\/"},{"@type":"ListItem","position":2,"name":"7\u00ba Encuentro y Feria Renovables Latam"}]},{"@type":"WebSite","@id":"https:\/\/www.enerlandgroup.com\/es\/#website","url":"https:\/\/www.enerlandgroup.com\/es\/","name":"Enerland Energ\u00eda Renovable","description":"","publisher":{"@id":"https:\/\/www.enerlandgroup.com\/es\/#organization"},"potentialAction":[{"@type":"SearchAction","target":{"@type":"EntryPoint","urlTemplate":"https:\/\/www.enerlandgroup.com\/es\/?s={search_term_string}"},"query-input":{"@type":"PropertyValueSpecification","valueRequired":true,"valueName":"search_term_string"}}],"inLanguage":"es"},{"@type":"Organization","@id":"https:\/\/www.enerlandgroup.com\/es\/#organization","name":"Enerland Group","url":"https:\/\/www.enerlandgroup.com\/es\/","logo":{"@type":"ImageObject","inLanguage":"es","@id":"https:\/\/www.enerlandgroup.com\/es\/#\/schema\/logo\/image\/","url":"https:\/\/www.enerlandgroup.com\/wp-content\/uploads\/2021\/05\/Logo_Enerland.png","contentUrl":"https:\/\/www.enerlandgroup.com\/wp-content\/uploads\/2021\/05\/Logo_Enerland.png","width":184,"height":43,"caption":"Enerland Group"},"image":{"@id":"https:\/\/www.enerlandgroup.com\/es\/#\/schema\/logo\/image\/"},"sameAs":["https:\/\/www.linkedin.com\/company\/enerland-group\/","https:\/\/www.youtube.com\/channel\/UCjdInbThgaPa2_D34vRChmA"]},{"@type":"Person","@id":"https:\/\/www.enerlandgroup.com\/es\/#\/schema\/person\/ff4846e816b3f94eb665e1da0854e1b8","name":"Ana","image":{"@type":"ImageObject","inLanguage":"es","@id":"https:\/\/secure.gravatar.com\/avatar\/495e8a53709541de9036eb34e07c65eacd114aba52461487df6099dee02e64f1?s=96&d=mm&r=g","url":"https:\/\/secure.gravatar.com\/avatar\/495e8a53709541de9036eb34e07c65eacd114aba52461487df6099dee02e64f1?s=96&d=mm&r=g","contentUrl":"https:\/\/secure.gravatar.com\/avatar\/495e8a53709541de9036eb34e07c65eacd114aba52461487df6099dee02e64f1?s=96&d=mm&r=g","caption":"Ana"},"url":"https:\/\/www.enerlandgroup.com\/es\/author\/ana-valdizanenerlandgroup-com\/"}]}},"jetpack_featured_media_url":"https:\/\/www.enerlandgroup.com\/wp-content\/uploads\/2024\/04\/ENCUENTRO-FERIA-RENOVABLES-LATAM.jpg","_links":{"self":[{"href":"https:\/\/www.enerlandgroup.com\/es\/wp-json\/wp\/v2\/posts\/19783","targetHints":{"allow":["GET"]}}],"collection":[{"href":"https:\/\/www.enerlandgroup.com\/es\/wp-json\/wp\/v2\/posts"}],"about":[{"href":"https:\/\/www.enerlandgroup.com\/es\/wp-json\/wp\/v2\/types\/post"}],"author":[{"embeddable":true,"href":"https:\/\/www.enerlandgroup.com\/es\/wp-json\/wp\/v2\/users\/11"}],"replies":[{"embeddable":true,"href":"https:\/\/www.enerlandgroup.com\/es\/wp-json\/wp\/v2\/comments?post=19783"}],"version-history":[{"count":2,"href":"https:\/\/www.enerlandgroup.com\/es\/wp-json\/wp\/v2\/posts\/19783\/revisions"}],"predecessor-version":[{"id":19789,"href":"https:\/\/www.enerlandgroup.com\/es\/wp-json\/wp\/v2\/posts\/19783\/revisions\/19789"}],"wp:featuredmedia":[{"embeddable":true,"href":"https:\/\/www.enerlandgroup.com\/es\/wp-json\/wp\/v2\/media\/19786"}],"wp:attachment":[{"href":"https:\/\/www.enerlandgroup.com\/es\/wp-json\/wp\/v2\/media?parent=19783"}],"wp:term":[{"taxonomy":"category","embeddable":true,"href":"https:\/\/www.enerlandgroup.com\/es\/wp-json\/wp\/v2\/categories?post=19783"},{"taxonomy":"post_tag","embeddable":true,"href":"https:\/\/www.enerlandgroup.com\/es\/wp-json\/wp\/v2\/tags?post=19783"}],"curies":[{"name":"wp","href":"https:\/\/api.w.org\/{rel}","templated":true}]}}