{"id":19703,"date":"2024-04-22T09:25:46","date_gmt":"2024-04-22T07:25:46","guid":{"rendered":"https:\/\/www.enerlandgroup.com\/?p=19703"},"modified":"2024-06-11T09:54:12","modified_gmt":"2024-06-11T07:54:12","slug":"comienza-la-construccion-de-los-pfv-tellus-y-mitra","status":"publish","type":"post","link":"https:\/\/www.enerlandgroup.com\/es\/comienza-la-construccion-de-los-pfv-tellus-y-mitra\/","title":{"rendered":"Comienza la construcci\u00f3n de los PFV Tellus y Mitra"},"content":{"rendered":"<h2>Comienza la construcci\u00f3n de los PFV Tellus y Mitra. Ambos parques, ubicados en la provincia de Zaragoza, Espa\u00f1a, tendr\u00e1n una potencia acumulada de 12,8 MWp.<\/h2>\n<p>&nbsp;<\/p>\n<p>Anunciamos el inicio de construcci\u00f3n de los PFV Tellus y Mitra ubicados en Zaragoza, Espa\u00f1a. Ambos parques, los cuales hemos realizado su desarrollo de forma integral y ahora su montaje y puesta en marcha, sumar\u00e1n una potencia total de 12,8 MWp.\u00a0Una vez finalizada su construcci\u00f3n generar\u00e1 24.075 MWh anuales de energ\u00eda 100% renovable, proveniente de la fotovoltaica.<\/p>\n<p>Siendo dos proyectos independientes, aunque comparten la misma l\u00ednea de evacuaci\u00f3n, sumar\u00e1n un total de 22.000 m\u00f3dulos instalados y 20 hect\u00e1reas de extensi\u00f3n. Se espera que su producci\u00f3n, la equivalente al consumo de 2.293 hogares espa\u00f1oles, evite la emisi\u00f3n de casi 1.000 toneladas de CO2 a la atmosfera.<\/p>\n<p>\u00abNos gustar\u00eda dedicar un peque\u00f1o agradecimiento a todo el equipo de EPC que ha estado involucrado en el proyecto. Su gran labor durante estos meses ha sido excepcional y estamos impacientes por ver el resultado final. Seguiremos esforz\u00e1ndonos en la consecuci\u00f3n de nuestros objetivos.\u00bb, Jos\u00e9 Alfambra, \u00e1rea manager de Enerland Espa\u00f1a y Latam.<\/p>\n<p>&nbsp;<\/p>\n<h3>Servicio Full EPC<\/h3>\n<p>En Enerland Group contamos con un amplio portfolio. Bien sea de proyectos EPC o en desarrollo, todos est\u00e1n dise\u00f1ados para adaptarse al entorno y las diferentes necesidades que tanto el mercado como nuestros clientes puedan demandar. A nivel internacional, <a href=\"https:\/\/www.enerlandgroup.com\/es\/proyectos\/\">operamos con proyectos de diferentes tama\u00f1os<\/a>: desde 1MW, como el parque fotovoltaico San Mateo, hasta aquellos de gran escala, con los cuales estamos trabajando actualmente y superan los 100 MW.<\/p>\n<p>Para este proyecto hemos trabajado de forma integral e interna todas las actividades de desarrollo del mismo. Una vez que el proyecto se encontraba en estado \u00abReady to built\u00bb comenzamos nuestro servicio Full EPC. A trav\u00e9s de este completo servicio, nos ocupamos de todos los pasos necesarios hasta que la planta es operativa.<\/p>\n","protected":false},"excerpt":{"rendered":"<p>Comienza la construcci\u00f3n de los PFV Tellus y Mitra. Ambos parques, ubicados en la<\/p>\n","protected":false},"author":11,"featured_media":19738,"comment_status":"open","ping_status":"open","sticky":false,"template":"","format":"standard","meta":{"_et_pb_use_builder":"","_et_pb_old_content":"","_et_gb_content_width":"","footnotes":""},"categories":[161],"tags":[],"class_list":["post-19703","post","type-post","status-publish","format-standard","has-post-thumbnail","hentry","category-noticias"],"yoast_head":"<!-- This site is optimized with the Yoast SEO plugin v27.4 - https:\/\/yoast.com\/product\/yoast-seo-wordpress\/ -->\n<title>Comienza la construcci\u00f3n de los PFV Tellus y Mitra - Enerland Energ\u00eda Renovable<\/title>\n<meta name=\"description\" content=\"Comienza la construcci\u00f3n de los PFV Tellus y Mitra. Ambos parques tendr\u00e1n una potencia acumulada de 24 MWp.\" \/>\n<meta name=\"robots\" content=\"index, follow, max-snippet:-1, max-image-preview:large, max-video-preview:-1\" \/>\n<link rel=\"canonical\" href=\"https:\/\/www.enerlandgroup.com\/es\/comienza-la-construccion-de-los-pfv-tellus-y-mitra\/\" \/>\n<meta property=\"og:locale\" content=\"es_ES\" \/>\n<meta property=\"og:type\" content=\"article\" \/>\n<meta property=\"og:title\" content=\"Comienza la construcci\u00f3n de los PFV Tellus y Mitra - Enerland Energ\u00eda Renovable\" \/>\n<meta property=\"og:description\" content=\"Comienza la construcci\u00f3n de los PFV Tellus y Mitra. Ambos parques tendr\u00e1n una potencia acumulada de 24 MWp.\" \/>\n<meta property=\"og:url\" content=\"https:\/\/www.enerlandgroup.com\/es\/comienza-la-construccion-de-los-pfv-tellus-y-mitra\/\" \/>\n<meta property=\"og:site_name\" content=\"Enerland Energ\u00eda Renovable\" \/>\n<meta property=\"article:published_time\" content=\"2024-04-22T07:25:46+00:00\" \/>\n<meta property=\"article:modified_time\" content=\"2024-06-11T07:54:12+00:00\" \/>\n<meta property=\"og:image\" content=\"https:\/\/www.enerlandgroup.com\/wp-content\/uploads\/2024\/04\/Noticia-Tellus-y-Mitra.jpg\" \/>\n\t<meta property=\"og:image:width\" content=\"1870\" \/>\n\t<meta property=\"og:image:height\" content=\"700\" \/>\n\t<meta property=\"og:image:type\" content=\"image\/jpeg\" \/>\n<meta name=\"author\" content=\"Ana\" \/>\n<meta name=\"twitter:card\" content=\"summary_large_image\" \/>\n<script type=\"application\/ld+json\" class=\"yoast-schema-graph\">{\"@context\":\"https:\\\/\\\/schema.org\",\"@graph\":[{\"@type\":\"Article\",\"@id\":\"https:\\\/\\\/www.enerlandgroup.com\\\/es\\\/comienza-la-construccion-de-los-pfv-tellus-y-mitra\\\/#article\",\"isPartOf\":{\"@id\":\"https:\\\/\\\/www.enerlandgroup.com\\\/es\\\/comienza-la-construccion-de-los-pfv-tellus-y-mitra\\\/\"},\"author\":{\"name\":\"Ana\",\"@id\":\"https:\\\/\\\/www.enerlandgroup.com\\\/es\\\/#\\\/schema\\\/person\\\/ff4846e816b3f94eb665e1da0854e1b8\"},\"headline\":\"Comienza la construcci\u00f3n de los PFV Tellus y Mitra\",\"datePublished\":\"2024-04-22T07:25:46+00:00\",\"dateModified\":\"2024-06-11T07:54:12+00:00\",\"mainEntityOfPage\":{\"@id\":\"https:\\\/\\\/www.enerlandgroup.com\\\/es\\\/comienza-la-construccion-de-los-pfv-tellus-y-mitra\\\/\"},\"wordCount\":338,\"commentCount\":0,\"publisher\":{\"@id\":\"https:\\\/\\\/www.enerlandgroup.com\\\/es\\\/#organization\"},\"image\":{\"@id\":\"https:\\\/\\\/www.enerlandgroup.com\\\/es\\\/comienza-la-construccion-de-los-pfv-tellus-y-mitra\\\/#primaryimage\"},\"thumbnailUrl\":\"https:\\\/\\\/www.enerlandgroup.com\\\/wp-content\\\/uploads\\\/2024\\\/04\\\/Noticia-Tellus-y-Mitra.jpg\",\"articleSection\":[\"Noticias\"],\"inLanguage\":\"es\",\"potentialAction\":[{\"@type\":\"CommentAction\",\"name\":\"Comment\",\"target\":[\"https:\\\/\\\/www.enerlandgroup.com\\\/es\\\/comienza-la-construccion-de-los-pfv-tellus-y-mitra\\\/#respond\"]}]},{\"@type\":[\"WebPage\",\"ItemPage\"],\"@id\":\"https:\\\/\\\/www.enerlandgroup.com\\\/es\\\/comienza-la-construccion-de-los-pfv-tellus-y-mitra\\\/\",\"url\":\"https:\\\/\\\/www.enerlandgroup.com\\\/es\\\/comienza-la-construccion-de-los-pfv-tellus-y-mitra\\\/\",\"name\":\"Comienza la construcci\u00f3n de los PFV Tellus y Mitra - Enerland Energ\u00eda Renovable\",\"isPartOf\":{\"@id\":\"https:\\\/\\\/www.enerlandgroup.com\\\/es\\\/#website\"},\"primaryImageOfPage\":{\"@id\":\"https:\\\/\\\/www.enerlandgroup.com\\\/es\\\/comienza-la-construccion-de-los-pfv-tellus-y-mitra\\\/#primaryimage\"},\"image\":{\"@id\":\"https:\\\/\\\/www.enerlandgroup.com\\\/es\\\/comienza-la-construccion-de-los-pfv-tellus-y-mitra\\\/#primaryimage\"},\"thumbnailUrl\":\"https:\\\/\\\/www.enerlandgroup.com\\\/wp-content\\\/uploads\\\/2024\\\/04\\\/Noticia-Tellus-y-Mitra.jpg\",\"datePublished\":\"2024-04-22T07:25:46+00:00\",\"dateModified\":\"2024-06-11T07:54:12+00:00\",\"description\":\"Comienza la construcci\u00f3n de los PFV Tellus y Mitra. Ambos parques tendr\u00e1n una potencia acumulada de 24 MWp.\",\"breadcrumb\":{\"@id\":\"https:\\\/\\\/www.enerlandgroup.com\\\/es\\\/comienza-la-construccion-de-los-pfv-tellus-y-mitra\\\/#breadcrumb\"},\"inLanguage\":\"es\",\"potentialAction\":[{\"@type\":\"ReadAction\",\"target\":[\"https:\\\/\\\/www.enerlandgroup.com\\\/es\\\/comienza-la-construccion-de-los-pfv-tellus-y-mitra\\\/\"]}]},{\"@type\":\"ImageObject\",\"inLanguage\":\"es\",\"@id\":\"https:\\\/\\\/www.enerlandgroup.com\\\/es\\\/comienza-la-construccion-de-los-pfv-tellus-y-mitra\\\/#primaryimage\",\"url\":\"https:\\\/\\\/www.enerlandgroup.com\\\/wp-content\\\/uploads\\\/2024\\\/04\\\/Noticia-Tellus-y-Mitra.jpg\",\"contentUrl\":\"https:\\\/\\\/www.enerlandgroup.com\\\/wp-content\\\/uploads\\\/2024\\\/04\\\/Noticia-Tellus-y-Mitra.jpg\",\"width\":1870,\"height\":700,\"caption\":\"construcci\u00f3n de PFV Tellus y Mitra\"},{\"@type\":\"BreadcrumbList\",\"@id\":\"https:\\\/\\\/www.enerlandgroup.com\\\/es\\\/comienza-la-construccion-de-los-pfv-tellus-y-mitra\\\/#breadcrumb\",\"itemListElement\":[{\"@type\":\"ListItem\",\"position\":1,\"name\":\"Inicio\",\"item\":\"https:\\\/\\\/www.enerlandgroup.com\\\/es\\\/\"},{\"@type\":\"ListItem\",\"position\":2,\"name\":\"Comienza la construcci\u00f3n de los PFV Tellus y Mitra\"}]},{\"@type\":\"WebSite\",\"@id\":\"https:\\\/\\\/www.enerlandgroup.com\\\/es\\\/#website\",\"url\":\"https:\\\/\\\/www.enerlandgroup.com\\\/es\\\/\",\"name\":\"Enerland Energ\u00eda Renovable\",\"description\":\"\",\"publisher\":{\"@id\":\"https:\\\/\\\/www.enerlandgroup.com\\\/es\\\/#organization\"},\"potentialAction\":[{\"@type\":\"SearchAction\",\"target\":{\"@type\":\"EntryPoint\",\"urlTemplate\":\"https:\\\/\\\/www.enerlandgroup.com\\\/es\\\/?s={search_term_string}\"},\"query-input\":{\"@type\":\"PropertyValueSpecification\",\"valueRequired\":true,\"valueName\":\"search_term_string\"}}],\"inLanguage\":\"es\"},{\"@type\":\"Organization\",\"@id\":\"https:\\\/\\\/www.enerlandgroup.com\\\/es\\\/#organization\",\"name\":\"Enerland Group\",\"url\":\"https:\\\/\\\/www.enerlandgroup.com\\\/es\\\/\",\"logo\":{\"@type\":\"ImageObject\",\"inLanguage\":\"es\",\"@id\":\"https:\\\/\\\/www.enerlandgroup.com\\\/es\\\/#\\\/schema\\\/logo\\\/image\\\/\",\"url\":\"https:\\\/\\\/www.enerlandgroup.com\\\/wp-content\\\/uploads\\\/2021\\\/05\\\/Logo_Enerland.png\",\"contentUrl\":\"https:\\\/\\\/www.enerlandgroup.com\\\/wp-content\\\/uploads\\\/2021\\\/05\\\/Logo_Enerland.png\",\"width\":184,\"height\":43,\"caption\":\"Enerland Group\"},\"image\":{\"@id\":\"https:\\\/\\\/www.enerlandgroup.com\\\/es\\\/#\\\/schema\\\/logo\\\/image\\\/\"},\"sameAs\":[\"https:\\\/\\\/www.linkedin.com\\\/company\\\/enerland-group\\\/\",\"https:\\\/\\\/www.youtube.com\\\/channel\\\/UCjdInbThgaPa2_D34vRChmA\"]},{\"@type\":\"Person\",\"@id\":\"https:\\\/\\\/www.enerlandgroup.com\\\/es\\\/#\\\/schema\\\/person\\\/ff4846e816b3f94eb665e1da0854e1b8\",\"name\":\"Ana\",\"image\":{\"@type\":\"ImageObject\",\"inLanguage\":\"es\",\"@id\":\"https:\\\/\\\/secure.gravatar.com\\\/avatar\\\/495e8a53709541de9036eb34e07c65eacd114aba52461487df6099dee02e64f1?s=96&d=mm&r=g\",\"url\":\"https:\\\/\\\/secure.gravatar.com\\\/avatar\\\/495e8a53709541de9036eb34e07c65eacd114aba52461487df6099dee02e64f1?s=96&d=mm&r=g\",\"contentUrl\":\"https:\\\/\\\/secure.gravatar.com\\\/avatar\\\/495e8a53709541de9036eb34e07c65eacd114aba52461487df6099dee02e64f1?s=96&d=mm&r=g\",\"caption\":\"Ana\"},\"url\":\"https:\\\/\\\/www.enerlandgroup.com\\\/es\\\/author\\\/ana-valdizanenerlandgroup-com\\\/\"}]}<\/script>\n<!-- \/ Yoast SEO plugin. -->","yoast_head_json":{"title":"Comienza la construcci\u00f3n de los PFV Tellus y Mitra - Enerland Energ\u00eda Renovable","description":"Comienza la construcci\u00f3n de los PFV Tellus y Mitra. Ambos parques tendr\u00e1n una potencia acumulada de 24 MWp.","robots":{"index":"index","follow":"follow","max-snippet":"max-snippet:-1","max-image-preview":"max-image-preview:large","max-video-preview":"max-video-preview:-1"},"canonical":"https:\/\/www.enerlandgroup.com\/es\/comienza-la-construccion-de-los-pfv-tellus-y-mitra\/","og_locale":"es_ES","og_type":"article","og_title":"Comienza la construcci\u00f3n de los PFV Tellus y Mitra - Enerland Energ\u00eda Renovable","og_description":"Comienza la construcci\u00f3n de los PFV Tellus y Mitra. Ambos parques tendr\u00e1n una potencia acumulada de 24 MWp.","og_url":"https:\/\/www.enerlandgroup.com\/es\/comienza-la-construccion-de-los-pfv-tellus-y-mitra\/","og_site_name":"Enerland Energ\u00eda Renovable","article_published_time":"2024-04-22T07:25:46+00:00","article_modified_time":"2024-06-11T07:54:12+00:00","og_image":[{"width":1870,"height":700,"url":"https:\/\/www.enerlandgroup.com\/wp-content\/uploads\/2024\/04\/Noticia-Tellus-y-Mitra.jpg","type":"image\/jpeg"}],"author":"Ana","twitter_card":"summary_large_image","schema":{"@context":"https:\/\/schema.org","@graph":[{"@type":"Article","@id":"https:\/\/www.enerlandgroup.com\/es\/comienza-la-construccion-de-los-pfv-tellus-y-mitra\/#article","isPartOf":{"@id":"https:\/\/www.enerlandgroup.com\/es\/comienza-la-construccion-de-los-pfv-tellus-y-mitra\/"},"author":{"name":"Ana","@id":"https:\/\/www.enerlandgroup.com\/es\/#\/schema\/person\/ff4846e816b3f94eb665e1da0854e1b8"},"headline":"Comienza la construcci\u00f3n de los PFV Tellus y Mitra","datePublished":"2024-04-22T07:25:46+00:00","dateModified":"2024-06-11T07:54:12+00:00","mainEntityOfPage":{"@id":"https:\/\/www.enerlandgroup.com\/es\/comienza-la-construccion-de-los-pfv-tellus-y-mitra\/"},"wordCount":338,"commentCount":0,"publisher":{"@id":"https:\/\/www.enerlandgroup.com\/es\/#organization"},"image":{"@id":"https:\/\/www.enerlandgroup.com\/es\/comienza-la-construccion-de-los-pfv-tellus-y-mitra\/#primaryimage"},"thumbnailUrl":"https:\/\/www.enerlandgroup.com\/wp-content\/uploads\/2024\/04\/Noticia-Tellus-y-Mitra.jpg","articleSection":["Noticias"],"inLanguage":"es","potentialAction":[{"@type":"CommentAction","name":"Comment","target":["https:\/\/www.enerlandgroup.com\/es\/comienza-la-construccion-de-los-pfv-tellus-y-mitra\/#respond"]}]},{"@type":["WebPage","ItemPage"],"@id":"https:\/\/www.enerlandgroup.com\/es\/comienza-la-construccion-de-los-pfv-tellus-y-mitra\/","url":"https:\/\/www.enerlandgroup.com\/es\/comienza-la-construccion-de-los-pfv-tellus-y-mitra\/","name":"Comienza la construcci\u00f3n de los PFV Tellus y Mitra - Enerland Energ\u00eda Renovable","isPartOf":{"@id":"https:\/\/www.enerlandgroup.com\/es\/#website"},"primaryImageOfPage":{"@id":"https:\/\/www.enerlandgroup.com\/es\/comienza-la-construccion-de-los-pfv-tellus-y-mitra\/#primaryimage"},"image":{"@id":"https:\/\/www.enerlandgroup.com\/es\/comienza-la-construccion-de-los-pfv-tellus-y-mitra\/#primaryimage"},"thumbnailUrl":"https:\/\/www.enerlandgroup.com\/wp-content\/uploads\/2024\/04\/Noticia-Tellus-y-Mitra.jpg","datePublished":"2024-04-22T07:25:46+00:00","dateModified":"2024-06-11T07:54:12+00:00","description":"Comienza la construcci\u00f3n de los PFV Tellus y Mitra. Ambos parques tendr\u00e1n una potencia acumulada de 24 MWp.","breadcrumb":{"@id":"https:\/\/www.enerlandgroup.com\/es\/comienza-la-construccion-de-los-pfv-tellus-y-mitra\/#breadcrumb"},"inLanguage":"es","potentialAction":[{"@type":"ReadAction","target":["https:\/\/www.enerlandgroup.com\/es\/comienza-la-construccion-de-los-pfv-tellus-y-mitra\/"]}]},{"@type":"ImageObject","inLanguage":"es","@id":"https:\/\/www.enerlandgroup.com\/es\/comienza-la-construccion-de-los-pfv-tellus-y-mitra\/#primaryimage","url":"https:\/\/www.enerlandgroup.com\/wp-content\/uploads\/2024\/04\/Noticia-Tellus-y-Mitra.jpg","contentUrl":"https:\/\/www.enerlandgroup.com\/wp-content\/uploads\/2024\/04\/Noticia-Tellus-y-Mitra.jpg","width":1870,"height":700,"caption":"construcci\u00f3n de PFV Tellus y Mitra"},{"@type":"BreadcrumbList","@id":"https:\/\/www.enerlandgroup.com\/es\/comienza-la-construccion-de-los-pfv-tellus-y-mitra\/#breadcrumb","itemListElement":[{"@type":"ListItem","position":1,"name":"Inicio","item":"https:\/\/www.enerlandgroup.com\/es\/"},{"@type":"ListItem","position":2,"name":"Comienza la construcci\u00f3n de los PFV Tellus y Mitra"}]},{"@type":"WebSite","@id":"https:\/\/www.enerlandgroup.com\/es\/#website","url":"https:\/\/www.enerlandgroup.com\/es\/","name":"Enerland Energ\u00eda Renovable","description":"","publisher":{"@id":"https:\/\/www.enerlandgroup.com\/es\/#organization"},"potentialAction":[{"@type":"SearchAction","target":{"@type":"EntryPoint","urlTemplate":"https:\/\/www.enerlandgroup.com\/es\/?s={search_term_string}"},"query-input":{"@type":"PropertyValueSpecification","valueRequired":true,"valueName":"search_term_string"}}],"inLanguage":"es"},{"@type":"Organization","@id":"https:\/\/www.enerlandgroup.com\/es\/#organization","name":"Enerland Group","url":"https:\/\/www.enerlandgroup.com\/es\/","logo":{"@type":"ImageObject","inLanguage":"es","@id":"https:\/\/www.enerlandgroup.com\/es\/#\/schema\/logo\/image\/","url":"https:\/\/www.enerlandgroup.com\/wp-content\/uploads\/2021\/05\/Logo_Enerland.png","contentUrl":"https:\/\/www.enerlandgroup.com\/wp-content\/uploads\/2021\/05\/Logo_Enerland.png","width":184,"height":43,"caption":"Enerland Group"},"image":{"@id":"https:\/\/www.enerlandgroup.com\/es\/#\/schema\/logo\/image\/"},"sameAs":["https:\/\/www.linkedin.com\/company\/enerland-group\/","https:\/\/www.youtube.com\/channel\/UCjdInbThgaPa2_D34vRChmA"]},{"@type":"Person","@id":"https:\/\/www.enerlandgroup.com\/es\/#\/schema\/person\/ff4846e816b3f94eb665e1da0854e1b8","name":"Ana","image":{"@type":"ImageObject","inLanguage":"es","@id":"https:\/\/secure.gravatar.com\/avatar\/495e8a53709541de9036eb34e07c65eacd114aba52461487df6099dee02e64f1?s=96&d=mm&r=g","url":"https:\/\/secure.gravatar.com\/avatar\/495e8a53709541de9036eb34e07c65eacd114aba52461487df6099dee02e64f1?s=96&d=mm&r=g","contentUrl":"https:\/\/secure.gravatar.com\/avatar\/495e8a53709541de9036eb34e07c65eacd114aba52461487df6099dee02e64f1?s=96&d=mm&r=g","caption":"Ana"},"url":"https:\/\/www.enerlandgroup.com\/es\/author\/ana-valdizanenerlandgroup-com\/"}]}},"jetpack_featured_media_url":"https:\/\/www.enerlandgroup.com\/wp-content\/uploads\/2024\/04\/Noticia-Tellus-y-Mitra.jpg","_links":{"self":[{"href":"https:\/\/www.enerlandgroup.com\/es\/wp-json\/wp\/v2\/posts\/19703","targetHints":{"allow":["GET"]}}],"collection":[{"href":"https:\/\/www.enerlandgroup.com\/es\/wp-json\/wp\/v2\/posts"}],"about":[{"href":"https:\/\/www.enerlandgroup.com\/es\/wp-json\/wp\/v2\/types\/post"}],"author":[{"embeddable":true,"href":"https:\/\/www.enerlandgroup.com\/es\/wp-json\/wp\/v2\/users\/11"}],"replies":[{"embeddable":true,"href":"https:\/\/www.enerlandgroup.com\/es\/wp-json\/wp\/v2\/comments?post=19703"}],"version-history":[{"count":6,"href":"https:\/\/www.enerlandgroup.com\/es\/wp-json\/wp\/v2\/posts\/19703\/revisions"}],"predecessor-version":[{"id":19741,"href":"https:\/\/www.enerlandgroup.com\/es\/wp-json\/wp\/v2\/posts\/19703\/revisions\/19741"}],"wp:featuredmedia":[{"embeddable":true,"href":"https:\/\/www.enerlandgroup.com\/es\/wp-json\/wp\/v2\/media\/19738"}],"wp:attachment":[{"href":"https:\/\/www.enerlandgroup.com\/es\/wp-json\/wp\/v2\/media?parent=19703"}],"wp:term":[{"taxonomy":"category","embeddable":true,"href":"https:\/\/www.enerlandgroup.com\/es\/wp-json\/wp\/v2\/categories?post=19703"},{"taxonomy":"post_tag","embeddable":true,"href":"https:\/\/www.enerlandgroup.com\/es\/wp-json\/wp\/v2\/tags?post=19703"}],"curies":[{"name":"wp","href":"https:\/\/api.w.org\/{rel}","templated":true}]}}