{"id":19522,"date":"2024-03-22T09:31:30","date_gmt":"2024-03-22T08:31:30","guid":{"rendered":"https:\/\/www.enerlandgroup.com\/?p=19522"},"modified":"2024-06-11T09:54:21","modified_gmt":"2024-06-11T07:54:21","slug":"jornada-de-medioambiente-clenar-2024","status":"publish","type":"post","link":"https:\/\/www.enerlandgroup.com\/es\/jornada-de-medioambiente-clenar-2024\/","title":{"rendered":"Jornada de medioambiente Clenar 2024"},"content":{"rendered":"<h2>La semana pasada tuvo lugar la jornada \u201cBuenas pr\u00e1cticas medioambientales en los parques e\u00f3licos y fotovoltaicos de Arag\u00f3n\u201d, organizado por CLENAR, en la que nuestro equipo de medioambiente asisti\u00f3 para abordar el impacto de las renovables en nuestro pa\u00eds.<\/h2>\n<p>&nbsp;<\/p>\n<p>El mi\u00e9rcoles, 13 de marzo, el CLENAR organiz\u00f3 un <a href=\"https:\/\/clenar.com\/jornada-buenas-practicas-medioambientales-en-los-parques-eolicos-y-fotovoltaicos-de-aragon\/\">evento que reuni\u00f3 a profesionales del sector para abordar cuestiones sobre soluciones y tecnolog\u00edas para minimizar las afecciones provocadas por las renovables<\/a>, as\u00ed como el impacto positivo de las mismas. Este evento cont\u00f3 con la participaci\u00f3n de perfiles relevantes como Jes\u00fas Alijarde, presidente de la Comisi\u00f3n de Sostenibilidad y Medioambiente del Cl\u00faster de la Energ\u00eda de Arag\u00f3n &#8211; Clenar, y Avelina Bellostas Ara, presidenta de la Comisi\u00f3n de Sostenibilidad y Econom\u00eda Circular de CEOE Arag\u00f3n, entre otras muchas.<\/p>\n<p>&nbsp;<\/p>\n<p><span class=\"ui-provider a b c d e f g h i j k l m n o p q r s t u v w x y z ab ac ae af ag ah ai aj ak\" dir=\"ltr\">Daisy Rodr\u00edguez, responsable del \u00e1rea de medioambiente de Enerland Group, y Javier Franco, t\u00e9cnico del departamento, asistieron como representantes de la empresa. \u00abEsta jornada organizada por el CLENAR fue una gran oportunidad para compartir con los distintos actores del sector de las renovables en Arag\u00f3n las acciones que realizamos para que nuestras plantas sean lo m\u00e1s respetuosas posibles con el medio e incluso potenciar la biodiversidad en sus entornos. Al escuchar las exposiciones de los ponentes, tambi\u00e9n corroboramos el buen hacer de Enerland en este campo, ya que nuestras plantas implementan siempre las mejores medidas ambientales para prevenir, corregir y compensar los posibles impactos asociados\u00bb, a\u00f1adi\u00f3 Javier.\u00a0<\/span><\/p>\n<p>&nbsp;<\/p>\n<h3>Buenas pr\u00e1cticas medioambientales de Enerland Group<\/h3>\n<p>&nbsp;<\/p>\n<p>La propia naturaleza de la actividad econ\u00f3mica que desarrolla la empresa ya supone un compromiso completo con los principios de sostenibilidad y econom\u00eda circular, sin embargo, el objetivo es dar un paso m\u00e1s. <a href=\"https:\/\/www.enerlandgroup.com\/es\/sostenibilidad\/\">Desde el departamento de medioambiente<\/a>, siempre se han toman una serie de medidas y acciones para reducir la huella de carbono y las posibles afecciones durante las obras. Os dejamos algunas de las buenas pr\u00e1cticas que se han aplicado hasta ahora:<\/p>\n<p>&nbsp;<\/p>\n<ul>\n<li>Acciones para la conservaci\u00f3n de la biodiversidad en parques: La instalaci\u00f3n de un vallado cineg\u00e9tico que incluye pasos para la fauna para permitir la circulaci\u00f3n de especies y placas anticolisi\u00f3n, utilizaci\u00f3n de ganado ovino para eliminar la maleza entre los paneles, limpieza en seco de los m\u00f3dulos fotovoltaicos&#8230;<\/li>\n<li>Revegetaci\u00f3n e integraci\u00f3n paisaj\u00edstica: Todas nuestras plantas fotovoltaicas integran una pantalla vegetal perimetral con una anchura variable entre 5 y 8 metros para asegurar la integraci\u00f3n paisaj\u00edstica de los elementos del proyecto sirviendo adem\u00e1s como refugio y corredor para la fauna<\/li>\n<\/ul>\n","protected":false},"excerpt":{"rendered":"<p>La semana pasada tuvo lugar la jornada \u201cBuenas pr\u00e1cticas medioambientales en los parques e\u00f3licos<\/p>\n","protected":false},"author":11,"featured_media":19554,"comment_status":"open","ping_status":"open","sticky":false,"template":"","format":"standard","meta":{"_et_pb_use_builder":"","_et_pb_old_content":"","_et_gb_content_width":"","footnotes":""},"categories":[161],"tags":[],"class_list":["post-19522","post","type-post","status-publish","format-standard","has-post-thumbnail","hentry","category-noticias"],"yoast_head":"<!-- This site is optimized with the Yoast SEO plugin v27.4 - https:\/\/yoast.com\/product\/yoast-seo-wordpress\/ -->\n<title>Jornada de medioambiente Clenar 2024 - Enerland Energ\u00eda Renovable<\/title>\n<meta name=\"description\" content=\"Hace poco tuvo lugar la jornada \u201cBuenas pr\u00e1cticas medioambientales en los parques e\u00f3licos y fotovoltaicos de Arag\u00f3n\u201d, organizado por CLENAR.\" \/>\n<meta name=\"robots\" content=\"index, follow, max-snippet:-1, max-image-preview:large, max-video-preview:-1\" \/>\n<link rel=\"canonical\" href=\"https:\/\/www.enerlandgroup.com\/es\/jornada-de-medioambiente-clenar-2024\/\" \/>\n<meta property=\"og:locale\" content=\"es_ES\" \/>\n<meta property=\"og:type\" content=\"article\" \/>\n<meta property=\"og:title\" content=\"Jornada de medioambiente Clenar 2024 - Enerland Energ\u00eda Renovable\" \/>\n<meta property=\"og:description\" content=\"Hace poco tuvo lugar la jornada \u201cBuenas pr\u00e1cticas medioambientales en los parques e\u00f3licos y fotovoltaicos de Arag\u00f3n\u201d, organizado por CLENAR.\" \/>\n<meta property=\"og:url\" content=\"https:\/\/www.enerlandgroup.com\/es\/jornada-de-medioambiente-clenar-2024\/\" \/>\n<meta property=\"og:site_name\" content=\"Enerland Energ\u00eda Renovable\" \/>\n<meta property=\"article:published_time\" content=\"2024-03-22T08:31:30+00:00\" \/>\n<meta property=\"article:modified_time\" content=\"2024-06-11T07:54:21+00:00\" \/>\n<meta property=\"og:image\" content=\"https:\/\/www.enerlandgroup.com\/wp-content\/uploads\/2024\/03\/Jornada-Clenar-2024.jpg\" \/>\n\t<meta property=\"og:image:width\" content=\"1870\" \/>\n\t<meta property=\"og:image:height\" content=\"700\" \/>\n\t<meta property=\"og:image:type\" content=\"image\/jpeg\" \/>\n<meta name=\"author\" content=\"Ana\" \/>\n<meta name=\"twitter:card\" content=\"summary_large_image\" \/>\n<script type=\"application\/ld+json\" class=\"yoast-schema-graph\">{\"@context\":\"https:\\\/\\\/schema.org\",\"@graph\":[{\"@type\":\"Article\",\"@id\":\"https:\\\/\\\/www.enerlandgroup.com\\\/es\\\/jornada-de-medioambiente-clenar-2024\\\/#article\",\"isPartOf\":{\"@id\":\"https:\\\/\\\/www.enerlandgroup.com\\\/es\\\/jornada-de-medioambiente-clenar-2024\\\/\"},\"author\":{\"name\":\"Ana\",\"@id\":\"https:\\\/\\\/www.enerlandgroup.com\\\/es\\\/#\\\/schema\\\/person\\\/ff4846e816b3f94eb665e1da0854e1b8\"},\"headline\":\"Jornada de medioambiente Clenar 2024\",\"datePublished\":\"2024-03-22T08:31:30+00:00\",\"dateModified\":\"2024-06-11T07:54:21+00:00\",\"mainEntityOfPage\":{\"@id\":\"https:\\\/\\\/www.enerlandgroup.com\\\/es\\\/jornada-de-medioambiente-clenar-2024\\\/\"},\"wordCount\":447,\"commentCount\":0,\"publisher\":{\"@id\":\"https:\\\/\\\/www.enerlandgroup.com\\\/es\\\/#organization\"},\"image\":{\"@id\":\"https:\\\/\\\/www.enerlandgroup.com\\\/es\\\/jornada-de-medioambiente-clenar-2024\\\/#primaryimage\"},\"thumbnailUrl\":\"https:\\\/\\\/www.enerlandgroup.com\\\/wp-content\\\/uploads\\\/2024\\\/03\\\/Jornada-Clenar-2024.jpg\",\"articleSection\":[\"Noticias\"],\"inLanguage\":\"es\",\"potentialAction\":[{\"@type\":\"CommentAction\",\"name\":\"Comment\",\"target\":[\"https:\\\/\\\/www.enerlandgroup.com\\\/es\\\/jornada-de-medioambiente-clenar-2024\\\/#respond\"]}]},{\"@type\":[\"WebPage\",\"ItemPage\"],\"@id\":\"https:\\\/\\\/www.enerlandgroup.com\\\/es\\\/jornada-de-medioambiente-clenar-2024\\\/\",\"url\":\"https:\\\/\\\/www.enerlandgroup.com\\\/es\\\/jornada-de-medioambiente-clenar-2024\\\/\",\"name\":\"Jornada de medioambiente Clenar 2024 - Enerland Energ\u00eda Renovable\",\"isPartOf\":{\"@id\":\"https:\\\/\\\/www.enerlandgroup.com\\\/es\\\/#website\"},\"primaryImageOfPage\":{\"@id\":\"https:\\\/\\\/www.enerlandgroup.com\\\/es\\\/jornada-de-medioambiente-clenar-2024\\\/#primaryimage\"},\"image\":{\"@id\":\"https:\\\/\\\/www.enerlandgroup.com\\\/es\\\/jornada-de-medioambiente-clenar-2024\\\/#primaryimage\"},\"thumbnailUrl\":\"https:\\\/\\\/www.enerlandgroup.com\\\/wp-content\\\/uploads\\\/2024\\\/03\\\/Jornada-Clenar-2024.jpg\",\"datePublished\":\"2024-03-22T08:31:30+00:00\",\"dateModified\":\"2024-06-11T07:54:21+00:00\",\"description\":\"Hace poco tuvo lugar la jornada \u201cBuenas pr\u00e1cticas medioambientales en los parques e\u00f3licos y fotovoltaicos de Arag\u00f3n\u201d, organizado por CLENAR.\",\"breadcrumb\":{\"@id\":\"https:\\\/\\\/www.enerlandgroup.com\\\/es\\\/jornada-de-medioambiente-clenar-2024\\\/#breadcrumb\"},\"inLanguage\":\"es\",\"potentialAction\":[{\"@type\":\"ReadAction\",\"target\":[\"https:\\\/\\\/www.enerlandgroup.com\\\/es\\\/jornada-de-medioambiente-clenar-2024\\\/\"]}]},{\"@type\":\"ImageObject\",\"inLanguage\":\"es\",\"@id\":\"https:\\\/\\\/www.enerlandgroup.com\\\/es\\\/jornada-de-medioambiente-clenar-2024\\\/#primaryimage\",\"url\":\"https:\\\/\\\/www.enerlandgroup.com\\\/wp-content\\\/uploads\\\/2024\\\/03\\\/Jornada-Clenar-2024.jpg\",\"contentUrl\":\"https:\\\/\\\/www.enerlandgroup.com\\\/wp-content\\\/uploads\\\/2024\\\/03\\\/Jornada-Clenar-2024.jpg\",\"width\":1870,\"height\":700,\"caption\":\"Jornada Clenar 2024\"},{\"@type\":\"BreadcrumbList\",\"@id\":\"https:\\\/\\\/www.enerlandgroup.com\\\/es\\\/jornada-de-medioambiente-clenar-2024\\\/#breadcrumb\",\"itemListElement\":[{\"@type\":\"ListItem\",\"position\":1,\"name\":\"Inicio\",\"item\":\"https:\\\/\\\/www.enerlandgroup.com\\\/es\\\/\"},{\"@type\":\"ListItem\",\"position\":2,\"name\":\"Jornada de medioambiente Clenar 2024\"}]},{\"@type\":\"WebSite\",\"@id\":\"https:\\\/\\\/www.enerlandgroup.com\\\/es\\\/#website\",\"url\":\"https:\\\/\\\/www.enerlandgroup.com\\\/es\\\/\",\"name\":\"Enerland Energ\u00eda Renovable\",\"description\":\"\",\"publisher\":{\"@id\":\"https:\\\/\\\/www.enerlandgroup.com\\\/es\\\/#organization\"},\"potentialAction\":[{\"@type\":\"SearchAction\",\"target\":{\"@type\":\"EntryPoint\",\"urlTemplate\":\"https:\\\/\\\/www.enerlandgroup.com\\\/es\\\/?s={search_term_string}\"},\"query-input\":{\"@type\":\"PropertyValueSpecification\",\"valueRequired\":true,\"valueName\":\"search_term_string\"}}],\"inLanguage\":\"es\"},{\"@type\":\"Organization\",\"@id\":\"https:\\\/\\\/www.enerlandgroup.com\\\/es\\\/#organization\",\"name\":\"Enerland Group\",\"url\":\"https:\\\/\\\/www.enerlandgroup.com\\\/es\\\/\",\"logo\":{\"@type\":\"ImageObject\",\"inLanguage\":\"es\",\"@id\":\"https:\\\/\\\/www.enerlandgroup.com\\\/es\\\/#\\\/schema\\\/logo\\\/image\\\/\",\"url\":\"https:\\\/\\\/www.enerlandgroup.com\\\/wp-content\\\/uploads\\\/2021\\\/05\\\/Logo_Enerland.png\",\"contentUrl\":\"https:\\\/\\\/www.enerlandgroup.com\\\/wp-content\\\/uploads\\\/2021\\\/05\\\/Logo_Enerland.png\",\"width\":184,\"height\":43,\"caption\":\"Enerland Group\"},\"image\":{\"@id\":\"https:\\\/\\\/www.enerlandgroup.com\\\/es\\\/#\\\/schema\\\/logo\\\/image\\\/\"},\"sameAs\":[\"https:\\\/\\\/www.linkedin.com\\\/company\\\/enerland-group\\\/\",\"https:\\\/\\\/www.youtube.com\\\/channel\\\/UCjdInbThgaPa2_D34vRChmA\"]},{\"@type\":\"Person\",\"@id\":\"https:\\\/\\\/www.enerlandgroup.com\\\/es\\\/#\\\/schema\\\/person\\\/ff4846e816b3f94eb665e1da0854e1b8\",\"name\":\"Ana\",\"image\":{\"@type\":\"ImageObject\",\"inLanguage\":\"es\",\"@id\":\"https:\\\/\\\/secure.gravatar.com\\\/avatar\\\/495e8a53709541de9036eb34e07c65eacd114aba52461487df6099dee02e64f1?s=96&d=mm&r=g\",\"url\":\"https:\\\/\\\/secure.gravatar.com\\\/avatar\\\/495e8a53709541de9036eb34e07c65eacd114aba52461487df6099dee02e64f1?s=96&d=mm&r=g\",\"contentUrl\":\"https:\\\/\\\/secure.gravatar.com\\\/avatar\\\/495e8a53709541de9036eb34e07c65eacd114aba52461487df6099dee02e64f1?s=96&d=mm&r=g\",\"caption\":\"Ana\"},\"url\":\"https:\\\/\\\/www.enerlandgroup.com\\\/es\\\/author\\\/ana-valdizanenerlandgroup-com\\\/\"}]}<\/script>\n<!-- \/ Yoast SEO plugin. -->","yoast_head_json":{"title":"Jornada de medioambiente Clenar 2024 - Enerland Energ\u00eda Renovable","description":"Hace poco tuvo lugar la jornada \u201cBuenas pr\u00e1cticas medioambientales en los parques e\u00f3licos y fotovoltaicos de Arag\u00f3n\u201d, organizado por CLENAR.","robots":{"index":"index","follow":"follow","max-snippet":"max-snippet:-1","max-image-preview":"max-image-preview:large","max-video-preview":"max-video-preview:-1"},"canonical":"https:\/\/www.enerlandgroup.com\/es\/jornada-de-medioambiente-clenar-2024\/","og_locale":"es_ES","og_type":"article","og_title":"Jornada de medioambiente Clenar 2024 - Enerland Energ\u00eda Renovable","og_description":"Hace poco tuvo lugar la jornada \u201cBuenas pr\u00e1cticas medioambientales en los parques e\u00f3licos y fotovoltaicos de Arag\u00f3n\u201d, organizado por CLENAR.","og_url":"https:\/\/www.enerlandgroup.com\/es\/jornada-de-medioambiente-clenar-2024\/","og_site_name":"Enerland Energ\u00eda Renovable","article_published_time":"2024-03-22T08:31:30+00:00","article_modified_time":"2024-06-11T07:54:21+00:00","og_image":[{"width":1870,"height":700,"url":"https:\/\/www.enerlandgroup.com\/wp-content\/uploads\/2024\/03\/Jornada-Clenar-2024.jpg","type":"image\/jpeg"}],"author":"Ana","twitter_card":"summary_large_image","schema":{"@context":"https:\/\/schema.org","@graph":[{"@type":"Article","@id":"https:\/\/www.enerlandgroup.com\/es\/jornada-de-medioambiente-clenar-2024\/#article","isPartOf":{"@id":"https:\/\/www.enerlandgroup.com\/es\/jornada-de-medioambiente-clenar-2024\/"},"author":{"name":"Ana","@id":"https:\/\/www.enerlandgroup.com\/es\/#\/schema\/person\/ff4846e816b3f94eb665e1da0854e1b8"},"headline":"Jornada de medioambiente Clenar 2024","datePublished":"2024-03-22T08:31:30+00:00","dateModified":"2024-06-11T07:54:21+00:00","mainEntityOfPage":{"@id":"https:\/\/www.enerlandgroup.com\/es\/jornada-de-medioambiente-clenar-2024\/"},"wordCount":447,"commentCount":0,"publisher":{"@id":"https:\/\/www.enerlandgroup.com\/es\/#organization"},"image":{"@id":"https:\/\/www.enerlandgroup.com\/es\/jornada-de-medioambiente-clenar-2024\/#primaryimage"},"thumbnailUrl":"https:\/\/www.enerlandgroup.com\/wp-content\/uploads\/2024\/03\/Jornada-Clenar-2024.jpg","articleSection":["Noticias"],"inLanguage":"es","potentialAction":[{"@type":"CommentAction","name":"Comment","target":["https:\/\/www.enerlandgroup.com\/es\/jornada-de-medioambiente-clenar-2024\/#respond"]}]},{"@type":["WebPage","ItemPage"],"@id":"https:\/\/www.enerlandgroup.com\/es\/jornada-de-medioambiente-clenar-2024\/","url":"https:\/\/www.enerlandgroup.com\/es\/jornada-de-medioambiente-clenar-2024\/","name":"Jornada de medioambiente Clenar 2024 - Enerland Energ\u00eda Renovable","isPartOf":{"@id":"https:\/\/www.enerlandgroup.com\/es\/#website"},"primaryImageOfPage":{"@id":"https:\/\/www.enerlandgroup.com\/es\/jornada-de-medioambiente-clenar-2024\/#primaryimage"},"image":{"@id":"https:\/\/www.enerlandgroup.com\/es\/jornada-de-medioambiente-clenar-2024\/#primaryimage"},"thumbnailUrl":"https:\/\/www.enerlandgroup.com\/wp-content\/uploads\/2024\/03\/Jornada-Clenar-2024.jpg","datePublished":"2024-03-22T08:31:30+00:00","dateModified":"2024-06-11T07:54:21+00:00","description":"Hace poco tuvo lugar la jornada \u201cBuenas pr\u00e1cticas medioambientales en los parques e\u00f3licos y fotovoltaicos de Arag\u00f3n\u201d, organizado por CLENAR.","breadcrumb":{"@id":"https:\/\/www.enerlandgroup.com\/es\/jornada-de-medioambiente-clenar-2024\/#breadcrumb"},"inLanguage":"es","potentialAction":[{"@type":"ReadAction","target":["https:\/\/www.enerlandgroup.com\/es\/jornada-de-medioambiente-clenar-2024\/"]}]},{"@type":"ImageObject","inLanguage":"es","@id":"https:\/\/www.enerlandgroup.com\/es\/jornada-de-medioambiente-clenar-2024\/#primaryimage","url":"https:\/\/www.enerlandgroup.com\/wp-content\/uploads\/2024\/03\/Jornada-Clenar-2024.jpg","contentUrl":"https:\/\/www.enerlandgroup.com\/wp-content\/uploads\/2024\/03\/Jornada-Clenar-2024.jpg","width":1870,"height":700,"caption":"Jornada Clenar 2024"},{"@type":"BreadcrumbList","@id":"https:\/\/www.enerlandgroup.com\/es\/jornada-de-medioambiente-clenar-2024\/#breadcrumb","itemListElement":[{"@type":"ListItem","position":1,"name":"Inicio","item":"https:\/\/www.enerlandgroup.com\/es\/"},{"@type":"ListItem","position":2,"name":"Jornada de medioambiente Clenar 2024"}]},{"@type":"WebSite","@id":"https:\/\/www.enerlandgroup.com\/es\/#website","url":"https:\/\/www.enerlandgroup.com\/es\/","name":"Enerland Energ\u00eda Renovable","description":"","publisher":{"@id":"https:\/\/www.enerlandgroup.com\/es\/#organization"},"potentialAction":[{"@type":"SearchAction","target":{"@type":"EntryPoint","urlTemplate":"https:\/\/www.enerlandgroup.com\/es\/?s={search_term_string}"},"query-input":{"@type":"PropertyValueSpecification","valueRequired":true,"valueName":"search_term_string"}}],"inLanguage":"es"},{"@type":"Organization","@id":"https:\/\/www.enerlandgroup.com\/es\/#organization","name":"Enerland Group","url":"https:\/\/www.enerlandgroup.com\/es\/","logo":{"@type":"ImageObject","inLanguage":"es","@id":"https:\/\/www.enerlandgroup.com\/es\/#\/schema\/logo\/image\/","url":"https:\/\/www.enerlandgroup.com\/wp-content\/uploads\/2021\/05\/Logo_Enerland.png","contentUrl":"https:\/\/www.enerlandgroup.com\/wp-content\/uploads\/2021\/05\/Logo_Enerland.png","width":184,"height":43,"caption":"Enerland Group"},"image":{"@id":"https:\/\/www.enerlandgroup.com\/es\/#\/schema\/logo\/image\/"},"sameAs":["https:\/\/www.linkedin.com\/company\/enerland-group\/","https:\/\/www.youtube.com\/channel\/UCjdInbThgaPa2_D34vRChmA"]},{"@type":"Person","@id":"https:\/\/www.enerlandgroup.com\/es\/#\/schema\/person\/ff4846e816b3f94eb665e1da0854e1b8","name":"Ana","image":{"@type":"ImageObject","inLanguage":"es","@id":"https:\/\/secure.gravatar.com\/avatar\/495e8a53709541de9036eb34e07c65eacd114aba52461487df6099dee02e64f1?s=96&d=mm&r=g","url":"https:\/\/secure.gravatar.com\/avatar\/495e8a53709541de9036eb34e07c65eacd114aba52461487df6099dee02e64f1?s=96&d=mm&r=g","contentUrl":"https:\/\/secure.gravatar.com\/avatar\/495e8a53709541de9036eb34e07c65eacd114aba52461487df6099dee02e64f1?s=96&d=mm&r=g","caption":"Ana"},"url":"https:\/\/www.enerlandgroup.com\/es\/author\/ana-valdizanenerlandgroup-com\/"}]}},"jetpack_featured_media_url":"https:\/\/www.enerlandgroup.com\/wp-content\/uploads\/2024\/03\/Jornada-Clenar-2024.jpg","_links":{"self":[{"href":"https:\/\/www.enerlandgroup.com\/es\/wp-json\/wp\/v2\/posts\/19522","targetHints":{"allow":["GET"]}}],"collection":[{"href":"https:\/\/www.enerlandgroup.com\/es\/wp-json\/wp\/v2\/posts"}],"about":[{"href":"https:\/\/www.enerlandgroup.com\/es\/wp-json\/wp\/v2\/types\/post"}],"author":[{"embeddable":true,"href":"https:\/\/www.enerlandgroup.com\/es\/wp-json\/wp\/v2\/users\/11"}],"replies":[{"embeddable":true,"href":"https:\/\/www.enerlandgroup.com\/es\/wp-json\/wp\/v2\/comments?post=19522"}],"version-history":[{"count":9,"href":"https:\/\/www.enerlandgroup.com\/es\/wp-json\/wp\/v2\/posts\/19522\/revisions"}],"predecessor-version":[{"id":19575,"href":"https:\/\/www.enerlandgroup.com\/es\/wp-json\/wp\/v2\/posts\/19522\/revisions\/19575"}],"wp:featuredmedia":[{"embeddable":true,"href":"https:\/\/www.enerlandgroup.com\/es\/wp-json\/wp\/v2\/media\/19554"}],"wp:attachment":[{"href":"https:\/\/www.enerlandgroup.com\/es\/wp-json\/wp\/v2\/media?parent=19522"}],"wp:term":[{"taxonomy":"category","embeddable":true,"href":"https:\/\/www.enerlandgroup.com\/es\/wp-json\/wp\/v2\/categories?post=19522"},{"taxonomy":"post_tag","embeddable":true,"href":"https:\/\/www.enerlandgroup.com\/es\/wp-json\/wp\/v2\/tags?post=19522"}],"curies":[{"name":"wp","href":"https:\/\/api.w.org\/{rel}","templated":true}]}}