{"id":19424,"date":"2024-03-20T09:06:57","date_gmt":"2024-03-20T08:06:57","guid":{"rendered":"https:\/\/www.enerlandgroup.com\/?p=19424"},"modified":"2024-06-11T09:54:29","modified_gmt":"2024-06-11T07:54:29","slug":"se-pone-en-marcha-el-parque-fotovoltaico-la-mena","status":"publish","type":"post","link":"https:\/\/www.enerlandgroup.com\/es\/se-pone-en-marcha-el-parque-fotovoltaico-la-mena\/","title":{"rendered":"Se pone en marcha el parque fotovoltaico La Mena"},"content":{"rendered":"<h2>Tras varios meses de construcci\u00f3n, el parque fotovoltaico La Mena fue puesto en marcha a principios de este a\u00f1o.<\/h2>\n<p>&nbsp;<\/p>\n<p>Enerland Group finaliz\u00f3 la construcci\u00f3n del parque fotovoltaico La Mena para su cliente <a href=\"https:\/\/www.linkedin.com\/company\/greenyellowco\/?originalSubdomain=co\">Greenyellow<\/a> y el mes pasado fue puesto en marcha. El parque, ubicado en el municipio de San Carlos de Guoroa, en Colombia, tiene una potencia de 13,7 MWp, y generar\u00e1 22.000 MWh de energ\u00eda 100% renovable. Esta energ\u00eda equivaldr\u00e1 al consumo de m\u00e1s de 14.000 familias colombianas y evitar\u00e1 la emisi\u00f3n de 18.433 toneladas de CO2 al a\u00f1o.<\/p>\n<p>Para la construcci\u00f3n de esta planta, se necesitaron 18,57 hect\u00e1reas de terreno, en el que se colocaron 21.120 m\u00f3dulos fotovoltaicos. Este parque se suma a la cartera internacional de Enerland en Colombia, siendo este el<a href=\"https:\/\/www.enerlandgroup.com\/es\/project\/2024-la-mena\/\"> 6\u00b0 parque construido, conectado a la red el\u00e9ctrica nacional<\/a> y con declaraci\u00f3n de operaci\u00f3n comercial en cumplimiento de los requerimientos de conexi\u00f3n establecidos\u00a0por\u00a0el\u00a0CNO.<\/p>\n<p>\u00abEl proyecto Solar La Mena supuso un gran reto para Enerland debido a las condiciones extremas en t\u00e9rminos ambientales y sociales. Sin embargo, se aplicaron grandes esfuerzos para que la mano de obra durante la construcci\u00f3n fuese al 100% local. Adem\u00e1s, de ese porcentaje, el 13% fueron mujeres, contribuyendo as\u00ed al \u00edndice de empleo de la zona, prestaci\u00f3n de servicios con empresas de la comunidad y participaci\u00f3n en servicios menores como la alimentaci\u00f3n e hidrataci\u00f3n en la zona de influencia directa al proyecto\u00bb, Rafael Rodr\u00edguez, director de construcci\u00f3n de Enerland Colombia.<\/p>\n<p>&nbsp;<\/p>\n<h3>Responsabilidad Social Corporativa en La Mena<\/h3>\n<p>&nbsp;<\/p>\n<p>Priorizamos y trabajamos con est\u00e1ndares de calidad y respeto por la fauna y flora que habita en los lugares en los que la empresa tiene actividad, y adem\u00e1s, tambi\u00e9n trabajamos por el desarrollo de la comunidad local. Por esto mismo, para la construcci\u00f3n de La Mena se tuvieron en cuenta una serie de acciones concretas. Os dejamos algunos ejemplos:<\/p>\n<p>&nbsp;<\/p>\n<ul>\n<li>Gesti\u00f3n integral de residuos s\u00f3lidos y l\u00edquidos<\/li>\n<li>Donaci\u00f3n de material reciclable<\/li>\n<li>Manejo y uso racional del agua<\/li>\n<li>Manejos de sustancias qu\u00edmicas implementaci\u00f3n de diques para protecci\u00f3n de derrame<\/li>\n<li>Realizaci\u00f3n de charlas y capacitivas para asegurar un entorno de trabajo saludable y estructurado<\/li>\n<li>Humectaci\u00f3n de la v\u00eda externa<\/li>\n<li>Generaci\u00f3n de empleo local con la contrataci\u00f3n de proveedores de ventas y servicios de empresas de la zona<\/li>\n<\/ul>\n","protected":false},"excerpt":{"rendered":"<p>Tras varios meses de construcci\u00f3n, el parque fotovoltaico La Mena fue puesto en marcha<\/p>\n","protected":false},"author":11,"featured_media":19428,"comment_status":"open","ping_status":"open","sticky":false,"template":"","format":"standard","meta":{"_et_pb_use_builder":"","_et_pb_old_content":"","_et_gb_content_width":"","footnotes":""},"categories":[161,22],"tags":[],"class_list":["post-19424","post","type-post","status-publish","format-standard","has-post-thumbnail","hentry","category-noticias","category-proyectos-realizados"],"yoast_head":"<!-- This site is optimized with the Yoast SEO plugin v27.4 - https:\/\/yoast.com\/product\/yoast-seo-wordpress\/ -->\n<title>Se pone en marcha el parque fotovoltaico La Mena - Enerland Energ\u00eda Renovable<\/title>\n<meta name=\"description\" content=\"Enerland Group finaliza la construcci\u00f3n del parque fotovoltaico La Mena, en Colombia, con una potencia 13,7 MWp.\" \/>\n<meta name=\"robots\" content=\"index, follow, max-snippet:-1, max-image-preview:large, max-video-preview:-1\" \/>\n<link rel=\"canonical\" href=\"https:\/\/www.enerlandgroup.com\/es\/se-pone-en-marcha-el-parque-fotovoltaico-la-mena\/\" \/>\n<meta property=\"og:locale\" content=\"es_ES\" \/>\n<meta property=\"og:type\" content=\"article\" \/>\n<meta property=\"og:title\" content=\"Se pone en marcha el parque fotovoltaico La Mena - Enerland Energ\u00eda Renovable\" \/>\n<meta property=\"og:description\" content=\"Enerland Group finaliza la construcci\u00f3n del parque fotovoltaico La Mena, en Colombia, con una potencia 13,7 MWp.\" \/>\n<meta property=\"og:url\" content=\"https:\/\/www.enerlandgroup.com\/es\/se-pone-en-marcha-el-parque-fotovoltaico-la-mena\/\" \/>\n<meta property=\"og:site_name\" content=\"Enerland Energ\u00eda Renovable\" \/>\n<meta property=\"article:published_time\" content=\"2024-03-20T08:06:57+00:00\" \/>\n<meta property=\"article:modified_time\" content=\"2024-06-11T07:54:29+00:00\" \/>\n<meta property=\"og:image\" content=\"https:\/\/www.enerlandgroup.com\/wp-content\/uploads\/2024\/03\/Noticia-La-Mena.jpg\" \/>\n\t<meta property=\"og:image:width\" content=\"1870\" \/>\n\t<meta property=\"og:image:height\" content=\"700\" \/>\n\t<meta property=\"og:image:type\" content=\"image\/jpeg\" \/>\n<meta name=\"author\" content=\"Ana\" \/>\n<meta name=\"twitter:card\" content=\"summary_large_image\" \/>\n<script type=\"application\/ld+json\" class=\"yoast-schema-graph\">{\"@context\":\"https:\\\/\\\/schema.org\",\"@graph\":[{\"@type\":\"Article\",\"@id\":\"https:\\\/\\\/www.enerlandgroup.com\\\/es\\\/se-pone-en-marcha-el-parque-fotovoltaico-la-mena\\\/#article\",\"isPartOf\":{\"@id\":\"https:\\\/\\\/www.enerlandgroup.com\\\/es\\\/se-pone-en-marcha-el-parque-fotovoltaico-la-mena\\\/\"},\"author\":{\"name\":\"Ana\",\"@id\":\"https:\\\/\\\/www.enerlandgroup.com\\\/es\\\/#\\\/schema\\\/person\\\/ff4846e816b3f94eb665e1da0854e1b8\"},\"headline\":\"Se pone en marcha el parque fotovoltaico La Mena\",\"datePublished\":\"2024-03-20T08:06:57+00:00\",\"dateModified\":\"2024-06-11T07:54:29+00:00\",\"mainEntityOfPage\":{\"@id\":\"https:\\\/\\\/www.enerlandgroup.com\\\/es\\\/se-pone-en-marcha-el-parque-fotovoltaico-la-mena\\\/\"},\"wordCount\":415,\"commentCount\":0,\"publisher\":{\"@id\":\"https:\\\/\\\/www.enerlandgroup.com\\\/es\\\/#organization\"},\"image\":{\"@id\":\"https:\\\/\\\/www.enerlandgroup.com\\\/es\\\/se-pone-en-marcha-el-parque-fotovoltaico-la-mena\\\/#primaryimage\"},\"thumbnailUrl\":\"https:\\\/\\\/www.enerlandgroup.com\\\/wp-content\\\/uploads\\\/2024\\\/03\\\/Noticia-La-Mena.jpg\",\"articleSection\":[\"Noticias\",\"Proyectos Realizados\"],\"inLanguage\":\"es\",\"potentialAction\":[{\"@type\":\"CommentAction\",\"name\":\"Comment\",\"target\":[\"https:\\\/\\\/www.enerlandgroup.com\\\/es\\\/se-pone-en-marcha-el-parque-fotovoltaico-la-mena\\\/#respond\"]}]},{\"@type\":[\"WebPage\",\"ItemPage\"],\"@id\":\"https:\\\/\\\/www.enerlandgroup.com\\\/es\\\/se-pone-en-marcha-el-parque-fotovoltaico-la-mena\\\/\",\"url\":\"https:\\\/\\\/www.enerlandgroup.com\\\/es\\\/se-pone-en-marcha-el-parque-fotovoltaico-la-mena\\\/\",\"name\":\"Se pone en marcha el parque fotovoltaico La Mena - Enerland Energ\u00eda Renovable\",\"isPartOf\":{\"@id\":\"https:\\\/\\\/www.enerlandgroup.com\\\/es\\\/#website\"},\"primaryImageOfPage\":{\"@id\":\"https:\\\/\\\/www.enerlandgroup.com\\\/es\\\/se-pone-en-marcha-el-parque-fotovoltaico-la-mena\\\/#primaryimage\"},\"image\":{\"@id\":\"https:\\\/\\\/www.enerlandgroup.com\\\/es\\\/se-pone-en-marcha-el-parque-fotovoltaico-la-mena\\\/#primaryimage\"},\"thumbnailUrl\":\"https:\\\/\\\/www.enerlandgroup.com\\\/wp-content\\\/uploads\\\/2024\\\/03\\\/Noticia-La-Mena.jpg\",\"datePublished\":\"2024-03-20T08:06:57+00:00\",\"dateModified\":\"2024-06-11T07:54:29+00:00\",\"description\":\"Enerland Group finaliza la construcci\u00f3n del parque fotovoltaico La Mena, en Colombia, con una potencia 13,7 MWp.\",\"breadcrumb\":{\"@id\":\"https:\\\/\\\/www.enerlandgroup.com\\\/es\\\/se-pone-en-marcha-el-parque-fotovoltaico-la-mena\\\/#breadcrumb\"},\"inLanguage\":\"es\",\"potentialAction\":[{\"@type\":\"ReadAction\",\"target\":[\"https:\\\/\\\/www.enerlandgroup.com\\\/es\\\/se-pone-en-marcha-el-parque-fotovoltaico-la-mena\\\/\"]}]},{\"@type\":\"ImageObject\",\"inLanguage\":\"es\",\"@id\":\"https:\\\/\\\/www.enerlandgroup.com\\\/es\\\/se-pone-en-marcha-el-parque-fotovoltaico-la-mena\\\/#primaryimage\",\"url\":\"https:\\\/\\\/www.enerlandgroup.com\\\/wp-content\\\/uploads\\\/2024\\\/03\\\/Noticia-La-Mena.jpg\",\"contentUrl\":\"https:\\\/\\\/www.enerlandgroup.com\\\/wp-content\\\/uploads\\\/2024\\\/03\\\/Noticia-La-Mena.jpg\",\"width\":1870,\"height\":700,\"caption\":\"parque fotovoltaico la mena\"},{\"@type\":\"BreadcrumbList\",\"@id\":\"https:\\\/\\\/www.enerlandgroup.com\\\/es\\\/se-pone-en-marcha-el-parque-fotovoltaico-la-mena\\\/#breadcrumb\",\"itemListElement\":[{\"@type\":\"ListItem\",\"position\":1,\"name\":\"Inicio\",\"item\":\"https:\\\/\\\/www.enerlandgroup.com\\\/es\\\/\"},{\"@type\":\"ListItem\",\"position\":2,\"name\":\"Se pone en marcha el parque fotovoltaico La Mena\"}]},{\"@type\":\"WebSite\",\"@id\":\"https:\\\/\\\/www.enerlandgroup.com\\\/es\\\/#website\",\"url\":\"https:\\\/\\\/www.enerlandgroup.com\\\/es\\\/\",\"name\":\"Enerland Energ\u00eda Renovable\",\"description\":\"\",\"publisher\":{\"@id\":\"https:\\\/\\\/www.enerlandgroup.com\\\/es\\\/#organization\"},\"potentialAction\":[{\"@type\":\"SearchAction\",\"target\":{\"@type\":\"EntryPoint\",\"urlTemplate\":\"https:\\\/\\\/www.enerlandgroup.com\\\/es\\\/?s={search_term_string}\"},\"query-input\":{\"@type\":\"PropertyValueSpecification\",\"valueRequired\":true,\"valueName\":\"search_term_string\"}}],\"inLanguage\":\"es\"},{\"@type\":\"Organization\",\"@id\":\"https:\\\/\\\/www.enerlandgroup.com\\\/es\\\/#organization\",\"name\":\"Enerland Group\",\"url\":\"https:\\\/\\\/www.enerlandgroup.com\\\/es\\\/\",\"logo\":{\"@type\":\"ImageObject\",\"inLanguage\":\"es\",\"@id\":\"https:\\\/\\\/www.enerlandgroup.com\\\/es\\\/#\\\/schema\\\/logo\\\/image\\\/\",\"url\":\"https:\\\/\\\/www.enerlandgroup.com\\\/wp-content\\\/uploads\\\/2021\\\/05\\\/Logo_Enerland.png\",\"contentUrl\":\"https:\\\/\\\/www.enerlandgroup.com\\\/wp-content\\\/uploads\\\/2021\\\/05\\\/Logo_Enerland.png\",\"width\":184,\"height\":43,\"caption\":\"Enerland Group\"},\"image\":{\"@id\":\"https:\\\/\\\/www.enerlandgroup.com\\\/es\\\/#\\\/schema\\\/logo\\\/image\\\/\"},\"sameAs\":[\"https:\\\/\\\/www.linkedin.com\\\/company\\\/enerland-group\\\/\",\"https:\\\/\\\/www.youtube.com\\\/channel\\\/UCjdInbThgaPa2_D34vRChmA\"]},{\"@type\":\"Person\",\"@id\":\"https:\\\/\\\/www.enerlandgroup.com\\\/es\\\/#\\\/schema\\\/person\\\/ff4846e816b3f94eb665e1da0854e1b8\",\"name\":\"Ana\",\"image\":{\"@type\":\"ImageObject\",\"inLanguage\":\"es\",\"@id\":\"https:\\\/\\\/secure.gravatar.com\\\/avatar\\\/495e8a53709541de9036eb34e07c65eacd114aba52461487df6099dee02e64f1?s=96&d=mm&r=g\",\"url\":\"https:\\\/\\\/secure.gravatar.com\\\/avatar\\\/495e8a53709541de9036eb34e07c65eacd114aba52461487df6099dee02e64f1?s=96&d=mm&r=g\",\"contentUrl\":\"https:\\\/\\\/secure.gravatar.com\\\/avatar\\\/495e8a53709541de9036eb34e07c65eacd114aba52461487df6099dee02e64f1?s=96&d=mm&r=g\",\"caption\":\"Ana\"},\"url\":\"https:\\\/\\\/www.enerlandgroup.com\\\/es\\\/author\\\/ana-valdizanenerlandgroup-com\\\/\"}]}<\/script>\n<!-- \/ Yoast SEO plugin. -->","yoast_head_json":{"title":"Se pone en marcha el parque fotovoltaico La Mena - Enerland Energ\u00eda Renovable","description":"Enerland Group finaliza la construcci\u00f3n del parque fotovoltaico La Mena, en Colombia, con una potencia 13,7 MWp.","robots":{"index":"index","follow":"follow","max-snippet":"max-snippet:-1","max-image-preview":"max-image-preview:large","max-video-preview":"max-video-preview:-1"},"canonical":"https:\/\/www.enerlandgroup.com\/es\/se-pone-en-marcha-el-parque-fotovoltaico-la-mena\/","og_locale":"es_ES","og_type":"article","og_title":"Se pone en marcha el parque fotovoltaico La Mena - Enerland Energ\u00eda Renovable","og_description":"Enerland Group finaliza la construcci\u00f3n del parque fotovoltaico La Mena, en Colombia, con una potencia 13,7 MWp.","og_url":"https:\/\/www.enerlandgroup.com\/es\/se-pone-en-marcha-el-parque-fotovoltaico-la-mena\/","og_site_name":"Enerland Energ\u00eda Renovable","article_published_time":"2024-03-20T08:06:57+00:00","article_modified_time":"2024-06-11T07:54:29+00:00","og_image":[{"width":1870,"height":700,"url":"https:\/\/www.enerlandgroup.com\/wp-content\/uploads\/2024\/03\/Noticia-La-Mena.jpg","type":"image\/jpeg"}],"author":"Ana","twitter_card":"summary_large_image","schema":{"@context":"https:\/\/schema.org","@graph":[{"@type":"Article","@id":"https:\/\/www.enerlandgroup.com\/es\/se-pone-en-marcha-el-parque-fotovoltaico-la-mena\/#article","isPartOf":{"@id":"https:\/\/www.enerlandgroup.com\/es\/se-pone-en-marcha-el-parque-fotovoltaico-la-mena\/"},"author":{"name":"Ana","@id":"https:\/\/www.enerlandgroup.com\/es\/#\/schema\/person\/ff4846e816b3f94eb665e1da0854e1b8"},"headline":"Se pone en marcha el parque fotovoltaico La Mena","datePublished":"2024-03-20T08:06:57+00:00","dateModified":"2024-06-11T07:54:29+00:00","mainEntityOfPage":{"@id":"https:\/\/www.enerlandgroup.com\/es\/se-pone-en-marcha-el-parque-fotovoltaico-la-mena\/"},"wordCount":415,"commentCount":0,"publisher":{"@id":"https:\/\/www.enerlandgroup.com\/es\/#organization"},"image":{"@id":"https:\/\/www.enerlandgroup.com\/es\/se-pone-en-marcha-el-parque-fotovoltaico-la-mena\/#primaryimage"},"thumbnailUrl":"https:\/\/www.enerlandgroup.com\/wp-content\/uploads\/2024\/03\/Noticia-La-Mena.jpg","articleSection":["Noticias","Proyectos Realizados"],"inLanguage":"es","potentialAction":[{"@type":"CommentAction","name":"Comment","target":["https:\/\/www.enerlandgroup.com\/es\/se-pone-en-marcha-el-parque-fotovoltaico-la-mena\/#respond"]}]},{"@type":["WebPage","ItemPage"],"@id":"https:\/\/www.enerlandgroup.com\/es\/se-pone-en-marcha-el-parque-fotovoltaico-la-mena\/","url":"https:\/\/www.enerlandgroup.com\/es\/se-pone-en-marcha-el-parque-fotovoltaico-la-mena\/","name":"Se pone en marcha el parque fotovoltaico La Mena - Enerland Energ\u00eda Renovable","isPartOf":{"@id":"https:\/\/www.enerlandgroup.com\/es\/#website"},"primaryImageOfPage":{"@id":"https:\/\/www.enerlandgroup.com\/es\/se-pone-en-marcha-el-parque-fotovoltaico-la-mena\/#primaryimage"},"image":{"@id":"https:\/\/www.enerlandgroup.com\/es\/se-pone-en-marcha-el-parque-fotovoltaico-la-mena\/#primaryimage"},"thumbnailUrl":"https:\/\/www.enerlandgroup.com\/wp-content\/uploads\/2024\/03\/Noticia-La-Mena.jpg","datePublished":"2024-03-20T08:06:57+00:00","dateModified":"2024-06-11T07:54:29+00:00","description":"Enerland Group finaliza la construcci\u00f3n del parque fotovoltaico La Mena, en Colombia, con una potencia 13,7 MWp.","breadcrumb":{"@id":"https:\/\/www.enerlandgroup.com\/es\/se-pone-en-marcha-el-parque-fotovoltaico-la-mena\/#breadcrumb"},"inLanguage":"es","potentialAction":[{"@type":"ReadAction","target":["https:\/\/www.enerlandgroup.com\/es\/se-pone-en-marcha-el-parque-fotovoltaico-la-mena\/"]}]},{"@type":"ImageObject","inLanguage":"es","@id":"https:\/\/www.enerlandgroup.com\/es\/se-pone-en-marcha-el-parque-fotovoltaico-la-mena\/#primaryimage","url":"https:\/\/www.enerlandgroup.com\/wp-content\/uploads\/2024\/03\/Noticia-La-Mena.jpg","contentUrl":"https:\/\/www.enerlandgroup.com\/wp-content\/uploads\/2024\/03\/Noticia-La-Mena.jpg","width":1870,"height":700,"caption":"parque fotovoltaico la mena"},{"@type":"BreadcrumbList","@id":"https:\/\/www.enerlandgroup.com\/es\/se-pone-en-marcha-el-parque-fotovoltaico-la-mena\/#breadcrumb","itemListElement":[{"@type":"ListItem","position":1,"name":"Inicio","item":"https:\/\/www.enerlandgroup.com\/es\/"},{"@type":"ListItem","position":2,"name":"Se pone en marcha el parque fotovoltaico La Mena"}]},{"@type":"WebSite","@id":"https:\/\/www.enerlandgroup.com\/es\/#website","url":"https:\/\/www.enerlandgroup.com\/es\/","name":"Enerland Energ\u00eda Renovable","description":"","publisher":{"@id":"https:\/\/www.enerlandgroup.com\/es\/#organization"},"potentialAction":[{"@type":"SearchAction","target":{"@type":"EntryPoint","urlTemplate":"https:\/\/www.enerlandgroup.com\/es\/?s={search_term_string}"},"query-input":{"@type":"PropertyValueSpecification","valueRequired":true,"valueName":"search_term_string"}}],"inLanguage":"es"},{"@type":"Organization","@id":"https:\/\/www.enerlandgroup.com\/es\/#organization","name":"Enerland Group","url":"https:\/\/www.enerlandgroup.com\/es\/","logo":{"@type":"ImageObject","inLanguage":"es","@id":"https:\/\/www.enerlandgroup.com\/es\/#\/schema\/logo\/image\/","url":"https:\/\/www.enerlandgroup.com\/wp-content\/uploads\/2021\/05\/Logo_Enerland.png","contentUrl":"https:\/\/www.enerlandgroup.com\/wp-content\/uploads\/2021\/05\/Logo_Enerland.png","width":184,"height":43,"caption":"Enerland Group"},"image":{"@id":"https:\/\/www.enerlandgroup.com\/es\/#\/schema\/logo\/image\/"},"sameAs":["https:\/\/www.linkedin.com\/company\/enerland-group\/","https:\/\/www.youtube.com\/channel\/UCjdInbThgaPa2_D34vRChmA"]},{"@type":"Person","@id":"https:\/\/www.enerlandgroup.com\/es\/#\/schema\/person\/ff4846e816b3f94eb665e1da0854e1b8","name":"Ana","image":{"@type":"ImageObject","inLanguage":"es","@id":"https:\/\/secure.gravatar.com\/avatar\/495e8a53709541de9036eb34e07c65eacd114aba52461487df6099dee02e64f1?s=96&d=mm&r=g","url":"https:\/\/secure.gravatar.com\/avatar\/495e8a53709541de9036eb34e07c65eacd114aba52461487df6099dee02e64f1?s=96&d=mm&r=g","contentUrl":"https:\/\/secure.gravatar.com\/avatar\/495e8a53709541de9036eb34e07c65eacd114aba52461487df6099dee02e64f1?s=96&d=mm&r=g","caption":"Ana"},"url":"https:\/\/www.enerlandgroup.com\/es\/author\/ana-valdizanenerlandgroup-com\/"}]}},"jetpack_featured_media_url":"https:\/\/www.enerlandgroup.com\/wp-content\/uploads\/2024\/03\/Noticia-La-Mena.jpg","_links":{"self":[{"href":"https:\/\/www.enerlandgroup.com\/es\/wp-json\/wp\/v2\/posts\/19424","targetHints":{"allow":["GET"]}}],"collection":[{"href":"https:\/\/www.enerlandgroup.com\/es\/wp-json\/wp\/v2\/posts"}],"about":[{"href":"https:\/\/www.enerlandgroup.com\/es\/wp-json\/wp\/v2\/types\/post"}],"author":[{"embeddable":true,"href":"https:\/\/www.enerlandgroup.com\/es\/wp-json\/wp\/v2\/users\/11"}],"replies":[{"embeddable":true,"href":"https:\/\/www.enerlandgroup.com\/es\/wp-json\/wp\/v2\/comments?post=19424"}],"version-history":[{"count":7,"href":"https:\/\/www.enerlandgroup.com\/es\/wp-json\/wp\/v2\/posts\/19424\/revisions"}],"predecessor-version":[{"id":19518,"href":"https:\/\/www.enerlandgroup.com\/es\/wp-json\/wp\/v2\/posts\/19424\/revisions\/19518"}],"wp:featuredmedia":[{"embeddable":true,"href":"https:\/\/www.enerlandgroup.com\/es\/wp-json\/wp\/v2\/media\/19428"}],"wp:attachment":[{"href":"https:\/\/www.enerlandgroup.com\/es\/wp-json\/wp\/v2\/media?parent=19424"}],"wp:term":[{"taxonomy":"category","embeddable":true,"href":"https:\/\/www.enerlandgroup.com\/es\/wp-json\/wp\/v2\/categories?post=19424"},{"taxonomy":"post_tag","embeddable":true,"href":"https:\/\/www.enerlandgroup.com\/es\/wp-json\/wp\/v2\/tags?post=19424"}],"curies":[{"name":"wp","href":"https:\/\/api.w.org\/{rel}","templated":true}]}}