{"id":19188,"date":"2024-02-29T09:47:52","date_gmt":"2024-02-29T08:47:52","guid":{"rendered":"https:\/\/www.enerlandgroup.com\/?p=19188"},"modified":"2024-06-11T09:54:38","modified_gmt":"2024-06-11T07:54:38","slug":"finaliza-la-construccion-del-parque-fotovoltaico-honda-1","status":"publish","type":"post","link":"https:\/\/www.enerlandgroup.com\/es\/finaliza-la-construccion-del-parque-fotovoltaico-honda-1\/","title":{"rendered":"Finaliza la construcci\u00f3n del parque fotovoltaico Honda 1"},"content":{"rendered":"<h2>Enerland Group finaliza la construcci\u00f3n del parque fotovoltaico Honda 1, en Colombia, con una potencia de 12,3 MWp.<\/h2>\n<p>&nbsp;<\/p>\n<p>Enerland Group continua consolid\u00e1ndose en Latam, concretamente Colombia, donde ha finalizado la construcci\u00f3n del parque fotovoltaico Honda 1 para el cliente Atl\u00e1ntica. La planta posee una potencia de 12,3 MWp y una extensi\u00f3n de casi 21 hect\u00e1reas, donde se instalaron un total de 18.816 paneles solares. En total, generar\u00e1 casi 25.000 MWh al a\u00f1o de energ\u00eda renovable, la cual ser\u00e1 la equivalente a la necesaria para abastecer el consumo de 18.201 hogares colombianos. Igualmente, evitar\u00e1 la emisi\u00f3n de 7.626 toneladas anuales de gases contaminantes a la atm\u00f3sfera, contribuyendo al desarrollo sostenible del pa\u00eds.<\/p>\n<p>Este parque se suma a la cartera internacional de Enerland en Colombia, siendo este <a href=\"https:\/\/www.enerlandgroup.com\/es\/project\/2023-honda-1\/\">el 5\u00ba parque construido y puesto en marcha en el pa\u00eds<\/a>. Gracias <a href=\"https:\/\/atlanticacolombia.com\/\">Atl\u00e1ntica<\/a> por confiar en nosotros para llevar a cabo este proyecto.<\/p>\n<p>&nbsp;<\/p>\n<h3>Responsabilidad Social Corporativa en Honda 1<\/h3>\n<p>&nbsp;<\/p>\n<p>Siguiendo con los est\u00e1ndares de calidad y respeto por la fauna y flora que habita en los lugares en los que la empresa tiene actividad, para el desarrollo de Honda 1 se busc\u00f3 la excelencia en el trabajo realizado, priorizando tanto el factor medioambiental, como el social:<\/p>\n<p>&nbsp;<\/p>\n<ul>\n<li>Capacitaciones de manejo de residuos s\u00f3lidos, manejo de fauna, cuidado de los recursos naturales<\/li>\n<li>Donaci\u00f3n de residuos reciclables c\u00f3mo carretes, estibas para uso en artesan\u00edas como la creaci\u00f3n de mesas. Estos materiales son aprovechables para la comunidad<\/li>\n<li>Generaci\u00f3n de empleo local con la contrataci\u00f3n de casi 160 empleados directos e indirectos. Como en todas las obras, se lleva a cabo un plan de formaci\u00f3n para la capacitaci\u00f3n de todo el personal en materia de seguridad, prevenci\u00f3n y riesgos posibles<\/li>\n<li>Atenci\u00f3n y participaci\u00f3n de comunidades y autoridades durante todo el proceso<\/li>\n<\/ul>\n","protected":false},"excerpt":{"rendered":"<p>Enerland Group finaliza la construcci\u00f3n del parque fotovoltaico Honda 1, en Colombia, con una<\/p>\n","protected":false},"author":11,"featured_media":19357,"comment_status":"open","ping_status":"open","sticky":false,"template":"","format":"standard","meta":{"_et_pb_use_builder":"","_et_pb_old_content":"","_et_gb_content_width":"","footnotes":""},"categories":[161,22],"tags":[],"class_list":["post-19188","post","type-post","status-publish","format-standard","has-post-thumbnail","hentry","category-noticias","category-proyectos-realizados"],"yoast_head":"<!-- This site is optimized with the Yoast SEO plugin v27.4 - https:\/\/yoast.com\/product\/yoast-seo-wordpress\/ -->\n<title>Finaliza la construcci\u00f3n del parque fotovoltaico Honda 1 - Enerland Energ\u00eda Renovable<\/title>\n<meta name=\"description\" content=\"Enerland Group finaliza la construcci\u00f3n del parque fotovoltaico Honda 1, en Colombia, con una potencia 12,3 MWp.\" \/>\n<meta name=\"robots\" content=\"index, follow, max-snippet:-1, max-image-preview:large, max-video-preview:-1\" \/>\n<link rel=\"canonical\" href=\"https:\/\/www.enerlandgroup.com\/es\/finaliza-la-construccion-del-parque-fotovoltaico-honda-1\/\" \/>\n<meta property=\"og:locale\" content=\"es_ES\" \/>\n<meta property=\"og:type\" content=\"article\" \/>\n<meta property=\"og:title\" content=\"Finaliza la construcci\u00f3n del parque fotovoltaico Honda 1 - Enerland Energ\u00eda Renovable\" \/>\n<meta property=\"og:description\" content=\"Enerland Group finaliza la construcci\u00f3n del parque fotovoltaico Honda 1, en Colombia, con una potencia 12,3 MWp.\" \/>\n<meta property=\"og:url\" content=\"https:\/\/www.enerlandgroup.com\/es\/finaliza-la-construccion-del-parque-fotovoltaico-honda-1\/\" \/>\n<meta property=\"og:site_name\" content=\"Enerland Energ\u00eda Renovable\" \/>\n<meta property=\"article:published_time\" content=\"2024-02-29T08:47:52+00:00\" \/>\n<meta property=\"article:modified_time\" content=\"2024-06-11T07:54:38+00:00\" \/>\n<meta property=\"og:image\" content=\"https:\/\/www.enerlandgroup.com\/wp-content\/uploads\/2024\/02\/WhatsApp-Image-2023-12-21-at-09.00.06.jpeg\" \/>\n\t<meta property=\"og:image:width\" content=\"1600\" \/>\n\t<meta property=\"og:image:height\" content=\"900\" \/>\n\t<meta property=\"og:image:type\" content=\"image\/jpeg\" \/>\n<meta name=\"author\" content=\"Ana\" \/>\n<meta name=\"twitter:card\" content=\"summary_large_image\" \/>\n<script type=\"application\/ld+json\" class=\"yoast-schema-graph\">{\"@context\":\"https:\\\/\\\/schema.org\",\"@graph\":[{\"@type\":\"Article\",\"@id\":\"https:\\\/\\\/www.enerlandgroup.com\\\/es\\\/finaliza-la-construccion-del-parque-fotovoltaico-honda-1\\\/#article\",\"isPartOf\":{\"@id\":\"https:\\\/\\\/www.enerlandgroup.com\\\/es\\\/finaliza-la-construccion-del-parque-fotovoltaico-honda-1\\\/\"},\"author\":{\"name\":\"Ana\",\"@id\":\"https:\\\/\\\/www.enerlandgroup.com\\\/es\\\/#\\\/schema\\\/person\\\/ff4846e816b3f94eb665e1da0854e1b8\"},\"headline\":\"Finaliza la construcci\u00f3n del parque fotovoltaico Honda 1\",\"datePublished\":\"2024-02-29T08:47:52+00:00\",\"dateModified\":\"2024-06-11T07:54:38+00:00\",\"mainEntityOfPage\":{\"@id\":\"https:\\\/\\\/www.enerlandgroup.com\\\/es\\\/finaliza-la-construccion-del-parque-fotovoltaico-honda-1\\\/\"},\"wordCount\":316,\"commentCount\":0,\"publisher\":{\"@id\":\"https:\\\/\\\/www.enerlandgroup.com\\\/es\\\/#organization\"},\"image\":{\"@id\":\"https:\\\/\\\/www.enerlandgroup.com\\\/es\\\/finaliza-la-construccion-del-parque-fotovoltaico-honda-1\\\/#primaryimage\"},\"thumbnailUrl\":\"https:\\\/\\\/www.enerlandgroup.com\\\/wp-content\\\/uploads\\\/2024\\\/02\\\/WhatsApp-Image-2023-12-21-at-09.00.06.jpeg\",\"articleSection\":[\"Noticias\",\"Proyectos Realizados\"],\"inLanguage\":\"es\",\"potentialAction\":[{\"@type\":\"CommentAction\",\"name\":\"Comment\",\"target\":[\"https:\\\/\\\/www.enerlandgroup.com\\\/es\\\/finaliza-la-construccion-del-parque-fotovoltaico-honda-1\\\/#respond\"]}]},{\"@type\":[\"WebPage\",\"ItemPage\"],\"@id\":\"https:\\\/\\\/www.enerlandgroup.com\\\/es\\\/finaliza-la-construccion-del-parque-fotovoltaico-honda-1\\\/\",\"url\":\"https:\\\/\\\/www.enerlandgroup.com\\\/es\\\/finaliza-la-construccion-del-parque-fotovoltaico-honda-1\\\/\",\"name\":\"Finaliza la construcci\u00f3n del parque fotovoltaico Honda 1 - Enerland Energ\u00eda Renovable\",\"isPartOf\":{\"@id\":\"https:\\\/\\\/www.enerlandgroup.com\\\/es\\\/#website\"},\"primaryImageOfPage\":{\"@id\":\"https:\\\/\\\/www.enerlandgroup.com\\\/es\\\/finaliza-la-construccion-del-parque-fotovoltaico-honda-1\\\/#primaryimage\"},\"image\":{\"@id\":\"https:\\\/\\\/www.enerlandgroup.com\\\/es\\\/finaliza-la-construccion-del-parque-fotovoltaico-honda-1\\\/#primaryimage\"},\"thumbnailUrl\":\"https:\\\/\\\/www.enerlandgroup.com\\\/wp-content\\\/uploads\\\/2024\\\/02\\\/WhatsApp-Image-2023-12-21-at-09.00.06.jpeg\",\"datePublished\":\"2024-02-29T08:47:52+00:00\",\"dateModified\":\"2024-06-11T07:54:38+00:00\",\"description\":\"Enerland Group finaliza la construcci\u00f3n del parque fotovoltaico Honda 1, en Colombia, con una potencia 12,3 MWp.\",\"breadcrumb\":{\"@id\":\"https:\\\/\\\/www.enerlandgroup.com\\\/es\\\/finaliza-la-construccion-del-parque-fotovoltaico-honda-1\\\/#breadcrumb\"},\"inLanguage\":\"es\",\"potentialAction\":[{\"@type\":\"ReadAction\",\"target\":[\"https:\\\/\\\/www.enerlandgroup.com\\\/es\\\/finaliza-la-construccion-del-parque-fotovoltaico-honda-1\\\/\"]}]},{\"@type\":\"ImageObject\",\"inLanguage\":\"es\",\"@id\":\"https:\\\/\\\/www.enerlandgroup.com\\\/es\\\/finaliza-la-construccion-del-parque-fotovoltaico-honda-1\\\/#primaryimage\",\"url\":\"https:\\\/\\\/www.enerlandgroup.com\\\/wp-content\\\/uploads\\\/2024\\\/02\\\/WhatsApp-Image-2023-12-21-at-09.00.06.jpeg\",\"contentUrl\":\"https:\\\/\\\/www.enerlandgroup.com\\\/wp-content\\\/uploads\\\/2024\\\/02\\\/WhatsApp-Image-2023-12-21-at-09.00.06.jpeg\",\"width\":1600,\"height\":900,\"caption\":\"Parque fotovoltaico Honda 1\"},{\"@type\":\"BreadcrumbList\",\"@id\":\"https:\\\/\\\/www.enerlandgroup.com\\\/es\\\/finaliza-la-construccion-del-parque-fotovoltaico-honda-1\\\/#breadcrumb\",\"itemListElement\":[{\"@type\":\"ListItem\",\"position\":1,\"name\":\"Inicio\",\"item\":\"https:\\\/\\\/www.enerlandgroup.com\\\/es\\\/\"},{\"@type\":\"ListItem\",\"position\":2,\"name\":\"Finaliza la construcci\u00f3n del parque fotovoltaico Honda 1\"}]},{\"@type\":\"WebSite\",\"@id\":\"https:\\\/\\\/www.enerlandgroup.com\\\/es\\\/#website\",\"url\":\"https:\\\/\\\/www.enerlandgroup.com\\\/es\\\/\",\"name\":\"Enerland Energ\u00eda Renovable\",\"description\":\"\",\"publisher\":{\"@id\":\"https:\\\/\\\/www.enerlandgroup.com\\\/es\\\/#organization\"},\"potentialAction\":[{\"@type\":\"SearchAction\",\"target\":{\"@type\":\"EntryPoint\",\"urlTemplate\":\"https:\\\/\\\/www.enerlandgroup.com\\\/es\\\/?s={search_term_string}\"},\"query-input\":{\"@type\":\"PropertyValueSpecification\",\"valueRequired\":true,\"valueName\":\"search_term_string\"}}],\"inLanguage\":\"es\"},{\"@type\":\"Organization\",\"@id\":\"https:\\\/\\\/www.enerlandgroup.com\\\/es\\\/#organization\",\"name\":\"Enerland Group\",\"url\":\"https:\\\/\\\/www.enerlandgroup.com\\\/es\\\/\",\"logo\":{\"@type\":\"ImageObject\",\"inLanguage\":\"es\",\"@id\":\"https:\\\/\\\/www.enerlandgroup.com\\\/es\\\/#\\\/schema\\\/logo\\\/image\\\/\",\"url\":\"https:\\\/\\\/www.enerlandgroup.com\\\/wp-content\\\/uploads\\\/2021\\\/05\\\/Logo_Enerland.png\",\"contentUrl\":\"https:\\\/\\\/www.enerlandgroup.com\\\/wp-content\\\/uploads\\\/2021\\\/05\\\/Logo_Enerland.png\",\"width\":184,\"height\":43,\"caption\":\"Enerland Group\"},\"image\":{\"@id\":\"https:\\\/\\\/www.enerlandgroup.com\\\/es\\\/#\\\/schema\\\/logo\\\/image\\\/\"},\"sameAs\":[\"https:\\\/\\\/www.linkedin.com\\\/company\\\/enerland-group\\\/\",\"https:\\\/\\\/www.youtube.com\\\/channel\\\/UCjdInbThgaPa2_D34vRChmA\"]},{\"@type\":\"Person\",\"@id\":\"https:\\\/\\\/www.enerlandgroup.com\\\/es\\\/#\\\/schema\\\/person\\\/ff4846e816b3f94eb665e1da0854e1b8\",\"name\":\"Ana\",\"image\":{\"@type\":\"ImageObject\",\"inLanguage\":\"es\",\"@id\":\"https:\\\/\\\/secure.gravatar.com\\\/avatar\\\/495e8a53709541de9036eb34e07c65eacd114aba52461487df6099dee02e64f1?s=96&d=mm&r=g\",\"url\":\"https:\\\/\\\/secure.gravatar.com\\\/avatar\\\/495e8a53709541de9036eb34e07c65eacd114aba52461487df6099dee02e64f1?s=96&d=mm&r=g\",\"contentUrl\":\"https:\\\/\\\/secure.gravatar.com\\\/avatar\\\/495e8a53709541de9036eb34e07c65eacd114aba52461487df6099dee02e64f1?s=96&d=mm&r=g\",\"caption\":\"Ana\"},\"url\":\"https:\\\/\\\/www.enerlandgroup.com\\\/es\\\/author\\\/ana-valdizanenerlandgroup-com\\\/\"}]}<\/script>\n<!-- \/ Yoast SEO plugin. -->","yoast_head_json":{"title":"Finaliza la construcci\u00f3n del parque fotovoltaico Honda 1 - Enerland Energ\u00eda Renovable","description":"Enerland Group finaliza la construcci\u00f3n del parque fotovoltaico Honda 1, en Colombia, con una potencia 12,3 MWp.","robots":{"index":"index","follow":"follow","max-snippet":"max-snippet:-1","max-image-preview":"max-image-preview:large","max-video-preview":"max-video-preview:-1"},"canonical":"https:\/\/www.enerlandgroup.com\/es\/finaliza-la-construccion-del-parque-fotovoltaico-honda-1\/","og_locale":"es_ES","og_type":"article","og_title":"Finaliza la construcci\u00f3n del parque fotovoltaico Honda 1 - Enerland Energ\u00eda Renovable","og_description":"Enerland Group finaliza la construcci\u00f3n del parque fotovoltaico Honda 1, en Colombia, con una potencia 12,3 MWp.","og_url":"https:\/\/www.enerlandgroup.com\/es\/finaliza-la-construccion-del-parque-fotovoltaico-honda-1\/","og_site_name":"Enerland Energ\u00eda Renovable","article_published_time":"2024-02-29T08:47:52+00:00","article_modified_time":"2024-06-11T07:54:38+00:00","og_image":[{"width":1600,"height":900,"url":"https:\/\/www.enerlandgroup.com\/wp-content\/uploads\/2024\/02\/WhatsApp-Image-2023-12-21-at-09.00.06.jpeg","type":"image\/jpeg"}],"author":"Ana","twitter_card":"summary_large_image","schema":{"@context":"https:\/\/schema.org","@graph":[{"@type":"Article","@id":"https:\/\/www.enerlandgroup.com\/es\/finaliza-la-construccion-del-parque-fotovoltaico-honda-1\/#article","isPartOf":{"@id":"https:\/\/www.enerlandgroup.com\/es\/finaliza-la-construccion-del-parque-fotovoltaico-honda-1\/"},"author":{"name":"Ana","@id":"https:\/\/www.enerlandgroup.com\/es\/#\/schema\/person\/ff4846e816b3f94eb665e1da0854e1b8"},"headline":"Finaliza la construcci\u00f3n del parque fotovoltaico Honda 1","datePublished":"2024-02-29T08:47:52+00:00","dateModified":"2024-06-11T07:54:38+00:00","mainEntityOfPage":{"@id":"https:\/\/www.enerlandgroup.com\/es\/finaliza-la-construccion-del-parque-fotovoltaico-honda-1\/"},"wordCount":316,"commentCount":0,"publisher":{"@id":"https:\/\/www.enerlandgroup.com\/es\/#organization"},"image":{"@id":"https:\/\/www.enerlandgroup.com\/es\/finaliza-la-construccion-del-parque-fotovoltaico-honda-1\/#primaryimage"},"thumbnailUrl":"https:\/\/www.enerlandgroup.com\/wp-content\/uploads\/2024\/02\/WhatsApp-Image-2023-12-21-at-09.00.06.jpeg","articleSection":["Noticias","Proyectos Realizados"],"inLanguage":"es","potentialAction":[{"@type":"CommentAction","name":"Comment","target":["https:\/\/www.enerlandgroup.com\/es\/finaliza-la-construccion-del-parque-fotovoltaico-honda-1\/#respond"]}]},{"@type":["WebPage","ItemPage"],"@id":"https:\/\/www.enerlandgroup.com\/es\/finaliza-la-construccion-del-parque-fotovoltaico-honda-1\/","url":"https:\/\/www.enerlandgroup.com\/es\/finaliza-la-construccion-del-parque-fotovoltaico-honda-1\/","name":"Finaliza la construcci\u00f3n del parque fotovoltaico Honda 1 - Enerland Energ\u00eda Renovable","isPartOf":{"@id":"https:\/\/www.enerlandgroup.com\/es\/#website"},"primaryImageOfPage":{"@id":"https:\/\/www.enerlandgroup.com\/es\/finaliza-la-construccion-del-parque-fotovoltaico-honda-1\/#primaryimage"},"image":{"@id":"https:\/\/www.enerlandgroup.com\/es\/finaliza-la-construccion-del-parque-fotovoltaico-honda-1\/#primaryimage"},"thumbnailUrl":"https:\/\/www.enerlandgroup.com\/wp-content\/uploads\/2024\/02\/WhatsApp-Image-2023-12-21-at-09.00.06.jpeg","datePublished":"2024-02-29T08:47:52+00:00","dateModified":"2024-06-11T07:54:38+00:00","description":"Enerland Group finaliza la construcci\u00f3n del parque fotovoltaico Honda 1, en Colombia, con una potencia 12,3 MWp.","breadcrumb":{"@id":"https:\/\/www.enerlandgroup.com\/es\/finaliza-la-construccion-del-parque-fotovoltaico-honda-1\/#breadcrumb"},"inLanguage":"es","potentialAction":[{"@type":"ReadAction","target":["https:\/\/www.enerlandgroup.com\/es\/finaliza-la-construccion-del-parque-fotovoltaico-honda-1\/"]}]},{"@type":"ImageObject","inLanguage":"es","@id":"https:\/\/www.enerlandgroup.com\/es\/finaliza-la-construccion-del-parque-fotovoltaico-honda-1\/#primaryimage","url":"https:\/\/www.enerlandgroup.com\/wp-content\/uploads\/2024\/02\/WhatsApp-Image-2023-12-21-at-09.00.06.jpeg","contentUrl":"https:\/\/www.enerlandgroup.com\/wp-content\/uploads\/2024\/02\/WhatsApp-Image-2023-12-21-at-09.00.06.jpeg","width":1600,"height":900,"caption":"Parque fotovoltaico Honda 1"},{"@type":"BreadcrumbList","@id":"https:\/\/www.enerlandgroup.com\/es\/finaliza-la-construccion-del-parque-fotovoltaico-honda-1\/#breadcrumb","itemListElement":[{"@type":"ListItem","position":1,"name":"Inicio","item":"https:\/\/www.enerlandgroup.com\/es\/"},{"@type":"ListItem","position":2,"name":"Finaliza la construcci\u00f3n del parque fotovoltaico Honda 1"}]},{"@type":"WebSite","@id":"https:\/\/www.enerlandgroup.com\/es\/#website","url":"https:\/\/www.enerlandgroup.com\/es\/","name":"Enerland Energ\u00eda Renovable","description":"","publisher":{"@id":"https:\/\/www.enerlandgroup.com\/es\/#organization"},"potentialAction":[{"@type":"SearchAction","target":{"@type":"EntryPoint","urlTemplate":"https:\/\/www.enerlandgroup.com\/es\/?s={search_term_string}"},"query-input":{"@type":"PropertyValueSpecification","valueRequired":true,"valueName":"search_term_string"}}],"inLanguage":"es"},{"@type":"Organization","@id":"https:\/\/www.enerlandgroup.com\/es\/#organization","name":"Enerland Group","url":"https:\/\/www.enerlandgroup.com\/es\/","logo":{"@type":"ImageObject","inLanguage":"es","@id":"https:\/\/www.enerlandgroup.com\/es\/#\/schema\/logo\/image\/","url":"https:\/\/www.enerlandgroup.com\/wp-content\/uploads\/2021\/05\/Logo_Enerland.png","contentUrl":"https:\/\/www.enerlandgroup.com\/wp-content\/uploads\/2021\/05\/Logo_Enerland.png","width":184,"height":43,"caption":"Enerland Group"},"image":{"@id":"https:\/\/www.enerlandgroup.com\/es\/#\/schema\/logo\/image\/"},"sameAs":["https:\/\/www.linkedin.com\/company\/enerland-group\/","https:\/\/www.youtube.com\/channel\/UCjdInbThgaPa2_D34vRChmA"]},{"@type":"Person","@id":"https:\/\/www.enerlandgroup.com\/es\/#\/schema\/person\/ff4846e816b3f94eb665e1da0854e1b8","name":"Ana","image":{"@type":"ImageObject","inLanguage":"es","@id":"https:\/\/secure.gravatar.com\/avatar\/495e8a53709541de9036eb34e07c65eacd114aba52461487df6099dee02e64f1?s=96&d=mm&r=g","url":"https:\/\/secure.gravatar.com\/avatar\/495e8a53709541de9036eb34e07c65eacd114aba52461487df6099dee02e64f1?s=96&d=mm&r=g","contentUrl":"https:\/\/secure.gravatar.com\/avatar\/495e8a53709541de9036eb34e07c65eacd114aba52461487df6099dee02e64f1?s=96&d=mm&r=g","caption":"Ana"},"url":"https:\/\/www.enerlandgroup.com\/es\/author\/ana-valdizanenerlandgroup-com\/"}]}},"jetpack_featured_media_url":"https:\/\/www.enerlandgroup.com\/wp-content\/uploads\/2024\/02\/WhatsApp-Image-2023-12-21-at-09.00.06.jpeg","_links":{"self":[{"href":"https:\/\/www.enerlandgroup.com\/es\/wp-json\/wp\/v2\/posts\/19188","targetHints":{"allow":["GET"]}}],"collection":[{"href":"https:\/\/www.enerlandgroup.com\/es\/wp-json\/wp\/v2\/posts"}],"about":[{"href":"https:\/\/www.enerlandgroup.com\/es\/wp-json\/wp\/v2\/types\/post"}],"author":[{"embeddable":true,"href":"https:\/\/www.enerlandgroup.com\/es\/wp-json\/wp\/v2\/users\/11"}],"replies":[{"embeddable":true,"href":"https:\/\/www.enerlandgroup.com\/es\/wp-json\/wp\/v2\/comments?post=19188"}],"version-history":[{"count":6,"href":"https:\/\/www.enerlandgroup.com\/es\/wp-json\/wp\/v2\/posts\/19188\/revisions"}],"predecessor-version":[{"id":19360,"href":"https:\/\/www.enerlandgroup.com\/es\/wp-json\/wp\/v2\/posts\/19188\/revisions\/19360"}],"wp:featuredmedia":[{"embeddable":true,"href":"https:\/\/www.enerlandgroup.com\/es\/wp-json\/wp\/v2\/media\/19357"}],"wp:attachment":[{"href":"https:\/\/www.enerlandgroup.com\/es\/wp-json\/wp\/v2\/media?parent=19188"}],"wp:term":[{"taxonomy":"category","embeddable":true,"href":"https:\/\/www.enerlandgroup.com\/es\/wp-json\/wp\/v2\/categories?post=19188"},{"taxonomy":"post_tag","embeddable":true,"href":"https:\/\/www.enerlandgroup.com\/es\/wp-json\/wp\/v2\/tags?post=19188"}],"curies":[{"name":"wp","href":"https:\/\/api.w.org\/{rel}","templated":true}]}}