{"id":19029,"date":"2024-02-09T09:29:49","date_gmt":"2024-02-09T08:29:49","guid":{"rendered":"https:\/\/www.enerlandgroup.com\/?p=19029"},"modified":"2024-06-11T09:54:53","modified_gmt":"2024-06-11T07:54:53","slug":"enerland-group-asiste-a-genera-2024","status":"publish","type":"post","link":"https:\/\/www.enerlandgroup.com\/es\/enerland-group-asiste-a-genera-2024\/","title":{"rendered":"Enerland Group asiste a Genera 2024"},"content":{"rendered":"<h2>Esta semana Enerland Group asisti\u00f3 a Genera 2024. La jornada tuvo lugar del 6 al 8 de febrero en el Recinto Ferial de IFEMA, en Madrid.<\/h2>\n<p>&nbsp;<\/p>\n<p>Un a\u00f1o m\u00e1s, la <a href=\"https:\/\/www.ifema.es\/genera\">Feria Internacional de Energ\u00eda y Medioambiente<\/a>, Genera 2024, ha reunido en IFEMA a profesionales del sector. Un encuentro imprescindible para conocer la oferta comercial y a los principales agentes involucrados en \u00e9l. En esta edici\u00f3n, m\u00e1s de 500 expositores han atendido durante los tres d\u00edas de feria a los 35.000 visitantes que han recorrido los pabellones 9 y 10. Del total, ha destacado la presencia internacional, con 208 empresas participantes de hasta 23 pa\u00edses.<\/p>\n<p>Nuestro CEO, Manuel Balet, as\u00ed como parte de los equipos comercial, O&amp;M, EPC, autoconsumo, marketing, TICs, y medioambiente de Enerland y <a href=\"https:\/\/www.monticell.es\/es\/\">Monticell<\/a> han estado presentes durante las tres jornadas del Genera. Durante ellas, han recorrido los 24.000 metros cuadrados de exposici\u00f3n. All\u00ed han podido conversar con profesionales, conocer las novedades, y asistir a las jornadas celebradas en el marco de la feria.<\/p>\n<p><a href=\"https:\/\/www.enerlandgroup.com\/es\/enerland-group-genera-2022\/\">As\u00ed, como en pasadas ediciones<\/a>, las sensaciones han sido positivas. Pablo Lastanao, ingeniero de nuestro departamento de Operaci\u00f3n &amp; Mantenimiento: \u00ab<span class=\"ui-provider a b c d e f g h i j k l m n o p q r s t u v w x y z ab ac ae af ag ah ai aj ak\" dir=\"ltr\">La visita a Genera ha sido muy fruct\u00edfera. La feria ha servido para reunirnos en persona con proveedores y empresas colaboradoras con las que llevamos tiempo trabajando. Tambi\u00e9n hemos aprovechado para conocer de primera mano las \u00faltimas tendencias en el mercado\u00bb.<\/span><\/p>\n<h2><img loading=\"lazy\" decoding=\"async\" class=\"aligncenter size-full wp-image-19161\" src=\"https:\/\/www.enerlandgroup.com\/wp-content\/uploads\/2024\/02\/GENERA-2024-1.jpg\" alt=\"Equipo de Enerland Group en el Genera 2024\" width=\"1870\" height=\"700\" srcset=\"https:\/\/www.enerlandgroup.com\/wp-content\/uploads\/2024\/02\/GENERA-2024-1.jpg 1870w, https:\/\/www.enerlandgroup.com\/wp-content\/uploads\/2024\/02\/GENERA-2024-1-1280x479.jpg 1280w, https:\/\/www.enerlandgroup.com\/wp-content\/uploads\/2024\/02\/GENERA-2024-1-980x367.jpg 980w, https:\/\/www.enerlandgroup.com\/wp-content\/uploads\/2024\/02\/GENERA-2024-1-480x180.jpg 480w\" sizes=\"auto, (min-width: 0px) and (max-width: 480px) 480px, (min-width: 481px) and (max-width: 980px) 980px, (min-width: 981px) and (max-width: 1280px) 1280px, (min-width: 1281px) 1870px, 100vw\" \/><\/h2>\n<p>&nbsp;<\/p>\n<h3>Sobre Genera<\/h3>\n<p>&nbsp;<\/p>\n<p>La feria Genera refleja el crecimiento y relevancia del sector renovable, esencial para alcanzar los objetivos propuestos en materia de sostenibilidad, eficiencia energ\u00e9tica, desarrollo tecnol\u00f3gico y descarbonizaci\u00f3n. Como resultado, Genera lleva varios a\u00f1os superando su r\u00e9cord de presencia profesional y empresarial: este 2024, en su 40 aniversario, la cifra ha aumentado en un 25% con respecto a la edici\u00f3n anterior. El evento cuenta con el apoyo del IDAE y del Ministerio para la Transici\u00f3n Ecol\u00f3gica y el Reto Demogr\u00e1fico.<\/p>\n","protected":false},"excerpt":{"rendered":"<p>Esta semana Enerland Group asisti\u00f3 a Genera 2024. La jornada tuvo lugar del 6<\/p>\n","protected":false},"author":11,"featured_media":19155,"comment_status":"open","ping_status":"open","sticky":false,"template":"","format":"standard","meta":{"_et_pb_use_builder":"","_et_pb_old_content":"","_et_gb_content_width":"","footnotes":""},"categories":[161,25],"tags":[],"class_list":["post-19029","post","type-post","status-publish","format-standard","has-post-thumbnail","hentry","category-noticias","category-sostenibilidad-y-medio-ambiente"],"yoast_head":"<!-- This site is optimized with the Yoast SEO plugin v27.4 - https:\/\/yoast.com\/product\/yoast-seo-wordpress\/ -->\n<title>Enerland Group asiste a Genera 2024 - Enerland Energ\u00eda Renovable<\/title>\n<meta name=\"description\" content=\"Enerland Group asiste a la Feria Internacional de Energ\u00eda y Medioambiente, Genera 2024, celebrada entre el 6 y 8 de febrero en IFEMA.\" \/>\n<meta name=\"robots\" content=\"index, follow, max-snippet:-1, max-image-preview:large, max-video-preview:-1\" \/>\n<link rel=\"canonical\" href=\"https:\/\/www.enerlandgroup.com\/es\/enerland-group-asiste-a-genera-2024\/\" \/>\n<meta property=\"og:locale\" content=\"es_ES\" \/>\n<meta property=\"og:type\" content=\"article\" \/>\n<meta property=\"og:title\" content=\"Enerland Group asiste a Genera 2024 - Enerland Energ\u00eda Renovable\" \/>\n<meta property=\"og:description\" content=\"Enerland Group asiste a la Feria Internacional de Energ\u00eda y Medioambiente, Genera 2024, celebrada entre el 6 y 8 de febrero en IFEMA.\" \/>\n<meta property=\"og:url\" content=\"https:\/\/www.enerlandgroup.com\/es\/enerland-group-asiste-a-genera-2024\/\" \/>\n<meta property=\"og:site_name\" content=\"Enerland Energ\u00eda Renovable\" \/>\n<meta property=\"article:published_time\" content=\"2024-02-09T08:29:49+00:00\" \/>\n<meta property=\"article:modified_time\" content=\"2024-06-11T07:54:53+00:00\" \/>\n<meta property=\"og:image\" content=\"https:\/\/www.enerlandgroup.com\/wp-content\/uploads\/2024\/02\/GENERA-2024.jpg\" \/>\n\t<meta property=\"og:image:width\" content=\"1870\" \/>\n\t<meta property=\"og:image:height\" content=\"700\" \/>\n\t<meta property=\"og:image:type\" content=\"image\/jpeg\" \/>\n<meta name=\"author\" content=\"Ana\" \/>\n<meta name=\"twitter:card\" content=\"summary_large_image\" \/>\n<script type=\"application\/ld+json\" class=\"yoast-schema-graph\">{\"@context\":\"https:\\\/\\\/schema.org\",\"@graph\":[{\"@type\":\"Article\",\"@id\":\"https:\\\/\\\/www.enerlandgroup.com\\\/es\\\/enerland-group-asiste-a-genera-2024\\\/#article\",\"isPartOf\":{\"@id\":\"https:\\\/\\\/www.enerlandgroup.com\\\/es\\\/enerland-group-asiste-a-genera-2024\\\/\"},\"author\":{\"name\":\"Ana\",\"@id\":\"https:\\\/\\\/www.enerlandgroup.com\\\/es\\\/#\\\/schema\\\/person\\\/ff4846e816b3f94eb665e1da0854e1b8\"},\"headline\":\"Enerland Group asiste a Genera 2024\",\"datePublished\":\"2024-02-09T08:29:49+00:00\",\"dateModified\":\"2024-06-11T07:54:53+00:00\",\"mainEntityOfPage\":{\"@id\":\"https:\\\/\\\/www.enerlandgroup.com\\\/es\\\/enerland-group-asiste-a-genera-2024\\\/\"},\"wordCount\":324,\"commentCount\":0,\"publisher\":{\"@id\":\"https:\\\/\\\/www.enerlandgroup.com\\\/es\\\/#organization\"},\"image\":{\"@id\":\"https:\\\/\\\/www.enerlandgroup.com\\\/es\\\/enerland-group-asiste-a-genera-2024\\\/#primaryimage\"},\"thumbnailUrl\":\"https:\\\/\\\/www.enerlandgroup.com\\\/wp-content\\\/uploads\\\/2024\\\/02\\\/GENERA-2024.jpg\",\"articleSection\":[\"Noticias\",\"Sostenibilidad y Medio Ambiente\"],\"inLanguage\":\"es\",\"potentialAction\":[{\"@type\":\"CommentAction\",\"name\":\"Comment\",\"target\":[\"https:\\\/\\\/www.enerlandgroup.com\\\/es\\\/enerland-group-asiste-a-genera-2024\\\/#respond\"]}]},{\"@type\":[\"WebPage\",\"ItemPage\"],\"@id\":\"https:\\\/\\\/www.enerlandgroup.com\\\/es\\\/enerland-group-asiste-a-genera-2024\\\/\",\"url\":\"https:\\\/\\\/www.enerlandgroup.com\\\/es\\\/enerland-group-asiste-a-genera-2024\\\/\",\"name\":\"Enerland Group asiste a Genera 2024 - Enerland Energ\u00eda Renovable\",\"isPartOf\":{\"@id\":\"https:\\\/\\\/www.enerlandgroup.com\\\/es\\\/#website\"},\"primaryImageOfPage\":{\"@id\":\"https:\\\/\\\/www.enerlandgroup.com\\\/es\\\/enerland-group-asiste-a-genera-2024\\\/#primaryimage\"},\"image\":{\"@id\":\"https:\\\/\\\/www.enerlandgroup.com\\\/es\\\/enerland-group-asiste-a-genera-2024\\\/#primaryimage\"},\"thumbnailUrl\":\"https:\\\/\\\/www.enerlandgroup.com\\\/wp-content\\\/uploads\\\/2024\\\/02\\\/GENERA-2024.jpg\",\"datePublished\":\"2024-02-09T08:29:49+00:00\",\"dateModified\":\"2024-06-11T07:54:53+00:00\",\"description\":\"Enerland Group asiste a la Feria Internacional de Energ\u00eda y Medioambiente, Genera 2024, celebrada entre el 6 y 8 de febrero en IFEMA.\",\"breadcrumb\":{\"@id\":\"https:\\\/\\\/www.enerlandgroup.com\\\/es\\\/enerland-group-asiste-a-genera-2024\\\/#breadcrumb\"},\"inLanguage\":\"es\",\"potentialAction\":[{\"@type\":\"ReadAction\",\"target\":[\"https:\\\/\\\/www.enerlandgroup.com\\\/es\\\/enerland-group-asiste-a-genera-2024\\\/\"]}]},{\"@type\":\"ImageObject\",\"inLanguage\":\"es\",\"@id\":\"https:\\\/\\\/www.enerlandgroup.com\\\/es\\\/enerland-group-asiste-a-genera-2024\\\/#primaryimage\",\"url\":\"https:\\\/\\\/www.enerlandgroup.com\\\/wp-content\\\/uploads\\\/2024\\\/02\\\/GENERA-2024.jpg\",\"contentUrl\":\"https:\\\/\\\/www.enerlandgroup.com\\\/wp-content\\\/uploads\\\/2024\\\/02\\\/GENERA-2024.jpg\",\"width\":1870,\"height\":700,\"caption\":\"Equipo de Enerland en Genera 2024\"},{\"@type\":\"BreadcrumbList\",\"@id\":\"https:\\\/\\\/www.enerlandgroup.com\\\/es\\\/enerland-group-asiste-a-genera-2024\\\/#breadcrumb\",\"itemListElement\":[{\"@type\":\"ListItem\",\"position\":1,\"name\":\"Inicio\",\"item\":\"https:\\\/\\\/www.enerlandgroup.com\\\/es\\\/\"},{\"@type\":\"ListItem\",\"position\":2,\"name\":\"Enerland Group asiste a Genera 2024\"}]},{\"@type\":\"WebSite\",\"@id\":\"https:\\\/\\\/www.enerlandgroup.com\\\/es\\\/#website\",\"url\":\"https:\\\/\\\/www.enerlandgroup.com\\\/es\\\/\",\"name\":\"Enerland Energ\u00eda Renovable\",\"description\":\"\",\"publisher\":{\"@id\":\"https:\\\/\\\/www.enerlandgroup.com\\\/es\\\/#organization\"},\"potentialAction\":[{\"@type\":\"SearchAction\",\"target\":{\"@type\":\"EntryPoint\",\"urlTemplate\":\"https:\\\/\\\/www.enerlandgroup.com\\\/es\\\/?s={search_term_string}\"},\"query-input\":{\"@type\":\"PropertyValueSpecification\",\"valueRequired\":true,\"valueName\":\"search_term_string\"}}],\"inLanguage\":\"es\"},{\"@type\":\"Organization\",\"@id\":\"https:\\\/\\\/www.enerlandgroup.com\\\/es\\\/#organization\",\"name\":\"Enerland Group\",\"url\":\"https:\\\/\\\/www.enerlandgroup.com\\\/es\\\/\",\"logo\":{\"@type\":\"ImageObject\",\"inLanguage\":\"es\",\"@id\":\"https:\\\/\\\/www.enerlandgroup.com\\\/es\\\/#\\\/schema\\\/logo\\\/image\\\/\",\"url\":\"https:\\\/\\\/www.enerlandgroup.com\\\/wp-content\\\/uploads\\\/2021\\\/05\\\/Logo_Enerland.png\",\"contentUrl\":\"https:\\\/\\\/www.enerlandgroup.com\\\/wp-content\\\/uploads\\\/2021\\\/05\\\/Logo_Enerland.png\",\"width\":184,\"height\":43,\"caption\":\"Enerland Group\"},\"image\":{\"@id\":\"https:\\\/\\\/www.enerlandgroup.com\\\/es\\\/#\\\/schema\\\/logo\\\/image\\\/\"},\"sameAs\":[\"https:\\\/\\\/www.linkedin.com\\\/company\\\/enerland-group\\\/\",\"https:\\\/\\\/www.youtube.com\\\/channel\\\/UCjdInbThgaPa2_D34vRChmA\"]},{\"@type\":\"Person\",\"@id\":\"https:\\\/\\\/www.enerlandgroup.com\\\/es\\\/#\\\/schema\\\/person\\\/ff4846e816b3f94eb665e1da0854e1b8\",\"name\":\"Ana\",\"image\":{\"@type\":\"ImageObject\",\"inLanguage\":\"es\",\"@id\":\"https:\\\/\\\/secure.gravatar.com\\\/avatar\\\/495e8a53709541de9036eb34e07c65eacd114aba52461487df6099dee02e64f1?s=96&d=mm&r=g\",\"url\":\"https:\\\/\\\/secure.gravatar.com\\\/avatar\\\/495e8a53709541de9036eb34e07c65eacd114aba52461487df6099dee02e64f1?s=96&d=mm&r=g\",\"contentUrl\":\"https:\\\/\\\/secure.gravatar.com\\\/avatar\\\/495e8a53709541de9036eb34e07c65eacd114aba52461487df6099dee02e64f1?s=96&d=mm&r=g\",\"caption\":\"Ana\"},\"url\":\"https:\\\/\\\/www.enerlandgroup.com\\\/es\\\/author\\\/ana-valdizanenerlandgroup-com\\\/\"}]}<\/script>\n<!-- \/ Yoast SEO plugin. -->","yoast_head_json":{"title":"Enerland Group asiste a Genera 2024 - Enerland Energ\u00eda Renovable","description":"Enerland Group asiste a la Feria Internacional de Energ\u00eda y Medioambiente, Genera 2024, celebrada entre el 6 y 8 de febrero en IFEMA.","robots":{"index":"index","follow":"follow","max-snippet":"max-snippet:-1","max-image-preview":"max-image-preview:large","max-video-preview":"max-video-preview:-1"},"canonical":"https:\/\/www.enerlandgroup.com\/es\/enerland-group-asiste-a-genera-2024\/","og_locale":"es_ES","og_type":"article","og_title":"Enerland Group asiste a Genera 2024 - Enerland Energ\u00eda Renovable","og_description":"Enerland Group asiste a la Feria Internacional de Energ\u00eda y Medioambiente, Genera 2024, celebrada entre el 6 y 8 de febrero en IFEMA.","og_url":"https:\/\/www.enerlandgroup.com\/es\/enerland-group-asiste-a-genera-2024\/","og_site_name":"Enerland Energ\u00eda Renovable","article_published_time":"2024-02-09T08:29:49+00:00","article_modified_time":"2024-06-11T07:54:53+00:00","og_image":[{"width":1870,"height":700,"url":"https:\/\/www.enerlandgroup.com\/wp-content\/uploads\/2024\/02\/GENERA-2024.jpg","type":"image\/jpeg"}],"author":"Ana","twitter_card":"summary_large_image","schema":{"@context":"https:\/\/schema.org","@graph":[{"@type":"Article","@id":"https:\/\/www.enerlandgroup.com\/es\/enerland-group-asiste-a-genera-2024\/#article","isPartOf":{"@id":"https:\/\/www.enerlandgroup.com\/es\/enerland-group-asiste-a-genera-2024\/"},"author":{"name":"Ana","@id":"https:\/\/www.enerlandgroup.com\/es\/#\/schema\/person\/ff4846e816b3f94eb665e1da0854e1b8"},"headline":"Enerland Group asiste a Genera 2024","datePublished":"2024-02-09T08:29:49+00:00","dateModified":"2024-06-11T07:54:53+00:00","mainEntityOfPage":{"@id":"https:\/\/www.enerlandgroup.com\/es\/enerland-group-asiste-a-genera-2024\/"},"wordCount":324,"commentCount":0,"publisher":{"@id":"https:\/\/www.enerlandgroup.com\/es\/#organization"},"image":{"@id":"https:\/\/www.enerlandgroup.com\/es\/enerland-group-asiste-a-genera-2024\/#primaryimage"},"thumbnailUrl":"https:\/\/www.enerlandgroup.com\/wp-content\/uploads\/2024\/02\/GENERA-2024.jpg","articleSection":["Noticias","Sostenibilidad y Medio Ambiente"],"inLanguage":"es","potentialAction":[{"@type":"CommentAction","name":"Comment","target":["https:\/\/www.enerlandgroup.com\/es\/enerland-group-asiste-a-genera-2024\/#respond"]}]},{"@type":["WebPage","ItemPage"],"@id":"https:\/\/www.enerlandgroup.com\/es\/enerland-group-asiste-a-genera-2024\/","url":"https:\/\/www.enerlandgroup.com\/es\/enerland-group-asiste-a-genera-2024\/","name":"Enerland Group asiste a Genera 2024 - Enerland Energ\u00eda Renovable","isPartOf":{"@id":"https:\/\/www.enerlandgroup.com\/es\/#website"},"primaryImageOfPage":{"@id":"https:\/\/www.enerlandgroup.com\/es\/enerland-group-asiste-a-genera-2024\/#primaryimage"},"image":{"@id":"https:\/\/www.enerlandgroup.com\/es\/enerland-group-asiste-a-genera-2024\/#primaryimage"},"thumbnailUrl":"https:\/\/www.enerlandgroup.com\/wp-content\/uploads\/2024\/02\/GENERA-2024.jpg","datePublished":"2024-02-09T08:29:49+00:00","dateModified":"2024-06-11T07:54:53+00:00","description":"Enerland Group asiste a la Feria Internacional de Energ\u00eda y Medioambiente, Genera 2024, celebrada entre el 6 y 8 de febrero en IFEMA.","breadcrumb":{"@id":"https:\/\/www.enerlandgroup.com\/es\/enerland-group-asiste-a-genera-2024\/#breadcrumb"},"inLanguage":"es","potentialAction":[{"@type":"ReadAction","target":["https:\/\/www.enerlandgroup.com\/es\/enerland-group-asiste-a-genera-2024\/"]}]},{"@type":"ImageObject","inLanguage":"es","@id":"https:\/\/www.enerlandgroup.com\/es\/enerland-group-asiste-a-genera-2024\/#primaryimage","url":"https:\/\/www.enerlandgroup.com\/wp-content\/uploads\/2024\/02\/GENERA-2024.jpg","contentUrl":"https:\/\/www.enerlandgroup.com\/wp-content\/uploads\/2024\/02\/GENERA-2024.jpg","width":1870,"height":700,"caption":"Equipo de Enerland en Genera 2024"},{"@type":"BreadcrumbList","@id":"https:\/\/www.enerlandgroup.com\/es\/enerland-group-asiste-a-genera-2024\/#breadcrumb","itemListElement":[{"@type":"ListItem","position":1,"name":"Inicio","item":"https:\/\/www.enerlandgroup.com\/es\/"},{"@type":"ListItem","position":2,"name":"Enerland Group asiste a Genera 2024"}]},{"@type":"WebSite","@id":"https:\/\/www.enerlandgroup.com\/es\/#website","url":"https:\/\/www.enerlandgroup.com\/es\/","name":"Enerland Energ\u00eda Renovable","description":"","publisher":{"@id":"https:\/\/www.enerlandgroup.com\/es\/#organization"},"potentialAction":[{"@type":"SearchAction","target":{"@type":"EntryPoint","urlTemplate":"https:\/\/www.enerlandgroup.com\/es\/?s={search_term_string}"},"query-input":{"@type":"PropertyValueSpecification","valueRequired":true,"valueName":"search_term_string"}}],"inLanguage":"es"},{"@type":"Organization","@id":"https:\/\/www.enerlandgroup.com\/es\/#organization","name":"Enerland Group","url":"https:\/\/www.enerlandgroup.com\/es\/","logo":{"@type":"ImageObject","inLanguage":"es","@id":"https:\/\/www.enerlandgroup.com\/es\/#\/schema\/logo\/image\/","url":"https:\/\/www.enerlandgroup.com\/wp-content\/uploads\/2021\/05\/Logo_Enerland.png","contentUrl":"https:\/\/www.enerlandgroup.com\/wp-content\/uploads\/2021\/05\/Logo_Enerland.png","width":184,"height":43,"caption":"Enerland Group"},"image":{"@id":"https:\/\/www.enerlandgroup.com\/es\/#\/schema\/logo\/image\/"},"sameAs":["https:\/\/www.linkedin.com\/company\/enerland-group\/","https:\/\/www.youtube.com\/channel\/UCjdInbThgaPa2_D34vRChmA"]},{"@type":"Person","@id":"https:\/\/www.enerlandgroup.com\/es\/#\/schema\/person\/ff4846e816b3f94eb665e1da0854e1b8","name":"Ana","image":{"@type":"ImageObject","inLanguage":"es","@id":"https:\/\/secure.gravatar.com\/avatar\/495e8a53709541de9036eb34e07c65eacd114aba52461487df6099dee02e64f1?s=96&d=mm&r=g","url":"https:\/\/secure.gravatar.com\/avatar\/495e8a53709541de9036eb34e07c65eacd114aba52461487df6099dee02e64f1?s=96&d=mm&r=g","contentUrl":"https:\/\/secure.gravatar.com\/avatar\/495e8a53709541de9036eb34e07c65eacd114aba52461487df6099dee02e64f1?s=96&d=mm&r=g","caption":"Ana"},"url":"https:\/\/www.enerlandgroup.com\/es\/author\/ana-valdizanenerlandgroup-com\/"}]}},"jetpack_featured_media_url":"https:\/\/www.enerlandgroup.com\/wp-content\/uploads\/2024\/02\/GENERA-2024.jpg","_links":{"self":[{"href":"https:\/\/www.enerlandgroup.com\/es\/wp-json\/wp\/v2\/posts\/19029","targetHints":{"allow":["GET"]}}],"collection":[{"href":"https:\/\/www.enerlandgroup.com\/es\/wp-json\/wp\/v2\/posts"}],"about":[{"href":"https:\/\/www.enerlandgroup.com\/es\/wp-json\/wp\/v2\/types\/post"}],"author":[{"embeddable":true,"href":"https:\/\/www.enerlandgroup.com\/es\/wp-json\/wp\/v2\/users\/11"}],"replies":[{"embeddable":true,"href":"https:\/\/www.enerlandgroup.com\/es\/wp-json\/wp\/v2\/comments?post=19029"}],"version-history":[{"count":7,"href":"https:\/\/www.enerlandgroup.com\/es\/wp-json\/wp\/v2\/posts\/19029\/revisions"}],"predecessor-version":[{"id":19168,"href":"https:\/\/www.enerlandgroup.com\/es\/wp-json\/wp\/v2\/posts\/19029\/revisions\/19168"}],"wp:featuredmedia":[{"embeddable":true,"href":"https:\/\/www.enerlandgroup.com\/es\/wp-json\/wp\/v2\/media\/19155"}],"wp:attachment":[{"href":"https:\/\/www.enerlandgroup.com\/es\/wp-json\/wp\/v2\/media?parent=19029"}],"wp:term":[{"taxonomy":"category","embeddable":true,"href":"https:\/\/www.enerlandgroup.com\/es\/wp-json\/wp\/v2\/categories?post=19029"},{"taxonomy":"post_tag","embeddable":true,"href":"https:\/\/www.enerlandgroup.com\/es\/wp-json\/wp\/v2\/tags?post=19029"}],"curies":[{"name":"wp","href":"https:\/\/api.w.org\/{rel}","templated":true}]}}