{"id":18339,"date":"2023-11-14T09:32:54","date_gmt":"2023-11-14T08:32:54","guid":{"rendered":"https:\/\/www.enerlandgroup.com\/?p=18339"},"modified":"2024-01-19T13:27:04","modified_gmt":"2024-01-19T12:27:04","slug":"encuentro-internacional-de-enerland-group","status":"publish","type":"post","link":"https:\/\/www.enerlandgroup.com\/es\/encuentro-internacional-de-enerland-group\/","title":{"rendered":"I Encuentro Internacional de Enerland Group"},"content":{"rendered":"<h2>La sede de Enerland Group en Zaragoza acogi\u00f3 entre el 6 y el 10 de noviembre el I Encuentro Internacional de la compa\u00f1\u00eda, en el que los Country Managers de las distintas sedes aprovecharon para poner en com\u00fan avances y objetivos de sus respectivos proyectos.<\/h2>\n<p>&nbsp;<\/p>\n<p>Las oficinas centrales de Zaragoza sirvieron como punto de reuni\u00f3n del I Encuentro Internacional de Enerland Group, celebrado la semana pasada en la capital aragonesa. Durante este, los country managers, principales responsables de cada uno de los pa\u00edses en los que trabaja Enerland, tuvieron la oportunidad de conocerse personalmente y dialogar entre s\u00ed. <span class=\"cf0\">Jo\u00e3o Figueiredo, <!--StartFragment --><\/span><span class=\"cf0\">Marcin Marczydlo, Dany Reyes, Oscar Berr\u00edo, y Diego Gonz\u00e1lez compartieron sus an\u00e1lisis sobre las actividades de la empresa en Portugal, Polonia, El Salvador, Colombia e Italia.<\/span><\/p>\n<p>Dichas reuniones se llevaron a cabo en la sede, y contaron tambi\u00e9n con la presencia de los directores de los principales departamentos de Enerland Group en el pa\u00eds, como el comercial, desarrollos o construcci\u00f3n. Algunos de los temas tratados fueron la evoluci\u00f3n de las distintas oficinas, sus proyectos y situaci\u00f3n actual, as\u00ed como una visi\u00f3n general de los mercados energ\u00e9ticos en los que se mueve la compa\u00f1\u00eda. Adem\u00e1s de las presentaciones, los Country Managers aprovecharon la semana para visitar sobre el terreno el <a href=\"https:\/\/www.enerlandgroup.com\/es\/project\/pitarco\/\">parque fotovoltaico Pitarco<\/a>, de 62 MW. All\u00ed conocieron de primera mano el proceso de construcci\u00f3n de dicha planta, los retos que esta supuso, y otros procedimientos como las medidas ambientales tomadas.<\/p>\n<p>&nbsp;<\/p>\n<p><img loading=\"lazy\" decoding=\"async\" class=\"size-full wp-image-18401\" src=\"https:\/\/www.enerlandgroup.com\/wp-content\/uploads\/2023\/11\/Diseno-sin-titulo.jpg\" alt=\"Visita a Pitarco durante el Encuentro Internacional de Enerland Group\" width=\"2000\" height=\"1500\" srcset=\"https:\/\/www.enerlandgroup.com\/wp-content\/uploads\/2023\/11\/Diseno-sin-titulo.jpg 2000w, https:\/\/www.enerlandgroup.com\/wp-content\/uploads\/2023\/11\/Diseno-sin-titulo-1280x960.jpg 1280w, https:\/\/www.enerlandgroup.com\/wp-content\/uploads\/2023\/11\/Diseno-sin-titulo-980x735.jpg 980w, https:\/\/www.enerlandgroup.com\/wp-content\/uploads\/2023\/11\/Diseno-sin-titulo-480x360.jpg 480w\" sizes=\"auto, (min-width: 0px) and (max-width: 480px) 480px, (min-width: 481px) and (max-width: 980px) 980px, (min-width: 981px) and (max-width: 1280px) 1280px, (min-width: 1281px) 2000px, 100vw\" \/><\/p>\n<p><img loading=\"lazy\" decoding=\"async\" class=\"size-full wp-image-18394\" src=\"https:\/\/www.enerlandgroup.com\/wp-content\/uploads\/2023\/11\/1-1.jpg\" alt=\"Visita a Pitarco durante el Encuentro Internacional de Enerland Group\" width=\"4000\" height=\"1800\" srcset=\"https:\/\/www.enerlandgroup.com\/wp-content\/uploads\/2023\/11\/1-1.jpg 4000w, https:\/\/www.enerlandgroup.com\/wp-content\/uploads\/2023\/11\/1-1-1280x576.jpg 1280w, https:\/\/www.enerlandgroup.com\/wp-content\/uploads\/2023\/11\/1-1-980x441.jpg 980w, https:\/\/www.enerlandgroup.com\/wp-content\/uploads\/2023\/11\/1-1-480x216.jpg 480w\" sizes=\"auto, (min-width: 0px) and (max-width: 480px) 480px, (min-width: 481px) and (max-width: 980px) 980px, (min-width: 981px) and (max-width: 1280px) 1280px, (min-width: 1281px) 4000px, 100vw\" \/><\/p>\n<p>&nbsp;<\/p>\n<p>Dentro de las fechas del Encuentro Internacional, el mi\u00e9rcoles 8 de noviembre se celebr\u00f3 la ceremonia de los <a href=\"https:\/\/www.aragonempresa.com\/foroempresa2023\">Premios a la Excelencia Empresarial en Arag\u00f3n 2023<\/a>, donde nuestro CEO <a href=\"https:\/\/www.enerlandgroup.com\/es\/premios-a-la-excelencia-2023\/\">Manuel Balet recogi\u00f3 el Sello Bronce<\/a>. Los Country Managers acudieron a dicho evento en representaci\u00f3n de Enerland Group como multinacional. La siguiente jornada marc\u00f3 el final del encuentro, que se celebr\u00f3 con un aperitivo entre Country Managers y empleados de la sede de Zaragoza.<\/p>\n<p>&nbsp;<\/p>\n<p><img loading=\"lazy\" decoding=\"async\" class=\"size-full wp-image-18371 aligncenter\" src=\"https:\/\/www.enerlandgroup.com\/wp-content\/uploads\/2023\/11\/MicrosoftTeams-image-1-1.jpg\" alt=\"Sello Bronce Enerland Group\" width=\"1024\" height=\"768\" srcset=\"https:\/\/www.enerlandgroup.com\/wp-content\/uploads\/2023\/11\/MicrosoftTeams-image-1-1.jpg 1024w, https:\/\/www.enerlandgroup.com\/wp-content\/uploads\/2023\/11\/MicrosoftTeams-image-1-1-980x735.jpg 980w, https:\/\/www.enerlandgroup.com\/wp-content\/uploads\/2023\/11\/MicrosoftTeams-image-1-1-480x360.jpg 480w\" sizes=\"auto, (min-width: 0px) and (max-width: 480px) 480px, (min-width: 481px) and (max-width: 980px) 980px, (min-width: 981px) 1024px, 100vw\" \/><\/p>\n<p><img loading=\"lazy\" decoding=\"async\" class=\"size-full wp-image-18397\" src=\"https:\/\/www.enerlandgroup.com\/wp-content\/uploads\/2023\/11\/2-1.jpg\" alt=\"Aperitivo durante el Encuentro Internacional de Enerland Group\" width=\"4000\" height=\"1800\" srcset=\"https:\/\/www.enerlandgroup.com\/wp-content\/uploads\/2023\/11\/2-1.jpg 4000w, https:\/\/www.enerlandgroup.com\/wp-content\/uploads\/2023\/11\/2-1-1280x576.jpg 1280w, https:\/\/www.enerlandgroup.com\/wp-content\/uploads\/2023\/11\/2-1-980x441.jpg 980w, https:\/\/www.enerlandgroup.com\/wp-content\/uploads\/2023\/11\/2-1-480x216.jpg 480w\" sizes=\"auto, (min-width: 0px) and (max-width: 480px) 480px, (min-width: 481px) and (max-width: 980px) 980px, (min-width: 981px) and (max-width: 1280px) 1280px, (min-width: 1281px) 4000px, 100vw\" \/><\/p>\n<p>&nbsp;<\/p>\n<p>Esperamos poder celebrar nuevos encuentros en el futuro, donde podamos seguir compartiendo todo el crecimiento de Enerland Group en cada una de nuestras oficinas.<\/p>\n<p><span class=\"cf0\"><!--EndFragment --><\/span><\/p>\n<p><!--EndFragment --><\/p>\n","protected":false},"excerpt":{"rendered":"<p>La sede de Enerland Group en Zaragoza acogi\u00f3 entre el 6 y el 10<\/p>\n","protected":false},"author":4,"featured_media":18346,"comment_status":"open","ping_status":"open","sticky":false,"template":"","format":"standard","meta":{"_et_pb_use_builder":"","_et_pb_old_content":"","_et_gb_content_width":"","footnotes":""},"categories":[23,161],"tags":[],"class_list":["post-18339","post","type-post","status-publish","format-standard","has-post-thumbnail","hentry","category-corporativo","category-noticias"],"yoast_head":"<!-- This site is optimized with the Yoast SEO plugin v27.4 - https:\/\/yoast.com\/product\/yoast-seo-wordpress\/ -->\n<title>I Encuentro Internacional de Enerland Group - Enerland Energ\u00eda Renovable<\/title>\n<meta name=\"description\" content=\"La sede de Enerland Group en Zaragoza acogi\u00f3 entre el 6 y el 10 de noviembre el I Encuentro Internacional de la compa\u00f1\u00eda.\" \/>\n<meta name=\"robots\" content=\"index, follow, max-snippet:-1, max-image-preview:large, max-video-preview:-1\" \/>\n<link rel=\"canonical\" href=\"https:\/\/www.enerlandgroup.com\/es\/encuentro-internacional-de-enerland-group\/\" \/>\n<meta property=\"og:locale\" content=\"es_ES\" \/>\n<meta property=\"og:type\" content=\"article\" \/>\n<meta property=\"og:title\" content=\"I Encuentro Internacional de Enerland Group - Enerland Energ\u00eda Renovable\" \/>\n<meta property=\"og:description\" content=\"La sede de Enerland Group en Zaragoza acogi\u00f3 entre el 6 y el 10 de noviembre el I Encuentro Internacional de la compa\u00f1\u00eda.\" \/>\n<meta property=\"og:url\" content=\"https:\/\/www.enerlandgroup.com\/es\/encuentro-internacional-de-enerland-group\/\" \/>\n<meta property=\"og:site_name\" content=\"Enerland Energ\u00eda Renovable\" \/>\n<meta property=\"article:published_time\" content=\"2023-11-14T08:32:54+00:00\" \/>\n<meta property=\"article:modified_time\" content=\"2024-01-19T12:27:04+00:00\" \/>\n<meta property=\"og:image\" content=\"https:\/\/www.enerlandgroup.com\/wp-content\/uploads\/2023\/11\/encuentro_internacional_enerland_group.jpg\" \/>\n\t<meta property=\"og:image:width\" content=\"1870\" \/>\n\t<meta property=\"og:image:height\" content=\"700\" \/>\n\t<meta property=\"og:image:type\" content=\"image\/jpeg\" \/>\n<meta name=\"author\" content=\"Pilar\" \/>\n<meta name=\"twitter:card\" content=\"summary_large_image\" \/>\n<script type=\"application\/ld+json\" class=\"yoast-schema-graph\">{\"@context\":\"https:\\\/\\\/schema.org\",\"@graph\":[{\"@type\":\"Article\",\"@id\":\"https:\\\/\\\/www.enerlandgroup.com\\\/es\\\/encuentro-internacional-de-enerland-group\\\/#article\",\"isPartOf\":{\"@id\":\"https:\\\/\\\/www.enerlandgroup.com\\\/es\\\/encuentro-internacional-de-enerland-group\\\/\"},\"author\":{\"name\":\"Pilar\",\"@id\":\"https:\\\/\\\/www.enerlandgroup.com\\\/es\\\/#\\\/schema\\\/person\\\/d842c1aed4fef077270deb261453486c\"},\"headline\":\"I Encuentro Internacional de Enerland Group\",\"datePublished\":\"2023-11-14T08:32:54+00:00\",\"dateModified\":\"2024-01-19T12:27:04+00:00\",\"mainEntityOfPage\":{\"@id\":\"https:\\\/\\\/www.enerlandgroup.com\\\/es\\\/encuentro-internacional-de-enerland-group\\\/\"},\"wordCount\":364,\"commentCount\":0,\"publisher\":{\"@id\":\"https:\\\/\\\/www.enerlandgroup.com\\\/es\\\/#organization\"},\"image\":{\"@id\":\"https:\\\/\\\/www.enerlandgroup.com\\\/es\\\/encuentro-internacional-de-enerland-group\\\/#primaryimage\"},\"thumbnailUrl\":\"https:\\\/\\\/www.enerlandgroup.com\\\/wp-content\\\/uploads\\\/2023\\\/11\\\/encuentro_internacional_enerland_group.jpg\",\"articleSection\":[\"Corporativo\",\"Noticias\"],\"inLanguage\":\"es\",\"potentialAction\":[{\"@type\":\"CommentAction\",\"name\":\"Comment\",\"target\":[\"https:\\\/\\\/www.enerlandgroup.com\\\/es\\\/encuentro-internacional-de-enerland-group\\\/#respond\"]}]},{\"@type\":[\"WebPage\",\"ItemPage\"],\"@id\":\"https:\\\/\\\/www.enerlandgroup.com\\\/es\\\/encuentro-internacional-de-enerland-group\\\/\",\"url\":\"https:\\\/\\\/www.enerlandgroup.com\\\/es\\\/encuentro-internacional-de-enerland-group\\\/\",\"name\":\"I Encuentro Internacional de Enerland Group - Enerland Energ\u00eda Renovable\",\"isPartOf\":{\"@id\":\"https:\\\/\\\/www.enerlandgroup.com\\\/es\\\/#website\"},\"primaryImageOfPage\":{\"@id\":\"https:\\\/\\\/www.enerlandgroup.com\\\/es\\\/encuentro-internacional-de-enerland-group\\\/#primaryimage\"},\"image\":{\"@id\":\"https:\\\/\\\/www.enerlandgroup.com\\\/es\\\/encuentro-internacional-de-enerland-group\\\/#primaryimage\"},\"thumbnailUrl\":\"https:\\\/\\\/www.enerlandgroup.com\\\/wp-content\\\/uploads\\\/2023\\\/11\\\/encuentro_internacional_enerland_group.jpg\",\"datePublished\":\"2023-11-14T08:32:54+00:00\",\"dateModified\":\"2024-01-19T12:27:04+00:00\",\"description\":\"La sede de Enerland Group en Zaragoza acogi\u00f3 entre el 6 y el 10 de noviembre el I Encuentro Internacional de la compa\u00f1\u00eda.\",\"breadcrumb\":{\"@id\":\"https:\\\/\\\/www.enerlandgroup.com\\\/es\\\/encuentro-internacional-de-enerland-group\\\/#breadcrumb\"},\"inLanguage\":\"es\",\"potentialAction\":[{\"@type\":\"ReadAction\",\"target\":[\"https:\\\/\\\/www.enerlandgroup.com\\\/es\\\/encuentro-internacional-de-enerland-group\\\/\"]}]},{\"@type\":\"ImageObject\",\"inLanguage\":\"es\",\"@id\":\"https:\\\/\\\/www.enerlandgroup.com\\\/es\\\/encuentro-internacional-de-enerland-group\\\/#primaryimage\",\"url\":\"https:\\\/\\\/www.enerlandgroup.com\\\/wp-content\\\/uploads\\\/2023\\\/11\\\/encuentro_internacional_enerland_group.jpg\",\"contentUrl\":\"https:\\\/\\\/www.enerlandgroup.com\\\/wp-content\\\/uploads\\\/2023\\\/11\\\/encuentro_internacional_enerland_group.jpg\",\"width\":1870,\"height\":700,\"caption\":\"encuentro_internacional_enerland_group\"},{\"@type\":\"BreadcrumbList\",\"@id\":\"https:\\\/\\\/www.enerlandgroup.com\\\/es\\\/encuentro-internacional-de-enerland-group\\\/#breadcrumb\",\"itemListElement\":[{\"@type\":\"ListItem\",\"position\":1,\"name\":\"Inicio\",\"item\":\"https:\\\/\\\/www.enerlandgroup.com\\\/es\\\/\"},{\"@type\":\"ListItem\",\"position\":2,\"name\":\"I Encuentro Internacional de Enerland Group\"}]},{\"@type\":\"WebSite\",\"@id\":\"https:\\\/\\\/www.enerlandgroup.com\\\/es\\\/#website\",\"url\":\"https:\\\/\\\/www.enerlandgroup.com\\\/es\\\/\",\"name\":\"Enerland Energ\u00eda Renovable\",\"description\":\"\",\"publisher\":{\"@id\":\"https:\\\/\\\/www.enerlandgroup.com\\\/es\\\/#organization\"},\"potentialAction\":[{\"@type\":\"SearchAction\",\"target\":{\"@type\":\"EntryPoint\",\"urlTemplate\":\"https:\\\/\\\/www.enerlandgroup.com\\\/es\\\/?s={search_term_string}\"},\"query-input\":{\"@type\":\"PropertyValueSpecification\",\"valueRequired\":true,\"valueName\":\"search_term_string\"}}],\"inLanguage\":\"es\"},{\"@type\":\"Organization\",\"@id\":\"https:\\\/\\\/www.enerlandgroup.com\\\/es\\\/#organization\",\"name\":\"Enerland Group\",\"url\":\"https:\\\/\\\/www.enerlandgroup.com\\\/es\\\/\",\"logo\":{\"@type\":\"ImageObject\",\"inLanguage\":\"es\",\"@id\":\"https:\\\/\\\/www.enerlandgroup.com\\\/es\\\/#\\\/schema\\\/logo\\\/image\\\/\",\"url\":\"https:\\\/\\\/www.enerlandgroup.com\\\/wp-content\\\/uploads\\\/2021\\\/05\\\/Logo_Enerland.png\",\"contentUrl\":\"https:\\\/\\\/www.enerlandgroup.com\\\/wp-content\\\/uploads\\\/2021\\\/05\\\/Logo_Enerland.png\",\"width\":184,\"height\":43,\"caption\":\"Enerland Group\"},\"image\":{\"@id\":\"https:\\\/\\\/www.enerlandgroup.com\\\/es\\\/#\\\/schema\\\/logo\\\/image\\\/\"},\"sameAs\":[\"https:\\\/\\\/www.linkedin.com\\\/company\\\/enerland-group\\\/\",\"https:\\\/\\\/www.youtube.com\\\/channel\\\/UCjdInbThgaPa2_D34vRChmA\"]},{\"@type\":\"Person\",\"@id\":\"https:\\\/\\\/www.enerlandgroup.com\\\/es\\\/#\\\/schema\\\/person\\\/d842c1aed4fef077270deb261453486c\",\"name\":\"Pilar\",\"image\":{\"@type\":\"ImageObject\",\"inLanguage\":\"es\",\"@id\":\"https:\\\/\\\/secure.gravatar.com\\\/avatar\\\/3e6e1323210dee16f137d8ab0ce7231001529459c2f5b2e4ec20c72d1fd442dc?s=96&d=mm&r=g\",\"url\":\"https:\\\/\\\/secure.gravatar.com\\\/avatar\\\/3e6e1323210dee16f137d8ab0ce7231001529459c2f5b2e4ec20c72d1fd442dc?s=96&d=mm&r=g\",\"contentUrl\":\"https:\\\/\\\/secure.gravatar.com\\\/avatar\\\/3e6e1323210dee16f137d8ab0ce7231001529459c2f5b2e4ec20c72d1fd442dc?s=96&d=mm&r=g\",\"caption\":\"Pilar\"},\"url\":\"https:\\\/\\\/www.enerlandgroup.com\\\/es\\\/author\\\/enerland\\\/\"}]}<\/script>\n<!-- \/ Yoast SEO plugin. -->","yoast_head_json":{"title":"I Encuentro Internacional de Enerland Group - Enerland Energ\u00eda Renovable","description":"La sede de Enerland Group en Zaragoza acogi\u00f3 entre el 6 y el 10 de noviembre el I Encuentro Internacional de la compa\u00f1\u00eda.","robots":{"index":"index","follow":"follow","max-snippet":"max-snippet:-1","max-image-preview":"max-image-preview:large","max-video-preview":"max-video-preview:-1"},"canonical":"https:\/\/www.enerlandgroup.com\/es\/encuentro-internacional-de-enerland-group\/","og_locale":"es_ES","og_type":"article","og_title":"I Encuentro Internacional de Enerland Group - Enerland Energ\u00eda Renovable","og_description":"La sede de Enerland Group en Zaragoza acogi\u00f3 entre el 6 y el 10 de noviembre el I Encuentro Internacional de la compa\u00f1\u00eda.","og_url":"https:\/\/www.enerlandgroup.com\/es\/encuentro-internacional-de-enerland-group\/","og_site_name":"Enerland Energ\u00eda Renovable","article_published_time":"2023-11-14T08:32:54+00:00","article_modified_time":"2024-01-19T12:27:04+00:00","og_image":[{"width":1870,"height":700,"url":"https:\/\/www.enerlandgroup.com\/wp-content\/uploads\/2023\/11\/encuentro_internacional_enerland_group.jpg","type":"image\/jpeg"}],"author":"Pilar","twitter_card":"summary_large_image","schema":{"@context":"https:\/\/schema.org","@graph":[{"@type":"Article","@id":"https:\/\/www.enerlandgroup.com\/es\/encuentro-internacional-de-enerland-group\/#article","isPartOf":{"@id":"https:\/\/www.enerlandgroup.com\/es\/encuentro-internacional-de-enerland-group\/"},"author":{"name":"Pilar","@id":"https:\/\/www.enerlandgroup.com\/es\/#\/schema\/person\/d842c1aed4fef077270deb261453486c"},"headline":"I Encuentro Internacional de Enerland Group","datePublished":"2023-11-14T08:32:54+00:00","dateModified":"2024-01-19T12:27:04+00:00","mainEntityOfPage":{"@id":"https:\/\/www.enerlandgroup.com\/es\/encuentro-internacional-de-enerland-group\/"},"wordCount":364,"commentCount":0,"publisher":{"@id":"https:\/\/www.enerlandgroup.com\/es\/#organization"},"image":{"@id":"https:\/\/www.enerlandgroup.com\/es\/encuentro-internacional-de-enerland-group\/#primaryimage"},"thumbnailUrl":"https:\/\/www.enerlandgroup.com\/wp-content\/uploads\/2023\/11\/encuentro_internacional_enerland_group.jpg","articleSection":["Corporativo","Noticias"],"inLanguage":"es","potentialAction":[{"@type":"CommentAction","name":"Comment","target":["https:\/\/www.enerlandgroup.com\/es\/encuentro-internacional-de-enerland-group\/#respond"]}]},{"@type":["WebPage","ItemPage"],"@id":"https:\/\/www.enerlandgroup.com\/es\/encuentro-internacional-de-enerland-group\/","url":"https:\/\/www.enerlandgroup.com\/es\/encuentro-internacional-de-enerland-group\/","name":"I Encuentro Internacional de Enerland Group - Enerland Energ\u00eda Renovable","isPartOf":{"@id":"https:\/\/www.enerlandgroup.com\/es\/#website"},"primaryImageOfPage":{"@id":"https:\/\/www.enerlandgroup.com\/es\/encuentro-internacional-de-enerland-group\/#primaryimage"},"image":{"@id":"https:\/\/www.enerlandgroup.com\/es\/encuentro-internacional-de-enerland-group\/#primaryimage"},"thumbnailUrl":"https:\/\/www.enerlandgroup.com\/wp-content\/uploads\/2023\/11\/encuentro_internacional_enerland_group.jpg","datePublished":"2023-11-14T08:32:54+00:00","dateModified":"2024-01-19T12:27:04+00:00","description":"La sede de Enerland Group en Zaragoza acogi\u00f3 entre el 6 y el 10 de noviembre el I Encuentro Internacional de la compa\u00f1\u00eda.","breadcrumb":{"@id":"https:\/\/www.enerlandgroup.com\/es\/encuentro-internacional-de-enerland-group\/#breadcrumb"},"inLanguage":"es","potentialAction":[{"@type":"ReadAction","target":["https:\/\/www.enerlandgroup.com\/es\/encuentro-internacional-de-enerland-group\/"]}]},{"@type":"ImageObject","inLanguage":"es","@id":"https:\/\/www.enerlandgroup.com\/es\/encuentro-internacional-de-enerland-group\/#primaryimage","url":"https:\/\/www.enerlandgroup.com\/wp-content\/uploads\/2023\/11\/encuentro_internacional_enerland_group.jpg","contentUrl":"https:\/\/www.enerlandgroup.com\/wp-content\/uploads\/2023\/11\/encuentro_internacional_enerland_group.jpg","width":1870,"height":700,"caption":"encuentro_internacional_enerland_group"},{"@type":"BreadcrumbList","@id":"https:\/\/www.enerlandgroup.com\/es\/encuentro-internacional-de-enerland-group\/#breadcrumb","itemListElement":[{"@type":"ListItem","position":1,"name":"Inicio","item":"https:\/\/www.enerlandgroup.com\/es\/"},{"@type":"ListItem","position":2,"name":"I Encuentro Internacional de Enerland Group"}]},{"@type":"WebSite","@id":"https:\/\/www.enerlandgroup.com\/es\/#website","url":"https:\/\/www.enerlandgroup.com\/es\/","name":"Enerland Energ\u00eda Renovable","description":"","publisher":{"@id":"https:\/\/www.enerlandgroup.com\/es\/#organization"},"potentialAction":[{"@type":"SearchAction","target":{"@type":"EntryPoint","urlTemplate":"https:\/\/www.enerlandgroup.com\/es\/?s={search_term_string}"},"query-input":{"@type":"PropertyValueSpecification","valueRequired":true,"valueName":"search_term_string"}}],"inLanguage":"es"},{"@type":"Organization","@id":"https:\/\/www.enerlandgroup.com\/es\/#organization","name":"Enerland Group","url":"https:\/\/www.enerlandgroup.com\/es\/","logo":{"@type":"ImageObject","inLanguage":"es","@id":"https:\/\/www.enerlandgroup.com\/es\/#\/schema\/logo\/image\/","url":"https:\/\/www.enerlandgroup.com\/wp-content\/uploads\/2021\/05\/Logo_Enerland.png","contentUrl":"https:\/\/www.enerlandgroup.com\/wp-content\/uploads\/2021\/05\/Logo_Enerland.png","width":184,"height":43,"caption":"Enerland Group"},"image":{"@id":"https:\/\/www.enerlandgroup.com\/es\/#\/schema\/logo\/image\/"},"sameAs":["https:\/\/www.linkedin.com\/company\/enerland-group\/","https:\/\/www.youtube.com\/channel\/UCjdInbThgaPa2_D34vRChmA"]},{"@type":"Person","@id":"https:\/\/www.enerlandgroup.com\/es\/#\/schema\/person\/d842c1aed4fef077270deb261453486c","name":"Pilar","image":{"@type":"ImageObject","inLanguage":"es","@id":"https:\/\/secure.gravatar.com\/avatar\/3e6e1323210dee16f137d8ab0ce7231001529459c2f5b2e4ec20c72d1fd442dc?s=96&d=mm&r=g","url":"https:\/\/secure.gravatar.com\/avatar\/3e6e1323210dee16f137d8ab0ce7231001529459c2f5b2e4ec20c72d1fd442dc?s=96&d=mm&r=g","contentUrl":"https:\/\/secure.gravatar.com\/avatar\/3e6e1323210dee16f137d8ab0ce7231001529459c2f5b2e4ec20c72d1fd442dc?s=96&d=mm&r=g","caption":"Pilar"},"url":"https:\/\/www.enerlandgroup.com\/es\/author\/enerland\/"}]}},"jetpack_featured_media_url":"https:\/\/www.enerlandgroup.com\/wp-content\/uploads\/2023\/11\/encuentro_internacional_enerland_group.jpg","_links":{"self":[{"href":"https:\/\/www.enerlandgroup.com\/es\/wp-json\/wp\/v2\/posts\/18339","targetHints":{"allow":["GET"]}}],"collection":[{"href":"https:\/\/www.enerlandgroup.com\/es\/wp-json\/wp\/v2\/posts"}],"about":[{"href":"https:\/\/www.enerlandgroup.com\/es\/wp-json\/wp\/v2\/types\/post"}],"author":[{"embeddable":true,"href":"https:\/\/www.enerlandgroup.com\/es\/wp-json\/wp\/v2\/users\/4"}],"replies":[{"embeddable":true,"href":"https:\/\/www.enerlandgroup.com\/es\/wp-json\/wp\/v2\/comments?post=18339"}],"version-history":[{"count":10,"href":"https:\/\/www.enerlandgroup.com\/es\/wp-json\/wp\/v2\/posts\/18339\/revisions"}],"predecessor-version":[{"id":18393,"href":"https:\/\/www.enerlandgroup.com\/es\/wp-json\/wp\/v2\/posts\/18339\/revisions\/18393"}],"wp:featuredmedia":[{"embeddable":true,"href":"https:\/\/www.enerlandgroup.com\/es\/wp-json\/wp\/v2\/media\/18346"}],"wp:attachment":[{"href":"https:\/\/www.enerlandgroup.com\/es\/wp-json\/wp\/v2\/media?parent=18339"}],"wp:term":[{"taxonomy":"category","embeddable":true,"href":"https:\/\/www.enerlandgroup.com\/es\/wp-json\/wp\/v2\/categories?post=18339"},{"taxonomy":"post_tag","embeddable":true,"href":"https:\/\/www.enerlandgroup.com\/es\/wp-json\/wp\/v2\/tags?post=18339"}],"curies":[{"name":"wp","href":"https:\/\/api.w.org\/{rel}","templated":true}]}}