{"id":18297,"date":"2023-11-10T08:34:25","date_gmt":"2023-11-10T07:34:25","guid":{"rendered":"https:\/\/www.enerlandgroup.com\/?p=18297"},"modified":"2024-01-11T12:22:00","modified_gmt":"2024-01-11T11:22:00","slug":"premios-a-la-excelencia-2023","status":"publish","type":"post","link":"https:\/\/www.enerlandgroup.com\/es\/premios-a-la-excelencia-2023\/","title":{"rendered":"Premios a la Excelencia 2023"},"content":{"rendered":"<h2>Enerland Group asiste a la ceremonia de los Premios a la Excelencia Empresarial en Arag\u00f3n 2023 para la recogida del Sello Bronce, tras quedar finalistas en la edici\u00f3n del 2022.<\/h2>\n<p>&nbsp;<\/p>\n<p>El mi\u00e9rcoles, 8 de noviembre, tuvieron lugar los Premios a la Excelencia Empresarial de Arag\u00f3n 2023 en el Palacio de Congresos de Zaragoza. Este prestigioso reconocimiento fue creado por el Instituto Aragon\u00e9s de Fomento en 1996 para poner en valor y divulgar las mejores pr\u00e1cticas de las empresas que forman el tejido aragon\u00e9s, as\u00ed como apoyarlas en su continua mejora. En esta vig\u00e9simo s\u00e9ptima edici\u00f3n, <strong>EIGO Gesti\u00f3n de Obras, Magaiz y Valentia<\/strong> se han alzado con el premio en sus categor\u00edas correspondientes. Manuel Balet, CEO de Enerland Group, recogi\u00f3 el Sello Bronce,<a href=\"https:\/\/www.enerlandgroup.com\/es\/premios-a-la-excelencia\/\"> reconocimiento que se entreg\u00f3 a los finalistas del a\u00f1o pasado<\/a> y que motiva a aumentar el esfuerzo a\u00f1o tras a\u00f1o para alcanzar nuevas metas y objetivos.<\/p>\n<p><img loading=\"lazy\" decoding=\"async\" class=\"wp-image-18310 size-large aligncenter\" src=\"http:\/\/www.enerlandgroup.com\/wp-content\/uploads\/2023\/11\/Foro_Excelencia_2023_222__K2A0042-min-1024x683.jpg\" alt=\"\" width=\"1024\" height=\"683\" srcset=\"http:\/\/www.enerlandgroup.com\/wp-content\/uploads\/2023\/11\/Foro_Excelencia_2023_222__K2A0042-min-980x653.jpg 980w, http:\/\/www.enerlandgroup.com\/wp-content\/uploads\/2023\/11\/Foro_Excelencia_2023_222__K2A0042-min-480x320.jpg 480w\" sizes=\"auto, (min-width: 0px) and (max-width: 480px) 480px, (min-width: 481px) and (max-width: 980px) 980px, (min-width: 981px) 1024px, 100vw\" \/> <img loading=\"lazy\" decoding=\"async\" class=\"wp-image-18313 size-large aligncenter\" src=\"http:\/\/www.enerlandgroup.com\/wp-content\/uploads\/2023\/11\/Foro_Excelencia_2023_225_MSB_0507-min-1024x684.jpg\" alt=\"\" width=\"1024\" height=\"684\" srcset=\"http:\/\/www.enerlandgroup.com\/wp-content\/uploads\/2023\/11\/Foro_Excelencia_2023_225_MSB_0507-min-980x654.jpg 980w, http:\/\/www.enerlandgroup.com\/wp-content\/uploads\/2023\/11\/Foro_Excelencia_2023_225_MSB_0507-min-480x320.jpg 480w\" sizes=\"auto, (min-width: 0px) and (max-width: 480px) 480px, (min-width: 481px) and (max-width: 980px) 980px, (min-width: 981px) 1024px, 100vw\" \/><\/p>\n<p>&nbsp;<\/p>\n<h3>La gala: ponencias y entrega de los reconocimientos<\/h3>\n<p>&nbsp;<\/p>\n<p>\u00abLa AI ha llegado para quedarse\u00bb fue la frase que m\u00e1s se repiti\u00f3 a lo largo de cada una de las conferencias que tuvieron lugar durante la gala. Diferentes CEOs y responsables de grandes empresas como Hiberus, Libelium, o Telef\u00f3nica compartieron sus experiencias con la aplicaci\u00f3n responsable de esta tecnolog\u00eda dentro de sus organizaciones.<\/p>\n<p>Posteriormente comenz\u00f3 la entrega de los\u00a0<a href=\"https:\/\/www.aragonempresa.com\/foroempresa2023\"> Sellos de Excelencia de Arag\u00f3n<\/a> en sus diferentes categor\u00edas: grandes empresas, pymes y entidades no lucrativas. Daniel Rey, director gerente del Instituto Aragon\u00e9s de Fomento, junto con Mar Vaquero, vicepresidenta segunda y consejera de Econom\u00eda, Empleo e Industria del <strong>Gobierno de Arag\u00f3n<\/strong> inauguraron el acto. Por \u00faltimo, el Mago More (Jos\u00e9 Luis Izquierdo), humorista y actor invitado para cerrar el evento, dio su conferencia <b>\u00abEl poder positivo del cambio\u00bb.<\/b><\/p>\n<p><img loading=\"lazy\" decoding=\"async\" class=\"aligncenter wp-image-18307 size-full\" src=\"http:\/\/www.enerlandgroup.com\/wp-content\/uploads\/2023\/11\/MicrosoftTeams-image-1.jpg\" alt=\"Premios a la Excelencia 2023\" width=\"1024\" height=\"768\" srcset=\"http:\/\/www.enerlandgroup.com\/wp-content\/uploads\/2023\/11\/MicrosoftTeams-image-1.jpg 1024w, http:\/\/www.enerlandgroup.com\/wp-content\/uploads\/2023\/11\/MicrosoftTeams-image-1-980x735.jpg 980w, http:\/\/www.enerlandgroup.com\/wp-content\/uploads\/2023\/11\/MicrosoftTeams-image-1-480x360.jpg 480w\" sizes=\"auto, (min-width: 0px) and (max-width: 480px) 480px, (min-width: 481px) and (max-width: 980px) 980px, (min-width: 981px) 1024px, 100vw\" \/><\/p>\n<p>Manuel Balet, junto con Alejandro Rey, responsable de Calidad, Mario Baz, director Comercial, y algunos de los Country Managers de Enerland, asistieron en representaci\u00f3n de todo Enerland Group.<\/p>\n","protected":false},"excerpt":{"rendered":"<p>Enerland Group asiste a la ceremonia de los Premios a la Excelencia Empresarial en<\/p>\n","protected":false},"author":11,"featured_media":18304,"comment_status":"open","ping_status":"open","sticky":false,"template":"","format":"standard","meta":{"_et_pb_use_builder":"","_et_pb_old_content":"","_et_gb_content_width":"","footnotes":""},"categories":[23,161],"tags":[],"class_list":["post-18297","post","type-post","status-publish","format-standard","has-post-thumbnail","hentry","category-corporativo","category-noticias"],"yoast_head":"<!-- This site is optimized with the Yoast SEO plugin v27.4 - https:\/\/yoast.com\/product\/yoast-seo-wordpress\/ -->\n<title>Premios a la Excelencia 2023 - Enerland Energ\u00eda Renovable<\/title>\n<meta name=\"description\" content=\"Enerland Group asiste a la ceremonia de los Premios a la Excelencia Empresarial en Arag\u00f3n 2023 para recoger el Sello Bronce.\" \/>\n<meta name=\"robots\" content=\"index, follow, max-snippet:-1, max-image-preview:large, max-video-preview:-1\" \/>\n<link rel=\"canonical\" href=\"https:\/\/www.enerlandgroup.com\/es\/premios-a-la-excelencia-2023\/\" \/>\n<meta property=\"og:locale\" content=\"es_ES\" \/>\n<meta property=\"og:type\" content=\"article\" \/>\n<meta property=\"og:title\" content=\"Premios a la Excelencia 2023 - Enerland Energ\u00eda Renovable\" \/>\n<meta property=\"og:description\" content=\"Enerland Group asiste a la ceremonia de los Premios a la Excelencia Empresarial en Arag\u00f3n 2023 para recoger el Sello Bronce.\" \/>\n<meta property=\"og:url\" content=\"https:\/\/www.enerlandgroup.com\/es\/premios-a-la-excelencia-2023\/\" \/>\n<meta property=\"og:site_name\" content=\"Enerland Energ\u00eda Renovable\" \/>\n<meta property=\"article:published_time\" content=\"2023-11-10T07:34:25+00:00\" \/>\n<meta property=\"article:modified_time\" content=\"2024-01-11T11:22:00+00:00\" \/>\n<meta property=\"og:image\" content=\"https:\/\/www.enerlandgroup.com\/wp-content\/uploads\/2023\/11\/Noticia-Sello-Bronce.jpg\" \/>\n\t<meta property=\"og:image:width\" content=\"1870\" \/>\n\t<meta property=\"og:image:height\" content=\"700\" \/>\n\t<meta property=\"og:image:type\" content=\"image\/jpeg\" \/>\n<meta name=\"author\" content=\"Ana\" \/>\n<meta name=\"twitter:card\" content=\"summary_large_image\" \/>\n<script type=\"application\/ld+json\" class=\"yoast-schema-graph\">{\"@context\":\"https:\\\/\\\/schema.org\",\"@graph\":[{\"@type\":\"Article\",\"@id\":\"https:\\\/\\\/www.enerlandgroup.com\\\/es\\\/premios-a-la-excelencia-2023\\\/#article\",\"isPartOf\":{\"@id\":\"https:\\\/\\\/www.enerlandgroup.com\\\/es\\\/premios-a-la-excelencia-2023\\\/\"},\"author\":{\"name\":\"Ana\",\"@id\":\"https:\\\/\\\/www.enerlandgroup.com\\\/es\\\/#\\\/schema\\\/person\\\/ff4846e816b3f94eb665e1da0854e1b8\"},\"headline\":\"Premios a la Excelencia 2023\",\"datePublished\":\"2023-11-10T07:34:25+00:00\",\"dateModified\":\"2024-01-11T11:22:00+00:00\",\"mainEntityOfPage\":{\"@id\":\"https:\\\/\\\/www.enerlandgroup.com\\\/es\\\/premios-a-la-excelencia-2023\\\/\"},\"wordCount\":340,\"commentCount\":0,\"publisher\":{\"@id\":\"https:\\\/\\\/www.enerlandgroup.com\\\/es\\\/#organization\"},\"image\":{\"@id\":\"https:\\\/\\\/www.enerlandgroup.com\\\/es\\\/premios-a-la-excelencia-2023\\\/#primaryimage\"},\"thumbnailUrl\":\"https:\\\/\\\/www.enerlandgroup.com\\\/wp-content\\\/uploads\\\/2023\\\/11\\\/Noticia-Sello-Bronce.jpg\",\"articleSection\":[\"Corporativo\",\"Noticias\"],\"inLanguage\":\"es\",\"potentialAction\":[{\"@type\":\"CommentAction\",\"name\":\"Comment\",\"target\":[\"https:\\\/\\\/www.enerlandgroup.com\\\/es\\\/premios-a-la-excelencia-2023\\\/#respond\"]}]},{\"@type\":[\"WebPage\",\"ItemPage\"],\"@id\":\"https:\\\/\\\/www.enerlandgroup.com\\\/es\\\/premios-a-la-excelencia-2023\\\/\",\"url\":\"https:\\\/\\\/www.enerlandgroup.com\\\/es\\\/premios-a-la-excelencia-2023\\\/\",\"name\":\"Premios a la Excelencia 2023 - Enerland Energ\u00eda Renovable\",\"isPartOf\":{\"@id\":\"https:\\\/\\\/www.enerlandgroup.com\\\/es\\\/#website\"},\"primaryImageOfPage\":{\"@id\":\"https:\\\/\\\/www.enerlandgroup.com\\\/es\\\/premios-a-la-excelencia-2023\\\/#primaryimage\"},\"image\":{\"@id\":\"https:\\\/\\\/www.enerlandgroup.com\\\/es\\\/premios-a-la-excelencia-2023\\\/#primaryimage\"},\"thumbnailUrl\":\"https:\\\/\\\/www.enerlandgroup.com\\\/wp-content\\\/uploads\\\/2023\\\/11\\\/Noticia-Sello-Bronce.jpg\",\"datePublished\":\"2023-11-10T07:34:25+00:00\",\"dateModified\":\"2024-01-11T11:22:00+00:00\",\"description\":\"Enerland Group asiste a la ceremonia de los Premios a la Excelencia Empresarial en Arag\u00f3n 2023 para recoger el Sello Bronce.\",\"breadcrumb\":{\"@id\":\"https:\\\/\\\/www.enerlandgroup.com\\\/es\\\/premios-a-la-excelencia-2023\\\/#breadcrumb\"},\"inLanguage\":\"es\",\"potentialAction\":[{\"@type\":\"ReadAction\",\"target\":[\"https:\\\/\\\/www.enerlandgroup.com\\\/es\\\/premios-a-la-excelencia-2023\\\/\"]}]},{\"@type\":\"ImageObject\",\"inLanguage\":\"es\",\"@id\":\"https:\\\/\\\/www.enerlandgroup.com\\\/es\\\/premios-a-la-excelencia-2023\\\/#primaryimage\",\"url\":\"https:\\\/\\\/www.enerlandgroup.com\\\/wp-content\\\/uploads\\\/2023\\\/11\\\/Noticia-Sello-Bronce.jpg\",\"contentUrl\":\"https:\\\/\\\/www.enerlandgroup.com\\\/wp-content\\\/uploads\\\/2023\\\/11\\\/Noticia-Sello-Bronce.jpg\",\"width\":1870,\"height\":700,\"caption\":\"Premios a la Excelencia 2023\"},{\"@type\":\"BreadcrumbList\",\"@id\":\"https:\\\/\\\/www.enerlandgroup.com\\\/es\\\/premios-a-la-excelencia-2023\\\/#breadcrumb\",\"itemListElement\":[{\"@type\":\"ListItem\",\"position\":1,\"name\":\"Inicio\",\"item\":\"https:\\\/\\\/www.enerlandgroup.com\\\/es\\\/\"},{\"@type\":\"ListItem\",\"position\":2,\"name\":\"Premios a la Excelencia 2023\"}]},{\"@type\":\"WebSite\",\"@id\":\"https:\\\/\\\/www.enerlandgroup.com\\\/es\\\/#website\",\"url\":\"https:\\\/\\\/www.enerlandgroup.com\\\/es\\\/\",\"name\":\"Enerland Energ\u00eda Renovable\",\"description\":\"\",\"publisher\":{\"@id\":\"https:\\\/\\\/www.enerlandgroup.com\\\/es\\\/#organization\"},\"potentialAction\":[{\"@type\":\"SearchAction\",\"target\":{\"@type\":\"EntryPoint\",\"urlTemplate\":\"https:\\\/\\\/www.enerlandgroup.com\\\/es\\\/?s={search_term_string}\"},\"query-input\":{\"@type\":\"PropertyValueSpecification\",\"valueRequired\":true,\"valueName\":\"search_term_string\"}}],\"inLanguage\":\"es\"},{\"@type\":\"Organization\",\"@id\":\"https:\\\/\\\/www.enerlandgroup.com\\\/es\\\/#organization\",\"name\":\"Enerland Group\",\"url\":\"https:\\\/\\\/www.enerlandgroup.com\\\/es\\\/\",\"logo\":{\"@type\":\"ImageObject\",\"inLanguage\":\"es\",\"@id\":\"https:\\\/\\\/www.enerlandgroup.com\\\/es\\\/#\\\/schema\\\/logo\\\/image\\\/\",\"url\":\"https:\\\/\\\/www.enerlandgroup.com\\\/wp-content\\\/uploads\\\/2021\\\/05\\\/Logo_Enerland.png\",\"contentUrl\":\"https:\\\/\\\/www.enerlandgroup.com\\\/wp-content\\\/uploads\\\/2021\\\/05\\\/Logo_Enerland.png\",\"width\":184,\"height\":43,\"caption\":\"Enerland Group\"},\"image\":{\"@id\":\"https:\\\/\\\/www.enerlandgroup.com\\\/es\\\/#\\\/schema\\\/logo\\\/image\\\/\"},\"sameAs\":[\"https:\\\/\\\/www.linkedin.com\\\/company\\\/enerland-group\\\/\",\"https:\\\/\\\/www.youtube.com\\\/channel\\\/UCjdInbThgaPa2_D34vRChmA\"]},{\"@type\":\"Person\",\"@id\":\"https:\\\/\\\/www.enerlandgroup.com\\\/es\\\/#\\\/schema\\\/person\\\/ff4846e816b3f94eb665e1da0854e1b8\",\"name\":\"Ana\",\"image\":{\"@type\":\"ImageObject\",\"inLanguage\":\"es\",\"@id\":\"https:\\\/\\\/secure.gravatar.com\\\/avatar\\\/495e8a53709541de9036eb34e07c65eacd114aba52461487df6099dee02e64f1?s=96&d=mm&r=g\",\"url\":\"https:\\\/\\\/secure.gravatar.com\\\/avatar\\\/495e8a53709541de9036eb34e07c65eacd114aba52461487df6099dee02e64f1?s=96&d=mm&r=g\",\"contentUrl\":\"https:\\\/\\\/secure.gravatar.com\\\/avatar\\\/495e8a53709541de9036eb34e07c65eacd114aba52461487df6099dee02e64f1?s=96&d=mm&r=g\",\"caption\":\"Ana\"},\"url\":\"https:\\\/\\\/www.enerlandgroup.com\\\/es\\\/author\\\/ana-valdizanenerlandgroup-com\\\/\"}]}<\/script>\n<!-- \/ Yoast SEO plugin. -->","yoast_head_json":{"title":"Premios a la Excelencia 2023 - Enerland Energ\u00eda Renovable","description":"Enerland Group asiste a la ceremonia de los Premios a la Excelencia Empresarial en Arag\u00f3n 2023 para recoger el Sello Bronce.","robots":{"index":"index","follow":"follow","max-snippet":"max-snippet:-1","max-image-preview":"max-image-preview:large","max-video-preview":"max-video-preview:-1"},"canonical":"https:\/\/www.enerlandgroup.com\/es\/premios-a-la-excelencia-2023\/","og_locale":"es_ES","og_type":"article","og_title":"Premios a la Excelencia 2023 - Enerland Energ\u00eda Renovable","og_description":"Enerland Group asiste a la ceremonia de los Premios a la Excelencia Empresarial en Arag\u00f3n 2023 para recoger el Sello Bronce.","og_url":"https:\/\/www.enerlandgroup.com\/es\/premios-a-la-excelencia-2023\/","og_site_name":"Enerland Energ\u00eda Renovable","article_published_time":"2023-11-10T07:34:25+00:00","article_modified_time":"2024-01-11T11:22:00+00:00","og_image":[{"width":1870,"height":700,"url":"https:\/\/www.enerlandgroup.com\/wp-content\/uploads\/2023\/11\/Noticia-Sello-Bronce.jpg","type":"image\/jpeg"}],"author":"Ana","twitter_card":"summary_large_image","schema":{"@context":"https:\/\/schema.org","@graph":[{"@type":"Article","@id":"https:\/\/www.enerlandgroup.com\/es\/premios-a-la-excelencia-2023\/#article","isPartOf":{"@id":"https:\/\/www.enerlandgroup.com\/es\/premios-a-la-excelencia-2023\/"},"author":{"name":"Ana","@id":"https:\/\/www.enerlandgroup.com\/es\/#\/schema\/person\/ff4846e816b3f94eb665e1da0854e1b8"},"headline":"Premios a la Excelencia 2023","datePublished":"2023-11-10T07:34:25+00:00","dateModified":"2024-01-11T11:22:00+00:00","mainEntityOfPage":{"@id":"https:\/\/www.enerlandgroup.com\/es\/premios-a-la-excelencia-2023\/"},"wordCount":340,"commentCount":0,"publisher":{"@id":"https:\/\/www.enerlandgroup.com\/es\/#organization"},"image":{"@id":"https:\/\/www.enerlandgroup.com\/es\/premios-a-la-excelencia-2023\/#primaryimage"},"thumbnailUrl":"https:\/\/www.enerlandgroup.com\/wp-content\/uploads\/2023\/11\/Noticia-Sello-Bronce.jpg","articleSection":["Corporativo","Noticias"],"inLanguage":"es","potentialAction":[{"@type":"CommentAction","name":"Comment","target":["https:\/\/www.enerlandgroup.com\/es\/premios-a-la-excelencia-2023\/#respond"]}]},{"@type":["WebPage","ItemPage"],"@id":"https:\/\/www.enerlandgroup.com\/es\/premios-a-la-excelencia-2023\/","url":"https:\/\/www.enerlandgroup.com\/es\/premios-a-la-excelencia-2023\/","name":"Premios a la Excelencia 2023 - Enerland Energ\u00eda Renovable","isPartOf":{"@id":"https:\/\/www.enerlandgroup.com\/es\/#website"},"primaryImageOfPage":{"@id":"https:\/\/www.enerlandgroup.com\/es\/premios-a-la-excelencia-2023\/#primaryimage"},"image":{"@id":"https:\/\/www.enerlandgroup.com\/es\/premios-a-la-excelencia-2023\/#primaryimage"},"thumbnailUrl":"https:\/\/www.enerlandgroup.com\/wp-content\/uploads\/2023\/11\/Noticia-Sello-Bronce.jpg","datePublished":"2023-11-10T07:34:25+00:00","dateModified":"2024-01-11T11:22:00+00:00","description":"Enerland Group asiste a la ceremonia de los Premios a la Excelencia Empresarial en Arag\u00f3n 2023 para recoger el Sello Bronce.","breadcrumb":{"@id":"https:\/\/www.enerlandgroup.com\/es\/premios-a-la-excelencia-2023\/#breadcrumb"},"inLanguage":"es","potentialAction":[{"@type":"ReadAction","target":["https:\/\/www.enerlandgroup.com\/es\/premios-a-la-excelencia-2023\/"]}]},{"@type":"ImageObject","inLanguage":"es","@id":"https:\/\/www.enerlandgroup.com\/es\/premios-a-la-excelencia-2023\/#primaryimage","url":"https:\/\/www.enerlandgroup.com\/wp-content\/uploads\/2023\/11\/Noticia-Sello-Bronce.jpg","contentUrl":"https:\/\/www.enerlandgroup.com\/wp-content\/uploads\/2023\/11\/Noticia-Sello-Bronce.jpg","width":1870,"height":700,"caption":"Premios a la Excelencia 2023"},{"@type":"BreadcrumbList","@id":"https:\/\/www.enerlandgroup.com\/es\/premios-a-la-excelencia-2023\/#breadcrumb","itemListElement":[{"@type":"ListItem","position":1,"name":"Inicio","item":"https:\/\/www.enerlandgroup.com\/es\/"},{"@type":"ListItem","position":2,"name":"Premios a la Excelencia 2023"}]},{"@type":"WebSite","@id":"https:\/\/www.enerlandgroup.com\/es\/#website","url":"https:\/\/www.enerlandgroup.com\/es\/","name":"Enerland Energ\u00eda Renovable","description":"","publisher":{"@id":"https:\/\/www.enerlandgroup.com\/es\/#organization"},"potentialAction":[{"@type":"SearchAction","target":{"@type":"EntryPoint","urlTemplate":"https:\/\/www.enerlandgroup.com\/es\/?s={search_term_string}"},"query-input":{"@type":"PropertyValueSpecification","valueRequired":true,"valueName":"search_term_string"}}],"inLanguage":"es"},{"@type":"Organization","@id":"https:\/\/www.enerlandgroup.com\/es\/#organization","name":"Enerland Group","url":"https:\/\/www.enerlandgroup.com\/es\/","logo":{"@type":"ImageObject","inLanguage":"es","@id":"https:\/\/www.enerlandgroup.com\/es\/#\/schema\/logo\/image\/","url":"https:\/\/www.enerlandgroup.com\/wp-content\/uploads\/2021\/05\/Logo_Enerland.png","contentUrl":"https:\/\/www.enerlandgroup.com\/wp-content\/uploads\/2021\/05\/Logo_Enerland.png","width":184,"height":43,"caption":"Enerland Group"},"image":{"@id":"https:\/\/www.enerlandgroup.com\/es\/#\/schema\/logo\/image\/"},"sameAs":["https:\/\/www.linkedin.com\/company\/enerland-group\/","https:\/\/www.youtube.com\/channel\/UCjdInbThgaPa2_D34vRChmA"]},{"@type":"Person","@id":"https:\/\/www.enerlandgroup.com\/es\/#\/schema\/person\/ff4846e816b3f94eb665e1da0854e1b8","name":"Ana","image":{"@type":"ImageObject","inLanguage":"es","@id":"https:\/\/secure.gravatar.com\/avatar\/495e8a53709541de9036eb34e07c65eacd114aba52461487df6099dee02e64f1?s=96&d=mm&r=g","url":"https:\/\/secure.gravatar.com\/avatar\/495e8a53709541de9036eb34e07c65eacd114aba52461487df6099dee02e64f1?s=96&d=mm&r=g","contentUrl":"https:\/\/secure.gravatar.com\/avatar\/495e8a53709541de9036eb34e07c65eacd114aba52461487df6099dee02e64f1?s=96&d=mm&r=g","caption":"Ana"},"url":"https:\/\/www.enerlandgroup.com\/es\/author\/ana-valdizanenerlandgroup-com\/"}]}},"jetpack_featured_media_url":"https:\/\/www.enerlandgroup.com\/wp-content\/uploads\/2023\/11\/Noticia-Sello-Bronce.jpg","_links":{"self":[{"href":"https:\/\/www.enerlandgroup.com\/es\/wp-json\/wp\/v2\/posts\/18297","targetHints":{"allow":["GET"]}}],"collection":[{"href":"https:\/\/www.enerlandgroup.com\/es\/wp-json\/wp\/v2\/posts"}],"about":[{"href":"https:\/\/www.enerlandgroup.com\/es\/wp-json\/wp\/v2\/types\/post"}],"author":[{"embeddable":true,"href":"https:\/\/www.enerlandgroup.com\/es\/wp-json\/wp\/v2\/users\/11"}],"replies":[{"embeddable":true,"href":"https:\/\/www.enerlandgroup.com\/es\/wp-json\/wp\/v2\/comments?post=18297"}],"version-history":[{"count":7,"href":"https:\/\/www.enerlandgroup.com\/es\/wp-json\/wp\/v2\/posts\/18297\/revisions"}],"predecessor-version":[{"id":18326,"href":"https:\/\/www.enerlandgroup.com\/es\/wp-json\/wp\/v2\/posts\/18297\/revisions\/18326"}],"wp:featuredmedia":[{"embeddable":true,"href":"https:\/\/www.enerlandgroup.com\/es\/wp-json\/wp\/v2\/media\/18304"}],"wp:attachment":[{"href":"https:\/\/www.enerlandgroup.com\/es\/wp-json\/wp\/v2\/media?parent=18297"}],"wp:term":[{"taxonomy":"category","embeddable":true,"href":"https:\/\/www.enerlandgroup.com\/es\/wp-json\/wp\/v2\/categories?post=18297"},{"taxonomy":"post_tag","embeddable":true,"href":"https:\/\/www.enerlandgroup.com\/es\/wp-json\/wp\/v2\/tags?post=18297"}],"curies":[{"name":"wp","href":"https:\/\/api.w.org\/{rel}","templated":true}]}}