{"id":17834,"date":"2023-10-10T09:04:07","date_gmt":"2023-10-10T07:04:07","guid":{"rendered":"https:\/\/www.enerlandgroup.com\/?p=17834"},"modified":"2023-12-15T12:58:34","modified_gmt":"2023-12-15T11:58:34","slug":"exposolar-colombia-2023","status":"publish","type":"post","link":"https:\/\/www.enerlandgroup.com\/es\/exposolar-colombia-2023\/","title":{"rendered":"ExpoSolar Colombia 2023"},"content":{"rendered":"<h2>Participamos en la ExpoSolar Colombia 2023 en su s\u00e9ptima edici\u00f3n, feria especializada en energ\u00eda solar y renovables que re\u00fane a los grandes profesionales del sector en el pa\u00eds.<\/h2>\n<p>&nbsp;<\/p>\n<p>La ExpoSolar Colombia 2023, celebrada entre los d\u00edas 4 y 6 de octubre en Medell\u00edn, ha servido como punto de encuentro para empresas y fabricantes, cient\u00edficos, pol\u00edticos y otros profesionales del sector de la energ\u00eda limpia en el pa\u00eds, con especial focalizaci\u00f3n en la solar fotovoltaica. Durante <a href=\"https:\/\/feriaexposolar.com\/\">la feria<\/a> se han puesto en com\u00fan los avances dados por la industria en Colombia y las nuevas soluciones propuestas, as\u00ed como los retos afrontados en el \u00faltimo a\u00f1o. \u00d3scar Berrio, country manager de Enerland Group en Colombia, ha asistido a esta edici\u00f3n de la ExpoSolar junto a otros dos miembros del equipo en el territorio colombiano, Rafael Rodr\u00edguez y Carolina Sandoval.<\/p>\n<p>Los tres han destacado la participaci\u00f3n en el evento como muy positiva, \u00abgenerando alianzas estrat\u00e9gicas tanto con clientes y proveedores para seguir adelante con los proyectos, y realizando un seguimiento a los avances en el mercado fotovoltaico, no solo con empresas del pa\u00eds sino tambi\u00e9n con compa\u00f1\u00edas extranjeras\u00bb. La exposici\u00f3n, que ha tenido lugar en el Centro internacional de Convenciones y Exposiciones Plaza Mayor Medell\u00edn, ha contado con m\u00e1s de 300 expositores, y con visitantes de m\u00e1s de 35 pa\u00edses. Adem\u00e1s de la feria, se ha llevado a cabo en paralelo el\u00a0 7\u00b0 Congreso Internacional sobre Energ\u00eda Solar Fotovoltaica, que en 2023 ha sido dedicado a la figura del instalador.<\/p>\n<p>&nbsp;<\/p>\n<h3>Enerland Group en Colombia<\/h3>\n<p>Enerland Group lleva seis a\u00f1os creciendo en Colombia, desde 2017. Este 2023 ha puesto en marcha <a href=\"https:\/\/www.enerlandgroup.com\/es\/finaliza-la-construccion-de-los-parques-fotovoltaicos-la-tolua-y-tierra-linda\/\">dos nuevos parques fotovoltaicos<\/a> en el pa\u00eds: a la planta Canal del Dique se han sumado La Tol\u00faa (26,19 MW) y Tierra Linda (12,71 MW), que llevan desde abril vertiendo energ\u00eda limpia al territorio. Contando con ambas plantas, Enerland Group ya ha superado los 100 MWp construidos en Am\u00e9rica Latina.<\/p>\n","protected":false},"excerpt":{"rendered":"<p>Participamos en la ExpoSolar Colombia 2023 en su s\u00e9ptima edici\u00f3n, feria especializada en energ\u00eda<\/p>\n","protected":false},"author":4,"featured_media":17853,"comment_status":"open","ping_status":"open","sticky":false,"template":"","format":"standard","meta":{"_et_pb_use_builder":"off","_et_pb_old_content":"","_et_gb_content_width":"","footnotes":""},"categories":[23,161],"tags":[],"class_list":["post-17834","post","type-post","status-publish","format-standard","has-post-thumbnail","hentry","category-corporativo","category-noticias"],"yoast_head":"<!-- This site is optimized with the Yoast SEO plugin v27.4 - https:\/\/yoast.com\/product\/yoast-seo-wordpress\/ -->\n<title>ExpoSolar Colombia 2023 - Enerland Energ\u00eda Renovable<\/title>\n<meta name=\"description\" content=\"Participamos en la ExpoSolar Colombia 2023, feria especializada en energ\u00eda solar y renovables que re\u00fane a grandes profesionales del sector.\" \/>\n<meta name=\"robots\" content=\"index, follow, max-snippet:-1, max-image-preview:large, max-video-preview:-1\" \/>\n<link rel=\"canonical\" href=\"https:\/\/www.enerlandgroup.com\/es\/exposolar-colombia-2023\/\" \/>\n<meta property=\"og:locale\" content=\"es_ES\" \/>\n<meta property=\"og:type\" content=\"article\" \/>\n<meta property=\"og:title\" content=\"ExpoSolar Colombia 2023 - Enerland Energ\u00eda Renovable\" \/>\n<meta property=\"og:description\" content=\"Participamos en la ExpoSolar Colombia 2023, feria especializada en energ\u00eda solar y renovables que re\u00fane a grandes profesionales del sector.\" \/>\n<meta property=\"og:url\" content=\"https:\/\/www.enerlandgroup.com\/es\/exposolar-colombia-2023\/\" \/>\n<meta property=\"og:site_name\" content=\"Enerland Energ\u00eda Renovable\" \/>\n<meta property=\"article:published_time\" content=\"2023-10-10T07:04:07+00:00\" \/>\n<meta property=\"article:modified_time\" content=\"2023-12-15T11:58:34+00:00\" \/>\n<meta property=\"og:image\" content=\"https:\/\/www.enerlandgroup.com\/wp-content\/uploads\/2023\/10\/exposolar-colombia-2023.jpg\" \/>\n\t<meta property=\"og:image:width\" content=\"1870\" \/>\n\t<meta property=\"og:image:height\" content=\"700\" \/>\n\t<meta property=\"og:image:type\" content=\"image\/jpeg\" \/>\n<meta name=\"author\" content=\"Pilar\" \/>\n<meta name=\"twitter:card\" content=\"summary_large_image\" \/>\n<script type=\"application\/ld+json\" class=\"yoast-schema-graph\">{\"@context\":\"https:\\\/\\\/schema.org\",\"@graph\":[{\"@type\":\"Article\",\"@id\":\"https:\\\/\\\/www.enerlandgroup.com\\\/es\\\/exposolar-colombia-2023\\\/#article\",\"isPartOf\":{\"@id\":\"https:\\\/\\\/www.enerlandgroup.com\\\/es\\\/exposolar-colombia-2023\\\/\"},\"author\":{\"name\":\"Pilar\",\"@id\":\"https:\\\/\\\/www.enerlandgroup.com\\\/es\\\/#\\\/schema\\\/person\\\/d842c1aed4fef077270deb261453486c\"},\"headline\":\"ExpoSolar Colombia 2023\",\"datePublished\":\"2023-10-10T07:04:07+00:00\",\"dateModified\":\"2023-12-15T11:58:34+00:00\",\"mainEntityOfPage\":{\"@id\":\"https:\\\/\\\/www.enerlandgroup.com\\\/es\\\/exposolar-colombia-2023\\\/\"},\"wordCount\":341,\"commentCount\":0,\"publisher\":{\"@id\":\"https:\\\/\\\/www.enerlandgroup.com\\\/es\\\/#organization\"},\"image\":{\"@id\":\"https:\\\/\\\/www.enerlandgroup.com\\\/es\\\/exposolar-colombia-2023\\\/#primaryimage\"},\"thumbnailUrl\":\"https:\\\/\\\/www.enerlandgroup.com\\\/wp-content\\\/uploads\\\/2023\\\/10\\\/exposolar-colombia-2023.jpg\",\"articleSection\":[\"Corporativo\",\"Noticias\"],\"inLanguage\":\"es\",\"potentialAction\":[{\"@type\":\"CommentAction\",\"name\":\"Comment\",\"target\":[\"https:\\\/\\\/www.enerlandgroup.com\\\/es\\\/exposolar-colombia-2023\\\/#respond\"]}]},{\"@type\":[\"WebPage\",\"ItemPage\"],\"@id\":\"https:\\\/\\\/www.enerlandgroup.com\\\/es\\\/exposolar-colombia-2023\\\/\",\"url\":\"https:\\\/\\\/www.enerlandgroup.com\\\/es\\\/exposolar-colombia-2023\\\/\",\"name\":\"ExpoSolar Colombia 2023 - Enerland Energ\u00eda Renovable\",\"isPartOf\":{\"@id\":\"https:\\\/\\\/www.enerlandgroup.com\\\/es\\\/#website\"},\"primaryImageOfPage\":{\"@id\":\"https:\\\/\\\/www.enerlandgroup.com\\\/es\\\/exposolar-colombia-2023\\\/#primaryimage\"},\"image\":{\"@id\":\"https:\\\/\\\/www.enerlandgroup.com\\\/es\\\/exposolar-colombia-2023\\\/#primaryimage\"},\"thumbnailUrl\":\"https:\\\/\\\/www.enerlandgroup.com\\\/wp-content\\\/uploads\\\/2023\\\/10\\\/exposolar-colombia-2023.jpg\",\"datePublished\":\"2023-10-10T07:04:07+00:00\",\"dateModified\":\"2023-12-15T11:58:34+00:00\",\"description\":\"Participamos en la ExpoSolar Colombia 2023, feria especializada en energ\u00eda solar y renovables que re\u00fane a grandes profesionales del sector.\",\"breadcrumb\":{\"@id\":\"https:\\\/\\\/www.enerlandgroup.com\\\/es\\\/exposolar-colombia-2023\\\/#breadcrumb\"},\"inLanguage\":\"es\",\"potentialAction\":[{\"@type\":\"ReadAction\",\"target\":[\"https:\\\/\\\/www.enerlandgroup.com\\\/es\\\/exposolar-colombia-2023\\\/\"]}]},{\"@type\":\"ImageObject\",\"inLanguage\":\"es\",\"@id\":\"https:\\\/\\\/www.enerlandgroup.com\\\/es\\\/exposolar-colombia-2023\\\/#primaryimage\",\"url\":\"https:\\\/\\\/www.enerlandgroup.com\\\/wp-content\\\/uploads\\\/2023\\\/10\\\/exposolar-colombia-2023.jpg\",\"contentUrl\":\"https:\\\/\\\/www.enerlandgroup.com\\\/wp-content\\\/uploads\\\/2023\\\/10\\\/exposolar-colombia-2023.jpg\",\"width\":1870,\"height\":700,\"caption\":\"ExpoSolar Colombia 2023\"},{\"@type\":\"BreadcrumbList\",\"@id\":\"https:\\\/\\\/www.enerlandgroup.com\\\/es\\\/exposolar-colombia-2023\\\/#breadcrumb\",\"itemListElement\":[{\"@type\":\"ListItem\",\"position\":1,\"name\":\"Inicio\",\"item\":\"https:\\\/\\\/www.enerlandgroup.com\\\/es\\\/\"},{\"@type\":\"ListItem\",\"position\":2,\"name\":\"ExpoSolar Colombia 2023\"}]},{\"@type\":\"WebSite\",\"@id\":\"https:\\\/\\\/www.enerlandgroup.com\\\/es\\\/#website\",\"url\":\"https:\\\/\\\/www.enerlandgroup.com\\\/es\\\/\",\"name\":\"Enerland Energ\u00eda Renovable\",\"description\":\"\",\"publisher\":{\"@id\":\"https:\\\/\\\/www.enerlandgroup.com\\\/es\\\/#organization\"},\"potentialAction\":[{\"@type\":\"SearchAction\",\"target\":{\"@type\":\"EntryPoint\",\"urlTemplate\":\"https:\\\/\\\/www.enerlandgroup.com\\\/es\\\/?s={search_term_string}\"},\"query-input\":{\"@type\":\"PropertyValueSpecification\",\"valueRequired\":true,\"valueName\":\"search_term_string\"}}],\"inLanguage\":\"es\"},{\"@type\":\"Organization\",\"@id\":\"https:\\\/\\\/www.enerlandgroup.com\\\/es\\\/#organization\",\"name\":\"Enerland Group\",\"url\":\"https:\\\/\\\/www.enerlandgroup.com\\\/es\\\/\",\"logo\":{\"@type\":\"ImageObject\",\"inLanguage\":\"es\",\"@id\":\"https:\\\/\\\/www.enerlandgroup.com\\\/es\\\/#\\\/schema\\\/logo\\\/image\\\/\",\"url\":\"https:\\\/\\\/www.enerlandgroup.com\\\/wp-content\\\/uploads\\\/2021\\\/05\\\/Logo_Enerland.png\",\"contentUrl\":\"https:\\\/\\\/www.enerlandgroup.com\\\/wp-content\\\/uploads\\\/2021\\\/05\\\/Logo_Enerland.png\",\"width\":184,\"height\":43,\"caption\":\"Enerland Group\"},\"image\":{\"@id\":\"https:\\\/\\\/www.enerlandgroup.com\\\/es\\\/#\\\/schema\\\/logo\\\/image\\\/\"},\"sameAs\":[\"https:\\\/\\\/www.linkedin.com\\\/company\\\/enerland-group\\\/\",\"https:\\\/\\\/www.youtube.com\\\/channel\\\/UCjdInbThgaPa2_D34vRChmA\"]},{\"@type\":\"Person\",\"@id\":\"https:\\\/\\\/www.enerlandgroup.com\\\/es\\\/#\\\/schema\\\/person\\\/d842c1aed4fef077270deb261453486c\",\"name\":\"Pilar\",\"image\":{\"@type\":\"ImageObject\",\"inLanguage\":\"es\",\"@id\":\"https:\\\/\\\/secure.gravatar.com\\\/avatar\\\/3e6e1323210dee16f137d8ab0ce7231001529459c2f5b2e4ec20c72d1fd442dc?s=96&d=mm&r=g\",\"url\":\"https:\\\/\\\/secure.gravatar.com\\\/avatar\\\/3e6e1323210dee16f137d8ab0ce7231001529459c2f5b2e4ec20c72d1fd442dc?s=96&d=mm&r=g\",\"contentUrl\":\"https:\\\/\\\/secure.gravatar.com\\\/avatar\\\/3e6e1323210dee16f137d8ab0ce7231001529459c2f5b2e4ec20c72d1fd442dc?s=96&d=mm&r=g\",\"caption\":\"Pilar\"},\"url\":\"https:\\\/\\\/www.enerlandgroup.com\\\/es\\\/author\\\/enerland\\\/\"}]}<\/script>\n<!-- \/ Yoast SEO plugin. -->","yoast_head_json":{"title":"ExpoSolar Colombia 2023 - Enerland Energ\u00eda Renovable","description":"Participamos en la ExpoSolar Colombia 2023, feria especializada en energ\u00eda solar y renovables que re\u00fane a grandes profesionales del sector.","robots":{"index":"index","follow":"follow","max-snippet":"max-snippet:-1","max-image-preview":"max-image-preview:large","max-video-preview":"max-video-preview:-1"},"canonical":"https:\/\/www.enerlandgroup.com\/es\/exposolar-colombia-2023\/","og_locale":"es_ES","og_type":"article","og_title":"ExpoSolar Colombia 2023 - Enerland Energ\u00eda Renovable","og_description":"Participamos en la ExpoSolar Colombia 2023, feria especializada en energ\u00eda solar y renovables que re\u00fane a grandes profesionales del sector.","og_url":"https:\/\/www.enerlandgroup.com\/es\/exposolar-colombia-2023\/","og_site_name":"Enerland Energ\u00eda Renovable","article_published_time":"2023-10-10T07:04:07+00:00","article_modified_time":"2023-12-15T11:58:34+00:00","og_image":[{"width":1870,"height":700,"url":"https:\/\/www.enerlandgroup.com\/wp-content\/uploads\/2023\/10\/exposolar-colombia-2023.jpg","type":"image\/jpeg"}],"author":"Pilar","twitter_card":"summary_large_image","schema":{"@context":"https:\/\/schema.org","@graph":[{"@type":"Article","@id":"https:\/\/www.enerlandgroup.com\/es\/exposolar-colombia-2023\/#article","isPartOf":{"@id":"https:\/\/www.enerlandgroup.com\/es\/exposolar-colombia-2023\/"},"author":{"name":"Pilar","@id":"https:\/\/www.enerlandgroup.com\/es\/#\/schema\/person\/d842c1aed4fef077270deb261453486c"},"headline":"ExpoSolar Colombia 2023","datePublished":"2023-10-10T07:04:07+00:00","dateModified":"2023-12-15T11:58:34+00:00","mainEntityOfPage":{"@id":"https:\/\/www.enerlandgroup.com\/es\/exposolar-colombia-2023\/"},"wordCount":341,"commentCount":0,"publisher":{"@id":"https:\/\/www.enerlandgroup.com\/es\/#organization"},"image":{"@id":"https:\/\/www.enerlandgroup.com\/es\/exposolar-colombia-2023\/#primaryimage"},"thumbnailUrl":"https:\/\/www.enerlandgroup.com\/wp-content\/uploads\/2023\/10\/exposolar-colombia-2023.jpg","articleSection":["Corporativo","Noticias"],"inLanguage":"es","potentialAction":[{"@type":"CommentAction","name":"Comment","target":["https:\/\/www.enerlandgroup.com\/es\/exposolar-colombia-2023\/#respond"]}]},{"@type":["WebPage","ItemPage"],"@id":"https:\/\/www.enerlandgroup.com\/es\/exposolar-colombia-2023\/","url":"https:\/\/www.enerlandgroup.com\/es\/exposolar-colombia-2023\/","name":"ExpoSolar Colombia 2023 - Enerland Energ\u00eda Renovable","isPartOf":{"@id":"https:\/\/www.enerlandgroup.com\/es\/#website"},"primaryImageOfPage":{"@id":"https:\/\/www.enerlandgroup.com\/es\/exposolar-colombia-2023\/#primaryimage"},"image":{"@id":"https:\/\/www.enerlandgroup.com\/es\/exposolar-colombia-2023\/#primaryimage"},"thumbnailUrl":"https:\/\/www.enerlandgroup.com\/wp-content\/uploads\/2023\/10\/exposolar-colombia-2023.jpg","datePublished":"2023-10-10T07:04:07+00:00","dateModified":"2023-12-15T11:58:34+00:00","description":"Participamos en la ExpoSolar Colombia 2023, feria especializada en energ\u00eda solar y renovables que re\u00fane a grandes profesionales del sector.","breadcrumb":{"@id":"https:\/\/www.enerlandgroup.com\/es\/exposolar-colombia-2023\/#breadcrumb"},"inLanguage":"es","potentialAction":[{"@type":"ReadAction","target":["https:\/\/www.enerlandgroup.com\/es\/exposolar-colombia-2023\/"]}]},{"@type":"ImageObject","inLanguage":"es","@id":"https:\/\/www.enerlandgroup.com\/es\/exposolar-colombia-2023\/#primaryimage","url":"https:\/\/www.enerlandgroup.com\/wp-content\/uploads\/2023\/10\/exposolar-colombia-2023.jpg","contentUrl":"https:\/\/www.enerlandgroup.com\/wp-content\/uploads\/2023\/10\/exposolar-colombia-2023.jpg","width":1870,"height":700,"caption":"ExpoSolar Colombia 2023"},{"@type":"BreadcrumbList","@id":"https:\/\/www.enerlandgroup.com\/es\/exposolar-colombia-2023\/#breadcrumb","itemListElement":[{"@type":"ListItem","position":1,"name":"Inicio","item":"https:\/\/www.enerlandgroup.com\/es\/"},{"@type":"ListItem","position":2,"name":"ExpoSolar Colombia 2023"}]},{"@type":"WebSite","@id":"https:\/\/www.enerlandgroup.com\/es\/#website","url":"https:\/\/www.enerlandgroup.com\/es\/","name":"Enerland Energ\u00eda Renovable","description":"","publisher":{"@id":"https:\/\/www.enerlandgroup.com\/es\/#organization"},"potentialAction":[{"@type":"SearchAction","target":{"@type":"EntryPoint","urlTemplate":"https:\/\/www.enerlandgroup.com\/es\/?s={search_term_string}"},"query-input":{"@type":"PropertyValueSpecification","valueRequired":true,"valueName":"search_term_string"}}],"inLanguage":"es"},{"@type":"Organization","@id":"https:\/\/www.enerlandgroup.com\/es\/#organization","name":"Enerland Group","url":"https:\/\/www.enerlandgroup.com\/es\/","logo":{"@type":"ImageObject","inLanguage":"es","@id":"https:\/\/www.enerlandgroup.com\/es\/#\/schema\/logo\/image\/","url":"https:\/\/www.enerlandgroup.com\/wp-content\/uploads\/2021\/05\/Logo_Enerland.png","contentUrl":"https:\/\/www.enerlandgroup.com\/wp-content\/uploads\/2021\/05\/Logo_Enerland.png","width":184,"height":43,"caption":"Enerland Group"},"image":{"@id":"https:\/\/www.enerlandgroup.com\/es\/#\/schema\/logo\/image\/"},"sameAs":["https:\/\/www.linkedin.com\/company\/enerland-group\/","https:\/\/www.youtube.com\/channel\/UCjdInbThgaPa2_D34vRChmA"]},{"@type":"Person","@id":"https:\/\/www.enerlandgroup.com\/es\/#\/schema\/person\/d842c1aed4fef077270deb261453486c","name":"Pilar","image":{"@type":"ImageObject","inLanguage":"es","@id":"https:\/\/secure.gravatar.com\/avatar\/3e6e1323210dee16f137d8ab0ce7231001529459c2f5b2e4ec20c72d1fd442dc?s=96&d=mm&r=g","url":"https:\/\/secure.gravatar.com\/avatar\/3e6e1323210dee16f137d8ab0ce7231001529459c2f5b2e4ec20c72d1fd442dc?s=96&d=mm&r=g","contentUrl":"https:\/\/secure.gravatar.com\/avatar\/3e6e1323210dee16f137d8ab0ce7231001529459c2f5b2e4ec20c72d1fd442dc?s=96&d=mm&r=g","caption":"Pilar"},"url":"https:\/\/www.enerlandgroup.com\/es\/author\/enerland\/"}]}},"jetpack_featured_media_url":"https:\/\/www.enerlandgroup.com\/wp-content\/uploads\/2023\/10\/exposolar-colombia-2023.jpg","_links":{"self":[{"href":"https:\/\/www.enerlandgroup.com\/es\/wp-json\/wp\/v2\/posts\/17834","targetHints":{"allow":["GET"]}}],"collection":[{"href":"https:\/\/www.enerlandgroup.com\/es\/wp-json\/wp\/v2\/posts"}],"about":[{"href":"https:\/\/www.enerlandgroup.com\/es\/wp-json\/wp\/v2\/types\/post"}],"author":[{"embeddable":true,"href":"https:\/\/www.enerlandgroup.com\/es\/wp-json\/wp\/v2\/users\/4"}],"replies":[{"embeddable":true,"href":"https:\/\/www.enerlandgroup.com\/es\/wp-json\/wp\/v2\/comments?post=17834"}],"version-history":[{"count":6,"href":"https:\/\/www.enerlandgroup.com\/es\/wp-json\/wp\/v2\/posts\/17834\/revisions"}],"predecessor-version":[{"id":18186,"href":"https:\/\/www.enerlandgroup.com\/es\/wp-json\/wp\/v2\/posts\/17834\/revisions\/18186"}],"wp:featuredmedia":[{"embeddable":true,"href":"https:\/\/www.enerlandgroup.com\/es\/wp-json\/wp\/v2\/media\/17853"}],"wp:attachment":[{"href":"https:\/\/www.enerlandgroup.com\/es\/wp-json\/wp\/v2\/media?parent=17834"}],"wp:term":[{"taxonomy":"category","embeddable":true,"href":"https:\/\/www.enerlandgroup.com\/es\/wp-json\/wp\/v2\/categories?post=17834"},{"taxonomy":"post_tag","embeddable":true,"href":"https:\/\/www.enerlandgroup.com\/es\/wp-json\/wp\/v2\/tags?post=17834"}],"curies":[{"name":"wp","href":"https:\/\/api.w.org\/{rel}","templated":true}]}}