{"id":17800,"date":"2023-10-09T10:05:45","date_gmt":"2023-10-09T08:05:45","guid":{"rendered":"https:\/\/www.enerlandgroup.com\/?p=17800"},"modified":"2023-12-15T12:57:07","modified_gmt":"2023-12-15T11:57:07","slug":"enerland-group-asiste-al-x-foro-solar-de-la-unef","status":"publish","type":"post","link":"https:\/\/www.enerlandgroup.com\/es\/enerland-group-asiste-al-x-foro-solar-de-la-unef\/","title":{"rendered":"Enerland Group asiste al X Foro Solar de la UNEF"},"content":{"rendered":"<h2>Enerland Group asiste al X Foro Solar de la UNEF (Uni\u00f3n Espa\u00f1ola Fotovoltaica), evento de referencia del sector solar fotovoltaico en el pa\u00eds. Este a\u00f1o, el encuentro, celebrado los d\u00edas 4 y 5 de octubre en Madrid, ha conmemorado su d\u00e9cimo aniversario batiendo r\u00e9cords de asistencia.<\/h2>\n<p>&nbsp;<\/p>\n<p>Las dos jornadas del <a href=\"https:\/\/www.unef.es\/es\/evento\/x-foro-solar\">Foro Solar<\/a> contaron con la participaci\u00f3n de m\u00e1s de 1.200 profesionales y m\u00e1s de 70 ponentes, entre los que se incluyeron cargos de numerosas empresas de la industria, figuras pol\u00edticas y representantes de distintas instituciones. Las cifras r\u00e9cord reafirmaron la idea de que el sector fotovoltaico ha quedado establecido como una apuesta segura para la descarbonizaci\u00f3n de la econom\u00eda y el futuro en materia energ\u00e9tica.<\/p>\n<p>Adem\u00e1s de celebrar las mejoras y el desarrollo de la industria, en el Foro se pusieron sobre la mesa tanto los desaf\u00edos como los principales retos que quedan pendientes de incorporar a la actividad sectorial. De este modo, se espera que la participaci\u00f3n social, la econom\u00eda circular, el autoconsumo y las comunidades energ\u00e9ticas marquen los objetivos del pr\u00f3ximo Foro Solar.<\/p>\n<p>&nbsp;<\/p>\n<h3>Nuestra experiencia en el X Foro Solar<\/h3>\n<p>&nbsp;<\/p>\n<p>En representaci\u00f3n de la empresa, a esta cita acudieron el CEO de Enerland Group, Manuel Balet, y parte de nuestro <a href=\"https:\/\/www.enerlandgroup.com\/es\/desarrollo\/\">Departamento de Desarrollos<\/a>. Daisy Rodr\u00edguez, Responsable de Medioambiente, ha destacado la labor de los ponentes: \u00abHicieron un repaso del buen momento que est\u00e1 atravesando el sector de las energ\u00edas renovables; pero tambi\u00e9n abordaron los obst\u00e1culos a los que se enfrentan los promotores, inversores y proveedores como las largas tramitaciones administrativas, la falta de planificaci\u00f3n para las siguientes subastas que frena el desarrollo de nuevos proyectos e la incertidumbre de los modelos financieros\u00bb.<\/p>\n<p>Como ya hemos comentado, el sector fotovoltaico se encuentra en constante evoluci\u00f3n, por lo que la formaci\u00f3n de todos los profesionales implicados en \u00e9l debe ser continua. Desde Enerland Group, ponemos en valor dicha labor de aprendizaje tambi\u00e9n a trav\u00e9s de eventos como el Foro Solar, que nos permiten optimizar el desarrollo de nuestra actividad.<\/p>\n","protected":false},"excerpt":{"rendered":"<p>Enerland Group asiste al X Foro Solar de la UNEF (Uni\u00f3n Espa\u00f1ola Fotovoltaica), evento<\/p>\n","protected":false},"author":4,"featured_media":17827,"comment_status":"open","ping_status":"open","sticky":false,"template":"","format":"standard","meta":{"_et_pb_use_builder":"","_et_pb_old_content":"","_et_gb_content_width":"","footnotes":""},"categories":[23,161],"tags":[],"class_list":["post-17800","post","type-post","status-publish","format-standard","has-post-thumbnail","hentry","category-corporativo","category-noticias"],"yoast_head":"<!-- This site is optimized with the Yoast SEO plugin v27.4 - https:\/\/yoast.com\/product\/yoast-seo-wordpress\/ -->\n<title>Enerland Group asiste al X Foro Solar de la UNEF - Enerland Energ\u00eda Renovable<\/title>\n<meta name=\"description\" content=\"Enerland Group asiste al X Foro Solar de la UNEF (Uni\u00f3n Espa\u00f1ola Fotovoltaica), evento de referencia del sector solar fotovoltaico en el pa\u00eds.\" \/>\n<meta name=\"robots\" content=\"index, follow, max-snippet:-1, max-image-preview:large, max-video-preview:-1\" \/>\n<link rel=\"canonical\" href=\"https:\/\/www.enerlandgroup.com\/es\/enerland-group-asiste-al-x-foro-solar-de-la-unef\/\" \/>\n<meta property=\"og:locale\" content=\"es_ES\" \/>\n<meta property=\"og:type\" content=\"article\" \/>\n<meta property=\"og:title\" content=\"Enerland Group asiste al X Foro Solar de la UNEF - Enerland Energ\u00eda Renovable\" \/>\n<meta property=\"og:description\" content=\"Enerland Group asiste al X Foro Solar de la UNEF (Uni\u00f3n Espa\u00f1ola Fotovoltaica), evento de referencia del sector solar fotovoltaico en el pa\u00eds.\" \/>\n<meta property=\"og:url\" content=\"https:\/\/www.enerlandgroup.com\/es\/enerland-group-asiste-al-x-foro-solar-de-la-unef\/\" \/>\n<meta property=\"og:site_name\" content=\"Enerland Energ\u00eda Renovable\" \/>\n<meta property=\"article:published_time\" content=\"2023-10-09T08:05:45+00:00\" \/>\n<meta property=\"article:modified_time\" content=\"2023-12-15T11:57:07+00:00\" \/>\n<meta property=\"og:image\" content=\"https:\/\/www.enerlandgroup.com\/wp-content\/uploads\/2023\/10\/xforosolarunef.jpg\" \/>\n\t<meta property=\"og:image:width\" content=\"1870\" \/>\n\t<meta property=\"og:image:height\" content=\"700\" \/>\n\t<meta property=\"og:image:type\" content=\"image\/jpeg\" \/>\n<meta name=\"author\" content=\"Pilar\" \/>\n<meta name=\"twitter:card\" content=\"summary_large_image\" \/>\n<script type=\"application\/ld+json\" class=\"yoast-schema-graph\">{\"@context\":\"https:\\\/\\\/schema.org\",\"@graph\":[{\"@type\":\"Article\",\"@id\":\"https:\\\/\\\/www.enerlandgroup.com\\\/es\\\/enerland-group-asiste-al-x-foro-solar-de-la-unef\\\/#article\",\"isPartOf\":{\"@id\":\"https:\\\/\\\/www.enerlandgroup.com\\\/es\\\/enerland-group-asiste-al-x-foro-solar-de-la-unef\\\/\"},\"author\":{\"name\":\"Pilar\",\"@id\":\"https:\\\/\\\/www.enerlandgroup.com\\\/es\\\/#\\\/schema\\\/person\\\/d842c1aed4fef077270deb261453486c\"},\"headline\":\"Enerland Group asiste al X Foro Solar de la UNEF\",\"datePublished\":\"2023-10-09T08:05:45+00:00\",\"dateModified\":\"2023-12-15T11:57:07+00:00\",\"mainEntityOfPage\":{\"@id\":\"https:\\\/\\\/www.enerlandgroup.com\\\/es\\\/enerland-group-asiste-al-x-foro-solar-de-la-unef\\\/\"},\"wordCount\":369,\"commentCount\":0,\"publisher\":{\"@id\":\"https:\\\/\\\/www.enerlandgroup.com\\\/es\\\/#organization\"},\"image\":{\"@id\":\"https:\\\/\\\/www.enerlandgroup.com\\\/es\\\/enerland-group-asiste-al-x-foro-solar-de-la-unef\\\/#primaryimage\"},\"thumbnailUrl\":\"https:\\\/\\\/www.enerlandgroup.com\\\/wp-content\\\/uploads\\\/2023\\\/10\\\/xforosolarunef.jpg\",\"articleSection\":[\"Corporativo\",\"Noticias\"],\"inLanguage\":\"es\",\"potentialAction\":[{\"@type\":\"CommentAction\",\"name\":\"Comment\",\"target\":[\"https:\\\/\\\/www.enerlandgroup.com\\\/es\\\/enerland-group-asiste-al-x-foro-solar-de-la-unef\\\/#respond\"]}]},{\"@type\":[\"WebPage\",\"ItemPage\"],\"@id\":\"https:\\\/\\\/www.enerlandgroup.com\\\/es\\\/enerland-group-asiste-al-x-foro-solar-de-la-unef\\\/\",\"url\":\"https:\\\/\\\/www.enerlandgroup.com\\\/es\\\/enerland-group-asiste-al-x-foro-solar-de-la-unef\\\/\",\"name\":\"Enerland Group asiste al X Foro Solar de la UNEF - Enerland Energ\u00eda Renovable\",\"isPartOf\":{\"@id\":\"https:\\\/\\\/www.enerlandgroup.com\\\/es\\\/#website\"},\"primaryImageOfPage\":{\"@id\":\"https:\\\/\\\/www.enerlandgroup.com\\\/es\\\/enerland-group-asiste-al-x-foro-solar-de-la-unef\\\/#primaryimage\"},\"image\":{\"@id\":\"https:\\\/\\\/www.enerlandgroup.com\\\/es\\\/enerland-group-asiste-al-x-foro-solar-de-la-unef\\\/#primaryimage\"},\"thumbnailUrl\":\"https:\\\/\\\/www.enerlandgroup.com\\\/wp-content\\\/uploads\\\/2023\\\/10\\\/xforosolarunef.jpg\",\"datePublished\":\"2023-10-09T08:05:45+00:00\",\"dateModified\":\"2023-12-15T11:57:07+00:00\",\"description\":\"Enerland Group asiste al X Foro Solar de la UNEF (Uni\u00f3n Espa\u00f1ola Fotovoltaica), evento de referencia del sector solar fotovoltaico en el pa\u00eds.\",\"breadcrumb\":{\"@id\":\"https:\\\/\\\/www.enerlandgroup.com\\\/es\\\/enerland-group-asiste-al-x-foro-solar-de-la-unef\\\/#breadcrumb\"},\"inLanguage\":\"es\",\"potentialAction\":[{\"@type\":\"ReadAction\",\"target\":[\"https:\\\/\\\/www.enerlandgroup.com\\\/es\\\/enerland-group-asiste-al-x-foro-solar-de-la-unef\\\/\"]}]},{\"@type\":\"ImageObject\",\"inLanguage\":\"es\",\"@id\":\"https:\\\/\\\/www.enerlandgroup.com\\\/es\\\/enerland-group-asiste-al-x-foro-solar-de-la-unef\\\/#primaryimage\",\"url\":\"https:\\\/\\\/www.enerlandgroup.com\\\/wp-content\\\/uploads\\\/2023\\\/10\\\/xforosolarunef.jpg\",\"contentUrl\":\"https:\\\/\\\/www.enerlandgroup.com\\\/wp-content\\\/uploads\\\/2023\\\/10\\\/xforosolarunef.jpg\",\"width\":1870,\"height\":700},{\"@type\":\"BreadcrumbList\",\"@id\":\"https:\\\/\\\/www.enerlandgroup.com\\\/es\\\/enerland-group-asiste-al-x-foro-solar-de-la-unef\\\/#breadcrumb\",\"itemListElement\":[{\"@type\":\"ListItem\",\"position\":1,\"name\":\"Inicio\",\"item\":\"https:\\\/\\\/www.enerlandgroup.com\\\/es\\\/\"},{\"@type\":\"ListItem\",\"position\":2,\"name\":\"Enerland Group asiste al X Foro Solar de la UNEF\"}]},{\"@type\":\"WebSite\",\"@id\":\"https:\\\/\\\/www.enerlandgroup.com\\\/es\\\/#website\",\"url\":\"https:\\\/\\\/www.enerlandgroup.com\\\/es\\\/\",\"name\":\"Enerland Energ\u00eda Renovable\",\"description\":\"\",\"publisher\":{\"@id\":\"https:\\\/\\\/www.enerlandgroup.com\\\/es\\\/#organization\"},\"potentialAction\":[{\"@type\":\"SearchAction\",\"target\":{\"@type\":\"EntryPoint\",\"urlTemplate\":\"https:\\\/\\\/www.enerlandgroup.com\\\/es\\\/?s={search_term_string}\"},\"query-input\":{\"@type\":\"PropertyValueSpecification\",\"valueRequired\":true,\"valueName\":\"search_term_string\"}}],\"inLanguage\":\"es\"},{\"@type\":\"Organization\",\"@id\":\"https:\\\/\\\/www.enerlandgroup.com\\\/es\\\/#organization\",\"name\":\"Enerland Group\",\"url\":\"https:\\\/\\\/www.enerlandgroup.com\\\/es\\\/\",\"logo\":{\"@type\":\"ImageObject\",\"inLanguage\":\"es\",\"@id\":\"https:\\\/\\\/www.enerlandgroup.com\\\/es\\\/#\\\/schema\\\/logo\\\/image\\\/\",\"url\":\"https:\\\/\\\/www.enerlandgroup.com\\\/wp-content\\\/uploads\\\/2021\\\/05\\\/Logo_Enerland.png\",\"contentUrl\":\"https:\\\/\\\/www.enerlandgroup.com\\\/wp-content\\\/uploads\\\/2021\\\/05\\\/Logo_Enerland.png\",\"width\":184,\"height\":43,\"caption\":\"Enerland Group\"},\"image\":{\"@id\":\"https:\\\/\\\/www.enerlandgroup.com\\\/es\\\/#\\\/schema\\\/logo\\\/image\\\/\"},\"sameAs\":[\"https:\\\/\\\/www.linkedin.com\\\/company\\\/enerland-group\\\/\",\"https:\\\/\\\/www.youtube.com\\\/channel\\\/UCjdInbThgaPa2_D34vRChmA\"]},{\"@type\":\"Person\",\"@id\":\"https:\\\/\\\/www.enerlandgroup.com\\\/es\\\/#\\\/schema\\\/person\\\/d842c1aed4fef077270deb261453486c\",\"name\":\"Pilar\",\"image\":{\"@type\":\"ImageObject\",\"inLanguage\":\"es\",\"@id\":\"https:\\\/\\\/secure.gravatar.com\\\/avatar\\\/3e6e1323210dee16f137d8ab0ce7231001529459c2f5b2e4ec20c72d1fd442dc?s=96&d=mm&r=g\",\"url\":\"https:\\\/\\\/secure.gravatar.com\\\/avatar\\\/3e6e1323210dee16f137d8ab0ce7231001529459c2f5b2e4ec20c72d1fd442dc?s=96&d=mm&r=g\",\"contentUrl\":\"https:\\\/\\\/secure.gravatar.com\\\/avatar\\\/3e6e1323210dee16f137d8ab0ce7231001529459c2f5b2e4ec20c72d1fd442dc?s=96&d=mm&r=g\",\"caption\":\"Pilar\"},\"url\":\"https:\\\/\\\/www.enerlandgroup.com\\\/es\\\/author\\\/enerland\\\/\"}]}<\/script>\n<!-- \/ Yoast SEO plugin. -->","yoast_head_json":{"title":"Enerland Group asiste al X Foro Solar de la UNEF - Enerland Energ\u00eda Renovable","description":"Enerland Group asiste al X Foro Solar de la UNEF (Uni\u00f3n Espa\u00f1ola Fotovoltaica), evento de referencia del sector solar fotovoltaico en el pa\u00eds.","robots":{"index":"index","follow":"follow","max-snippet":"max-snippet:-1","max-image-preview":"max-image-preview:large","max-video-preview":"max-video-preview:-1"},"canonical":"https:\/\/www.enerlandgroup.com\/es\/enerland-group-asiste-al-x-foro-solar-de-la-unef\/","og_locale":"es_ES","og_type":"article","og_title":"Enerland Group asiste al X Foro Solar de la UNEF - Enerland Energ\u00eda Renovable","og_description":"Enerland Group asiste al X Foro Solar de la UNEF (Uni\u00f3n Espa\u00f1ola Fotovoltaica), evento de referencia del sector solar fotovoltaico en el pa\u00eds.","og_url":"https:\/\/www.enerlandgroup.com\/es\/enerland-group-asiste-al-x-foro-solar-de-la-unef\/","og_site_name":"Enerland Energ\u00eda Renovable","article_published_time":"2023-10-09T08:05:45+00:00","article_modified_time":"2023-12-15T11:57:07+00:00","og_image":[{"width":1870,"height":700,"url":"https:\/\/www.enerlandgroup.com\/wp-content\/uploads\/2023\/10\/xforosolarunef.jpg","type":"image\/jpeg"}],"author":"Pilar","twitter_card":"summary_large_image","schema":{"@context":"https:\/\/schema.org","@graph":[{"@type":"Article","@id":"https:\/\/www.enerlandgroup.com\/es\/enerland-group-asiste-al-x-foro-solar-de-la-unef\/#article","isPartOf":{"@id":"https:\/\/www.enerlandgroup.com\/es\/enerland-group-asiste-al-x-foro-solar-de-la-unef\/"},"author":{"name":"Pilar","@id":"https:\/\/www.enerlandgroup.com\/es\/#\/schema\/person\/d842c1aed4fef077270deb261453486c"},"headline":"Enerland Group asiste al X Foro Solar de la UNEF","datePublished":"2023-10-09T08:05:45+00:00","dateModified":"2023-12-15T11:57:07+00:00","mainEntityOfPage":{"@id":"https:\/\/www.enerlandgroup.com\/es\/enerland-group-asiste-al-x-foro-solar-de-la-unef\/"},"wordCount":369,"commentCount":0,"publisher":{"@id":"https:\/\/www.enerlandgroup.com\/es\/#organization"},"image":{"@id":"https:\/\/www.enerlandgroup.com\/es\/enerland-group-asiste-al-x-foro-solar-de-la-unef\/#primaryimage"},"thumbnailUrl":"https:\/\/www.enerlandgroup.com\/wp-content\/uploads\/2023\/10\/xforosolarunef.jpg","articleSection":["Corporativo","Noticias"],"inLanguage":"es","potentialAction":[{"@type":"CommentAction","name":"Comment","target":["https:\/\/www.enerlandgroup.com\/es\/enerland-group-asiste-al-x-foro-solar-de-la-unef\/#respond"]}]},{"@type":["WebPage","ItemPage"],"@id":"https:\/\/www.enerlandgroup.com\/es\/enerland-group-asiste-al-x-foro-solar-de-la-unef\/","url":"https:\/\/www.enerlandgroup.com\/es\/enerland-group-asiste-al-x-foro-solar-de-la-unef\/","name":"Enerland Group asiste al X Foro Solar de la UNEF - Enerland Energ\u00eda Renovable","isPartOf":{"@id":"https:\/\/www.enerlandgroup.com\/es\/#website"},"primaryImageOfPage":{"@id":"https:\/\/www.enerlandgroup.com\/es\/enerland-group-asiste-al-x-foro-solar-de-la-unef\/#primaryimage"},"image":{"@id":"https:\/\/www.enerlandgroup.com\/es\/enerland-group-asiste-al-x-foro-solar-de-la-unef\/#primaryimage"},"thumbnailUrl":"https:\/\/www.enerlandgroup.com\/wp-content\/uploads\/2023\/10\/xforosolarunef.jpg","datePublished":"2023-10-09T08:05:45+00:00","dateModified":"2023-12-15T11:57:07+00:00","description":"Enerland Group asiste al X Foro Solar de la UNEF (Uni\u00f3n Espa\u00f1ola Fotovoltaica), evento de referencia del sector solar fotovoltaico en el pa\u00eds.","breadcrumb":{"@id":"https:\/\/www.enerlandgroup.com\/es\/enerland-group-asiste-al-x-foro-solar-de-la-unef\/#breadcrumb"},"inLanguage":"es","potentialAction":[{"@type":"ReadAction","target":["https:\/\/www.enerlandgroup.com\/es\/enerland-group-asiste-al-x-foro-solar-de-la-unef\/"]}]},{"@type":"ImageObject","inLanguage":"es","@id":"https:\/\/www.enerlandgroup.com\/es\/enerland-group-asiste-al-x-foro-solar-de-la-unef\/#primaryimage","url":"https:\/\/www.enerlandgroup.com\/wp-content\/uploads\/2023\/10\/xforosolarunef.jpg","contentUrl":"https:\/\/www.enerlandgroup.com\/wp-content\/uploads\/2023\/10\/xforosolarunef.jpg","width":1870,"height":700},{"@type":"BreadcrumbList","@id":"https:\/\/www.enerlandgroup.com\/es\/enerland-group-asiste-al-x-foro-solar-de-la-unef\/#breadcrumb","itemListElement":[{"@type":"ListItem","position":1,"name":"Inicio","item":"https:\/\/www.enerlandgroup.com\/es\/"},{"@type":"ListItem","position":2,"name":"Enerland Group asiste al X Foro Solar de la UNEF"}]},{"@type":"WebSite","@id":"https:\/\/www.enerlandgroup.com\/es\/#website","url":"https:\/\/www.enerlandgroup.com\/es\/","name":"Enerland Energ\u00eda Renovable","description":"","publisher":{"@id":"https:\/\/www.enerlandgroup.com\/es\/#organization"},"potentialAction":[{"@type":"SearchAction","target":{"@type":"EntryPoint","urlTemplate":"https:\/\/www.enerlandgroup.com\/es\/?s={search_term_string}"},"query-input":{"@type":"PropertyValueSpecification","valueRequired":true,"valueName":"search_term_string"}}],"inLanguage":"es"},{"@type":"Organization","@id":"https:\/\/www.enerlandgroup.com\/es\/#organization","name":"Enerland Group","url":"https:\/\/www.enerlandgroup.com\/es\/","logo":{"@type":"ImageObject","inLanguage":"es","@id":"https:\/\/www.enerlandgroup.com\/es\/#\/schema\/logo\/image\/","url":"https:\/\/www.enerlandgroup.com\/wp-content\/uploads\/2021\/05\/Logo_Enerland.png","contentUrl":"https:\/\/www.enerlandgroup.com\/wp-content\/uploads\/2021\/05\/Logo_Enerland.png","width":184,"height":43,"caption":"Enerland Group"},"image":{"@id":"https:\/\/www.enerlandgroup.com\/es\/#\/schema\/logo\/image\/"},"sameAs":["https:\/\/www.linkedin.com\/company\/enerland-group\/","https:\/\/www.youtube.com\/channel\/UCjdInbThgaPa2_D34vRChmA"]},{"@type":"Person","@id":"https:\/\/www.enerlandgroup.com\/es\/#\/schema\/person\/d842c1aed4fef077270deb261453486c","name":"Pilar","image":{"@type":"ImageObject","inLanguage":"es","@id":"https:\/\/secure.gravatar.com\/avatar\/3e6e1323210dee16f137d8ab0ce7231001529459c2f5b2e4ec20c72d1fd442dc?s=96&d=mm&r=g","url":"https:\/\/secure.gravatar.com\/avatar\/3e6e1323210dee16f137d8ab0ce7231001529459c2f5b2e4ec20c72d1fd442dc?s=96&d=mm&r=g","contentUrl":"https:\/\/secure.gravatar.com\/avatar\/3e6e1323210dee16f137d8ab0ce7231001529459c2f5b2e4ec20c72d1fd442dc?s=96&d=mm&r=g","caption":"Pilar"},"url":"https:\/\/www.enerlandgroup.com\/es\/author\/enerland\/"}]}},"jetpack_featured_media_url":"https:\/\/www.enerlandgroup.com\/wp-content\/uploads\/2023\/10\/xforosolarunef.jpg","_links":{"self":[{"href":"https:\/\/www.enerlandgroup.com\/es\/wp-json\/wp\/v2\/posts\/17800","targetHints":{"allow":["GET"]}}],"collection":[{"href":"https:\/\/www.enerlandgroup.com\/es\/wp-json\/wp\/v2\/posts"}],"about":[{"href":"https:\/\/www.enerlandgroup.com\/es\/wp-json\/wp\/v2\/types\/post"}],"author":[{"embeddable":true,"href":"https:\/\/www.enerlandgroup.com\/es\/wp-json\/wp\/v2\/users\/4"}],"replies":[{"embeddable":true,"href":"https:\/\/www.enerlandgroup.com\/es\/wp-json\/wp\/v2\/comments?post=17800"}],"version-history":[{"count":6,"href":"https:\/\/www.enerlandgroup.com\/es\/wp-json\/wp\/v2\/posts\/17800\/revisions"}],"predecessor-version":[{"id":17830,"href":"https:\/\/www.enerlandgroup.com\/es\/wp-json\/wp\/v2\/posts\/17800\/revisions\/17830"}],"wp:featuredmedia":[{"embeddable":true,"href":"https:\/\/www.enerlandgroup.com\/es\/wp-json\/wp\/v2\/media\/17827"}],"wp:attachment":[{"href":"https:\/\/www.enerlandgroup.com\/es\/wp-json\/wp\/v2\/media?parent=17800"}],"wp:term":[{"taxonomy":"category","embeddable":true,"href":"https:\/\/www.enerlandgroup.com\/es\/wp-json\/wp\/v2\/categories?post=17800"},{"taxonomy":"post_tag","embeddable":true,"href":"https:\/\/www.enerlandgroup.com\/es\/wp-json\/wp\/v2\/tags?post=17800"}],"curies":[{"name":"wp","href":"https:\/\/api.w.org\/{rel}","templated":true}]}}