{"id":17765,"date":"2023-10-06T08:16:29","date_gmt":"2023-10-06T06:16:29","guid":{"rendered":"https:\/\/www.enerlandgroup.com\/?p=17765"},"modified":"2023-11-10T08:35:14","modified_gmt":"2023-11-10T07:35:14","slug":"enerland-asiste-a-la-jornada-rentabilidad-economica-y-agenda-2030","status":"publish","type":"post","link":"https:\/\/www.enerlandgroup.com\/es\/enerland-asiste-a-la-jornada-rentabilidad-economica-y-agenda-2030\/","title":{"rendered":"Enerland asiste a la jornada Rentabilidad Econ\u00f3mica y Agenda 2030"},"content":{"rendered":"<h2>Enerland Group asiste a la jornada Rentabilidad Econ\u00f3mica y Agenda 2030, organizada por el Pacto Mundial Red Espa\u00f1a, el Instituto Aragon\u00e9s de Fomento y la Fundaci\u00f3n Ibercaja.<\/h2>\n<p>&nbsp;<\/p>\n<p>Ayer tuvo lugar la jornada Rentabilidad Econ\u00f3mica y Agenda 2030, organizado por el Pacto Mundial Red Espa\u00f1a, el Instituto Aragon\u00e9s de Fomento y la Fundaci\u00f3n Ibercaja, en el Patio de la Infanta, en Zaragoza. Convencidos de que la rentabilidad econ\u00f3mica pasa por lograr una producci\u00f3n m\u00e1s sostenible, durante la charla se present\u00f3 el informe \u00abSostenibilidad y rentabilidad econ\u00f3mica\u00bb en el mercado de la Semana de la Educaci\u00f3n Financiera. Adem\u00e1s, para finalizar la ponencia, empresas con sede en Zaragoza, como Begner, presentaron sus casos de \u00e9xito en los ODS m\u00e1s estrat\u00e9gicos en sus negocios.<\/p>\n<p>Actualmente, el avance de los <span class=\"TextRun SCXW152672265 BCX0\" lang=\"ES-ES\" xml:lang=\"ES-ES\" data-contrast=\"auto\"><span class=\"NormalTextRun SCXW152672265 BCX0\">compromisos con los ODS es muy lento y poco ambicioso: desde el Pacto Mundial proponen un mayor an\u00e1lisis por parte de las empresas, firmando compromisos al respecto con objetivos cuantitativos establecidos con fecha l\u00edmite. <span class=\"TextRun SCXW114855152 BCX0\" lang=\"ES-ES\" xml:lang=\"ES-ES\" data-contrast=\"auto\"><span class=\"NormalTextRun SCXW114855152 BCX0\">Est\u00e1 previsto que en torno a un 15% de los objetivos marcados por la Agenda 2030 se cumplan a tiempo, pero en la mayor\u00eda restante los datos muestran que o se ha detenido el avance, o incluso se ha retrocedido debido a la consecuci\u00f3n de las crisis de los \u00faltimos a\u00f1os.\u00a0<\/span><\/span><\/span><\/span><\/p>\n<p>&nbsp;<\/p>\n<h3>Socios del Pacto Mundial de las Naciones Unidas<\/h3>\n<p>Enerland Group, compa\u00f1\u00eda multinacional de energ\u00eda renovables, <a href=\"https:\/\/www.enerlandgroup.com\/es\/pacto-mundial-de-las-naciones-unidas\/\">consolida su compromiso con el Pacto Mundial de las Naciones Unidas<\/a>, la mayor iniciativa de sostenibilidad corporativa del mundo, esta vez como socios.\u00a0<a href=\"https:\/\/unglobalcompact.org\/what-is-gc\/participants\/149244\">Comprometidos desde sus inicios con los Diez Principios<\/a> universalmente aceptados en las \u00e1reas de derechos humanos, normas laborales, medioambiente y lucha contra la corrupci\u00f3n, se unen a las m\u00e1s de 21.000 entidades adheridas en m\u00e1s de 160 pa\u00edses a nivel global. En concreto, en Espa\u00f1a, se suma a las 2.100 empresas que conforman la Red Local m\u00e1s importante del mundo, tanto en n\u00famero de asociados, como en Informes de Progreso o memorias de sostenibilidad presentadas.<\/p>\n","protected":false},"excerpt":{"rendered":"<p>Enerland Group asiste a la jornada Rentabilidad Econ\u00f3mica y Agenda 2030, organizada por el<\/p>\n","protected":false},"author":11,"featured_media":17773,"comment_status":"open","ping_status":"open","sticky":false,"template":"","format":"standard","meta":{"_et_pb_use_builder":"","_et_pb_old_content":"","_et_gb_content_width":"","footnotes":""},"categories":[23,161,25],"tags":[],"class_list":["post-17765","post","type-post","status-publish","format-standard","has-post-thumbnail","hentry","category-corporativo","category-noticias","category-sostenibilidad-y-medio-ambiente"],"yoast_head":"<!-- This site is optimized with the Yoast SEO plugin v27.4 - https:\/\/yoast.com\/product\/yoast-seo-wordpress\/ -->\n<title>Enerland asiste a la jornada Rentabilidad Econ\u00f3mica y Agenda 2030 - Enerland Energ\u00eda Renovable<\/title>\n<meta name=\"description\" content=\"Enerland Group asiste a la jornada Rentabilidad Econ\u00f3mica y Agenda 2030 organizado por el Pacto Mundial Red Espa\u00f1a.\" \/>\n<meta name=\"robots\" content=\"index, follow, max-snippet:-1, max-image-preview:large, max-video-preview:-1\" \/>\n<link rel=\"canonical\" href=\"https:\/\/www.enerlandgroup.com\/es\/enerland-asiste-a-la-jornada-rentabilidad-economica-y-agenda-2030\/\" \/>\n<meta property=\"og:locale\" content=\"es_ES\" \/>\n<meta property=\"og:type\" content=\"article\" \/>\n<meta property=\"og:title\" content=\"Enerland asiste a la jornada Rentabilidad Econ\u00f3mica y Agenda 2030 - Enerland Energ\u00eda Renovable\" \/>\n<meta property=\"og:description\" content=\"Enerland Group asiste a la jornada Rentabilidad Econ\u00f3mica y Agenda 2030 organizado por el Pacto Mundial Red Espa\u00f1a.\" \/>\n<meta property=\"og:url\" content=\"https:\/\/www.enerlandgroup.com\/es\/enerland-asiste-a-la-jornada-rentabilidad-economica-y-agenda-2030\/\" \/>\n<meta property=\"og:site_name\" content=\"Enerland Energ\u00eda Renovable\" \/>\n<meta property=\"article:published_time\" content=\"2023-10-06T06:16:29+00:00\" \/>\n<meta property=\"article:modified_time\" content=\"2023-11-10T07:35:14+00:00\" \/>\n<meta property=\"og:image\" content=\"https:\/\/www.enerlandgroup.com\/wp-content\/uploads\/2023\/10\/Noticia-Jornada-Rentabilidad-Economica-y-Agenda-2030.jpg\" \/>\n\t<meta property=\"og:image:width\" content=\"1870\" \/>\n\t<meta property=\"og:image:height\" content=\"700\" \/>\n\t<meta property=\"og:image:type\" content=\"image\/jpeg\" \/>\n<meta name=\"author\" content=\"Ana\" \/>\n<meta name=\"twitter:card\" content=\"summary_large_image\" \/>\n<script type=\"application\/ld+json\" class=\"yoast-schema-graph\">{\"@context\":\"https:\\\/\\\/schema.org\",\"@graph\":[{\"@type\":\"Article\",\"@id\":\"https:\\\/\\\/www.enerlandgroup.com\\\/es\\\/enerland-asiste-a-la-jornada-rentabilidad-economica-y-agenda-2030\\\/#article\",\"isPartOf\":{\"@id\":\"https:\\\/\\\/www.enerlandgroup.com\\\/es\\\/enerland-asiste-a-la-jornada-rentabilidad-economica-y-agenda-2030\\\/\"},\"author\":{\"name\":\"Ana\",\"@id\":\"https:\\\/\\\/www.enerlandgroup.com\\\/es\\\/#\\\/schema\\\/person\\\/ff4846e816b3f94eb665e1da0854e1b8\"},\"headline\":\"Enerland asiste a la jornada Rentabilidad Econ\u00f3mica y Agenda 2030\",\"datePublished\":\"2023-10-06T06:16:29+00:00\",\"dateModified\":\"2023-11-10T07:35:14+00:00\",\"mainEntityOfPage\":{\"@id\":\"https:\\\/\\\/www.enerlandgroup.com\\\/es\\\/enerland-asiste-a-la-jornada-rentabilidad-economica-y-agenda-2030\\\/\"},\"wordCount\":358,\"commentCount\":0,\"publisher\":{\"@id\":\"https:\\\/\\\/www.enerlandgroup.com\\\/es\\\/#organization\"},\"image\":{\"@id\":\"https:\\\/\\\/www.enerlandgroup.com\\\/es\\\/enerland-asiste-a-la-jornada-rentabilidad-economica-y-agenda-2030\\\/#primaryimage\"},\"thumbnailUrl\":\"https:\\\/\\\/www.enerlandgroup.com\\\/wp-content\\\/uploads\\\/2023\\\/10\\\/Noticia-Jornada-Rentabilidad-Economica-y-Agenda-2030.jpg\",\"articleSection\":[\"Corporativo\",\"Noticias\",\"Sostenibilidad y Medio Ambiente\"],\"inLanguage\":\"es\",\"potentialAction\":[{\"@type\":\"CommentAction\",\"name\":\"Comment\",\"target\":[\"https:\\\/\\\/www.enerlandgroup.com\\\/es\\\/enerland-asiste-a-la-jornada-rentabilidad-economica-y-agenda-2030\\\/#respond\"]}]},{\"@type\":[\"WebPage\",\"ItemPage\"],\"@id\":\"https:\\\/\\\/www.enerlandgroup.com\\\/es\\\/enerland-asiste-a-la-jornada-rentabilidad-economica-y-agenda-2030\\\/\",\"url\":\"https:\\\/\\\/www.enerlandgroup.com\\\/es\\\/enerland-asiste-a-la-jornada-rentabilidad-economica-y-agenda-2030\\\/\",\"name\":\"Enerland asiste a la jornada Rentabilidad Econ\u00f3mica y Agenda 2030 - Enerland Energ\u00eda Renovable\",\"isPartOf\":{\"@id\":\"https:\\\/\\\/www.enerlandgroup.com\\\/es\\\/#website\"},\"primaryImageOfPage\":{\"@id\":\"https:\\\/\\\/www.enerlandgroup.com\\\/es\\\/enerland-asiste-a-la-jornada-rentabilidad-economica-y-agenda-2030\\\/#primaryimage\"},\"image\":{\"@id\":\"https:\\\/\\\/www.enerlandgroup.com\\\/es\\\/enerland-asiste-a-la-jornada-rentabilidad-economica-y-agenda-2030\\\/#primaryimage\"},\"thumbnailUrl\":\"https:\\\/\\\/www.enerlandgroup.com\\\/wp-content\\\/uploads\\\/2023\\\/10\\\/Noticia-Jornada-Rentabilidad-Economica-y-Agenda-2030.jpg\",\"datePublished\":\"2023-10-06T06:16:29+00:00\",\"dateModified\":\"2023-11-10T07:35:14+00:00\",\"description\":\"Enerland Group asiste a la jornada Rentabilidad Econ\u00f3mica y Agenda 2030 organizado por el Pacto Mundial Red Espa\u00f1a.\",\"breadcrumb\":{\"@id\":\"https:\\\/\\\/www.enerlandgroup.com\\\/es\\\/enerland-asiste-a-la-jornada-rentabilidad-economica-y-agenda-2030\\\/#breadcrumb\"},\"inLanguage\":\"es\",\"potentialAction\":[{\"@type\":\"ReadAction\",\"target\":[\"https:\\\/\\\/www.enerlandgroup.com\\\/es\\\/enerland-asiste-a-la-jornada-rentabilidad-economica-y-agenda-2030\\\/\"]}]},{\"@type\":\"ImageObject\",\"inLanguage\":\"es\",\"@id\":\"https:\\\/\\\/www.enerlandgroup.com\\\/es\\\/enerland-asiste-a-la-jornada-rentabilidad-economica-y-agenda-2030\\\/#primaryimage\",\"url\":\"https:\\\/\\\/www.enerlandgroup.com\\\/wp-content\\\/uploads\\\/2023\\\/10\\\/Noticia-Jornada-Rentabilidad-Economica-y-Agenda-2030.jpg\",\"contentUrl\":\"https:\\\/\\\/www.enerlandgroup.com\\\/wp-content\\\/uploads\\\/2023\\\/10\\\/Noticia-Jornada-Rentabilidad-Economica-y-Agenda-2030.jpg\",\"width\":1870,\"height\":700,\"caption\":\"Rentabilidad Econ\u00f3mica y Agenda 2030\"},{\"@type\":\"BreadcrumbList\",\"@id\":\"https:\\\/\\\/www.enerlandgroup.com\\\/es\\\/enerland-asiste-a-la-jornada-rentabilidad-economica-y-agenda-2030\\\/#breadcrumb\",\"itemListElement\":[{\"@type\":\"ListItem\",\"position\":1,\"name\":\"Inicio\",\"item\":\"https:\\\/\\\/www.enerlandgroup.com\\\/es\\\/\"},{\"@type\":\"ListItem\",\"position\":2,\"name\":\"Enerland asiste a la jornada Rentabilidad Econ\u00f3mica y Agenda 2030\"}]},{\"@type\":\"WebSite\",\"@id\":\"https:\\\/\\\/www.enerlandgroup.com\\\/es\\\/#website\",\"url\":\"https:\\\/\\\/www.enerlandgroup.com\\\/es\\\/\",\"name\":\"Enerland Energ\u00eda Renovable\",\"description\":\"\",\"publisher\":{\"@id\":\"https:\\\/\\\/www.enerlandgroup.com\\\/es\\\/#organization\"},\"potentialAction\":[{\"@type\":\"SearchAction\",\"target\":{\"@type\":\"EntryPoint\",\"urlTemplate\":\"https:\\\/\\\/www.enerlandgroup.com\\\/es\\\/?s={search_term_string}\"},\"query-input\":{\"@type\":\"PropertyValueSpecification\",\"valueRequired\":true,\"valueName\":\"search_term_string\"}}],\"inLanguage\":\"es\"},{\"@type\":\"Organization\",\"@id\":\"https:\\\/\\\/www.enerlandgroup.com\\\/es\\\/#organization\",\"name\":\"Enerland Group\",\"url\":\"https:\\\/\\\/www.enerlandgroup.com\\\/es\\\/\",\"logo\":{\"@type\":\"ImageObject\",\"inLanguage\":\"es\",\"@id\":\"https:\\\/\\\/www.enerlandgroup.com\\\/es\\\/#\\\/schema\\\/logo\\\/image\\\/\",\"url\":\"https:\\\/\\\/www.enerlandgroup.com\\\/wp-content\\\/uploads\\\/2021\\\/05\\\/Logo_Enerland.png\",\"contentUrl\":\"https:\\\/\\\/www.enerlandgroup.com\\\/wp-content\\\/uploads\\\/2021\\\/05\\\/Logo_Enerland.png\",\"width\":184,\"height\":43,\"caption\":\"Enerland Group\"},\"image\":{\"@id\":\"https:\\\/\\\/www.enerlandgroup.com\\\/es\\\/#\\\/schema\\\/logo\\\/image\\\/\"},\"sameAs\":[\"https:\\\/\\\/www.linkedin.com\\\/company\\\/enerland-group\\\/\",\"https:\\\/\\\/www.youtube.com\\\/channel\\\/UCjdInbThgaPa2_D34vRChmA\"]},{\"@type\":\"Person\",\"@id\":\"https:\\\/\\\/www.enerlandgroup.com\\\/es\\\/#\\\/schema\\\/person\\\/ff4846e816b3f94eb665e1da0854e1b8\",\"name\":\"Ana\",\"image\":{\"@type\":\"ImageObject\",\"inLanguage\":\"es\",\"@id\":\"https:\\\/\\\/secure.gravatar.com\\\/avatar\\\/495e8a53709541de9036eb34e07c65eacd114aba52461487df6099dee02e64f1?s=96&d=mm&r=g\",\"url\":\"https:\\\/\\\/secure.gravatar.com\\\/avatar\\\/495e8a53709541de9036eb34e07c65eacd114aba52461487df6099dee02e64f1?s=96&d=mm&r=g\",\"contentUrl\":\"https:\\\/\\\/secure.gravatar.com\\\/avatar\\\/495e8a53709541de9036eb34e07c65eacd114aba52461487df6099dee02e64f1?s=96&d=mm&r=g\",\"caption\":\"Ana\"},\"url\":\"https:\\\/\\\/www.enerlandgroup.com\\\/es\\\/author\\\/ana-valdizanenerlandgroup-com\\\/\"}]}<\/script>\n<!-- \/ Yoast SEO plugin. -->","yoast_head_json":{"title":"Enerland asiste a la jornada Rentabilidad Econ\u00f3mica y Agenda 2030 - Enerland Energ\u00eda Renovable","description":"Enerland Group asiste a la jornada Rentabilidad Econ\u00f3mica y Agenda 2030 organizado por el Pacto Mundial Red Espa\u00f1a.","robots":{"index":"index","follow":"follow","max-snippet":"max-snippet:-1","max-image-preview":"max-image-preview:large","max-video-preview":"max-video-preview:-1"},"canonical":"https:\/\/www.enerlandgroup.com\/es\/enerland-asiste-a-la-jornada-rentabilidad-economica-y-agenda-2030\/","og_locale":"es_ES","og_type":"article","og_title":"Enerland asiste a la jornada Rentabilidad Econ\u00f3mica y Agenda 2030 - Enerland Energ\u00eda Renovable","og_description":"Enerland Group asiste a la jornada Rentabilidad Econ\u00f3mica y Agenda 2030 organizado por el Pacto Mundial Red Espa\u00f1a.","og_url":"https:\/\/www.enerlandgroup.com\/es\/enerland-asiste-a-la-jornada-rentabilidad-economica-y-agenda-2030\/","og_site_name":"Enerland Energ\u00eda Renovable","article_published_time":"2023-10-06T06:16:29+00:00","article_modified_time":"2023-11-10T07:35:14+00:00","og_image":[{"width":1870,"height":700,"url":"https:\/\/www.enerlandgroup.com\/wp-content\/uploads\/2023\/10\/Noticia-Jornada-Rentabilidad-Economica-y-Agenda-2030.jpg","type":"image\/jpeg"}],"author":"Ana","twitter_card":"summary_large_image","schema":{"@context":"https:\/\/schema.org","@graph":[{"@type":"Article","@id":"https:\/\/www.enerlandgroup.com\/es\/enerland-asiste-a-la-jornada-rentabilidad-economica-y-agenda-2030\/#article","isPartOf":{"@id":"https:\/\/www.enerlandgroup.com\/es\/enerland-asiste-a-la-jornada-rentabilidad-economica-y-agenda-2030\/"},"author":{"name":"Ana","@id":"https:\/\/www.enerlandgroup.com\/es\/#\/schema\/person\/ff4846e816b3f94eb665e1da0854e1b8"},"headline":"Enerland asiste a la jornada Rentabilidad Econ\u00f3mica y Agenda 2030","datePublished":"2023-10-06T06:16:29+00:00","dateModified":"2023-11-10T07:35:14+00:00","mainEntityOfPage":{"@id":"https:\/\/www.enerlandgroup.com\/es\/enerland-asiste-a-la-jornada-rentabilidad-economica-y-agenda-2030\/"},"wordCount":358,"commentCount":0,"publisher":{"@id":"https:\/\/www.enerlandgroup.com\/es\/#organization"},"image":{"@id":"https:\/\/www.enerlandgroup.com\/es\/enerland-asiste-a-la-jornada-rentabilidad-economica-y-agenda-2030\/#primaryimage"},"thumbnailUrl":"https:\/\/www.enerlandgroup.com\/wp-content\/uploads\/2023\/10\/Noticia-Jornada-Rentabilidad-Economica-y-Agenda-2030.jpg","articleSection":["Corporativo","Noticias","Sostenibilidad y Medio Ambiente"],"inLanguage":"es","potentialAction":[{"@type":"CommentAction","name":"Comment","target":["https:\/\/www.enerlandgroup.com\/es\/enerland-asiste-a-la-jornada-rentabilidad-economica-y-agenda-2030\/#respond"]}]},{"@type":["WebPage","ItemPage"],"@id":"https:\/\/www.enerlandgroup.com\/es\/enerland-asiste-a-la-jornada-rentabilidad-economica-y-agenda-2030\/","url":"https:\/\/www.enerlandgroup.com\/es\/enerland-asiste-a-la-jornada-rentabilidad-economica-y-agenda-2030\/","name":"Enerland asiste a la jornada Rentabilidad Econ\u00f3mica y Agenda 2030 - Enerland Energ\u00eda Renovable","isPartOf":{"@id":"https:\/\/www.enerlandgroup.com\/es\/#website"},"primaryImageOfPage":{"@id":"https:\/\/www.enerlandgroup.com\/es\/enerland-asiste-a-la-jornada-rentabilidad-economica-y-agenda-2030\/#primaryimage"},"image":{"@id":"https:\/\/www.enerlandgroup.com\/es\/enerland-asiste-a-la-jornada-rentabilidad-economica-y-agenda-2030\/#primaryimage"},"thumbnailUrl":"https:\/\/www.enerlandgroup.com\/wp-content\/uploads\/2023\/10\/Noticia-Jornada-Rentabilidad-Economica-y-Agenda-2030.jpg","datePublished":"2023-10-06T06:16:29+00:00","dateModified":"2023-11-10T07:35:14+00:00","description":"Enerland Group asiste a la jornada Rentabilidad Econ\u00f3mica y Agenda 2030 organizado por el Pacto Mundial Red Espa\u00f1a.","breadcrumb":{"@id":"https:\/\/www.enerlandgroup.com\/es\/enerland-asiste-a-la-jornada-rentabilidad-economica-y-agenda-2030\/#breadcrumb"},"inLanguage":"es","potentialAction":[{"@type":"ReadAction","target":["https:\/\/www.enerlandgroup.com\/es\/enerland-asiste-a-la-jornada-rentabilidad-economica-y-agenda-2030\/"]}]},{"@type":"ImageObject","inLanguage":"es","@id":"https:\/\/www.enerlandgroup.com\/es\/enerland-asiste-a-la-jornada-rentabilidad-economica-y-agenda-2030\/#primaryimage","url":"https:\/\/www.enerlandgroup.com\/wp-content\/uploads\/2023\/10\/Noticia-Jornada-Rentabilidad-Economica-y-Agenda-2030.jpg","contentUrl":"https:\/\/www.enerlandgroup.com\/wp-content\/uploads\/2023\/10\/Noticia-Jornada-Rentabilidad-Economica-y-Agenda-2030.jpg","width":1870,"height":700,"caption":"Rentabilidad Econ\u00f3mica y Agenda 2030"},{"@type":"BreadcrumbList","@id":"https:\/\/www.enerlandgroup.com\/es\/enerland-asiste-a-la-jornada-rentabilidad-economica-y-agenda-2030\/#breadcrumb","itemListElement":[{"@type":"ListItem","position":1,"name":"Inicio","item":"https:\/\/www.enerlandgroup.com\/es\/"},{"@type":"ListItem","position":2,"name":"Enerland asiste a la jornada Rentabilidad Econ\u00f3mica y Agenda 2030"}]},{"@type":"WebSite","@id":"https:\/\/www.enerlandgroup.com\/es\/#website","url":"https:\/\/www.enerlandgroup.com\/es\/","name":"Enerland Energ\u00eda Renovable","description":"","publisher":{"@id":"https:\/\/www.enerlandgroup.com\/es\/#organization"},"potentialAction":[{"@type":"SearchAction","target":{"@type":"EntryPoint","urlTemplate":"https:\/\/www.enerlandgroup.com\/es\/?s={search_term_string}"},"query-input":{"@type":"PropertyValueSpecification","valueRequired":true,"valueName":"search_term_string"}}],"inLanguage":"es"},{"@type":"Organization","@id":"https:\/\/www.enerlandgroup.com\/es\/#organization","name":"Enerland Group","url":"https:\/\/www.enerlandgroup.com\/es\/","logo":{"@type":"ImageObject","inLanguage":"es","@id":"https:\/\/www.enerlandgroup.com\/es\/#\/schema\/logo\/image\/","url":"https:\/\/www.enerlandgroup.com\/wp-content\/uploads\/2021\/05\/Logo_Enerland.png","contentUrl":"https:\/\/www.enerlandgroup.com\/wp-content\/uploads\/2021\/05\/Logo_Enerland.png","width":184,"height":43,"caption":"Enerland Group"},"image":{"@id":"https:\/\/www.enerlandgroup.com\/es\/#\/schema\/logo\/image\/"},"sameAs":["https:\/\/www.linkedin.com\/company\/enerland-group\/","https:\/\/www.youtube.com\/channel\/UCjdInbThgaPa2_D34vRChmA"]},{"@type":"Person","@id":"https:\/\/www.enerlandgroup.com\/es\/#\/schema\/person\/ff4846e816b3f94eb665e1da0854e1b8","name":"Ana","image":{"@type":"ImageObject","inLanguage":"es","@id":"https:\/\/secure.gravatar.com\/avatar\/495e8a53709541de9036eb34e07c65eacd114aba52461487df6099dee02e64f1?s=96&d=mm&r=g","url":"https:\/\/secure.gravatar.com\/avatar\/495e8a53709541de9036eb34e07c65eacd114aba52461487df6099dee02e64f1?s=96&d=mm&r=g","contentUrl":"https:\/\/secure.gravatar.com\/avatar\/495e8a53709541de9036eb34e07c65eacd114aba52461487df6099dee02e64f1?s=96&d=mm&r=g","caption":"Ana"},"url":"https:\/\/www.enerlandgroup.com\/es\/author\/ana-valdizanenerlandgroup-com\/"}]}},"jetpack_featured_media_url":"https:\/\/www.enerlandgroup.com\/wp-content\/uploads\/2023\/10\/Noticia-Jornada-Rentabilidad-Economica-y-Agenda-2030.jpg","_links":{"self":[{"href":"https:\/\/www.enerlandgroup.com\/es\/wp-json\/wp\/v2\/posts\/17765","targetHints":{"allow":["GET"]}}],"collection":[{"href":"https:\/\/www.enerlandgroup.com\/es\/wp-json\/wp\/v2\/posts"}],"about":[{"href":"https:\/\/www.enerlandgroup.com\/es\/wp-json\/wp\/v2\/types\/post"}],"author":[{"embeddable":true,"href":"https:\/\/www.enerlandgroup.com\/es\/wp-json\/wp\/v2\/users\/11"}],"replies":[{"embeddable":true,"href":"https:\/\/www.enerlandgroup.com\/es\/wp-json\/wp\/v2\/comments?post=17765"}],"version-history":[{"count":3,"href":"https:\/\/www.enerlandgroup.com\/es\/wp-json\/wp\/v2\/posts\/17765\/revisions"}],"predecessor-version":[{"id":17793,"href":"https:\/\/www.enerlandgroup.com\/es\/wp-json\/wp\/v2\/posts\/17765\/revisions\/17793"}],"wp:featuredmedia":[{"embeddable":true,"href":"https:\/\/www.enerlandgroup.com\/es\/wp-json\/wp\/v2\/media\/17773"}],"wp:attachment":[{"href":"https:\/\/www.enerlandgroup.com\/es\/wp-json\/wp\/v2\/media?parent=17765"}],"wp:term":[{"taxonomy":"category","embeddable":true,"href":"https:\/\/www.enerlandgroup.com\/es\/wp-json\/wp\/v2\/categories?post=17765"},{"taxonomy":"post_tag","embeddable":true,"href":"https:\/\/www.enerlandgroup.com\/es\/wp-json\/wp\/v2\/tags?post=17765"}],"curies":[{"name":"wp","href":"https:\/\/api.w.org\/{rel}","templated":true}]}}