{"id":17645,"date":"2023-09-29T08:11:09","date_gmt":"2023-09-29T06:11:09","guid":{"rendered":"https:\/\/www.enerlandgroup.com\/?p=17645"},"modified":"2023-10-30T17:58:27","modified_gmt":"2023-10-30T16:58:27","slug":"enerland-group-asiste-a-la-jornada-sostenibilidad-sociedad-ceoe","status":"publish","type":"post","link":"https:\/\/www.enerlandgroup.com\/es\/enerland-group-asiste-a-la-jornada-sostenibilidad-sociedad-ceoe\/","title":{"rendered":"Asistimos a la Jornada \u00abSostenibilidad y Sociedad\u00bb"},"content":{"rendered":"<h2>Enerland Group asiste a la Jornada \u201cSostenibilidad y Sociedad: un binomio perfecto\u201d, organizada por la Confederaci\u00f3n Espa\u00f1ola de Organizaciones Empresariales de Arag\u00f3n (CEOE Arag\u00f3n).<\/h2>\n<p>&nbsp;<\/p>\n<p>El 27 de septiembre, Enerland Group asisti\u00f3 a este evento, que reuni\u00f3 a diversos agentes del mundo empresarial. <a href=\"https:\/\/ceoearagon.es\/jornadas\/sostenibilidad-y-sociedad-un-binomio-perfecto\/\">El programa<\/a>, realizado en colaboraci\u00f3n con la Fundaci\u00f3n Ses\u00e9, cont\u00f3 con dos mesas en las que empresarios de los distintos sectores compartieron sus experiencias sobre acci\u00f3n social sostenible. Tras una bienvenida de la mano del Vicepresidente de CEOE Arag\u00f3n, Jos\u00e9 \u00c1ngel Subir\u00e1, y de la Directora General de PYMES y Aut\u00f3nomos del Gobierno de Arag\u00f3n, Ana Sanz Campos, arranc\u00f3 la primera parte de la jornada, titulada \u00abC\u00f3mo repercute en la sociedad la sostenibilidad empresarial\u00bb.<\/p>\n<p>Durante esta primera secci\u00f3n, destac\u00f3 la necesidad de impulsar la sostenibilidad de manera estrat\u00e9gica y transversal a todos los departamentos de las empresas, planteando objetivos medibles y realistas para cumplir con las acciones propuestas. Una de las conclusiones de la mesa, de manera un\u00e1nime, fue la relevancia de la cooperaci\u00f3n y el trabajo en equipo para que el plan resulte com\u00fan a todos los empleados.<\/p>\n<p>La segunda mesa puso el foco en las experiencias empresariales. Incluy\u00f3 reflexiones sobre la formaci\u00f3n y la obligaci\u00f3n de adaptarse de cara a la consecuci\u00f3n de los objetivos sobre responsabilidad social. Del mismo modo, se recalc\u00f3 el peso que tienen los logros y reconocimientos para mostrar la evoluci\u00f3n y mejora de las empresas, as\u00ed como sus esfuerzos realizados a lo largo de cada ciclo.<\/p>\n<p>&nbsp;<\/p>\n<h3>Sostenibilidad y sociedad en Enerland Group<\/h3>\n<p>&nbsp;<\/p>\n<p>La sostenibilidad es <a href=\"https:\/\/www.enerlandgroup.com\/es\/sostenibilidad\/\">uno de los pilares<\/a> sobre los que se construye la compa\u00f1\u00eda, cuya principal actividad se fundamenta en el desarrollo de instalaciones de energ\u00eda renovable. La relaci\u00f3n con el entorno y la conservaci\u00f3n del planeta son esenciales para entender la forma de trabajo de Enerland Group y cada uno de los proyectos que desarrollamos, siempre buscando el beneficio de la sociedad en nuestra apuesta por la energ\u00eda limpia.<\/p>\n","protected":false},"excerpt":{"rendered":"<p>Enerland Group asiste a la Jornada \u201cSostenibilidad y Sociedad: un binomio perfecto\u201d, organizada por<\/p>\n","protected":false},"author":4,"featured_media":17666,"comment_status":"open","ping_status":"open","sticky":false,"template":"","format":"standard","meta":{"_et_pb_use_builder":"","_et_pb_old_content":"","_et_gb_content_width":"","footnotes":""},"categories":[161,25],"tags":[],"class_list":["post-17645","post","type-post","status-publish","format-standard","has-post-thumbnail","hentry","category-noticias","category-sostenibilidad-y-medio-ambiente"],"yoast_head":"<!-- This site is optimized with the Yoast SEO plugin v27.4 - https:\/\/yoast.com\/product\/yoast-seo-wordpress\/ -->\n<title>Asistimos a la Jornada &quot;Sostenibilidad y Sociedad&quot; - Enerland Energ\u00eda Renovable<\/title>\n<meta name=\"description\" content=\"Enerland Group asiste a la Jornada &quot;Sostenibilidad y Sociedad&quot;, de CEOE Arag\u00f3n, en la que distintas empresas comparten su experiencia.\" \/>\n<meta name=\"robots\" content=\"index, follow, max-snippet:-1, max-image-preview:large, max-video-preview:-1\" \/>\n<link rel=\"canonical\" href=\"https:\/\/www.enerlandgroup.com\/es\/enerland-group-asiste-a-la-jornada-sostenibilidad-sociedad-ceoe\/\" \/>\n<meta property=\"og:locale\" content=\"es_ES\" \/>\n<meta property=\"og:type\" content=\"article\" \/>\n<meta property=\"og:title\" content=\"Asistimos a la Jornada &quot;Sostenibilidad y Sociedad&quot; - Enerland Energ\u00eda Renovable\" \/>\n<meta property=\"og:description\" content=\"Enerland Group asiste a la Jornada &quot;Sostenibilidad y Sociedad&quot;, de CEOE Arag\u00f3n, en la que distintas empresas comparten su experiencia.\" \/>\n<meta property=\"og:url\" content=\"https:\/\/www.enerlandgroup.com\/es\/enerland-group-asiste-a-la-jornada-sostenibilidad-sociedad-ceoe\/\" \/>\n<meta property=\"og:site_name\" content=\"Enerland Energ\u00eda Renovable\" \/>\n<meta property=\"article:published_time\" content=\"2023-09-29T06:11:09+00:00\" \/>\n<meta property=\"article:modified_time\" content=\"2023-10-30T16:58:27+00:00\" \/>\n<meta property=\"og:image\" content=\"https:\/\/www.enerlandgroup.com\/wp-content\/uploads\/2023\/09\/Web-Jornada-Sostenibilidad-CEOE.jpg\" \/>\n\t<meta property=\"og:image:width\" content=\"1870\" \/>\n\t<meta property=\"og:image:height\" content=\"700\" \/>\n\t<meta property=\"og:image:type\" content=\"image\/jpeg\" \/>\n<meta name=\"author\" content=\"Pilar\" \/>\n<meta name=\"twitter:card\" content=\"summary_large_image\" \/>\n<script type=\"application\/ld+json\" class=\"yoast-schema-graph\">{\"@context\":\"https:\\\/\\\/schema.org\",\"@graph\":[{\"@type\":\"Article\",\"@id\":\"https:\\\/\\\/www.enerlandgroup.com\\\/es\\\/enerland-group-asiste-a-la-jornada-sostenibilidad-sociedad-ceoe\\\/#article\",\"isPartOf\":{\"@id\":\"https:\\\/\\\/www.enerlandgroup.com\\\/es\\\/enerland-group-asiste-a-la-jornada-sostenibilidad-sociedad-ceoe\\\/\"},\"author\":{\"name\":\"Pilar\",\"@id\":\"https:\\\/\\\/www.enerlandgroup.com\\\/es\\\/#\\\/schema\\\/person\\\/d842c1aed4fef077270deb261453486c\"},\"headline\":\"Asistimos a la Jornada \u00abSostenibilidad y Sociedad\u00bb\",\"datePublished\":\"2023-09-29T06:11:09+00:00\",\"dateModified\":\"2023-10-30T16:58:27+00:00\",\"mainEntityOfPage\":{\"@id\":\"https:\\\/\\\/www.enerlandgroup.com\\\/es\\\/enerland-group-asiste-a-la-jornada-sostenibilidad-sociedad-ceoe\\\/\"},\"wordCount\":355,\"commentCount\":0,\"publisher\":{\"@id\":\"https:\\\/\\\/www.enerlandgroup.com\\\/es\\\/#organization\"},\"image\":{\"@id\":\"https:\\\/\\\/www.enerlandgroup.com\\\/es\\\/enerland-group-asiste-a-la-jornada-sostenibilidad-sociedad-ceoe\\\/#primaryimage\"},\"thumbnailUrl\":\"https:\\\/\\\/www.enerlandgroup.com\\\/wp-content\\\/uploads\\\/2023\\\/09\\\/Web-Jornada-Sostenibilidad-CEOE.jpg\",\"articleSection\":[\"Noticias\",\"Sostenibilidad y Medio Ambiente\"],\"inLanguage\":\"es\",\"potentialAction\":[{\"@type\":\"CommentAction\",\"name\":\"Comment\",\"target\":[\"https:\\\/\\\/www.enerlandgroup.com\\\/es\\\/enerland-group-asiste-a-la-jornada-sostenibilidad-sociedad-ceoe\\\/#respond\"]}]},{\"@type\":[\"WebPage\",\"ItemPage\"],\"@id\":\"https:\\\/\\\/www.enerlandgroup.com\\\/es\\\/enerland-group-asiste-a-la-jornada-sostenibilidad-sociedad-ceoe\\\/\",\"url\":\"https:\\\/\\\/www.enerlandgroup.com\\\/es\\\/enerland-group-asiste-a-la-jornada-sostenibilidad-sociedad-ceoe\\\/\",\"name\":\"Asistimos a la Jornada \\\"Sostenibilidad y Sociedad\\\" - Enerland Energ\u00eda Renovable\",\"isPartOf\":{\"@id\":\"https:\\\/\\\/www.enerlandgroup.com\\\/es\\\/#website\"},\"primaryImageOfPage\":{\"@id\":\"https:\\\/\\\/www.enerlandgroup.com\\\/es\\\/enerland-group-asiste-a-la-jornada-sostenibilidad-sociedad-ceoe\\\/#primaryimage\"},\"image\":{\"@id\":\"https:\\\/\\\/www.enerlandgroup.com\\\/es\\\/enerland-group-asiste-a-la-jornada-sostenibilidad-sociedad-ceoe\\\/#primaryimage\"},\"thumbnailUrl\":\"https:\\\/\\\/www.enerlandgroup.com\\\/wp-content\\\/uploads\\\/2023\\\/09\\\/Web-Jornada-Sostenibilidad-CEOE.jpg\",\"datePublished\":\"2023-09-29T06:11:09+00:00\",\"dateModified\":\"2023-10-30T16:58:27+00:00\",\"description\":\"Enerland Group asiste a la Jornada \\\"Sostenibilidad y Sociedad\\\", de CEOE Arag\u00f3n, en la que distintas empresas comparten su experiencia.\",\"breadcrumb\":{\"@id\":\"https:\\\/\\\/www.enerlandgroup.com\\\/es\\\/enerland-group-asiste-a-la-jornada-sostenibilidad-sociedad-ceoe\\\/#breadcrumb\"},\"inLanguage\":\"es\",\"potentialAction\":[{\"@type\":\"ReadAction\",\"target\":[\"https:\\\/\\\/www.enerlandgroup.com\\\/es\\\/enerland-group-asiste-a-la-jornada-sostenibilidad-sociedad-ceoe\\\/\"]}]},{\"@type\":\"ImageObject\",\"inLanguage\":\"es\",\"@id\":\"https:\\\/\\\/www.enerlandgroup.com\\\/es\\\/enerland-group-asiste-a-la-jornada-sostenibilidad-sociedad-ceoe\\\/#primaryimage\",\"url\":\"https:\\\/\\\/www.enerlandgroup.com\\\/wp-content\\\/uploads\\\/2023\\\/09\\\/Web-Jornada-Sostenibilidad-CEOE.jpg\",\"contentUrl\":\"https:\\\/\\\/www.enerlandgroup.com\\\/wp-content\\\/uploads\\\/2023\\\/09\\\/Web-Jornada-Sostenibilidad-CEOE.jpg\",\"width\":1870,\"height\":700,\"caption\":\"Jornada Sostenibilidad y Sociedad CEOE\"},{\"@type\":\"BreadcrumbList\",\"@id\":\"https:\\\/\\\/www.enerlandgroup.com\\\/es\\\/enerland-group-asiste-a-la-jornada-sostenibilidad-sociedad-ceoe\\\/#breadcrumb\",\"itemListElement\":[{\"@type\":\"ListItem\",\"position\":1,\"name\":\"Inicio\",\"item\":\"https:\\\/\\\/www.enerlandgroup.com\\\/es\\\/\"},{\"@type\":\"ListItem\",\"position\":2,\"name\":\"Asistimos a la Jornada \u00abSostenibilidad y Sociedad\u00bb\"}]},{\"@type\":\"WebSite\",\"@id\":\"https:\\\/\\\/www.enerlandgroup.com\\\/es\\\/#website\",\"url\":\"https:\\\/\\\/www.enerlandgroup.com\\\/es\\\/\",\"name\":\"Enerland Energ\u00eda Renovable\",\"description\":\"\",\"publisher\":{\"@id\":\"https:\\\/\\\/www.enerlandgroup.com\\\/es\\\/#organization\"},\"potentialAction\":[{\"@type\":\"SearchAction\",\"target\":{\"@type\":\"EntryPoint\",\"urlTemplate\":\"https:\\\/\\\/www.enerlandgroup.com\\\/es\\\/?s={search_term_string}\"},\"query-input\":{\"@type\":\"PropertyValueSpecification\",\"valueRequired\":true,\"valueName\":\"search_term_string\"}}],\"inLanguage\":\"es\"},{\"@type\":\"Organization\",\"@id\":\"https:\\\/\\\/www.enerlandgroup.com\\\/es\\\/#organization\",\"name\":\"Enerland Group\",\"url\":\"https:\\\/\\\/www.enerlandgroup.com\\\/es\\\/\",\"logo\":{\"@type\":\"ImageObject\",\"inLanguage\":\"es\",\"@id\":\"https:\\\/\\\/www.enerlandgroup.com\\\/es\\\/#\\\/schema\\\/logo\\\/image\\\/\",\"url\":\"https:\\\/\\\/www.enerlandgroup.com\\\/wp-content\\\/uploads\\\/2021\\\/05\\\/Logo_Enerland.png\",\"contentUrl\":\"https:\\\/\\\/www.enerlandgroup.com\\\/wp-content\\\/uploads\\\/2021\\\/05\\\/Logo_Enerland.png\",\"width\":184,\"height\":43,\"caption\":\"Enerland Group\"},\"image\":{\"@id\":\"https:\\\/\\\/www.enerlandgroup.com\\\/es\\\/#\\\/schema\\\/logo\\\/image\\\/\"},\"sameAs\":[\"https:\\\/\\\/www.linkedin.com\\\/company\\\/enerland-group\\\/\",\"https:\\\/\\\/www.youtube.com\\\/channel\\\/UCjdInbThgaPa2_D34vRChmA\"]},{\"@type\":\"Person\",\"@id\":\"https:\\\/\\\/www.enerlandgroup.com\\\/es\\\/#\\\/schema\\\/person\\\/d842c1aed4fef077270deb261453486c\",\"name\":\"Pilar\",\"image\":{\"@type\":\"ImageObject\",\"inLanguage\":\"es\",\"@id\":\"https:\\\/\\\/secure.gravatar.com\\\/avatar\\\/3e6e1323210dee16f137d8ab0ce7231001529459c2f5b2e4ec20c72d1fd442dc?s=96&d=mm&r=g\",\"url\":\"https:\\\/\\\/secure.gravatar.com\\\/avatar\\\/3e6e1323210dee16f137d8ab0ce7231001529459c2f5b2e4ec20c72d1fd442dc?s=96&d=mm&r=g\",\"contentUrl\":\"https:\\\/\\\/secure.gravatar.com\\\/avatar\\\/3e6e1323210dee16f137d8ab0ce7231001529459c2f5b2e4ec20c72d1fd442dc?s=96&d=mm&r=g\",\"caption\":\"Pilar\"},\"url\":\"https:\\\/\\\/www.enerlandgroup.com\\\/es\\\/author\\\/enerland\\\/\"}]}<\/script>\n<!-- \/ Yoast SEO plugin. -->","yoast_head_json":{"title":"Asistimos a la Jornada \"Sostenibilidad y Sociedad\" - Enerland Energ\u00eda Renovable","description":"Enerland Group asiste a la Jornada \"Sostenibilidad y Sociedad\", de CEOE Arag\u00f3n, en la que distintas empresas comparten su experiencia.","robots":{"index":"index","follow":"follow","max-snippet":"max-snippet:-1","max-image-preview":"max-image-preview:large","max-video-preview":"max-video-preview:-1"},"canonical":"https:\/\/www.enerlandgroup.com\/es\/enerland-group-asiste-a-la-jornada-sostenibilidad-sociedad-ceoe\/","og_locale":"es_ES","og_type":"article","og_title":"Asistimos a la Jornada \"Sostenibilidad y Sociedad\" - Enerland Energ\u00eda Renovable","og_description":"Enerland Group asiste a la Jornada \"Sostenibilidad y Sociedad\", de CEOE Arag\u00f3n, en la que distintas empresas comparten su experiencia.","og_url":"https:\/\/www.enerlandgroup.com\/es\/enerland-group-asiste-a-la-jornada-sostenibilidad-sociedad-ceoe\/","og_site_name":"Enerland Energ\u00eda Renovable","article_published_time":"2023-09-29T06:11:09+00:00","article_modified_time":"2023-10-30T16:58:27+00:00","og_image":[{"width":1870,"height":700,"url":"https:\/\/www.enerlandgroup.com\/wp-content\/uploads\/2023\/09\/Web-Jornada-Sostenibilidad-CEOE.jpg","type":"image\/jpeg"}],"author":"Pilar","twitter_card":"summary_large_image","schema":{"@context":"https:\/\/schema.org","@graph":[{"@type":"Article","@id":"https:\/\/www.enerlandgroup.com\/es\/enerland-group-asiste-a-la-jornada-sostenibilidad-sociedad-ceoe\/#article","isPartOf":{"@id":"https:\/\/www.enerlandgroup.com\/es\/enerland-group-asiste-a-la-jornada-sostenibilidad-sociedad-ceoe\/"},"author":{"name":"Pilar","@id":"https:\/\/www.enerlandgroup.com\/es\/#\/schema\/person\/d842c1aed4fef077270deb261453486c"},"headline":"Asistimos a la Jornada \u00abSostenibilidad y Sociedad\u00bb","datePublished":"2023-09-29T06:11:09+00:00","dateModified":"2023-10-30T16:58:27+00:00","mainEntityOfPage":{"@id":"https:\/\/www.enerlandgroup.com\/es\/enerland-group-asiste-a-la-jornada-sostenibilidad-sociedad-ceoe\/"},"wordCount":355,"commentCount":0,"publisher":{"@id":"https:\/\/www.enerlandgroup.com\/es\/#organization"},"image":{"@id":"https:\/\/www.enerlandgroup.com\/es\/enerland-group-asiste-a-la-jornada-sostenibilidad-sociedad-ceoe\/#primaryimage"},"thumbnailUrl":"https:\/\/www.enerlandgroup.com\/wp-content\/uploads\/2023\/09\/Web-Jornada-Sostenibilidad-CEOE.jpg","articleSection":["Noticias","Sostenibilidad y Medio Ambiente"],"inLanguage":"es","potentialAction":[{"@type":"CommentAction","name":"Comment","target":["https:\/\/www.enerlandgroup.com\/es\/enerland-group-asiste-a-la-jornada-sostenibilidad-sociedad-ceoe\/#respond"]}]},{"@type":["WebPage","ItemPage"],"@id":"https:\/\/www.enerlandgroup.com\/es\/enerland-group-asiste-a-la-jornada-sostenibilidad-sociedad-ceoe\/","url":"https:\/\/www.enerlandgroup.com\/es\/enerland-group-asiste-a-la-jornada-sostenibilidad-sociedad-ceoe\/","name":"Asistimos a la Jornada \"Sostenibilidad y Sociedad\" - Enerland Energ\u00eda Renovable","isPartOf":{"@id":"https:\/\/www.enerlandgroup.com\/es\/#website"},"primaryImageOfPage":{"@id":"https:\/\/www.enerlandgroup.com\/es\/enerland-group-asiste-a-la-jornada-sostenibilidad-sociedad-ceoe\/#primaryimage"},"image":{"@id":"https:\/\/www.enerlandgroup.com\/es\/enerland-group-asiste-a-la-jornada-sostenibilidad-sociedad-ceoe\/#primaryimage"},"thumbnailUrl":"https:\/\/www.enerlandgroup.com\/wp-content\/uploads\/2023\/09\/Web-Jornada-Sostenibilidad-CEOE.jpg","datePublished":"2023-09-29T06:11:09+00:00","dateModified":"2023-10-30T16:58:27+00:00","description":"Enerland Group asiste a la Jornada \"Sostenibilidad y Sociedad\", de CEOE Arag\u00f3n, en la que distintas empresas comparten su experiencia.","breadcrumb":{"@id":"https:\/\/www.enerlandgroup.com\/es\/enerland-group-asiste-a-la-jornada-sostenibilidad-sociedad-ceoe\/#breadcrumb"},"inLanguage":"es","potentialAction":[{"@type":"ReadAction","target":["https:\/\/www.enerlandgroup.com\/es\/enerland-group-asiste-a-la-jornada-sostenibilidad-sociedad-ceoe\/"]}]},{"@type":"ImageObject","inLanguage":"es","@id":"https:\/\/www.enerlandgroup.com\/es\/enerland-group-asiste-a-la-jornada-sostenibilidad-sociedad-ceoe\/#primaryimage","url":"https:\/\/www.enerlandgroup.com\/wp-content\/uploads\/2023\/09\/Web-Jornada-Sostenibilidad-CEOE.jpg","contentUrl":"https:\/\/www.enerlandgroup.com\/wp-content\/uploads\/2023\/09\/Web-Jornada-Sostenibilidad-CEOE.jpg","width":1870,"height":700,"caption":"Jornada Sostenibilidad y Sociedad CEOE"},{"@type":"BreadcrumbList","@id":"https:\/\/www.enerlandgroup.com\/es\/enerland-group-asiste-a-la-jornada-sostenibilidad-sociedad-ceoe\/#breadcrumb","itemListElement":[{"@type":"ListItem","position":1,"name":"Inicio","item":"https:\/\/www.enerlandgroup.com\/es\/"},{"@type":"ListItem","position":2,"name":"Asistimos a la Jornada \u00abSostenibilidad y Sociedad\u00bb"}]},{"@type":"WebSite","@id":"https:\/\/www.enerlandgroup.com\/es\/#website","url":"https:\/\/www.enerlandgroup.com\/es\/","name":"Enerland Energ\u00eda Renovable","description":"","publisher":{"@id":"https:\/\/www.enerlandgroup.com\/es\/#organization"},"potentialAction":[{"@type":"SearchAction","target":{"@type":"EntryPoint","urlTemplate":"https:\/\/www.enerlandgroup.com\/es\/?s={search_term_string}"},"query-input":{"@type":"PropertyValueSpecification","valueRequired":true,"valueName":"search_term_string"}}],"inLanguage":"es"},{"@type":"Organization","@id":"https:\/\/www.enerlandgroup.com\/es\/#organization","name":"Enerland Group","url":"https:\/\/www.enerlandgroup.com\/es\/","logo":{"@type":"ImageObject","inLanguage":"es","@id":"https:\/\/www.enerlandgroup.com\/es\/#\/schema\/logo\/image\/","url":"https:\/\/www.enerlandgroup.com\/wp-content\/uploads\/2021\/05\/Logo_Enerland.png","contentUrl":"https:\/\/www.enerlandgroup.com\/wp-content\/uploads\/2021\/05\/Logo_Enerland.png","width":184,"height":43,"caption":"Enerland Group"},"image":{"@id":"https:\/\/www.enerlandgroup.com\/es\/#\/schema\/logo\/image\/"},"sameAs":["https:\/\/www.linkedin.com\/company\/enerland-group\/","https:\/\/www.youtube.com\/channel\/UCjdInbThgaPa2_D34vRChmA"]},{"@type":"Person","@id":"https:\/\/www.enerlandgroup.com\/es\/#\/schema\/person\/d842c1aed4fef077270deb261453486c","name":"Pilar","image":{"@type":"ImageObject","inLanguage":"es","@id":"https:\/\/secure.gravatar.com\/avatar\/3e6e1323210dee16f137d8ab0ce7231001529459c2f5b2e4ec20c72d1fd442dc?s=96&d=mm&r=g","url":"https:\/\/secure.gravatar.com\/avatar\/3e6e1323210dee16f137d8ab0ce7231001529459c2f5b2e4ec20c72d1fd442dc?s=96&d=mm&r=g","contentUrl":"https:\/\/secure.gravatar.com\/avatar\/3e6e1323210dee16f137d8ab0ce7231001529459c2f5b2e4ec20c72d1fd442dc?s=96&d=mm&r=g","caption":"Pilar"},"url":"https:\/\/www.enerlandgroup.com\/es\/author\/enerland\/"}]}},"jetpack_featured_media_url":"https:\/\/www.enerlandgroup.com\/wp-content\/uploads\/2023\/09\/Web-Jornada-Sostenibilidad-CEOE.jpg","_links":{"self":[{"href":"https:\/\/www.enerlandgroup.com\/es\/wp-json\/wp\/v2\/posts\/17645","targetHints":{"allow":["GET"]}}],"collection":[{"href":"https:\/\/www.enerlandgroup.com\/es\/wp-json\/wp\/v2\/posts"}],"about":[{"href":"https:\/\/www.enerlandgroup.com\/es\/wp-json\/wp\/v2\/types\/post"}],"author":[{"embeddable":true,"href":"https:\/\/www.enerlandgroup.com\/es\/wp-json\/wp\/v2\/users\/4"}],"replies":[{"embeddable":true,"href":"https:\/\/www.enerlandgroup.com\/es\/wp-json\/wp\/v2\/comments?post=17645"}],"version-history":[{"count":7,"href":"https:\/\/www.enerlandgroup.com\/es\/wp-json\/wp\/v2\/posts\/17645\/revisions"}],"predecessor-version":[{"id":18204,"href":"https:\/\/www.enerlandgroup.com\/es\/wp-json\/wp\/v2\/posts\/17645\/revisions\/18204"}],"wp:featuredmedia":[{"embeddable":true,"href":"https:\/\/www.enerlandgroup.com\/es\/wp-json\/wp\/v2\/media\/17666"}],"wp:attachment":[{"href":"https:\/\/www.enerlandgroup.com\/es\/wp-json\/wp\/v2\/media?parent=17645"}],"wp:term":[{"taxonomy":"category","embeddable":true,"href":"https:\/\/www.enerlandgroup.com\/es\/wp-json\/wp\/v2\/categories?post=17645"},{"taxonomy":"post_tag","embeddable":true,"href":"https:\/\/www.enerlandgroup.com\/es\/wp-json\/wp\/v2\/tags?post=17645"}],"curies":[{"name":"wp","href":"https:\/\/api.w.org\/{rel}","templated":true}]}}