{"id":17430,"date":"2023-09-26T09:31:33","date_gmt":"2023-09-26T07:31:33","guid":{"rendered":"https:\/\/www.enerlandgroup.com\/?p=17430"},"modified":"2023-10-30T13:08:25","modified_gmt":"2023-10-30T12:08:25","slug":"dia-mundial-de-la-salud-ambiental","status":"publish","type":"post","link":"https:\/\/www.enerlandgroup.com\/es\/dia-mundial-de-la-salud-ambiental\/","title":{"rendered":"D\u00eda Mundial de la Salud Ambiental"},"content":{"rendered":"<h2>El 26 de septiembre se celebra el D\u00eda Mundial de la Salud Ambiental, una jornada dedicada a la concienciaci\u00f3n sobre el impacto que tienen en el entorno distintos factores.<\/h2>\n<p>&nbsp;<\/p>\n<p>As\u00ed, se denomina \u00absalud ambiental\u00bb a todas aquellas labores de estudio, prevenci\u00f3n y control de todos aquellos residuos que pueden afectar a la salud de los seres vivos. En el caso de Enerland Group, durante la ejecuci\u00f3n de los diferentes trabajos en las obras de parques fotovoltaicos se generan distintos residuos que debemos administrar, precisamente para cuidar esta. Los analizamos por el <a href=\"https:\/\/www.diainternacionalde.com\/ficha\/dia-mundial-salud-ambiental#:~:text=Su%20finalidad%20es%20sensibilizar%20y,en%20materia%20de%20salud%20ambiental.\">D\u00eda Mundial de la Salud Ambiental<\/a>.<\/p>\n<p>Los restos abarcan desde residuos no peligrosos, como madera, pl\u00e1stico, hierro, papel&#8230; hasta otros peligrosos, que pueden ir desde aceites y tierras contaminadas hasta aerosoles. Por esto, resulta fundamental que todos ellos se administren a trav\u00e9s de un gestor autorizado de residuos, minimizando as\u00ed su posible impacto en el medio.<\/p>\n<p>El estudio y cuidado de todos estos factores es una de las labores por la que vela <a href=\"https:\/\/www.enerlandgroup.com\/es\/sostenibilidad\/\">nuestro departamento de Medioambiente<\/a>. En palabras de nuestro coordinador ambiental de obra, Samuel Rodrigo: <span class=\"ui-provider ep caj bmf ckf ckg ckh cki ckj ckk ckl ckm ckn cko ckp ckq ckr cks ckt cku ckv ckw ckx cky ckz cla clb clc cld cle clf clg clh cli clj clk\" dir=\"ltr\">\u00abTodas las personas y subcontratas que intervienen en la construcci\u00f3n de un parque fotovoltaico deben estar concienciadas con el medioambiente y ser responsables de sus propios residuos\u00bb.<\/span><\/p>\n<p><img loading=\"lazy\" decoding=\"async\" class=\"aligncenter wp-image-17558\" src=\"http:\/\/www.enerlandgroup.com\/wp-content\/uploads\/2023\/09\/Tenico-obra-limpiando-el-perimetro-del-parque.png\" alt=\"T\u00e9cnico de obra limpiando el per\u00edmetro del parque\" width=\"372\" height=\"241\" \/><\/p>\n<h3><\/h3>\n<p>&nbsp;<\/p>\n<h3>El proceso de gesti\u00f3n de residuos en Enerland Group<\/h3>\n<p>&nbsp;<\/p>\n<p>En la obra, el proceso en materia ambiental es el siguiente: primero se instala una zona de almacenamiento de residuos no peligrosos, identificada y delimitada, con los residuos igualmente identificados. El gestor se ocupa de proporcionar contenedores para almacenarlos. Posteriormente, los retira y env\u00eda a destinos distintos: reciclado, vertedero&#8230;<\/p>\n<p><img loading=\"lazy\" decoding=\"async\" class=\"aligncenter wp-image-17567\" src=\"http:\/\/www.enerlandgroup.com\/wp-content\/uploads\/2023\/09\/Gestion-de-residuos.jpg\" alt=\"Gestion de residuos\" width=\"965\" height=\"361\" \/><\/p>\n<p>&nbsp;<\/p>\n<p>Se determina tambi\u00e9n una zona destinada a albergar \u00fanicamente residuos peligrosos, de f\u00e1cil acceso para los veh\u00edculos que realizan su recogida. Estos se envasan en contenedores (bidones, big bags), etiquetados correctamente, y deben permanecer siempre cerrados y en posici\u00f3n vertical para evitar fugas y derrames de vertidos. El traslado interno de residuos peligrosos desde el lugar donde se generan hasta su zona de almacenamiento en obra se realiza tomando las precauciones necesarias.<\/p>\n<p>En conclusi\u00f3n, y en palabras de nuestro equipo de medioambiente: \u00ab<span class=\"ui-provider ep caj bmf ckf ckg ckh cki ckj ckk ckl ckm ckn cko ckp ckq ckr cks ckt cku ckv ckw ckx cky ckz cla clb clc cld cle clf clg clh cli clj clk\" dir=\"ltr\">Con el fin de ser lo m\u00e1s respetuosos posible con el medioambiente es fundamental inculcar el siguiente lema: Cada uno es responsable de los residuos que genera\u00bb. Dentro y fuera de las obras, la salud ambiental es cosa de todos.<\/span><\/p>\n<p>&nbsp;<\/p>\n<p><img loading=\"lazy\" decoding=\"async\" class=\"aligncenter wp-image-17555\" src=\"http:\/\/www.enerlandgroup.com\/wp-content\/uploads\/2023\/09\/Zona-limpia-tras-acabar-las-obras.png\" alt=\"Zona limpia tras acabar las obras\" width=\"540\" height=\"311\" srcset=\"http:\/\/www.enerlandgroup.com\/wp-content\/uploads\/2023\/09\/Zona-limpia-tras-acabar-las-obras.png 540w, http:\/\/www.enerlandgroup.com\/wp-content\/uploads\/2023\/09\/Zona-limpia-tras-acabar-las-obras-480x277.png 480w\" sizes=\"auto, (min-width: 0px) and (max-width: 480px) 480px, (min-width: 481px) 540px, 100vw\" \/><\/p>\n","protected":false},"excerpt":{"rendered":"<p>El 26 de septiembre se celebra el D\u00eda Mundial de la Salud Ambiental, una<\/p>\n","protected":false},"author":11,"featured_media":17546,"comment_status":"open","ping_status":"open","sticky":false,"template":"","format":"standard","meta":{"_et_pb_use_builder":"","_et_pb_old_content":"","_et_gb_content_width":"","footnotes":""},"categories":[161,25],"tags":[],"class_list":["post-17430","post","type-post","status-publish","format-standard","has-post-thumbnail","hentry","category-noticias","category-sostenibilidad-y-medio-ambiente"],"yoast_head":"<!-- This site is optimized with the Yoast SEO plugin v27.4 - https:\/\/yoast.com\/product\/yoast-seo-wordpress\/ -->\n<title>D\u00eda Mundial de la Salud Ambiental - Enerland Energ\u00eda Renovable<\/title>\n<meta name=\"description\" content=\"Nuestro departamento de Medioambiente nos comparte su proceso de gesti\u00f3n de residuos por el D\u00eda Mundial de la Salud Ambiental.\" \/>\n<meta name=\"robots\" content=\"index, follow, max-snippet:-1, max-image-preview:large, max-video-preview:-1\" \/>\n<link rel=\"canonical\" href=\"https:\/\/www.enerlandgroup.com\/es\/dia-mundial-de-la-salud-ambiental\/\" \/>\n<meta property=\"og:locale\" content=\"es_ES\" \/>\n<meta property=\"og:type\" content=\"article\" \/>\n<meta property=\"og:title\" content=\"D\u00eda Mundial de la Salud Ambiental - Enerland Energ\u00eda Renovable\" \/>\n<meta property=\"og:description\" content=\"Nuestro departamento de Medioambiente nos comparte su proceso de gesti\u00f3n de residuos por el D\u00eda Mundial de la Salud Ambiental.\" \/>\n<meta property=\"og:url\" content=\"https:\/\/www.enerlandgroup.com\/es\/dia-mundial-de-la-salud-ambiental\/\" \/>\n<meta property=\"og:site_name\" content=\"Enerland Energ\u00eda Renovable\" \/>\n<meta property=\"article:published_time\" content=\"2023-09-26T07:31:33+00:00\" \/>\n<meta property=\"article:modified_time\" content=\"2023-10-30T12:08:25+00:00\" \/>\n<meta property=\"og:image\" content=\"https:\/\/www.enerlandgroup.com\/wp-content\/uploads\/2023\/09\/parque_diamundialsaludambiental.jpg\" \/>\n\t<meta property=\"og:image:width\" content=\"1870\" \/>\n\t<meta property=\"og:image:height\" content=\"700\" \/>\n\t<meta property=\"og:image:type\" content=\"image\/jpeg\" \/>\n<meta name=\"author\" content=\"Ana\" \/>\n<meta name=\"twitter:card\" content=\"summary_large_image\" \/>\n<script type=\"application\/ld+json\" class=\"yoast-schema-graph\">{\"@context\":\"https:\\\/\\\/schema.org\",\"@graph\":[{\"@type\":\"Article\",\"@id\":\"https:\\\/\\\/www.enerlandgroup.com\\\/es\\\/dia-mundial-de-la-salud-ambiental\\\/#article\",\"isPartOf\":{\"@id\":\"https:\\\/\\\/www.enerlandgroup.com\\\/es\\\/dia-mundial-de-la-salud-ambiental\\\/\"},\"author\":{\"name\":\"Ana\",\"@id\":\"https:\\\/\\\/www.enerlandgroup.com\\\/es\\\/#\\\/schema\\\/person\\\/ff4846e816b3f94eb665e1da0854e1b8\"},\"headline\":\"D\u00eda Mundial de la Salud Ambiental\",\"datePublished\":\"2023-09-26T07:31:33+00:00\",\"dateModified\":\"2023-10-30T12:08:25+00:00\",\"mainEntityOfPage\":{\"@id\":\"https:\\\/\\\/www.enerlandgroup.com\\\/es\\\/dia-mundial-de-la-salud-ambiental\\\/\"},\"wordCount\":412,\"commentCount\":0,\"publisher\":{\"@id\":\"https:\\\/\\\/www.enerlandgroup.com\\\/es\\\/#organization\"},\"image\":{\"@id\":\"https:\\\/\\\/www.enerlandgroup.com\\\/es\\\/dia-mundial-de-la-salud-ambiental\\\/#primaryimage\"},\"thumbnailUrl\":\"https:\\\/\\\/www.enerlandgroup.com\\\/wp-content\\\/uploads\\\/2023\\\/09\\\/parque_diamundialsaludambiental.jpg\",\"articleSection\":[\"Noticias\",\"Sostenibilidad y Medio Ambiente\"],\"inLanguage\":\"es\",\"potentialAction\":[{\"@type\":\"CommentAction\",\"name\":\"Comment\",\"target\":[\"https:\\\/\\\/www.enerlandgroup.com\\\/es\\\/dia-mundial-de-la-salud-ambiental\\\/#respond\"]}]},{\"@type\":[\"WebPage\",\"ItemPage\"],\"@id\":\"https:\\\/\\\/www.enerlandgroup.com\\\/es\\\/dia-mundial-de-la-salud-ambiental\\\/\",\"url\":\"https:\\\/\\\/www.enerlandgroup.com\\\/es\\\/dia-mundial-de-la-salud-ambiental\\\/\",\"name\":\"D\u00eda Mundial de la Salud Ambiental - Enerland Energ\u00eda Renovable\",\"isPartOf\":{\"@id\":\"https:\\\/\\\/www.enerlandgroup.com\\\/es\\\/#website\"},\"primaryImageOfPage\":{\"@id\":\"https:\\\/\\\/www.enerlandgroup.com\\\/es\\\/dia-mundial-de-la-salud-ambiental\\\/#primaryimage\"},\"image\":{\"@id\":\"https:\\\/\\\/www.enerlandgroup.com\\\/es\\\/dia-mundial-de-la-salud-ambiental\\\/#primaryimage\"},\"thumbnailUrl\":\"https:\\\/\\\/www.enerlandgroup.com\\\/wp-content\\\/uploads\\\/2023\\\/09\\\/parque_diamundialsaludambiental.jpg\",\"datePublished\":\"2023-09-26T07:31:33+00:00\",\"dateModified\":\"2023-10-30T12:08:25+00:00\",\"description\":\"Nuestro departamento de Medioambiente nos comparte su proceso de gesti\u00f3n de residuos por el D\u00eda Mundial de la Salud Ambiental.\",\"breadcrumb\":{\"@id\":\"https:\\\/\\\/www.enerlandgroup.com\\\/es\\\/dia-mundial-de-la-salud-ambiental\\\/#breadcrumb\"},\"inLanguage\":\"es\",\"potentialAction\":[{\"@type\":\"ReadAction\",\"target\":[\"https:\\\/\\\/www.enerlandgroup.com\\\/es\\\/dia-mundial-de-la-salud-ambiental\\\/\"]}]},{\"@type\":\"ImageObject\",\"inLanguage\":\"es\",\"@id\":\"https:\\\/\\\/www.enerlandgroup.com\\\/es\\\/dia-mundial-de-la-salud-ambiental\\\/#primaryimage\",\"url\":\"https:\\\/\\\/www.enerlandgroup.com\\\/wp-content\\\/uploads\\\/2023\\\/09\\\/parque_diamundialsaludambiental.jpg\",\"contentUrl\":\"https:\\\/\\\/www.enerlandgroup.com\\\/wp-content\\\/uploads\\\/2023\\\/09\\\/parque_diamundialsaludambiental.jpg\",\"width\":1870,\"height\":700,\"caption\":\"D\u00eda Mundial de la Salud Ambiental\"},{\"@type\":\"BreadcrumbList\",\"@id\":\"https:\\\/\\\/www.enerlandgroup.com\\\/es\\\/dia-mundial-de-la-salud-ambiental\\\/#breadcrumb\",\"itemListElement\":[{\"@type\":\"ListItem\",\"position\":1,\"name\":\"Inicio\",\"item\":\"https:\\\/\\\/www.enerlandgroup.com\\\/es\\\/\"},{\"@type\":\"ListItem\",\"position\":2,\"name\":\"D\u00eda Mundial de la Salud Ambiental\"}]},{\"@type\":\"WebSite\",\"@id\":\"https:\\\/\\\/www.enerlandgroup.com\\\/es\\\/#website\",\"url\":\"https:\\\/\\\/www.enerlandgroup.com\\\/es\\\/\",\"name\":\"Enerland Energ\u00eda Renovable\",\"description\":\"\",\"publisher\":{\"@id\":\"https:\\\/\\\/www.enerlandgroup.com\\\/es\\\/#organization\"},\"potentialAction\":[{\"@type\":\"SearchAction\",\"target\":{\"@type\":\"EntryPoint\",\"urlTemplate\":\"https:\\\/\\\/www.enerlandgroup.com\\\/es\\\/?s={search_term_string}\"},\"query-input\":{\"@type\":\"PropertyValueSpecification\",\"valueRequired\":true,\"valueName\":\"search_term_string\"}}],\"inLanguage\":\"es\"},{\"@type\":\"Organization\",\"@id\":\"https:\\\/\\\/www.enerlandgroup.com\\\/es\\\/#organization\",\"name\":\"Enerland Group\",\"url\":\"https:\\\/\\\/www.enerlandgroup.com\\\/es\\\/\",\"logo\":{\"@type\":\"ImageObject\",\"inLanguage\":\"es\",\"@id\":\"https:\\\/\\\/www.enerlandgroup.com\\\/es\\\/#\\\/schema\\\/logo\\\/image\\\/\",\"url\":\"https:\\\/\\\/www.enerlandgroup.com\\\/wp-content\\\/uploads\\\/2021\\\/05\\\/Logo_Enerland.png\",\"contentUrl\":\"https:\\\/\\\/www.enerlandgroup.com\\\/wp-content\\\/uploads\\\/2021\\\/05\\\/Logo_Enerland.png\",\"width\":184,\"height\":43,\"caption\":\"Enerland Group\"},\"image\":{\"@id\":\"https:\\\/\\\/www.enerlandgroup.com\\\/es\\\/#\\\/schema\\\/logo\\\/image\\\/\"},\"sameAs\":[\"https:\\\/\\\/www.linkedin.com\\\/company\\\/enerland-group\\\/\",\"https:\\\/\\\/www.youtube.com\\\/channel\\\/UCjdInbThgaPa2_D34vRChmA\"]},{\"@type\":\"Person\",\"@id\":\"https:\\\/\\\/www.enerlandgroup.com\\\/es\\\/#\\\/schema\\\/person\\\/ff4846e816b3f94eb665e1da0854e1b8\",\"name\":\"Ana\",\"image\":{\"@type\":\"ImageObject\",\"inLanguage\":\"es\",\"@id\":\"https:\\\/\\\/secure.gravatar.com\\\/avatar\\\/495e8a53709541de9036eb34e07c65eacd114aba52461487df6099dee02e64f1?s=96&d=mm&r=g\",\"url\":\"https:\\\/\\\/secure.gravatar.com\\\/avatar\\\/495e8a53709541de9036eb34e07c65eacd114aba52461487df6099dee02e64f1?s=96&d=mm&r=g\",\"contentUrl\":\"https:\\\/\\\/secure.gravatar.com\\\/avatar\\\/495e8a53709541de9036eb34e07c65eacd114aba52461487df6099dee02e64f1?s=96&d=mm&r=g\",\"caption\":\"Ana\"},\"url\":\"https:\\\/\\\/www.enerlandgroup.com\\\/es\\\/author\\\/ana-valdizanenerlandgroup-com\\\/\"}]}<\/script>\n<!-- \/ Yoast SEO plugin. -->","yoast_head_json":{"title":"D\u00eda Mundial de la Salud Ambiental - Enerland Energ\u00eda Renovable","description":"Nuestro departamento de Medioambiente nos comparte su proceso de gesti\u00f3n de residuos por el D\u00eda Mundial de la Salud Ambiental.","robots":{"index":"index","follow":"follow","max-snippet":"max-snippet:-1","max-image-preview":"max-image-preview:large","max-video-preview":"max-video-preview:-1"},"canonical":"https:\/\/www.enerlandgroup.com\/es\/dia-mundial-de-la-salud-ambiental\/","og_locale":"es_ES","og_type":"article","og_title":"D\u00eda Mundial de la Salud Ambiental - Enerland Energ\u00eda Renovable","og_description":"Nuestro departamento de Medioambiente nos comparte su proceso de gesti\u00f3n de residuos por el D\u00eda Mundial de la Salud Ambiental.","og_url":"https:\/\/www.enerlandgroup.com\/es\/dia-mundial-de-la-salud-ambiental\/","og_site_name":"Enerland Energ\u00eda Renovable","article_published_time":"2023-09-26T07:31:33+00:00","article_modified_time":"2023-10-30T12:08:25+00:00","og_image":[{"width":1870,"height":700,"url":"https:\/\/www.enerlandgroup.com\/wp-content\/uploads\/2023\/09\/parque_diamundialsaludambiental.jpg","type":"image\/jpeg"}],"author":"Ana","twitter_card":"summary_large_image","schema":{"@context":"https:\/\/schema.org","@graph":[{"@type":"Article","@id":"https:\/\/www.enerlandgroup.com\/es\/dia-mundial-de-la-salud-ambiental\/#article","isPartOf":{"@id":"https:\/\/www.enerlandgroup.com\/es\/dia-mundial-de-la-salud-ambiental\/"},"author":{"name":"Ana","@id":"https:\/\/www.enerlandgroup.com\/es\/#\/schema\/person\/ff4846e816b3f94eb665e1da0854e1b8"},"headline":"D\u00eda Mundial de la Salud Ambiental","datePublished":"2023-09-26T07:31:33+00:00","dateModified":"2023-10-30T12:08:25+00:00","mainEntityOfPage":{"@id":"https:\/\/www.enerlandgroup.com\/es\/dia-mundial-de-la-salud-ambiental\/"},"wordCount":412,"commentCount":0,"publisher":{"@id":"https:\/\/www.enerlandgroup.com\/es\/#organization"},"image":{"@id":"https:\/\/www.enerlandgroup.com\/es\/dia-mundial-de-la-salud-ambiental\/#primaryimage"},"thumbnailUrl":"https:\/\/www.enerlandgroup.com\/wp-content\/uploads\/2023\/09\/parque_diamundialsaludambiental.jpg","articleSection":["Noticias","Sostenibilidad y Medio Ambiente"],"inLanguage":"es","potentialAction":[{"@type":"CommentAction","name":"Comment","target":["https:\/\/www.enerlandgroup.com\/es\/dia-mundial-de-la-salud-ambiental\/#respond"]}]},{"@type":["WebPage","ItemPage"],"@id":"https:\/\/www.enerlandgroup.com\/es\/dia-mundial-de-la-salud-ambiental\/","url":"https:\/\/www.enerlandgroup.com\/es\/dia-mundial-de-la-salud-ambiental\/","name":"D\u00eda Mundial de la Salud Ambiental - Enerland Energ\u00eda Renovable","isPartOf":{"@id":"https:\/\/www.enerlandgroup.com\/es\/#website"},"primaryImageOfPage":{"@id":"https:\/\/www.enerlandgroup.com\/es\/dia-mundial-de-la-salud-ambiental\/#primaryimage"},"image":{"@id":"https:\/\/www.enerlandgroup.com\/es\/dia-mundial-de-la-salud-ambiental\/#primaryimage"},"thumbnailUrl":"https:\/\/www.enerlandgroup.com\/wp-content\/uploads\/2023\/09\/parque_diamundialsaludambiental.jpg","datePublished":"2023-09-26T07:31:33+00:00","dateModified":"2023-10-30T12:08:25+00:00","description":"Nuestro departamento de Medioambiente nos comparte su proceso de gesti\u00f3n de residuos por el D\u00eda Mundial de la Salud Ambiental.","breadcrumb":{"@id":"https:\/\/www.enerlandgroup.com\/es\/dia-mundial-de-la-salud-ambiental\/#breadcrumb"},"inLanguage":"es","potentialAction":[{"@type":"ReadAction","target":["https:\/\/www.enerlandgroup.com\/es\/dia-mundial-de-la-salud-ambiental\/"]}]},{"@type":"ImageObject","inLanguage":"es","@id":"https:\/\/www.enerlandgroup.com\/es\/dia-mundial-de-la-salud-ambiental\/#primaryimage","url":"https:\/\/www.enerlandgroup.com\/wp-content\/uploads\/2023\/09\/parque_diamundialsaludambiental.jpg","contentUrl":"https:\/\/www.enerlandgroup.com\/wp-content\/uploads\/2023\/09\/parque_diamundialsaludambiental.jpg","width":1870,"height":700,"caption":"D\u00eda Mundial de la Salud Ambiental"},{"@type":"BreadcrumbList","@id":"https:\/\/www.enerlandgroup.com\/es\/dia-mundial-de-la-salud-ambiental\/#breadcrumb","itemListElement":[{"@type":"ListItem","position":1,"name":"Inicio","item":"https:\/\/www.enerlandgroup.com\/es\/"},{"@type":"ListItem","position":2,"name":"D\u00eda Mundial de la Salud Ambiental"}]},{"@type":"WebSite","@id":"https:\/\/www.enerlandgroup.com\/es\/#website","url":"https:\/\/www.enerlandgroup.com\/es\/","name":"Enerland Energ\u00eda Renovable","description":"","publisher":{"@id":"https:\/\/www.enerlandgroup.com\/es\/#organization"},"potentialAction":[{"@type":"SearchAction","target":{"@type":"EntryPoint","urlTemplate":"https:\/\/www.enerlandgroup.com\/es\/?s={search_term_string}"},"query-input":{"@type":"PropertyValueSpecification","valueRequired":true,"valueName":"search_term_string"}}],"inLanguage":"es"},{"@type":"Organization","@id":"https:\/\/www.enerlandgroup.com\/es\/#organization","name":"Enerland Group","url":"https:\/\/www.enerlandgroup.com\/es\/","logo":{"@type":"ImageObject","inLanguage":"es","@id":"https:\/\/www.enerlandgroup.com\/es\/#\/schema\/logo\/image\/","url":"https:\/\/www.enerlandgroup.com\/wp-content\/uploads\/2021\/05\/Logo_Enerland.png","contentUrl":"https:\/\/www.enerlandgroup.com\/wp-content\/uploads\/2021\/05\/Logo_Enerland.png","width":184,"height":43,"caption":"Enerland Group"},"image":{"@id":"https:\/\/www.enerlandgroup.com\/es\/#\/schema\/logo\/image\/"},"sameAs":["https:\/\/www.linkedin.com\/company\/enerland-group\/","https:\/\/www.youtube.com\/channel\/UCjdInbThgaPa2_D34vRChmA"]},{"@type":"Person","@id":"https:\/\/www.enerlandgroup.com\/es\/#\/schema\/person\/ff4846e816b3f94eb665e1da0854e1b8","name":"Ana","image":{"@type":"ImageObject","inLanguage":"es","@id":"https:\/\/secure.gravatar.com\/avatar\/495e8a53709541de9036eb34e07c65eacd114aba52461487df6099dee02e64f1?s=96&d=mm&r=g","url":"https:\/\/secure.gravatar.com\/avatar\/495e8a53709541de9036eb34e07c65eacd114aba52461487df6099dee02e64f1?s=96&d=mm&r=g","contentUrl":"https:\/\/secure.gravatar.com\/avatar\/495e8a53709541de9036eb34e07c65eacd114aba52461487df6099dee02e64f1?s=96&d=mm&r=g","caption":"Ana"},"url":"https:\/\/www.enerlandgroup.com\/es\/author\/ana-valdizanenerlandgroup-com\/"}]}},"jetpack_featured_media_url":"https:\/\/www.enerlandgroup.com\/wp-content\/uploads\/2023\/09\/parque_diamundialsaludambiental.jpg","_links":{"self":[{"href":"https:\/\/www.enerlandgroup.com\/es\/wp-json\/wp\/v2\/posts\/17430","targetHints":{"allow":["GET"]}}],"collection":[{"href":"https:\/\/www.enerlandgroup.com\/es\/wp-json\/wp\/v2\/posts"}],"about":[{"href":"https:\/\/www.enerlandgroup.com\/es\/wp-json\/wp\/v2\/types\/post"}],"author":[{"embeddable":true,"href":"https:\/\/www.enerlandgroup.com\/es\/wp-json\/wp\/v2\/users\/11"}],"replies":[{"embeddable":true,"href":"https:\/\/www.enerlandgroup.com\/es\/wp-json\/wp\/v2\/comments?post=17430"}],"version-history":[{"count":15,"href":"https:\/\/www.enerlandgroup.com\/es\/wp-json\/wp\/v2\/posts\/17430\/revisions"}],"predecessor-version":[{"id":17613,"href":"https:\/\/www.enerlandgroup.com\/es\/wp-json\/wp\/v2\/posts\/17430\/revisions\/17613"}],"wp:featuredmedia":[{"embeddable":true,"href":"https:\/\/www.enerlandgroup.com\/es\/wp-json\/wp\/v2\/media\/17546"}],"wp:attachment":[{"href":"https:\/\/www.enerlandgroup.com\/es\/wp-json\/wp\/v2\/media?parent=17430"}],"wp:term":[{"taxonomy":"category","embeddable":true,"href":"https:\/\/www.enerlandgroup.com\/es\/wp-json\/wp\/v2\/categories?post=17430"},{"taxonomy":"post_tag","embeddable":true,"href":"https:\/\/www.enerlandgroup.com\/es\/wp-json\/wp\/v2\/tags?post=17430"}],"curies":[{"name":"wp","href":"https:\/\/api.w.org\/{rel}","templated":true}]}}