{"id":17416,"date":"2023-09-15T09:38:57","date_gmt":"2023-09-15T07:38:57","guid":{"rendered":"https:\/\/www.enerlandgroup.com\/?p=17416"},"modified":"2023-10-19T09:31:46","modified_gmt":"2023-10-19T07:31:46","slug":"enerland-group-acude-al-foro-industria-y-energia-2023","status":"publish","type":"post","link":"https:\/\/www.enerlandgroup.com\/es\/enerland-group-acude-al-foro-industria-y-energia-2023\/","title":{"rendered":"Enerland Group acude al Foro Industria y Energ\u00eda 2023"},"content":{"rendered":"<h2>Enerland Group acudi\u00f3 al Foro Industria y Energ\u00eda 2023, celebrado en Barcelona, donde se discuti\u00f3 la situaci\u00f3n energ\u00e9tica en Catalu\u00f1a y sus necesidades.<\/h2>\n<p>&nbsp;<\/p>\n<p>El pasado 13 de septiembre se celebr\u00f3 el Foro Industria y Energ\u00eda 2023 (<a href=\"https:\/\/foroindustriayenergia.com\/fie2023\/\">FIE2023<\/a>), realizado en Barcelona. Durante el encuentro se puso el foco sobre la situaci\u00f3n, necesidades y pr\u00f3ximas metas para Catalu\u00f1a en materia energ\u00e9tica. A este evento asisti\u00f3 nuestro director comercial, Mario Baz, con el objetivo de escuchar y dialogar con los principales representantes de la industria catalana.<\/p>\n<p>Entre los ponentes invitados se cont\u00f3 con la presencia de Jos\u00e9 Montilla y Artur Mas, expresidentes de la Generalitat de Catalunya. Tambi\u00e9n particip\u00f3 Jaume Collboni, alcalde de Barcelona, adem\u00e1s de otras figuras pol\u00edticas de los distintos Ministerios y de la Comunidad. El acto tambi\u00e9n incluy\u00f3 invitados en representaci\u00f3n de la Uni\u00f3n Europea y de las principales organizaciones empresariales e industriales de la zona. La diversidad de ponente enriqueci\u00f3 el debate sobre la situaci\u00f3n energ\u00e9tica con m\u00faltiples perspectivas.<\/p>\n<p>A lo largo de la jornada, se analizaron los diversos agentes implicados en el desarrollo del sector, no solo en Catalu\u00f1a, sino en el conjunto europeo. Durante el evento se pusieron en valor los retos afrontados a lo largo de la pandemia y la crisis energ\u00e9tica, dando especial relevancia al papel de las renovables y al autoconsumo como principales motores del cambio para alcanzar un futuro m\u00e1s sostenible.<\/p>\n<p><span class=\"ui-provider eo bhy bhz bia bib bic bid bie bif big bih bii bij bik bil bim bin bio bip biq bir bis bit biu biv biw bix biy biz bja bjb bjc bjd bje bjf\" dir=\"ltr\">Mario Baz destac\u00f3 la labor del Foro, comparti\u00e9ndonos las siguientes palabras: \u00abEnhorabuena a FIE por la organizaci\u00f3n del Foro de la Industria y la Energ\u00eda. Fue un\u00e1nime el acuerdo de todos los ponentes en la necesidad de potenciar la generaci\u00f3n de renovables en Catalu\u00f1a, con el objetivo de depender menos de energ\u00eda que actualmente se tiene que importar del resto del territorio. En Enerland Group hemos instalado ya +4 MW en Catalu\u00f1a solo en estos \u00faltimos 2 a\u00f1os\u00bb. Una cifra de la que nos enorgullecemos, por lo que trabajamos cada d\u00eda para que crezca <a href=\"https:\/\/www.enerlandgroup.com\/es\/proyectos\/\">tanto en el \u00e1mbito nacional como en el internacional<\/a>.<\/span><\/p>\n","protected":false},"excerpt":{"rendered":"<p>Enerland Group acudi\u00f3 al Foro Industria y Energ\u00eda 2023, celebrado en Barcelona, donde se<\/p>\n","protected":false},"author":4,"featured_media":17418,"comment_status":"open","ping_status":"open","sticky":false,"template":"","format":"standard","meta":{"_et_pb_use_builder":"","_et_pb_old_content":"","_et_gb_content_width":"","footnotes":""},"categories":[23,161],"tags":[],"class_list":["post-17416","post","type-post","status-publish","format-standard","has-post-thumbnail","hentry","category-corporativo","category-noticias"],"yoast_head":"<!-- This site is optimized with the Yoast SEO plugin v27.4 - https:\/\/yoast.com\/product\/yoast-seo-wordpress\/ -->\n<title>Enerland Group acude al Foro Industria y Energ\u00eda 2023 - Enerland Energ\u00eda Renovable<\/title>\n<meta name=\"description\" content=\"Enerland Group participa en el Foro Industria y Energ\u00eda 2023 en Barcelona, evento de referencia en el sector energ\u00e9tico y empresarial.\" \/>\n<meta name=\"robots\" content=\"index, follow, max-snippet:-1, max-image-preview:large, max-video-preview:-1\" \/>\n<link rel=\"canonical\" href=\"https:\/\/www.enerlandgroup.com\/es\/enerland-group-acude-al-foro-industria-y-energia-2023\/\" \/>\n<meta property=\"og:locale\" content=\"es_ES\" \/>\n<meta property=\"og:type\" content=\"article\" \/>\n<meta property=\"og:title\" content=\"Enerland Group acude al Foro Industria y Energ\u00eda 2023 - Enerland Energ\u00eda Renovable\" \/>\n<meta property=\"og:description\" content=\"Enerland Group participa en el Foro Industria y Energ\u00eda 2023 en Barcelona, evento de referencia en el sector energ\u00e9tico y empresarial.\" \/>\n<meta property=\"og:url\" content=\"https:\/\/www.enerlandgroup.com\/es\/enerland-group-acude-al-foro-industria-y-energia-2023\/\" \/>\n<meta property=\"og:site_name\" content=\"Enerland Energ\u00eda Renovable\" \/>\n<meta property=\"article:published_time\" content=\"2023-09-15T07:38:57+00:00\" \/>\n<meta property=\"article:modified_time\" content=\"2023-10-19T07:31:46+00:00\" \/>\n<meta property=\"og:image\" content=\"https:\/\/www.enerlandgroup.com\/wp-content\/uploads\/2023\/09\/Captura-de-pantalla-2023-09-14-172448.png\" \/>\n\t<meta property=\"og:image:width\" content=\"1498\" \/>\n\t<meta property=\"og:image:height\" content=\"561\" \/>\n\t<meta property=\"og:image:type\" content=\"image\/png\" \/>\n<meta name=\"author\" content=\"Pilar\" \/>\n<meta name=\"twitter:card\" content=\"summary_large_image\" \/>\n<script type=\"application\/ld+json\" class=\"yoast-schema-graph\">{\"@context\":\"https:\\\/\\\/schema.org\",\"@graph\":[{\"@type\":\"Article\",\"@id\":\"https:\\\/\\\/www.enerlandgroup.com\\\/es\\\/enerland-group-acude-al-foro-industria-y-energia-2023\\\/#article\",\"isPartOf\":{\"@id\":\"https:\\\/\\\/www.enerlandgroup.com\\\/es\\\/enerland-group-acude-al-foro-industria-y-energia-2023\\\/\"},\"author\":{\"name\":\"Pilar\",\"@id\":\"https:\\\/\\\/www.enerlandgroup.com\\\/es\\\/#\\\/schema\\\/person\\\/d842c1aed4fef077270deb261453486c\"},\"headline\":\"Enerland Group acude al Foro Industria y Energ\u00eda 2023\",\"datePublished\":\"2023-09-15T07:38:57+00:00\",\"dateModified\":\"2023-10-19T07:31:46+00:00\",\"mainEntityOfPage\":{\"@id\":\"https:\\\/\\\/www.enerlandgroup.com\\\/es\\\/enerland-group-acude-al-foro-industria-y-energia-2023\\\/\"},\"wordCount\":367,\"commentCount\":0,\"publisher\":{\"@id\":\"https:\\\/\\\/www.enerlandgroup.com\\\/es\\\/#organization\"},\"image\":{\"@id\":\"https:\\\/\\\/www.enerlandgroup.com\\\/es\\\/enerland-group-acude-al-foro-industria-y-energia-2023\\\/#primaryimage\"},\"thumbnailUrl\":\"https:\\\/\\\/www.enerlandgroup.com\\\/wp-content\\\/uploads\\\/2023\\\/09\\\/Captura-de-pantalla-2023-09-14-172448.png\",\"articleSection\":[\"Corporativo\",\"Noticias\"],\"inLanguage\":\"es\",\"potentialAction\":[{\"@type\":\"CommentAction\",\"name\":\"Comment\",\"target\":[\"https:\\\/\\\/www.enerlandgroup.com\\\/es\\\/enerland-group-acude-al-foro-industria-y-energia-2023\\\/#respond\"]}]},{\"@type\":[\"WebPage\",\"ItemPage\"],\"@id\":\"https:\\\/\\\/www.enerlandgroup.com\\\/es\\\/enerland-group-acude-al-foro-industria-y-energia-2023\\\/\",\"url\":\"https:\\\/\\\/www.enerlandgroup.com\\\/es\\\/enerland-group-acude-al-foro-industria-y-energia-2023\\\/\",\"name\":\"Enerland Group acude al Foro Industria y Energ\u00eda 2023 - Enerland Energ\u00eda Renovable\",\"isPartOf\":{\"@id\":\"https:\\\/\\\/www.enerlandgroup.com\\\/es\\\/#website\"},\"primaryImageOfPage\":{\"@id\":\"https:\\\/\\\/www.enerlandgroup.com\\\/es\\\/enerland-group-acude-al-foro-industria-y-energia-2023\\\/#primaryimage\"},\"image\":{\"@id\":\"https:\\\/\\\/www.enerlandgroup.com\\\/es\\\/enerland-group-acude-al-foro-industria-y-energia-2023\\\/#primaryimage\"},\"thumbnailUrl\":\"https:\\\/\\\/www.enerlandgroup.com\\\/wp-content\\\/uploads\\\/2023\\\/09\\\/Captura-de-pantalla-2023-09-14-172448.png\",\"datePublished\":\"2023-09-15T07:38:57+00:00\",\"dateModified\":\"2023-10-19T07:31:46+00:00\",\"description\":\"Enerland Group participa en el Foro Industria y Energ\u00eda 2023 en Barcelona, evento de referencia en el sector energ\u00e9tico y empresarial.\",\"breadcrumb\":{\"@id\":\"https:\\\/\\\/www.enerlandgroup.com\\\/es\\\/enerland-group-acude-al-foro-industria-y-energia-2023\\\/#breadcrumb\"},\"inLanguage\":\"es\",\"potentialAction\":[{\"@type\":\"ReadAction\",\"target\":[\"https:\\\/\\\/www.enerlandgroup.com\\\/es\\\/enerland-group-acude-al-foro-industria-y-energia-2023\\\/\"]}]},{\"@type\":\"ImageObject\",\"inLanguage\":\"es\",\"@id\":\"https:\\\/\\\/www.enerlandgroup.com\\\/es\\\/enerland-group-acude-al-foro-industria-y-energia-2023\\\/#primaryimage\",\"url\":\"https:\\\/\\\/www.enerlandgroup.com\\\/wp-content\\\/uploads\\\/2023\\\/09\\\/Captura-de-pantalla-2023-09-14-172448.png\",\"contentUrl\":\"https:\\\/\\\/www.enerlandgroup.com\\\/wp-content\\\/uploads\\\/2023\\\/09\\\/Captura-de-pantalla-2023-09-14-172448.png\",\"width\":1498,\"height\":561,\"caption\":\"Foro Industria y Energ\u00eda 2023\"},{\"@type\":\"BreadcrumbList\",\"@id\":\"https:\\\/\\\/www.enerlandgroup.com\\\/es\\\/enerland-group-acude-al-foro-industria-y-energia-2023\\\/#breadcrumb\",\"itemListElement\":[{\"@type\":\"ListItem\",\"position\":1,\"name\":\"Inicio\",\"item\":\"https:\\\/\\\/www.enerlandgroup.com\\\/es\\\/\"},{\"@type\":\"ListItem\",\"position\":2,\"name\":\"Enerland Group acude al Foro Industria y Energ\u00eda 2023\"}]},{\"@type\":\"WebSite\",\"@id\":\"https:\\\/\\\/www.enerlandgroup.com\\\/es\\\/#website\",\"url\":\"https:\\\/\\\/www.enerlandgroup.com\\\/es\\\/\",\"name\":\"Enerland Energ\u00eda Renovable\",\"description\":\"\",\"publisher\":{\"@id\":\"https:\\\/\\\/www.enerlandgroup.com\\\/es\\\/#organization\"},\"potentialAction\":[{\"@type\":\"SearchAction\",\"target\":{\"@type\":\"EntryPoint\",\"urlTemplate\":\"https:\\\/\\\/www.enerlandgroup.com\\\/es\\\/?s={search_term_string}\"},\"query-input\":{\"@type\":\"PropertyValueSpecification\",\"valueRequired\":true,\"valueName\":\"search_term_string\"}}],\"inLanguage\":\"es\"},{\"@type\":\"Organization\",\"@id\":\"https:\\\/\\\/www.enerlandgroup.com\\\/es\\\/#organization\",\"name\":\"Enerland Group\",\"url\":\"https:\\\/\\\/www.enerlandgroup.com\\\/es\\\/\",\"logo\":{\"@type\":\"ImageObject\",\"inLanguage\":\"es\",\"@id\":\"https:\\\/\\\/www.enerlandgroup.com\\\/es\\\/#\\\/schema\\\/logo\\\/image\\\/\",\"url\":\"https:\\\/\\\/www.enerlandgroup.com\\\/wp-content\\\/uploads\\\/2021\\\/05\\\/Logo_Enerland.png\",\"contentUrl\":\"https:\\\/\\\/www.enerlandgroup.com\\\/wp-content\\\/uploads\\\/2021\\\/05\\\/Logo_Enerland.png\",\"width\":184,\"height\":43,\"caption\":\"Enerland Group\"},\"image\":{\"@id\":\"https:\\\/\\\/www.enerlandgroup.com\\\/es\\\/#\\\/schema\\\/logo\\\/image\\\/\"},\"sameAs\":[\"https:\\\/\\\/www.linkedin.com\\\/company\\\/enerland-group\\\/\",\"https:\\\/\\\/www.youtube.com\\\/channel\\\/UCjdInbThgaPa2_D34vRChmA\"]},{\"@type\":\"Person\",\"@id\":\"https:\\\/\\\/www.enerlandgroup.com\\\/es\\\/#\\\/schema\\\/person\\\/d842c1aed4fef077270deb261453486c\",\"name\":\"Pilar\",\"image\":{\"@type\":\"ImageObject\",\"inLanguage\":\"es\",\"@id\":\"https:\\\/\\\/secure.gravatar.com\\\/avatar\\\/3e6e1323210dee16f137d8ab0ce7231001529459c2f5b2e4ec20c72d1fd442dc?s=96&d=mm&r=g\",\"url\":\"https:\\\/\\\/secure.gravatar.com\\\/avatar\\\/3e6e1323210dee16f137d8ab0ce7231001529459c2f5b2e4ec20c72d1fd442dc?s=96&d=mm&r=g\",\"contentUrl\":\"https:\\\/\\\/secure.gravatar.com\\\/avatar\\\/3e6e1323210dee16f137d8ab0ce7231001529459c2f5b2e4ec20c72d1fd442dc?s=96&d=mm&r=g\",\"caption\":\"Pilar\"},\"url\":\"https:\\\/\\\/www.enerlandgroup.com\\\/es\\\/author\\\/enerland\\\/\"}]}<\/script>\n<!-- \/ Yoast SEO plugin. -->","yoast_head_json":{"title":"Enerland Group acude al Foro Industria y Energ\u00eda 2023 - Enerland Energ\u00eda Renovable","description":"Enerland Group participa en el Foro Industria y Energ\u00eda 2023 en Barcelona, evento de referencia en el sector energ\u00e9tico y empresarial.","robots":{"index":"index","follow":"follow","max-snippet":"max-snippet:-1","max-image-preview":"max-image-preview:large","max-video-preview":"max-video-preview:-1"},"canonical":"https:\/\/www.enerlandgroup.com\/es\/enerland-group-acude-al-foro-industria-y-energia-2023\/","og_locale":"es_ES","og_type":"article","og_title":"Enerland Group acude al Foro Industria y Energ\u00eda 2023 - Enerland Energ\u00eda Renovable","og_description":"Enerland Group participa en el Foro Industria y Energ\u00eda 2023 en Barcelona, evento de referencia en el sector energ\u00e9tico y empresarial.","og_url":"https:\/\/www.enerlandgroup.com\/es\/enerland-group-acude-al-foro-industria-y-energia-2023\/","og_site_name":"Enerland Energ\u00eda Renovable","article_published_time":"2023-09-15T07:38:57+00:00","article_modified_time":"2023-10-19T07:31:46+00:00","og_image":[{"width":1498,"height":561,"url":"https:\/\/www.enerlandgroup.com\/wp-content\/uploads\/2023\/09\/Captura-de-pantalla-2023-09-14-172448.png","type":"image\/png"}],"author":"Pilar","twitter_card":"summary_large_image","schema":{"@context":"https:\/\/schema.org","@graph":[{"@type":"Article","@id":"https:\/\/www.enerlandgroup.com\/es\/enerland-group-acude-al-foro-industria-y-energia-2023\/#article","isPartOf":{"@id":"https:\/\/www.enerlandgroup.com\/es\/enerland-group-acude-al-foro-industria-y-energia-2023\/"},"author":{"name":"Pilar","@id":"https:\/\/www.enerlandgroup.com\/es\/#\/schema\/person\/d842c1aed4fef077270deb261453486c"},"headline":"Enerland Group acude al Foro Industria y Energ\u00eda 2023","datePublished":"2023-09-15T07:38:57+00:00","dateModified":"2023-10-19T07:31:46+00:00","mainEntityOfPage":{"@id":"https:\/\/www.enerlandgroup.com\/es\/enerland-group-acude-al-foro-industria-y-energia-2023\/"},"wordCount":367,"commentCount":0,"publisher":{"@id":"https:\/\/www.enerlandgroup.com\/es\/#organization"},"image":{"@id":"https:\/\/www.enerlandgroup.com\/es\/enerland-group-acude-al-foro-industria-y-energia-2023\/#primaryimage"},"thumbnailUrl":"https:\/\/www.enerlandgroup.com\/wp-content\/uploads\/2023\/09\/Captura-de-pantalla-2023-09-14-172448.png","articleSection":["Corporativo","Noticias"],"inLanguage":"es","potentialAction":[{"@type":"CommentAction","name":"Comment","target":["https:\/\/www.enerlandgroup.com\/es\/enerland-group-acude-al-foro-industria-y-energia-2023\/#respond"]}]},{"@type":["WebPage","ItemPage"],"@id":"https:\/\/www.enerlandgroup.com\/es\/enerland-group-acude-al-foro-industria-y-energia-2023\/","url":"https:\/\/www.enerlandgroup.com\/es\/enerland-group-acude-al-foro-industria-y-energia-2023\/","name":"Enerland Group acude al Foro Industria y Energ\u00eda 2023 - Enerland Energ\u00eda Renovable","isPartOf":{"@id":"https:\/\/www.enerlandgroup.com\/es\/#website"},"primaryImageOfPage":{"@id":"https:\/\/www.enerlandgroup.com\/es\/enerland-group-acude-al-foro-industria-y-energia-2023\/#primaryimage"},"image":{"@id":"https:\/\/www.enerlandgroup.com\/es\/enerland-group-acude-al-foro-industria-y-energia-2023\/#primaryimage"},"thumbnailUrl":"https:\/\/www.enerlandgroup.com\/wp-content\/uploads\/2023\/09\/Captura-de-pantalla-2023-09-14-172448.png","datePublished":"2023-09-15T07:38:57+00:00","dateModified":"2023-10-19T07:31:46+00:00","description":"Enerland Group participa en el Foro Industria y Energ\u00eda 2023 en Barcelona, evento de referencia en el sector energ\u00e9tico y empresarial.","breadcrumb":{"@id":"https:\/\/www.enerlandgroup.com\/es\/enerland-group-acude-al-foro-industria-y-energia-2023\/#breadcrumb"},"inLanguage":"es","potentialAction":[{"@type":"ReadAction","target":["https:\/\/www.enerlandgroup.com\/es\/enerland-group-acude-al-foro-industria-y-energia-2023\/"]}]},{"@type":"ImageObject","inLanguage":"es","@id":"https:\/\/www.enerlandgroup.com\/es\/enerland-group-acude-al-foro-industria-y-energia-2023\/#primaryimage","url":"https:\/\/www.enerlandgroup.com\/wp-content\/uploads\/2023\/09\/Captura-de-pantalla-2023-09-14-172448.png","contentUrl":"https:\/\/www.enerlandgroup.com\/wp-content\/uploads\/2023\/09\/Captura-de-pantalla-2023-09-14-172448.png","width":1498,"height":561,"caption":"Foro Industria y Energ\u00eda 2023"},{"@type":"BreadcrumbList","@id":"https:\/\/www.enerlandgroup.com\/es\/enerland-group-acude-al-foro-industria-y-energia-2023\/#breadcrumb","itemListElement":[{"@type":"ListItem","position":1,"name":"Inicio","item":"https:\/\/www.enerlandgroup.com\/es\/"},{"@type":"ListItem","position":2,"name":"Enerland Group acude al Foro Industria y Energ\u00eda 2023"}]},{"@type":"WebSite","@id":"https:\/\/www.enerlandgroup.com\/es\/#website","url":"https:\/\/www.enerlandgroup.com\/es\/","name":"Enerland Energ\u00eda Renovable","description":"","publisher":{"@id":"https:\/\/www.enerlandgroup.com\/es\/#organization"},"potentialAction":[{"@type":"SearchAction","target":{"@type":"EntryPoint","urlTemplate":"https:\/\/www.enerlandgroup.com\/es\/?s={search_term_string}"},"query-input":{"@type":"PropertyValueSpecification","valueRequired":true,"valueName":"search_term_string"}}],"inLanguage":"es"},{"@type":"Organization","@id":"https:\/\/www.enerlandgroup.com\/es\/#organization","name":"Enerland Group","url":"https:\/\/www.enerlandgroup.com\/es\/","logo":{"@type":"ImageObject","inLanguage":"es","@id":"https:\/\/www.enerlandgroup.com\/es\/#\/schema\/logo\/image\/","url":"https:\/\/www.enerlandgroup.com\/wp-content\/uploads\/2021\/05\/Logo_Enerland.png","contentUrl":"https:\/\/www.enerlandgroup.com\/wp-content\/uploads\/2021\/05\/Logo_Enerland.png","width":184,"height":43,"caption":"Enerland Group"},"image":{"@id":"https:\/\/www.enerlandgroup.com\/es\/#\/schema\/logo\/image\/"},"sameAs":["https:\/\/www.linkedin.com\/company\/enerland-group\/","https:\/\/www.youtube.com\/channel\/UCjdInbThgaPa2_D34vRChmA"]},{"@type":"Person","@id":"https:\/\/www.enerlandgroup.com\/es\/#\/schema\/person\/d842c1aed4fef077270deb261453486c","name":"Pilar","image":{"@type":"ImageObject","inLanguage":"es","@id":"https:\/\/secure.gravatar.com\/avatar\/3e6e1323210dee16f137d8ab0ce7231001529459c2f5b2e4ec20c72d1fd442dc?s=96&d=mm&r=g","url":"https:\/\/secure.gravatar.com\/avatar\/3e6e1323210dee16f137d8ab0ce7231001529459c2f5b2e4ec20c72d1fd442dc?s=96&d=mm&r=g","contentUrl":"https:\/\/secure.gravatar.com\/avatar\/3e6e1323210dee16f137d8ab0ce7231001529459c2f5b2e4ec20c72d1fd442dc?s=96&d=mm&r=g","caption":"Pilar"},"url":"https:\/\/www.enerlandgroup.com\/es\/author\/enerland\/"}]}},"jetpack_featured_media_url":"https:\/\/www.enerlandgroup.com\/wp-content\/uploads\/2023\/09\/Captura-de-pantalla-2023-09-14-172448.png","_links":{"self":[{"href":"https:\/\/www.enerlandgroup.com\/es\/wp-json\/wp\/v2\/posts\/17416","targetHints":{"allow":["GET"]}}],"collection":[{"href":"https:\/\/www.enerlandgroup.com\/es\/wp-json\/wp\/v2\/posts"}],"about":[{"href":"https:\/\/www.enerlandgroup.com\/es\/wp-json\/wp\/v2\/types\/post"}],"author":[{"embeddable":true,"href":"https:\/\/www.enerlandgroup.com\/es\/wp-json\/wp\/v2\/users\/4"}],"replies":[{"embeddable":true,"href":"https:\/\/www.enerlandgroup.com\/es\/wp-json\/wp\/v2\/comments?post=17416"}],"version-history":[{"count":8,"href":"https:\/\/www.enerlandgroup.com\/es\/wp-json\/wp\/v2\/posts\/17416\/revisions"}],"predecessor-version":[{"id":18046,"href":"https:\/\/www.enerlandgroup.com\/es\/wp-json\/wp\/v2\/posts\/17416\/revisions\/18046"}],"wp:featuredmedia":[{"embeddable":true,"href":"https:\/\/www.enerlandgroup.com\/es\/wp-json\/wp\/v2\/media\/17418"}],"wp:attachment":[{"href":"https:\/\/www.enerlandgroup.com\/es\/wp-json\/wp\/v2\/media?parent=17416"}],"wp:term":[{"taxonomy":"category","embeddable":true,"href":"https:\/\/www.enerlandgroup.com\/es\/wp-json\/wp\/v2\/categories?post=17416"},{"taxonomy":"post_tag","embeddable":true,"href":"https:\/\/www.enerlandgroup.com\/es\/wp-json\/wp\/v2\/tags?post=17416"}],"curies":[{"name":"wp","href":"https:\/\/api.w.org\/{rel}","templated":true}]}}